{"id":10874,"date":"2022-04-12T14:44:41","date_gmt":"2022-04-12T18:44:41","guid":{"rendered":"http:\/\/pumahue.cl\/chicauma\/?p=10874"},"modified":"2022-04-12T14:44:41","modified_gmt":"2022-04-12T18:44:41","slug":"vacunacion-contra-la-influenza-3","status":"publish","type":"post","link":"https:\/\/www.pumahue.cl\/chicauma\/noticias\/vacunacion-contra-la-influenza-3\/","title":{"rendered":"Vacunaci\u00f3n contra la influenza"},"content":{"rendered":"<p>Comunicamos que hemos sido notificados por el CESFAM Juan Pablo II de Lampa, que asistir\u00e1n al colegio a vacunar contra la Influenza la pr\u00f3xima semana. Es importante mencionar que el MINSAL, dispuso que la inoculaci\u00f3n es obligatoria para los grupos objetivos que comprende a ni\u00f1os y ni\u00f1as de 6 meses a 9 a\u00f1os 11 meses y 29 d\u00edas o, que est\u00e9n cursando 5to a\u00f1o b\u00e1sico. En nuestro caso se vacunar\u00e1n a los estudiantes desde Play Group a 5\u00b0 B\u00e1sico.<\/p>\n<p>Esta se realizar\u00e1 el mi\u00e9rcoles 20 de abril desde las 10:00 hasta las 13:00 horas, en nuestro Colegio. Recuerde que debe informar a nuestra TENS Mar\u00eda Aurelia Ovalle, correo maria.ovalle@colegiopumahue.cl, con copia al profesor jefe o Educadora si su hijo(a) ya fue vacunado.<\/p>\n<p>Aquellos que sean de voluntad \u201cresistentes\u201d\u009d al proceso de vacunaci\u00f3n no ser\u00e1n obligados a recibirla, aunque hayan sido autorizados por el apoderado, quien deber\u00e1 llevarlo al Centro de Salud ubicado en Av. Cacique Colin #2013, Lampa. Es importante que converse con su hijo\/a para que est\u00e9 en conocimiento y dispuesto a este procedimiento.<\/p>\n<p><strong>IMPORTANTE:<\/strong><\/p>\n<p><strong>Efectos probables post administraci\u00f3n:<\/strong><\/p>\n<ul>\n<li>Enrojecimiento e induraci\u00f3n en el sitio de la inyecci\u00f3n, irritabilidad, somnolencia, malestar general, dolor de cabeza, fiebre que no deber\u00e1 superar los 39\u00b0.<\/li>\n<\/ul>\n<p><strong>Recomendaciones:<\/strong><\/p>\n<ul>\n<li>Tomar abundante l\u00edquido y compresas tibias a temperatura ambiente en el brazo.<\/li>\n<\/ul>\n<p><strong>Contraindicaciones:<\/strong><\/p>\n<ul>\n<li>Los alumnos que presenten fiebre, que sean al\u00e9rgicos al huevo o que est\u00e9n tomando corticoides no podr\u00e1n ser vacunados, por lo cual, debe dar aviso si su hijo(a) lo presenta mediante una comunicaci\u00f3n a su profesor jefe.<\/li>\n<\/ul>\n"},"excerpt":{"rendered":"<p>Comunicamos que hemos sido notificados por el CESFAM Juan Pablo II de Lampa, que asistir\u00e1n al colegio a vacunar contra la Influenza la pr\u00f3xima semana. Es importante mencionar que el MINSAL, dispuso que la inoculaci\u00f3n es obligatoria para los grupos objetivos que comprende a ni\u00f1os y ni\u00f1as de 6 meses a 9 a\u00f1os 11 meses [&hellip;]<\/p>\n","protected":false},"author":14,"featured_media":10875,"comment_status":"open","ping_status":"open","sticky":false,"template":"","format":"standard","meta":{"_acf_changed":false,"content-type":"","_jetpack_memberships_contains_paid_content":false,"footnotes":""},"categories":[1],"tags":[],"class_list":["post-10874","post","type-post","status-publish","format-standard","has-post-thumbnail","hentry","category-vida-escolar"],"acf":[],"yoast_head":"<!-- This site is optimized with the Yoast SEO plugin v27.1.1 - https:\/\/yoast.com\/product\/yoast-seo-wordpress\/ -->\n<title>Vacunaci\u00f3n contra la influenza - Colegio Pumahue Chicauma<\/title>\n<meta name=\"robots\" content=\"index, follow, max-snippet:-1, max-image-preview:large, max-video-preview:-1\" \/>\n<link rel=\"canonical\" href=\"https:\/\/www.pumahue.cl\/chicauma\/noticias\/vacunacion-contra-la-influenza-3\/\" \/>\n<meta property=\"og:locale\" content=\"es_ES\" \/>\n<meta property=\"og:type\" content=\"article\" \/>\n<meta property=\"og:title\" content=\"Vacunaci\u00f3n contra la influenza - Colegio Pumahue Chicauma\" \/>\n<meta property=\"og:description\" content=\"Comunicamos que hemos sido notificados por el CESFAM Juan Pablo II de Lampa, que asistir\u00e1n al colegio a vacunar contra la Influenza la pr\u00f3xima semana. Es importante mencionar que el MINSAL, dispuso que la inoculaci\u00f3n es obligatoria para los grupos objetivos que comprende a ni\u00f1os y ni\u00f1as de 6 meses a 9 a\u00f1os 11 meses [&hellip;]\" \/>\n<meta property=\"og:url\" content=\"https:\/\/www.pumahue.cl\/chicauma\/noticias\/vacunacion-contra-la-influenza-3\/\" \/>\n<meta property=\"og:site_name\" content=\"Colegio Pumahue Chicauma\" \/>\n<meta property=\"article:publisher\" content=\"http:\/\/www.facebook.com\/ColegiosPumahue\" \/>\n<meta property=\"article:published_time\" content=\"2022-04-12T18:44:41+00:00\" \/>\n<meta property=\"og:image\" content=\"https:\/\/www.pumahue.cl\/chicauma\/wp-content\/uploads\/sites\/47\/2022\/04\/9c6ddb5d-3e7d-df37-bc6d-85e5eabcb352.png?w=1024\" \/>\n\t<meta property=\"og:image:width\" content=\"1024\" \/>\n\t<meta property=\"og:image:height\" content=\"1024\" \/>\n\t<meta property=\"og:image:type\" content=\"image\/png\" \/>\n<meta name=\"author\" content=\"jorgedelcampo\" \/>\n<meta name=\"twitter:card\" content=\"summary_large_image\" \/>\n<meta name=\"twitter:label1\" content=\"Escrito por\" \/>\n\t<meta name=\"twitter:data1\" content=\"jorgedelcampo\" \/>\n\t<meta name=\"twitter:label2\" content=\"Tiempo de lectura\" \/>\n\t<meta name=\"twitter:data2\" content=\"1 minuto\" \/>\n<script type=\"application\/ld+json\" class=\"yoast-schema-graph\">{\"@context\":\"https:\/\/schema.org\",\"@graph\":[{\"@type\":\"Article\",\"@id\":\"https:\/\/www.pumahue.cl\/chicauma\/noticias\/vacunacion-contra-la-influenza-3\/#article\",\"isPartOf\":{\"@id\":\"https:\/\/www.pumahue.cl\/chicauma\/noticias\/vacunacion-contra-la-influenza-3\/\"},\"author\":{\"name\":\"jorgedelcampo\",\"@id\":\"https:\/\/www.pumahue.cl\/chicauma\/#\/schema\/person\/0debeea140e397b5d490ee7e553255d8\"},\"headline\":\"Vacunaci\u00f3n contra la influenza\",\"datePublished\":\"2022-04-12T18:44:41+00:00\",\"mainEntityOfPage\":{\"@id\":\"https:\/\/www.pumahue.cl\/chicauma\/noticias\/vacunacion-contra-la-influenza-3\/\"},\"wordCount\":279,\"commentCount\":0,\"publisher\":{\"@id\":\"https:\/\/www.pumahue.cl\/chicauma\/#organization\"},\"image\":{\"@id\":\"https:\/\/www.pumahue.cl\/chicauma\/noticias\/vacunacion-contra-la-influenza-3\/#primaryimage\"},\"thumbnailUrl\":\"https:\/\/www.pumahue.cl\/chicauma\/wp-content\/uploads\/sites\/47\/2022\/04\/9c6ddb5d-3e7d-df37-bc6d-85e5eabcb352.png\",\"articleSection\":[\"Vida escolar\"],\"inLanguage\":\"es\",\"potentialAction\":[{\"@type\":\"CommentAction\",\"name\":\"Comment\",\"target\":[\"https:\/\/www.pumahue.cl\/chicauma\/noticias\/vacunacion-contra-la-influenza-3\/#respond\"]}]},{\"@type\":\"WebPage\",\"@id\":\"https:\/\/www.pumahue.cl\/chicauma\/noticias\/vacunacion-contra-la-influenza-3\/\",\"url\":\"https:\/\/www.pumahue.cl\/chicauma\/noticias\/vacunacion-contra-la-influenza-3\/\",\"name\":\"Vacunaci\u00f3n contra la influenza - Colegio Pumahue Chicauma\",\"isPartOf\":{\"@id\":\"https:\/\/www.pumahue.cl\/chicauma\/#website\"},\"primaryImageOfPage\":{\"@id\":\"https:\/\/www.pumahue.cl\/chicauma\/noticias\/vacunacion-contra-la-influenza-3\/#primaryimage\"},\"image\":{\"@id\":\"https:\/\/www.pumahue.cl\/chicauma\/noticias\/vacunacion-contra-la-influenza-3\/#primaryimage\"},\"thumbnailUrl\":\"https:\/\/www.pumahue.cl\/chicauma\/wp-content\/uploads\/sites\/47\/2022\/04\/9c6ddb5d-3e7d-df37-bc6d-85e5eabcb352.png\",\"datePublished\":\"2022-04-12T18:44:41+00:00\",\"breadcrumb\":{\"@id\":\"https:\/\/www.pumahue.cl\/chicauma\/noticias\/vacunacion-contra-la-influenza-3\/#breadcrumb\"},\"inLanguage\":\"es\",\"potentialAction\":[{\"@type\":\"ReadAction\",\"target\":[\"https:\/\/www.pumahue.cl\/chicauma\/noticias\/vacunacion-contra-la-influenza-3\/\"]}]},{\"@type\":\"ImageObject\",\"inLanguage\":\"es\",\"@id\":\"https:\/\/www.pumahue.cl\/chicauma\/noticias\/vacunacion-contra-la-influenza-3\/#primaryimage\",\"url\":\"https:\/\/www.pumahue.cl\/chicauma\/wp-content\/uploads\/sites\/47\/2022\/04\/9c6ddb5d-3e7d-df37-bc6d-85e5eabcb352.png\",\"contentUrl\":\"https:\/\/www.pumahue.cl\/chicauma\/wp-content\/uploads\/sites\/47\/2022\/04\/9c6ddb5d-3e7d-df37-bc6d-85e5eabcb352.png\"},{\"@type\":\"BreadcrumbList\",\"@id\":\"https:\/\/www.pumahue.cl\/chicauma\/noticias\/vacunacion-contra-la-influenza-3\/#breadcrumb\",\"itemListElement\":[{\"@type\":\"ListItem\",\"position\":1,\"name\":\"Home\",\"item\":\"https:\/\/www.pumahue.cl\/chicauma\/\"},{\"@type\":\"ListItem\",\"position\":2,\"name\":\"Vacunaci\u00f3n contra la influenza\"}]},{\"@type\":\"WebSite\",\"@id\":\"https:\/\/www.pumahue.cl\/chicauma\/#website\",\"url\":\"https:\/\/www.pumahue.cl\/chicauma\/\",\"name\":\"Colegio Pumahue Chicauma\",\"description\":\"Parte de Cognita Schools\",\"publisher\":{\"@id\":\"https:\/\/www.pumahue.cl\/chicauma\/#organization\"},\"potentialAction\":[{\"@type\":\"SearchAction\",\"target\":{\"@type\":\"EntryPoint\",\"urlTemplate\":\"https:\/\/www.pumahue.cl\/chicauma\/?s={search_term_string}\"},\"query-input\":{\"@type\":\"PropertyValueSpecification\",\"valueRequired\":true,\"valueName\":\"search_term_string\"}}],\"inLanguage\":\"es\"},{\"@type\":\"Organization\",\"@id\":\"https:\/\/www.pumahue.cl\/chicauma\/#organization\",\"name\":\"Colegio Pumahue Chicauma\",\"url\":\"https:\/\/www.pumahue.cl\/chicauma\/\",\"logo\":{\"@type\":\"ImageObject\",\"inLanguage\":\"es\",\"@id\":\"https:\/\/www.pumahue.cl\/chicauma\/#\/schema\/logo\/image\/\",\"url\":\"https:\/\/www.pumahue.cl\/chicauma\/wp-content\/uploads\/sites\/47\/2025\/02\/cropped-logo_Pumahue_.png\",\"contentUrl\":\"https:\/\/www.pumahue.cl\/chicauma\/wp-content\/uploads\/sites\/47\/2025\/02\/cropped-logo_Pumahue_.png\",\"width\":512,\"height\":512,\"caption\":\"Colegio Pumahue Chicauma\"},\"image\":{\"@id\":\"https:\/\/www.pumahue.cl\/chicauma\/#\/schema\/logo\/image\/\"},\"sameAs\":[\"http:\/\/www.facebook.com\/ColegiosPumahue\",\"https:\/\/www.instagram.com\/colegiopumahue_chicauma\/\",\"https:\/\/www.youtube.com\/@CognitaChile\"]},{\"@type\":\"Person\",\"@id\":\"https:\/\/www.pumahue.cl\/chicauma\/#\/schema\/person\/0debeea140e397b5d490ee7e553255d8\",\"name\":\"jorgedelcampo\",\"image\":{\"@type\":\"ImageObject\",\"inLanguage\":\"es\",\"@id\":\"https:\/\/www.pumahue.cl\/chicauma\/#\/schema\/person\/image\/\",\"url\":\"https:\/\/secure.gravatar.com\/avatar\/4a315f521213b2dc91dbda9bf799f711c8a98ab6f5606ec42cf5b33d1e762e8a?s=96&d=mm&r=g\",\"contentUrl\":\"https:\/\/secure.gravatar.com\/avatar\/4a315f521213b2dc91dbda9bf799f711c8a98ab6f5606ec42cf5b33d1e762e8a?s=96&d=mm&r=g\",\"caption\":\"jorgedelcampo\"}}]}<\/script>\n<!-- \/ Yoast SEO plugin. -->","yoast_head_json":{"title":"Vacunaci\u00f3n contra la influenza - Colegio Pumahue Chicauma","robots":{"index":"index","follow":"follow","max-snippet":"max-snippet:-1","max-image-preview":"max-image-preview:large","max-video-preview":"max-video-preview:-1"},"canonical":"https:\/\/www.pumahue.cl\/chicauma\/noticias\/vacunacion-contra-la-influenza-3\/","og_locale":"es_ES","og_type":"article","og_title":"Vacunaci\u00f3n contra la influenza - Colegio Pumahue Chicauma","og_description":"Comunicamos que hemos sido notificados por el CESFAM Juan Pablo II de Lampa, que asistir\u00e1n al colegio a vacunar contra la Influenza la pr\u00f3xima semana. Es importante mencionar que el MINSAL, dispuso que la inoculaci\u00f3n es obligatoria para los grupos objetivos que comprende a ni\u00f1os y ni\u00f1as de 6 meses a 9 a\u00f1os 11 meses [&hellip;]","og_url":"https:\/\/www.pumahue.cl\/chicauma\/noticias\/vacunacion-contra-la-influenza-3\/","og_site_name":"Colegio Pumahue Chicauma","article_publisher":"http:\/\/www.facebook.com\/ColegiosPumahue","article_published_time":"2022-04-12T18:44:41+00:00","og_image":[{"url":"https:\/\/www.pumahue.cl\/chicauma\/wp-content\/uploads\/sites\/47\/2022\/04\/9c6ddb5d-3e7d-df37-bc6d-85e5eabcb352.png?w=1024","width":1024,"height":1024,"type":"image\/png"}],"author":"jorgedelcampo","twitter_card":"summary_large_image","twitter_misc":{"Escrito por":"jorgedelcampo","Tiempo de lectura":"1 minuto"},"schema":{"@context":"https:\/\/schema.org","@graph":[{"@type":"Article","@id":"https:\/\/www.pumahue.cl\/chicauma\/noticias\/vacunacion-contra-la-influenza-3\/#article","isPartOf":{"@id":"https:\/\/www.pumahue.cl\/chicauma\/noticias\/vacunacion-contra-la-influenza-3\/"},"author":{"name":"jorgedelcampo","@id":"https:\/\/www.pumahue.cl\/chicauma\/#\/schema\/person\/0debeea140e397b5d490ee7e553255d8"},"headline":"Vacunaci\u00f3n contra la influenza","datePublished":"2022-04-12T18:44:41+00:00","mainEntityOfPage":{"@id":"https:\/\/www.pumahue.cl\/chicauma\/noticias\/vacunacion-contra-la-influenza-3\/"},"wordCount":279,"commentCount":0,"publisher":{"@id":"https:\/\/www.pumahue.cl\/chicauma\/#organization"},"image":{"@id":"https:\/\/www.pumahue.cl\/chicauma\/noticias\/vacunacion-contra-la-influenza-3\/#primaryimage"},"thumbnailUrl":"https:\/\/www.pumahue.cl\/chicauma\/wp-content\/uploads\/sites\/47\/2022\/04\/9c6ddb5d-3e7d-df37-bc6d-85e5eabcb352.png","articleSection":["Vida escolar"],"inLanguage":"es","potentialAction":[{"@type":"CommentAction","name":"Comment","target":["https:\/\/www.pumahue.cl\/chicauma\/noticias\/vacunacion-contra-la-influenza-3\/#respond"]}]},{"@type":"WebPage","@id":"https:\/\/www.pumahue.cl\/chicauma\/noticias\/vacunacion-contra-la-influenza-3\/","url":"https:\/\/www.pumahue.cl\/chicauma\/noticias\/vacunacion-contra-la-influenza-3\/","name":"Vacunaci\u00f3n contra la influenza - Colegio Pumahue Chicauma","isPartOf":{"@id":"https:\/\/www.pumahue.cl\/chicauma\/#website"},"primaryImageOfPage":{"@id":"https:\/\/www.pumahue.cl\/chicauma\/noticias\/vacunacion-contra-la-influenza-3\/#primaryimage"},"image":{"@id":"https:\/\/www.pumahue.cl\/chicauma\/noticias\/vacunacion-contra-la-influenza-3\/#primaryimage"},"thumbnailUrl":"https:\/\/www.pumahue.cl\/chicauma\/wp-content\/uploads\/sites\/47\/2022\/04\/9c6ddb5d-3e7d-df37-bc6d-85e5eabcb352.png","datePublished":"2022-04-12T18:44:41+00:00","breadcrumb":{"@id":"https:\/\/www.pumahue.cl\/chicauma\/noticias\/vacunacion-contra-la-influenza-3\/#breadcrumb"},"inLanguage":"es","potentialAction":[{"@type":"ReadAction","target":["https:\/\/www.pumahue.cl\/chicauma\/noticias\/vacunacion-contra-la-influenza-3\/"]}]},{"@type":"ImageObject","inLanguage":"es","@id":"https:\/\/www.pumahue.cl\/chicauma\/noticias\/vacunacion-contra-la-influenza-3\/#primaryimage","url":"https:\/\/www.pumahue.cl\/chicauma\/wp-content\/uploads\/sites\/47\/2022\/04\/9c6ddb5d-3e7d-df37-bc6d-85e5eabcb352.png","contentUrl":"https:\/\/www.pumahue.cl\/chicauma\/wp-content\/uploads\/sites\/47\/2022\/04\/9c6ddb5d-3e7d-df37-bc6d-85e5eabcb352.png"},{"@type":"BreadcrumbList","@id":"https:\/\/www.pumahue.cl\/chicauma\/noticias\/vacunacion-contra-la-influenza-3\/#breadcrumb","itemListElement":[{"@type":"ListItem","position":1,"name":"Home","item":"https:\/\/www.pumahue.cl\/chicauma\/"},{"@type":"ListItem","position":2,"name":"Vacunaci\u00f3n contra la influenza"}]},{"@type":"WebSite","@id":"https:\/\/www.pumahue.cl\/chicauma\/#website","url":"https:\/\/www.pumahue.cl\/chicauma\/","name":"Colegio Pumahue Chicauma","description":"Parte de Cognita Schools","publisher":{"@id":"https:\/\/www.pumahue.cl\/chicauma\/#organization"},"potentialAction":[{"@type":"SearchAction","target":{"@type":"EntryPoint","urlTemplate":"https:\/\/www.pumahue.cl\/chicauma\/?s={search_term_string}"},"query-input":{"@type":"PropertyValueSpecification","valueRequired":true,"valueName":"search_term_string"}}],"inLanguage":"es"},{"@type":"Organization","@id":"https:\/\/www.pumahue.cl\/chicauma\/#organization","name":"Colegio Pumahue Chicauma","url":"https:\/\/www.pumahue.cl\/chicauma\/","logo":{"@type":"ImageObject","inLanguage":"es","@id":"https:\/\/www.pumahue.cl\/chicauma\/#\/schema\/logo\/image\/","url":"https:\/\/www.pumahue.cl\/chicauma\/wp-content\/uploads\/sites\/47\/2025\/02\/cropped-logo_Pumahue_.png","contentUrl":"https:\/\/www.pumahue.cl\/chicauma\/wp-content\/uploads\/sites\/47\/2025\/02\/cropped-logo_Pumahue_.png","width":512,"height":512,"caption":"Colegio Pumahue Chicauma"},"image":{"@id":"https:\/\/www.pumahue.cl\/chicauma\/#\/schema\/logo\/image\/"},"sameAs":["http:\/\/www.facebook.com\/ColegiosPumahue","https:\/\/www.instagram.com\/colegiopumahue_chicauma\/","https:\/\/www.youtube.com\/@CognitaChile"]},{"@type":"Person","@id":"https:\/\/www.pumahue.cl\/chicauma\/#\/schema\/person\/0debeea140e397b5d490ee7e553255d8","name":"jorgedelcampo","image":{"@type":"ImageObject","inLanguage":"es","@id":"https:\/\/www.pumahue.cl\/chicauma\/#\/schema\/person\/image\/","url":"https:\/\/secure.gravatar.com\/avatar\/4a315f521213b2dc91dbda9bf799f711c8a98ab6f5606ec42cf5b33d1e762e8a?s=96&d=mm&r=g","contentUrl":"https:\/\/secure.gravatar.com\/avatar\/4a315f521213b2dc91dbda9bf799f711c8a98ab6f5606ec42cf5b33d1e762e8a?s=96&d=mm&r=g","caption":"jorgedelcampo"}}]}},"jetpack_featured_media_url":"https:\/\/www.pumahue.cl\/chicauma\/wp-content\/uploads\/sites\/47\/2022\/04\/9c6ddb5d-3e7d-df37-bc6d-85e5eabcb352.png","previous_post_ID":10760,"previous_post_title":"\u00f1\u0153\u00a8Let\u00b4s Make Future - Usa tu tenida futurista favorita el mi\u00e9rcoles 30\/03\u00f0\u0178\u2018\u00be\u00f1\u0153\u00a8","previous_post_excerpt":"Estamos felices de anunciar una gran iniciativa para nuestros estudiantes, &#8220;LET\u00b4S MAKE FUTURE&#8221;, concepto que englobar\u00e1 distintas actividades durante todos los meses del a\u00f1o y que reemplazar\u00e1 nuestro tradicional Jeans Day. Comenzamos el mi\u00e9rcoles 30 de marzo con tem\u00e1tica futurista, es por ello que los invitamos a que en familia dejen volar su imaginaci\u00f3n y [&hellip;]","previous_post_link":"https:\/\/www.pumahue.cl\/chicauma\/noticias\/lets-make-future-usa-tu-tenida-futurista-favorita-el-miercoles-30-03\/","previous_post_class":["post-10760","post","type-post","status-publish","format-standard","has-post-thumbnail","hentry","category-vida-escolar"],"next_post_ID":10836,"next_post_title":"\u00f1\u0153\u00a8Be well dance Fluor - s\u00e1bado 30 de abril\u00f1\u0153\u00a8","next_post_excerpt":"Estamos felices de anunciar que realizaremos una nueva actividad en el marco de nuestro concepto, &#8220;LET\u00b4S MAKE FUTURE&#8221;, en torno al deporte y vida saludable. Se trata del &#8220;Be Well Dance Fluor&#8221;, iniciativa deportiva y socio-emocional para toda la familia, en la que ustedes ser\u00e1n los protagonitas. En esta ocasi\u00f3n realizaremos un evento en d\u00f3nde [&hellip;]","next_post_link":"https:\/\/www.pumahue.cl\/chicauma\/noticias\/be-well-dance-fluor-sabado-30-de-abril\/","next_post_class":["post-10836","post","type-post","status-publish","format-standard","has-post-thumbnail","hentry","category-vida-escolar"],"jetpack_sharing_enabled":true,"_links":{"self":[{"href":"https:\/\/www.pumahue.cl\/chicauma\/wp-json\/wp\/v2\/posts\/10874","targetHints":{"allow":["GET"]}}],"collection":[{"href":"https:\/\/www.pumahue.cl\/chicauma\/wp-json\/wp\/v2\/posts"}],"about":[{"href":"https:\/\/www.pumahue.cl\/chicauma\/wp-json\/wp\/v2\/types\/post"}],"author":[{"embeddable":true,"href":"https:\/\/www.pumahue.cl\/chicauma\/wp-json\/wp\/v2\/users\/14"}],"replies":[{"embeddable":true,"href":"https:\/\/www.pumahue.cl\/chicauma\/wp-json\/wp\/v2\/comments?post=10874"}],"version-history":[{"count":0,"href":"https:\/\/www.pumahue.cl\/chicauma\/wp-json\/wp\/v2\/posts\/10874\/revisions"}],"wp:featuredmedia":[{"embeddable":true,"href":"https:\/\/www.pumahue.cl\/chicauma\/wp-json\/wp\/v2\/media\/10875"}],"wp:attachment":[{"href":"https:\/\/www.pumahue.cl\/chicauma\/wp-json\/wp\/v2\/media?parent=10874"}],"wp:term":[{"taxonomy":"category","embeddable":true,"href":"https:\/\/www.pumahue.cl\/chicauma\/wp-json\/wp\/v2\/categories?post=10874"},{"taxonomy":"post_tag","embeddable":true,"href":"https:\/\/www.pumahue.cl\/chicauma\/wp-json\/wp\/v2\/tags?post=10874"}],"curies":[{"name":"wp","href":"https:\/\/api.w.org\/{rel}","templated":true}]}}