{"id":11025,"date":"2022-05-10T11:49:01","date_gmt":"2022-05-10T15:49:01","guid":{"rendered":"http:\/\/pumahue.cl\/chicauma\/?p=11025"},"modified":"2022-05-10T11:49:01","modified_gmt":"2022-05-10T15:49:01","slug":"forestin-ensena-sobre-prevencion-de-incendios-forestales","status":"publish","type":"post","link":"https:\/\/www.pumahue.cl\/chicauma\/noticias\/forestin-ensena-sobre-prevencion-de-incendios-forestales\/","title":{"rendered":"Forest\u00edn ense\u00f1a sobre prevenci\u00f3n de incendios forestales"},"content":{"rendered":"<p>Nuestros estudiantes de 3\u00b0 4\u00b0 y 5\u00b0 b\u00e1sico participaron en una charla dictada por la Conaf, relacionada con la prevenci\u00f3n de incendios forestales, como inicio de las actividades del mes de la seguridad.<\/p>\n<p>El objetivo principal de la charla fue que nuestras ni\u00f1as y ni\u00f1os aprendieran sobre la importancia del medioambiente y de cuidar nuestros bosques de los incendios forestales.<\/p>\n<p>Agradecemos a Conaf y a Forest\u00edn por tan importante informaci\u00f3n para crear conciencia en nuestra comunidad.<\/p>\n<p>&nbsp;<\/p>\n<p>LET\u00b4S MAKE FUTURE<\/p>\n<p>&nbsp;<\/p>\n"},"excerpt":{"rendered":"<p>Nuestros estudiantes de 3\u00b0 4\u00b0 y 5\u00b0 b\u00e1sico participaron en una charla dictada por la Conaf, relacionada con la prevenci\u00f3n de incendios forestales, como inicio de las actividades del mes de la seguridad. El objetivo principal de la charla fue que nuestras ni\u00f1as y ni\u00f1os aprendieran sobre la importancia del medioambiente y de cuidar nuestros [&hellip;]<\/p>\n","protected":false},"author":14,"featured_media":11027,"comment_status":"open","ping_status":"open","sticky":false,"template":"","format":"standard","meta":{"_acf_changed":false,"content-type":"","_jetpack_memberships_contains_paid_content":false,"footnotes":""},"categories":[1],"tags":[],"class_list":["post-11025","post","type-post","status-publish","format-standard","has-post-thumbnail","hentry","category-vida-escolar"],"acf":[],"yoast_head":"<!-- This site is optimized with the Yoast SEO plugin v27.1.1 - https:\/\/yoast.com\/product\/yoast-seo-wordpress\/ -->\n<title>Forest\u00edn ense\u00f1a sobre prevenci\u00f3n de incendios forestales - Colegio Pumahue Chicauma<\/title>\n<meta name=\"robots\" content=\"index, follow, max-snippet:-1, max-image-preview:large, max-video-preview:-1\" \/>\n<link rel=\"canonical\" href=\"https:\/\/www.pumahue.cl\/chicauma\/noticias\/forestin-ensena-sobre-prevencion-de-incendios-forestales\/\" \/>\n<meta property=\"og:locale\" content=\"es_ES\" \/>\n<meta property=\"og:type\" content=\"article\" \/>\n<meta property=\"og:title\" content=\"Forest\u00edn ense\u00f1a sobre prevenci\u00f3n de incendios forestales - Colegio Pumahue Chicauma\" \/>\n<meta property=\"og:description\" content=\"Nuestros estudiantes de 3\u00b0 4\u00b0 y 5\u00b0 b\u00e1sico participaron en una charla dictada por la Conaf, relacionada con la prevenci\u00f3n de incendios forestales, como inicio de las actividades del mes de la seguridad. El objetivo principal de la charla fue que nuestras ni\u00f1as y ni\u00f1os aprendieran sobre la importancia del medioambiente y de cuidar nuestros [&hellip;]\" \/>\n<meta property=\"og:url\" content=\"https:\/\/www.pumahue.cl\/chicauma\/noticias\/forestin-ensena-sobre-prevencion-de-incendios-forestales\/\" \/>\n<meta property=\"og:site_name\" content=\"Colegio Pumahue Chicauma\" \/>\n<meta property=\"article:publisher\" content=\"http:\/\/www.facebook.com\/ColegiosPumahue\" \/>\n<meta property=\"article:published_time\" content=\"2022-05-10T15:49:01+00:00\" \/>\n<meta property=\"og:image\" content=\"https:\/\/www.pumahue.cl\/chicauma\/wp-content\/uploads\/sites\/47\/2022\/05\/Untitled-design-65.png\" \/>\n\t<meta property=\"og:image:width\" content=\"836\" \/>\n\t<meta property=\"og:image:height\" content=\"523\" \/>\n\t<meta property=\"og:image:type\" content=\"image\/png\" \/>\n<meta name=\"author\" content=\"jorgedelcampo\" \/>\n<meta name=\"twitter:card\" content=\"summary_large_image\" \/>\n<meta name=\"twitter:label1\" content=\"Escrito por\" \/>\n\t<meta name=\"twitter:data1\" content=\"jorgedelcampo\" \/>\n<script type=\"application\/ld+json\" class=\"yoast-schema-graph\">{\"@context\":\"https:\/\/schema.org\",\"@graph\":[{\"@type\":\"Article\",\"@id\":\"https:\/\/www.pumahue.cl\/chicauma\/noticias\/forestin-ensena-sobre-prevencion-de-incendios-forestales\/#article\",\"isPartOf\":{\"@id\":\"https:\/\/www.pumahue.cl\/chicauma\/noticias\/forestin-ensena-sobre-prevencion-de-incendios-forestales\/\"},\"author\":{\"name\":\"jorgedelcampo\",\"@id\":\"https:\/\/www.pumahue.cl\/chicauma\/#\/schema\/person\/0debeea140e397b5d490ee7e553255d8\"},\"headline\":\"Forest\u00edn ense\u00f1a sobre prevenci\u00f3n de incendios forestales\",\"datePublished\":\"2022-05-10T15:49:01+00:00\",\"mainEntityOfPage\":{\"@id\":\"https:\/\/www.pumahue.cl\/chicauma\/noticias\/forestin-ensena-sobre-prevencion-de-incendios-forestales\/\"},\"wordCount\":95,\"commentCount\":0,\"publisher\":{\"@id\":\"https:\/\/www.pumahue.cl\/chicauma\/#organization\"},\"image\":{\"@id\":\"https:\/\/www.pumahue.cl\/chicauma\/noticias\/forestin-ensena-sobre-prevencion-de-incendios-forestales\/#primaryimage\"},\"thumbnailUrl\":\"https:\/\/www.pumahue.cl\/chicauma\/wp-content\/uploads\/sites\/47\/2022\/05\/Untitled-design-65.png\",\"articleSection\":[\"Vida escolar\"],\"inLanguage\":\"es\",\"potentialAction\":[{\"@type\":\"CommentAction\",\"name\":\"Comment\",\"target\":[\"https:\/\/www.pumahue.cl\/chicauma\/noticias\/forestin-ensena-sobre-prevencion-de-incendios-forestales\/#respond\"]}]},{\"@type\":\"WebPage\",\"@id\":\"https:\/\/www.pumahue.cl\/chicauma\/noticias\/forestin-ensena-sobre-prevencion-de-incendios-forestales\/\",\"url\":\"https:\/\/www.pumahue.cl\/chicauma\/noticias\/forestin-ensena-sobre-prevencion-de-incendios-forestales\/\",\"name\":\"Forest\u00edn ense\u00f1a sobre prevenci\u00f3n de incendios forestales - Colegio Pumahue Chicauma\",\"isPartOf\":{\"@id\":\"https:\/\/www.pumahue.cl\/chicauma\/#website\"},\"primaryImageOfPage\":{\"@id\":\"https:\/\/www.pumahue.cl\/chicauma\/noticias\/forestin-ensena-sobre-prevencion-de-incendios-forestales\/#primaryimage\"},\"image\":{\"@id\":\"https:\/\/www.pumahue.cl\/chicauma\/noticias\/forestin-ensena-sobre-prevencion-de-incendios-forestales\/#primaryimage\"},\"thumbnailUrl\":\"https:\/\/www.pumahue.cl\/chicauma\/wp-content\/uploads\/sites\/47\/2022\/05\/Untitled-design-65.png\",\"datePublished\":\"2022-05-10T15:49:01+00:00\",\"breadcrumb\":{\"@id\":\"https:\/\/www.pumahue.cl\/chicauma\/noticias\/forestin-ensena-sobre-prevencion-de-incendios-forestales\/#breadcrumb\"},\"inLanguage\":\"es\",\"potentialAction\":[{\"@type\":\"ReadAction\",\"target\":[\"https:\/\/www.pumahue.cl\/chicauma\/noticias\/forestin-ensena-sobre-prevencion-de-incendios-forestales\/\"]}]},{\"@type\":\"ImageObject\",\"inLanguage\":\"es\",\"@id\":\"https:\/\/www.pumahue.cl\/chicauma\/noticias\/forestin-ensena-sobre-prevencion-de-incendios-forestales\/#primaryimage\",\"url\":\"https:\/\/www.pumahue.cl\/chicauma\/wp-content\/uploads\/sites\/47\/2022\/05\/Untitled-design-65.png\",\"contentUrl\":\"https:\/\/www.pumahue.cl\/chicauma\/wp-content\/uploads\/sites\/47\/2022\/05\/Untitled-design-65.png\",\"width\":836,\"height\":523},{\"@type\":\"BreadcrumbList\",\"@id\":\"https:\/\/www.pumahue.cl\/chicauma\/noticias\/forestin-ensena-sobre-prevencion-de-incendios-forestales\/#breadcrumb\",\"itemListElement\":[{\"@type\":\"ListItem\",\"position\":1,\"name\":\"Home\",\"item\":\"https:\/\/www.pumahue.cl\/chicauma\/\"},{\"@type\":\"ListItem\",\"position\":2,\"name\":\"Forest\u00edn ense\u00f1a sobre prevenci\u00f3n de incendios forestales\"}]},{\"@type\":\"WebSite\",\"@id\":\"https:\/\/www.pumahue.cl\/chicauma\/#website\",\"url\":\"https:\/\/www.pumahue.cl\/chicauma\/\",\"name\":\"Colegio Pumahue Chicauma\",\"description\":\"Parte de Cognita Schools\",\"publisher\":{\"@id\":\"https:\/\/www.pumahue.cl\/chicauma\/#organization\"},\"potentialAction\":[{\"@type\":\"SearchAction\",\"target\":{\"@type\":\"EntryPoint\",\"urlTemplate\":\"https:\/\/www.pumahue.cl\/chicauma\/?s={search_term_string}\"},\"query-input\":{\"@type\":\"PropertyValueSpecification\",\"valueRequired\":true,\"valueName\":\"search_term_string\"}}],\"inLanguage\":\"es\"},{\"@type\":\"Organization\",\"@id\":\"https:\/\/www.pumahue.cl\/chicauma\/#organization\",\"name\":\"Colegio Pumahue Chicauma\",\"url\":\"https:\/\/www.pumahue.cl\/chicauma\/\",\"logo\":{\"@type\":\"ImageObject\",\"inLanguage\":\"es\",\"@id\":\"https:\/\/www.pumahue.cl\/chicauma\/#\/schema\/logo\/image\/\",\"url\":\"https:\/\/www.pumahue.cl\/chicauma\/wp-content\/uploads\/sites\/47\/2025\/02\/cropped-logo_Pumahue_.png\",\"contentUrl\":\"https:\/\/www.pumahue.cl\/chicauma\/wp-content\/uploads\/sites\/47\/2025\/02\/cropped-logo_Pumahue_.png\",\"width\":512,\"height\":512,\"caption\":\"Colegio Pumahue Chicauma\"},\"image\":{\"@id\":\"https:\/\/www.pumahue.cl\/chicauma\/#\/schema\/logo\/image\/\"},\"sameAs\":[\"http:\/\/www.facebook.com\/ColegiosPumahue\",\"https:\/\/www.instagram.com\/colegiopumahue_chicauma\/\",\"https:\/\/www.youtube.com\/@CognitaChile\"]},{\"@type\":\"Person\",\"@id\":\"https:\/\/www.pumahue.cl\/chicauma\/#\/schema\/person\/0debeea140e397b5d490ee7e553255d8\",\"name\":\"jorgedelcampo\",\"image\":{\"@type\":\"ImageObject\",\"inLanguage\":\"es\",\"@id\":\"https:\/\/www.pumahue.cl\/chicauma\/#\/schema\/person\/image\/\",\"url\":\"https:\/\/secure.gravatar.com\/avatar\/4a315f521213b2dc91dbda9bf799f711c8a98ab6f5606ec42cf5b33d1e762e8a?s=96&d=mm&r=g\",\"contentUrl\":\"https:\/\/secure.gravatar.com\/avatar\/4a315f521213b2dc91dbda9bf799f711c8a98ab6f5606ec42cf5b33d1e762e8a?s=96&d=mm&r=g\",\"caption\":\"jorgedelcampo\"}}]}<\/script>\n<!-- \/ Yoast SEO plugin. -->","yoast_head_json":{"title":"Forest\u00edn ense\u00f1a sobre prevenci\u00f3n de incendios forestales - Colegio Pumahue Chicauma","robots":{"index":"index","follow":"follow","max-snippet":"max-snippet:-1","max-image-preview":"max-image-preview:large","max-video-preview":"max-video-preview:-1"},"canonical":"https:\/\/www.pumahue.cl\/chicauma\/noticias\/forestin-ensena-sobre-prevencion-de-incendios-forestales\/","og_locale":"es_ES","og_type":"article","og_title":"Forest\u00edn ense\u00f1a sobre prevenci\u00f3n de incendios forestales - Colegio Pumahue Chicauma","og_description":"Nuestros estudiantes de 3\u00b0 4\u00b0 y 5\u00b0 b\u00e1sico participaron en una charla dictada por la Conaf, relacionada con la prevenci\u00f3n de incendios forestales, como inicio de las actividades del mes de la seguridad. El objetivo principal de la charla fue que nuestras ni\u00f1as y ni\u00f1os aprendieran sobre la importancia del medioambiente y de cuidar nuestros [&hellip;]","og_url":"https:\/\/www.pumahue.cl\/chicauma\/noticias\/forestin-ensena-sobre-prevencion-de-incendios-forestales\/","og_site_name":"Colegio Pumahue Chicauma","article_publisher":"http:\/\/www.facebook.com\/ColegiosPumahue","article_published_time":"2022-05-10T15:49:01+00:00","og_image":[{"width":836,"height":523,"url":"https:\/\/www.pumahue.cl\/chicauma\/wp-content\/uploads\/sites\/47\/2022\/05\/Untitled-design-65.png","type":"image\/png"}],"author":"jorgedelcampo","twitter_card":"summary_large_image","twitter_misc":{"Escrito por":"jorgedelcampo"},"schema":{"@context":"https:\/\/schema.org","@graph":[{"@type":"Article","@id":"https:\/\/www.pumahue.cl\/chicauma\/noticias\/forestin-ensena-sobre-prevencion-de-incendios-forestales\/#article","isPartOf":{"@id":"https:\/\/www.pumahue.cl\/chicauma\/noticias\/forestin-ensena-sobre-prevencion-de-incendios-forestales\/"},"author":{"name":"jorgedelcampo","@id":"https:\/\/www.pumahue.cl\/chicauma\/#\/schema\/person\/0debeea140e397b5d490ee7e553255d8"},"headline":"Forest\u00edn ense\u00f1a sobre prevenci\u00f3n de incendios forestales","datePublished":"2022-05-10T15:49:01+00:00","mainEntityOfPage":{"@id":"https:\/\/www.pumahue.cl\/chicauma\/noticias\/forestin-ensena-sobre-prevencion-de-incendios-forestales\/"},"wordCount":95,"commentCount":0,"publisher":{"@id":"https:\/\/www.pumahue.cl\/chicauma\/#organization"},"image":{"@id":"https:\/\/www.pumahue.cl\/chicauma\/noticias\/forestin-ensena-sobre-prevencion-de-incendios-forestales\/#primaryimage"},"thumbnailUrl":"https:\/\/www.pumahue.cl\/chicauma\/wp-content\/uploads\/sites\/47\/2022\/05\/Untitled-design-65.png","articleSection":["Vida escolar"],"inLanguage":"es","potentialAction":[{"@type":"CommentAction","name":"Comment","target":["https:\/\/www.pumahue.cl\/chicauma\/noticias\/forestin-ensena-sobre-prevencion-de-incendios-forestales\/#respond"]}]},{"@type":"WebPage","@id":"https:\/\/www.pumahue.cl\/chicauma\/noticias\/forestin-ensena-sobre-prevencion-de-incendios-forestales\/","url":"https:\/\/www.pumahue.cl\/chicauma\/noticias\/forestin-ensena-sobre-prevencion-de-incendios-forestales\/","name":"Forest\u00edn ense\u00f1a sobre prevenci\u00f3n de incendios forestales - Colegio Pumahue Chicauma","isPartOf":{"@id":"https:\/\/www.pumahue.cl\/chicauma\/#website"},"primaryImageOfPage":{"@id":"https:\/\/www.pumahue.cl\/chicauma\/noticias\/forestin-ensena-sobre-prevencion-de-incendios-forestales\/#primaryimage"},"image":{"@id":"https:\/\/www.pumahue.cl\/chicauma\/noticias\/forestin-ensena-sobre-prevencion-de-incendios-forestales\/#primaryimage"},"thumbnailUrl":"https:\/\/www.pumahue.cl\/chicauma\/wp-content\/uploads\/sites\/47\/2022\/05\/Untitled-design-65.png","datePublished":"2022-05-10T15:49:01+00:00","breadcrumb":{"@id":"https:\/\/www.pumahue.cl\/chicauma\/noticias\/forestin-ensena-sobre-prevencion-de-incendios-forestales\/#breadcrumb"},"inLanguage":"es","potentialAction":[{"@type":"ReadAction","target":["https:\/\/www.pumahue.cl\/chicauma\/noticias\/forestin-ensena-sobre-prevencion-de-incendios-forestales\/"]}]},{"@type":"ImageObject","inLanguage":"es","@id":"https:\/\/www.pumahue.cl\/chicauma\/noticias\/forestin-ensena-sobre-prevencion-de-incendios-forestales\/#primaryimage","url":"https:\/\/www.pumahue.cl\/chicauma\/wp-content\/uploads\/sites\/47\/2022\/05\/Untitled-design-65.png","contentUrl":"https:\/\/www.pumahue.cl\/chicauma\/wp-content\/uploads\/sites\/47\/2022\/05\/Untitled-design-65.png","width":836,"height":523},{"@type":"BreadcrumbList","@id":"https:\/\/www.pumahue.cl\/chicauma\/noticias\/forestin-ensena-sobre-prevencion-de-incendios-forestales\/#breadcrumb","itemListElement":[{"@type":"ListItem","position":1,"name":"Home","item":"https:\/\/www.pumahue.cl\/chicauma\/"},{"@type":"ListItem","position":2,"name":"Forest\u00edn ense\u00f1a sobre prevenci\u00f3n de incendios forestales"}]},{"@type":"WebSite","@id":"https:\/\/www.pumahue.cl\/chicauma\/#website","url":"https:\/\/www.pumahue.cl\/chicauma\/","name":"Colegio Pumahue Chicauma","description":"Parte de Cognita Schools","publisher":{"@id":"https:\/\/www.pumahue.cl\/chicauma\/#organization"},"potentialAction":[{"@type":"SearchAction","target":{"@type":"EntryPoint","urlTemplate":"https:\/\/www.pumahue.cl\/chicauma\/?s={search_term_string}"},"query-input":{"@type":"PropertyValueSpecification","valueRequired":true,"valueName":"search_term_string"}}],"inLanguage":"es"},{"@type":"Organization","@id":"https:\/\/www.pumahue.cl\/chicauma\/#organization","name":"Colegio Pumahue Chicauma","url":"https:\/\/www.pumahue.cl\/chicauma\/","logo":{"@type":"ImageObject","inLanguage":"es","@id":"https:\/\/www.pumahue.cl\/chicauma\/#\/schema\/logo\/image\/","url":"https:\/\/www.pumahue.cl\/chicauma\/wp-content\/uploads\/sites\/47\/2025\/02\/cropped-logo_Pumahue_.png","contentUrl":"https:\/\/www.pumahue.cl\/chicauma\/wp-content\/uploads\/sites\/47\/2025\/02\/cropped-logo_Pumahue_.png","width":512,"height":512,"caption":"Colegio Pumahue Chicauma"},"image":{"@id":"https:\/\/www.pumahue.cl\/chicauma\/#\/schema\/logo\/image\/"},"sameAs":["http:\/\/www.facebook.com\/ColegiosPumahue","https:\/\/www.instagram.com\/colegiopumahue_chicauma\/","https:\/\/www.youtube.com\/@CognitaChile"]},{"@type":"Person","@id":"https:\/\/www.pumahue.cl\/chicauma\/#\/schema\/person\/0debeea140e397b5d490ee7e553255d8","name":"jorgedelcampo","image":{"@type":"ImageObject","inLanguage":"es","@id":"https:\/\/www.pumahue.cl\/chicauma\/#\/schema\/person\/image\/","url":"https:\/\/secure.gravatar.com\/avatar\/4a315f521213b2dc91dbda9bf799f711c8a98ab6f5606ec42cf5b33d1e762e8a?s=96&d=mm&r=g","contentUrl":"https:\/\/secure.gravatar.com\/avatar\/4a315f521213b2dc91dbda9bf799f711c8a98ab6f5606ec42cf5b33d1e762e8a?s=96&d=mm&r=g","caption":"jorgedelcampo"}}]}},"jetpack_featured_media_url":"https:\/\/www.pumahue.cl\/chicauma\/wp-content\/uploads\/sites\/47\/2022\/05\/Untitled-design-65.png","previous_post_ID":11012,"previous_post_title":"PDI dicta charla de Bullying y Cyberbullying","previous_post_excerpt":"En el marco del mes de la seguridad, la Polic\u00eda de investigaciones de Chile, a trav\u00e9s de la comisario Ximena Alarc\u00f3n, dict\u00f3 una charla para nuestros alumnos de 7\u00b0 y 8\u00b0 b\u00e1sico en la cual abordaron el bullying y el cyberbulling, conductas sociales negativas que se dan de manera presencial y tambi\u00e9n de manera virtual. [&hellip;]","previous_post_link":"https:\/\/www.pumahue.cl\/chicauma\/noticias\/pdi-dicta-charla-de-bullying-y-cyberbullying\/","previous_post_class":["post-11012","post","type-post","status-publish","format-standard","has-post-thumbnail","hentry","category-vida-escolar"],"next_post_ID":11031,"next_post_title":"Nuevo Plan de Tr\u00e1nsito","next_post_excerpt":"Queremos mejorar nuestra convivencia dentro y fuera del colegio, a trav\u00e9s del Plan de Tr\u00e1nsito 2022, que tiene como objetivo fundamental, dar a conocer a toda la comunidad educativa la importancia de respetar la normativa de tr\u00e1nsito establecida por la legislaci\u00f3n vigente, especialmente en el ingreso, salida y entorno de nuestro colegio, velando siempre por [&hellip;]","next_post_link":"https:\/\/www.pumahue.cl\/chicauma\/noticias\/nuevo-plan-de-transito\/","next_post_class":["post-11031","post","type-post","status-publish","format-standard","has-post-thumbnail","hentry","category-vida-escolar"],"jetpack_sharing_enabled":true,"_links":{"self":[{"href":"https:\/\/www.pumahue.cl\/chicauma\/wp-json\/wp\/v2\/posts\/11025","targetHints":{"allow":["GET"]}}],"collection":[{"href":"https:\/\/www.pumahue.cl\/chicauma\/wp-json\/wp\/v2\/posts"}],"about":[{"href":"https:\/\/www.pumahue.cl\/chicauma\/wp-json\/wp\/v2\/types\/post"}],"author":[{"embeddable":true,"href":"https:\/\/www.pumahue.cl\/chicauma\/wp-json\/wp\/v2\/users\/14"}],"replies":[{"embeddable":true,"href":"https:\/\/www.pumahue.cl\/chicauma\/wp-json\/wp\/v2\/comments?post=11025"}],"version-history":[{"count":0,"href":"https:\/\/www.pumahue.cl\/chicauma\/wp-json\/wp\/v2\/posts\/11025\/revisions"}],"wp:featuredmedia":[{"embeddable":true,"href":"https:\/\/www.pumahue.cl\/chicauma\/wp-json\/wp\/v2\/media\/11027"}],"wp:attachment":[{"href":"https:\/\/www.pumahue.cl\/chicauma\/wp-json\/wp\/v2\/media?parent=11025"}],"wp:term":[{"taxonomy":"category","embeddable":true,"href":"https:\/\/www.pumahue.cl\/chicauma\/wp-json\/wp\/v2\/categories?post=11025"},{"taxonomy":"post_tag","embeddable":true,"href":"https:\/\/www.pumahue.cl\/chicauma\/wp-json\/wp\/v2\/tags?post=11025"}],"curies":[{"name":"wp","href":"https:\/\/api.w.org\/{rel}","templated":true}]}}