{"id":11729,"date":"2022-09-07T18:00:24","date_gmt":"2022-09-07T21:00:24","guid":{"rendered":"http:\/\/pumahue.cl\/chicauma\/?p=11729"},"modified":"2022-09-07T18:00:24","modified_gmt":"2022-09-07T21:00:24","slug":"interesante-charla-sobre-adolescencia-y-sus-desafios","status":"publish","type":"post","link":"https:\/\/www.pumahue.cl\/chicauma\/noticias\/interesante-charla-sobre-adolescencia-y-sus-desafios\/","title":{"rendered":"Interesante Charla sobre &#8220;Adolescencia y sus desaf\u00edos&#8221;"},"content":{"rendered":"<p>Este mi\u00e9rcoles nuestra psic\u00f3loga Encargada de Salvaguarda, Daniela Leiva, llev\u00f3 a cabo la interesante charla sobre &#8220;Adolescencia y sus desaf\u00edos&#8221;, como parte de las acciones enmarcadas en la Cultura Salvaguarda, enfocada en los apoderados de Ense\u00f1anza Media.<\/p>\n<p>En esta instancia, se convers\u00f3 sobre la adolescencia como etapa, los cambios f\u00edsicos, cognitivos y psicosociales que conlleva, as\u00ed como los desaf\u00edos que debe enfrentar cada adolescente.<\/p>\n<p>Adem\u00e1s, se habl\u00f3 sobre las posibles se\u00f1ales de alerta en esta etapa y finalmente se les entreg\u00f3 a los apoderados tips y recomendaciones para acompa\u00f1ar a hij@s adolescentes.<\/p>\n<p>Queremos agradecer a todos los padres y apoderados que participaron en esta importante actividad y tambi\u00e9n invitar a todos aquellos que a\u00fan no se han unido a aprovechar estas instancias de aprendizaje, las cuales pueden ser de mucha ayuda.<\/p>\n<p>&nbsp;<\/p>\n<p><strong>Let\u00b4s Make Future!<\/strong><\/p>\n<p>&nbsp;<\/p>\n"},"excerpt":{"rendered":"<p>Este mi\u00e9rcoles nuestra psic\u00f3loga Encargada de Salvaguarda, Daniela Leiva, llev\u00f3 a cabo la interesante charla sobre &#8220;Adolescencia y sus desaf\u00edos&#8221;, como parte de las acciones enmarcadas en la Cultura Salvaguarda, enfocada en los apoderados de Ense\u00f1anza Media. En esta instancia, se convers\u00f3 sobre la adolescencia como etapa, los cambios f\u00edsicos, cognitivos y psicosociales que conlleva, [&hellip;]<\/p>\n","protected":false},"author":14,"featured_media":11730,"comment_status":"open","ping_status":"open","sticky":false,"template":"","format":"standard","meta":{"_acf_changed":false,"content-type":"","_jetpack_memberships_contains_paid_content":false,"footnotes":""},"categories":[1],"tags":[],"class_list":["post-11729","post","type-post","status-publish","format-standard","has-post-thumbnail","hentry","category-vida-escolar"],"acf":[],"yoast_head":"<!-- This site is optimized with the Yoast SEO plugin v27.1.1 - https:\/\/yoast.com\/product\/yoast-seo-wordpress\/ -->\n<title>Interesante Charla sobre &quot;Adolescencia y sus desaf\u00edos&quot; - Colegio Pumahue Chicauma<\/title>\n<meta name=\"robots\" content=\"index, follow, max-snippet:-1, max-image-preview:large, max-video-preview:-1\" \/>\n<link rel=\"canonical\" href=\"https:\/\/www.pumahue.cl\/chicauma\/noticias\/interesante-charla-sobre-adolescencia-y-sus-desafios\/\" \/>\n<meta property=\"og:locale\" content=\"es_ES\" \/>\n<meta property=\"og:type\" content=\"article\" \/>\n<meta property=\"og:title\" content=\"Interesante Charla sobre &quot;Adolescencia y sus desaf\u00edos&quot; - Colegio Pumahue Chicauma\" \/>\n<meta property=\"og:description\" content=\"Este mi\u00e9rcoles nuestra psic\u00f3loga Encargada de Salvaguarda, Daniela Leiva, llev\u00f3 a cabo la interesante charla sobre &#8220;Adolescencia y sus desaf\u00edos&#8221;, como parte de las acciones enmarcadas en la Cultura Salvaguarda, enfocada en los apoderados de Ense\u00f1anza Media. En esta instancia, se convers\u00f3 sobre la adolescencia como etapa, los cambios f\u00edsicos, cognitivos y psicosociales que conlleva, [&hellip;]\" \/>\n<meta property=\"og:url\" content=\"https:\/\/www.pumahue.cl\/chicauma\/noticias\/interesante-charla-sobre-adolescencia-y-sus-desafios\/\" \/>\n<meta property=\"og:site_name\" content=\"Colegio Pumahue Chicauma\" \/>\n<meta property=\"article:publisher\" content=\"http:\/\/www.facebook.com\/ColegiosPumahue\" \/>\n<meta property=\"article:published_time\" content=\"2022-09-07T21:00:24+00:00\" \/>\n<meta property=\"og:image\" content=\"https:\/\/www.pumahue.cl\/chicauma\/wp-content\/uploads\/sites\/47\/2022\/09\/FOTOS-CHICUREO-1.jpg\" \/>\n\t<meta property=\"og:image:width\" content=\"836\" \/>\n\t<meta property=\"og:image:height\" content=\"523\" \/>\n\t<meta property=\"og:image:type\" content=\"image\/jpeg\" \/>\n<meta name=\"author\" content=\"jorgedelcampo\" \/>\n<meta name=\"twitter:card\" content=\"summary_large_image\" \/>\n<meta name=\"twitter:label1\" content=\"Escrito por\" \/>\n\t<meta name=\"twitter:data1\" content=\"jorgedelcampo\" \/>\n\t<meta name=\"twitter:label2\" content=\"Tiempo de lectura\" \/>\n\t<meta name=\"twitter:data2\" content=\"1 minuto\" \/>\n<script type=\"application\/ld+json\" class=\"yoast-schema-graph\">{\"@context\":\"https:\/\/schema.org\",\"@graph\":[{\"@type\":\"Article\",\"@id\":\"https:\/\/www.pumahue.cl\/chicauma\/noticias\/interesante-charla-sobre-adolescencia-y-sus-desafios\/#article\",\"isPartOf\":{\"@id\":\"https:\/\/www.pumahue.cl\/chicauma\/noticias\/interesante-charla-sobre-adolescencia-y-sus-desafios\/\"},\"author\":{\"name\":\"jorgedelcampo\",\"@id\":\"https:\/\/www.pumahue.cl\/chicauma\/#\/schema\/person\/0debeea140e397b5d490ee7e553255d8\"},\"headline\":\"Interesante Charla sobre &#8220;Adolescencia y sus desaf\u00edos&#8221;\",\"datePublished\":\"2022-09-07T21:00:24+00:00\",\"mainEntityOfPage\":{\"@id\":\"https:\/\/www.pumahue.cl\/chicauma\/noticias\/interesante-charla-sobre-adolescencia-y-sus-desafios\/\"},\"wordCount\":157,\"commentCount\":0,\"publisher\":{\"@id\":\"https:\/\/www.pumahue.cl\/chicauma\/#organization\"},\"image\":{\"@id\":\"https:\/\/www.pumahue.cl\/chicauma\/noticias\/interesante-charla-sobre-adolescencia-y-sus-desafios\/#primaryimage\"},\"thumbnailUrl\":\"https:\/\/www.pumahue.cl\/chicauma\/wp-content\/uploads\/sites\/47\/2022\/09\/FOTOS-CHICUREO-1.jpg\",\"articleSection\":[\"Vida escolar\"],\"inLanguage\":\"es\",\"potentialAction\":[{\"@type\":\"CommentAction\",\"name\":\"Comment\",\"target\":[\"https:\/\/www.pumahue.cl\/chicauma\/noticias\/interesante-charla-sobre-adolescencia-y-sus-desafios\/#respond\"]}]},{\"@type\":\"WebPage\",\"@id\":\"https:\/\/www.pumahue.cl\/chicauma\/noticias\/interesante-charla-sobre-adolescencia-y-sus-desafios\/\",\"url\":\"https:\/\/www.pumahue.cl\/chicauma\/noticias\/interesante-charla-sobre-adolescencia-y-sus-desafios\/\",\"name\":\"Interesante Charla sobre \\\"Adolescencia y sus desaf\u00edos\\\" - Colegio Pumahue Chicauma\",\"isPartOf\":{\"@id\":\"https:\/\/www.pumahue.cl\/chicauma\/#website\"},\"primaryImageOfPage\":{\"@id\":\"https:\/\/www.pumahue.cl\/chicauma\/noticias\/interesante-charla-sobre-adolescencia-y-sus-desafios\/#primaryimage\"},\"image\":{\"@id\":\"https:\/\/www.pumahue.cl\/chicauma\/noticias\/interesante-charla-sobre-adolescencia-y-sus-desafios\/#primaryimage\"},\"thumbnailUrl\":\"https:\/\/www.pumahue.cl\/chicauma\/wp-content\/uploads\/sites\/47\/2022\/09\/FOTOS-CHICUREO-1.jpg\",\"datePublished\":\"2022-09-07T21:00:24+00:00\",\"breadcrumb\":{\"@id\":\"https:\/\/www.pumahue.cl\/chicauma\/noticias\/interesante-charla-sobre-adolescencia-y-sus-desafios\/#breadcrumb\"},\"inLanguage\":\"es\",\"potentialAction\":[{\"@type\":\"ReadAction\",\"target\":[\"https:\/\/www.pumahue.cl\/chicauma\/noticias\/interesante-charla-sobre-adolescencia-y-sus-desafios\/\"]}]},{\"@type\":\"ImageObject\",\"inLanguage\":\"es\",\"@id\":\"https:\/\/www.pumahue.cl\/chicauma\/noticias\/interesante-charla-sobre-adolescencia-y-sus-desafios\/#primaryimage\",\"url\":\"https:\/\/www.pumahue.cl\/chicauma\/wp-content\/uploads\/sites\/47\/2022\/09\/FOTOS-CHICUREO-1.jpg\",\"contentUrl\":\"https:\/\/www.pumahue.cl\/chicauma\/wp-content\/uploads\/sites\/47\/2022\/09\/FOTOS-CHICUREO-1.jpg\",\"width\":836,\"height\":523},{\"@type\":\"BreadcrumbList\",\"@id\":\"https:\/\/www.pumahue.cl\/chicauma\/noticias\/interesante-charla-sobre-adolescencia-y-sus-desafios\/#breadcrumb\",\"itemListElement\":[{\"@type\":\"ListItem\",\"position\":1,\"name\":\"Home\",\"item\":\"https:\/\/www.pumahue.cl\/chicauma\/\"},{\"@type\":\"ListItem\",\"position\":2,\"name\":\"Interesante Charla sobre &#8220;Adolescencia y sus desaf\u00edos&#8221;\"}]},{\"@type\":\"WebSite\",\"@id\":\"https:\/\/www.pumahue.cl\/chicauma\/#website\",\"url\":\"https:\/\/www.pumahue.cl\/chicauma\/\",\"name\":\"Colegio Pumahue Chicauma\",\"description\":\"Parte de Cognita Schools\",\"publisher\":{\"@id\":\"https:\/\/www.pumahue.cl\/chicauma\/#organization\"},\"potentialAction\":[{\"@type\":\"SearchAction\",\"target\":{\"@type\":\"EntryPoint\",\"urlTemplate\":\"https:\/\/www.pumahue.cl\/chicauma\/?s={search_term_string}\"},\"query-input\":{\"@type\":\"PropertyValueSpecification\",\"valueRequired\":true,\"valueName\":\"search_term_string\"}}],\"inLanguage\":\"es\"},{\"@type\":\"Organization\",\"@id\":\"https:\/\/www.pumahue.cl\/chicauma\/#organization\",\"name\":\"Colegio Pumahue Chicauma\",\"url\":\"https:\/\/www.pumahue.cl\/chicauma\/\",\"logo\":{\"@type\":\"ImageObject\",\"inLanguage\":\"es\",\"@id\":\"https:\/\/www.pumahue.cl\/chicauma\/#\/schema\/logo\/image\/\",\"url\":\"https:\/\/www.pumahue.cl\/chicauma\/wp-content\/uploads\/sites\/47\/2025\/02\/cropped-logo_Pumahue_.png\",\"contentUrl\":\"https:\/\/www.pumahue.cl\/chicauma\/wp-content\/uploads\/sites\/47\/2025\/02\/cropped-logo_Pumahue_.png\",\"width\":512,\"height\":512,\"caption\":\"Colegio Pumahue Chicauma\"},\"image\":{\"@id\":\"https:\/\/www.pumahue.cl\/chicauma\/#\/schema\/logo\/image\/\"},\"sameAs\":[\"http:\/\/www.facebook.com\/ColegiosPumahue\",\"https:\/\/www.instagram.com\/colegiopumahue_chicauma\/\",\"https:\/\/www.youtube.com\/@CognitaChile\"]},{\"@type\":\"Person\",\"@id\":\"https:\/\/www.pumahue.cl\/chicauma\/#\/schema\/person\/0debeea140e397b5d490ee7e553255d8\",\"name\":\"jorgedelcampo\",\"image\":{\"@type\":\"ImageObject\",\"inLanguage\":\"es\",\"@id\":\"https:\/\/www.pumahue.cl\/chicauma\/#\/schema\/person\/image\/\",\"url\":\"https:\/\/secure.gravatar.com\/avatar\/4a315f521213b2dc91dbda9bf799f711c8a98ab6f5606ec42cf5b33d1e762e8a?s=96&d=mm&r=g\",\"contentUrl\":\"https:\/\/secure.gravatar.com\/avatar\/4a315f521213b2dc91dbda9bf799f711c8a98ab6f5606ec42cf5b33d1e762e8a?s=96&d=mm&r=g\",\"caption\":\"jorgedelcampo\"}}]}<\/script>\n<!-- \/ Yoast SEO plugin. -->","yoast_head_json":{"title":"Interesante Charla sobre \"Adolescencia y sus desaf\u00edos\" - Colegio Pumahue Chicauma","robots":{"index":"index","follow":"follow","max-snippet":"max-snippet:-1","max-image-preview":"max-image-preview:large","max-video-preview":"max-video-preview:-1"},"canonical":"https:\/\/www.pumahue.cl\/chicauma\/noticias\/interesante-charla-sobre-adolescencia-y-sus-desafios\/","og_locale":"es_ES","og_type":"article","og_title":"Interesante Charla sobre \"Adolescencia y sus desaf\u00edos\" - Colegio Pumahue Chicauma","og_description":"Este mi\u00e9rcoles nuestra psic\u00f3loga Encargada de Salvaguarda, Daniela Leiva, llev\u00f3 a cabo la interesante charla sobre &#8220;Adolescencia y sus desaf\u00edos&#8221;, como parte de las acciones enmarcadas en la Cultura Salvaguarda, enfocada en los apoderados de Ense\u00f1anza Media. En esta instancia, se convers\u00f3 sobre la adolescencia como etapa, los cambios f\u00edsicos, cognitivos y psicosociales que conlleva, [&hellip;]","og_url":"https:\/\/www.pumahue.cl\/chicauma\/noticias\/interesante-charla-sobre-adolescencia-y-sus-desafios\/","og_site_name":"Colegio Pumahue Chicauma","article_publisher":"http:\/\/www.facebook.com\/ColegiosPumahue","article_published_time":"2022-09-07T21:00:24+00:00","og_image":[{"width":836,"height":523,"url":"https:\/\/www.pumahue.cl\/chicauma\/wp-content\/uploads\/sites\/47\/2022\/09\/FOTOS-CHICUREO-1.jpg","type":"image\/jpeg"}],"author":"jorgedelcampo","twitter_card":"summary_large_image","twitter_misc":{"Escrito por":"jorgedelcampo","Tiempo de lectura":"1 minuto"},"schema":{"@context":"https:\/\/schema.org","@graph":[{"@type":"Article","@id":"https:\/\/www.pumahue.cl\/chicauma\/noticias\/interesante-charla-sobre-adolescencia-y-sus-desafios\/#article","isPartOf":{"@id":"https:\/\/www.pumahue.cl\/chicauma\/noticias\/interesante-charla-sobre-adolescencia-y-sus-desafios\/"},"author":{"name":"jorgedelcampo","@id":"https:\/\/www.pumahue.cl\/chicauma\/#\/schema\/person\/0debeea140e397b5d490ee7e553255d8"},"headline":"Interesante Charla sobre &#8220;Adolescencia y sus desaf\u00edos&#8221;","datePublished":"2022-09-07T21:00:24+00:00","mainEntityOfPage":{"@id":"https:\/\/www.pumahue.cl\/chicauma\/noticias\/interesante-charla-sobre-adolescencia-y-sus-desafios\/"},"wordCount":157,"commentCount":0,"publisher":{"@id":"https:\/\/www.pumahue.cl\/chicauma\/#organization"},"image":{"@id":"https:\/\/www.pumahue.cl\/chicauma\/noticias\/interesante-charla-sobre-adolescencia-y-sus-desafios\/#primaryimage"},"thumbnailUrl":"https:\/\/www.pumahue.cl\/chicauma\/wp-content\/uploads\/sites\/47\/2022\/09\/FOTOS-CHICUREO-1.jpg","articleSection":["Vida escolar"],"inLanguage":"es","potentialAction":[{"@type":"CommentAction","name":"Comment","target":["https:\/\/www.pumahue.cl\/chicauma\/noticias\/interesante-charla-sobre-adolescencia-y-sus-desafios\/#respond"]}]},{"@type":"WebPage","@id":"https:\/\/www.pumahue.cl\/chicauma\/noticias\/interesante-charla-sobre-adolescencia-y-sus-desafios\/","url":"https:\/\/www.pumahue.cl\/chicauma\/noticias\/interesante-charla-sobre-adolescencia-y-sus-desafios\/","name":"Interesante Charla sobre \"Adolescencia y sus desaf\u00edos\" - Colegio Pumahue Chicauma","isPartOf":{"@id":"https:\/\/www.pumahue.cl\/chicauma\/#website"},"primaryImageOfPage":{"@id":"https:\/\/www.pumahue.cl\/chicauma\/noticias\/interesante-charla-sobre-adolescencia-y-sus-desafios\/#primaryimage"},"image":{"@id":"https:\/\/www.pumahue.cl\/chicauma\/noticias\/interesante-charla-sobre-adolescencia-y-sus-desafios\/#primaryimage"},"thumbnailUrl":"https:\/\/www.pumahue.cl\/chicauma\/wp-content\/uploads\/sites\/47\/2022\/09\/FOTOS-CHICUREO-1.jpg","datePublished":"2022-09-07T21:00:24+00:00","breadcrumb":{"@id":"https:\/\/www.pumahue.cl\/chicauma\/noticias\/interesante-charla-sobre-adolescencia-y-sus-desafios\/#breadcrumb"},"inLanguage":"es","potentialAction":[{"@type":"ReadAction","target":["https:\/\/www.pumahue.cl\/chicauma\/noticias\/interesante-charla-sobre-adolescencia-y-sus-desafios\/"]}]},{"@type":"ImageObject","inLanguage":"es","@id":"https:\/\/www.pumahue.cl\/chicauma\/noticias\/interesante-charla-sobre-adolescencia-y-sus-desafios\/#primaryimage","url":"https:\/\/www.pumahue.cl\/chicauma\/wp-content\/uploads\/sites\/47\/2022\/09\/FOTOS-CHICUREO-1.jpg","contentUrl":"https:\/\/www.pumahue.cl\/chicauma\/wp-content\/uploads\/sites\/47\/2022\/09\/FOTOS-CHICUREO-1.jpg","width":836,"height":523},{"@type":"BreadcrumbList","@id":"https:\/\/www.pumahue.cl\/chicauma\/noticias\/interesante-charla-sobre-adolescencia-y-sus-desafios\/#breadcrumb","itemListElement":[{"@type":"ListItem","position":1,"name":"Home","item":"https:\/\/www.pumahue.cl\/chicauma\/"},{"@type":"ListItem","position":2,"name":"Interesante Charla sobre &#8220;Adolescencia y sus desaf\u00edos&#8221;"}]},{"@type":"WebSite","@id":"https:\/\/www.pumahue.cl\/chicauma\/#website","url":"https:\/\/www.pumahue.cl\/chicauma\/","name":"Colegio Pumahue Chicauma","description":"Parte de Cognita Schools","publisher":{"@id":"https:\/\/www.pumahue.cl\/chicauma\/#organization"},"potentialAction":[{"@type":"SearchAction","target":{"@type":"EntryPoint","urlTemplate":"https:\/\/www.pumahue.cl\/chicauma\/?s={search_term_string}"},"query-input":{"@type":"PropertyValueSpecification","valueRequired":true,"valueName":"search_term_string"}}],"inLanguage":"es"},{"@type":"Organization","@id":"https:\/\/www.pumahue.cl\/chicauma\/#organization","name":"Colegio Pumahue Chicauma","url":"https:\/\/www.pumahue.cl\/chicauma\/","logo":{"@type":"ImageObject","inLanguage":"es","@id":"https:\/\/www.pumahue.cl\/chicauma\/#\/schema\/logo\/image\/","url":"https:\/\/www.pumahue.cl\/chicauma\/wp-content\/uploads\/sites\/47\/2025\/02\/cropped-logo_Pumahue_.png","contentUrl":"https:\/\/www.pumahue.cl\/chicauma\/wp-content\/uploads\/sites\/47\/2025\/02\/cropped-logo_Pumahue_.png","width":512,"height":512,"caption":"Colegio Pumahue Chicauma"},"image":{"@id":"https:\/\/www.pumahue.cl\/chicauma\/#\/schema\/logo\/image\/"},"sameAs":["http:\/\/www.facebook.com\/ColegiosPumahue","https:\/\/www.instagram.com\/colegiopumahue_chicauma\/","https:\/\/www.youtube.com\/@CognitaChile"]},{"@type":"Person","@id":"https:\/\/www.pumahue.cl\/chicauma\/#\/schema\/person\/0debeea140e397b5d490ee7e553255d8","name":"jorgedelcampo","image":{"@type":"ImageObject","inLanguage":"es","@id":"https:\/\/www.pumahue.cl\/chicauma\/#\/schema\/person\/image\/","url":"https:\/\/secure.gravatar.com\/avatar\/4a315f521213b2dc91dbda9bf799f711c8a98ab6f5606ec42cf5b33d1e762e8a?s=96&d=mm&r=g","contentUrl":"https:\/\/secure.gravatar.com\/avatar\/4a315f521213b2dc91dbda9bf799f711c8a98ab6f5606ec42cf5b33d1e762e8a?s=96&d=mm&r=g","caption":"jorgedelcampo"}}]}},"jetpack_featured_media_url":"https:\/\/www.pumahue.cl\/chicauma\/wp-content\/uploads\/sites\/47\/2022\/09\/FOTOS-CHICUREO-1.jpg","previous_post_ID":11753,"previous_post_title":"\u00a1Primer d\u00eda de nuestro Programa Selp!","previous_post_excerpt":"Este martes se llev\u00f3 a cabo el primer d\u00eda de nuestro importante Programa SELP, enfocado en el acompa\u00f1amiento y nivelaci\u00f3n del idioma ingl\u00e9s de un grupo de alumnos de Kinder que el pr\u00f3ximo a\u00f1o ingresar\u00e1n al nuevo y esperado curr\u00edculum biling\u00fce. Con mucha energ\u00eda y ganas de aprender nuestros peque\u00f1os estudiantes comenzaron su preparaci\u00f3n para [&hellip;]","previous_post_link":"https:\/\/www.pumahue.cl\/chicauma\/noticias\/primer-dia-de-nuestro-programa-selp\/","previous_post_class":["post-11753","post","type-post","status-publish","format-standard","has-post-thumbnail","hentry","category-vida-escolar"],"next_post_ID":11725,"next_post_title":"\u00a1Incre\u00edble noticia! \u00a1Ahora Pumahue Chicauma tendr\u00e1 Programa Biling\u00fce!","next_post_excerpt":"\u00a1Queremos compartir una gran noticia para nuestra instituci\u00f3n y nuestras familias! Despu\u00e9s de un exhaustivo an\u00e1lisis y proyecci\u00f3n por parte de la Direcci\u00f3n de Biling\u00fcismo de nuestro grupo Cognita Chile, hemos decidido ofrecer el Programa English World en el ciclo de Educaci\u00f3n Parvularia y Educaci\u00f3n B\u00e1sica para el a\u00f1o lectivo 2023. El programa biling\u00fce se [&hellip;]","next_post_link":"https:\/\/www.pumahue.cl\/chicauma\/noticias\/increible-noticia-ahora-pumahue-chicauma-tendra-programa-bilingue\/","next_post_class":["post-11725","post","type-post","status-publish","format-standard","has-post-thumbnail","hentry","category-vida-escolar"],"jetpack_sharing_enabled":true,"_links":{"self":[{"href":"https:\/\/www.pumahue.cl\/chicauma\/wp-json\/wp\/v2\/posts\/11729","targetHints":{"allow":["GET"]}}],"collection":[{"href":"https:\/\/www.pumahue.cl\/chicauma\/wp-json\/wp\/v2\/posts"}],"about":[{"href":"https:\/\/www.pumahue.cl\/chicauma\/wp-json\/wp\/v2\/types\/post"}],"author":[{"embeddable":true,"href":"https:\/\/www.pumahue.cl\/chicauma\/wp-json\/wp\/v2\/users\/14"}],"replies":[{"embeddable":true,"href":"https:\/\/www.pumahue.cl\/chicauma\/wp-json\/wp\/v2\/comments?post=11729"}],"version-history":[{"count":0,"href":"https:\/\/www.pumahue.cl\/chicauma\/wp-json\/wp\/v2\/posts\/11729\/revisions"}],"wp:featuredmedia":[{"embeddable":true,"href":"https:\/\/www.pumahue.cl\/chicauma\/wp-json\/wp\/v2\/media\/11730"}],"wp:attachment":[{"href":"https:\/\/www.pumahue.cl\/chicauma\/wp-json\/wp\/v2\/media?parent=11729"}],"wp:term":[{"taxonomy":"category","embeddable":true,"href":"https:\/\/www.pumahue.cl\/chicauma\/wp-json\/wp\/v2\/categories?post=11729"},{"taxonomy":"post_tag","embeddable":true,"href":"https:\/\/www.pumahue.cl\/chicauma\/wp-json\/wp\/v2\/tags?post=11729"}],"curies":[{"name":"wp","href":"https:\/\/api.w.org\/{rel}","templated":true}]}}