{"id":11789,"date":"2022-09-14T17:51:44","date_gmt":"2022-09-14T20:51:44","guid":{"rendered":"http:\/\/pumahue.cl\/chicauma\/?p=11789"},"modified":"2022-09-14T17:51:44","modified_gmt":"2022-09-14T20:51:44","slug":"segunda-jornada-de-nuestras-fiestas-patrias","status":"publish","type":"post","link":"https:\/\/www.pumahue.cl\/chicauma\/noticias\/segunda-jornada-de-nuestras-fiestas-patrias\/","title":{"rendered":"Segunda jornada de nuestras Fiestas Patrias"},"content":{"rendered":"<p>Hoy vivimos la segunda jornada de celebraciones de nuestras Fiestas Patrias en Pumahue Chicauma.<\/p>\n<p>El d\u00eda de hoy, nuestra E. B\u00e1sica fue la protagonista del evento con incre\u00edbles bailes t\u00edpicos, desde el norte de Chile con Caporal, hasta la Isla de Chilo\u00e9 con el folclor chilote.<\/p>\n<p>Estamos muy felices de reencontrarnos con todas nuestras familias Pumahue Chicauma en este tan emocionante evento.<\/p>\n<p>Muchas gracias a todas las familias por ser parte activa de esta gran celebraci\u00f3n<\/p>\n<p><strong>Let\u00b4s Make Future!<\/strong><\/p>\n<p>&nbsp;<\/p>\n<p>[multimedia id=&#8221;1&#8243;]<\/p>\n"},"excerpt":{"rendered":"<p>Hoy vivimos la segunda jornada de celebraciones de nuestras Fiestas Patrias en Pumahue Chicauma. El d\u00eda de hoy, nuestra E. B\u00e1sica fue la protagonista del evento con incre\u00edbles bailes t\u00edpicos, desde el norte de Chile con Caporal, hasta la Isla de Chilo\u00e9 con el folclor chilote. Estamos muy felices de reencontrarnos con todas nuestras familias [&hellip;]<\/p>\n","protected":false},"author":14,"featured_media":11884,"comment_status":"open","ping_status":"open","sticky":false,"template":"","format":"standard","meta":{"_acf_changed":false,"content-type":"","_jetpack_memberships_contains_paid_content":false,"footnotes":""},"categories":[1],"tags":[],"class_list":["post-11789","post","type-post","status-publish","format-standard","has-post-thumbnail","hentry","category-vida-escolar"],"acf":[],"yoast_head":"<!-- This site is optimized with the Yoast SEO plugin v27.1.1 - https:\/\/yoast.com\/product\/yoast-seo-wordpress\/ -->\n<title>Segunda jornada de nuestras Fiestas Patrias - Colegio Pumahue Chicauma<\/title>\n<meta name=\"robots\" content=\"index, follow, max-snippet:-1, max-image-preview:large, max-video-preview:-1\" \/>\n<link rel=\"canonical\" href=\"https:\/\/www.pumahue.cl\/chicauma\/noticias\/segunda-jornada-de-nuestras-fiestas-patrias\/\" \/>\n<meta property=\"og:locale\" content=\"es_ES\" \/>\n<meta property=\"og:type\" content=\"article\" \/>\n<meta property=\"og:title\" content=\"Segunda jornada de nuestras Fiestas Patrias - Colegio Pumahue Chicauma\" \/>\n<meta property=\"og:description\" content=\"Hoy vivimos la segunda jornada de celebraciones de nuestras Fiestas Patrias en Pumahue Chicauma. El d\u00eda de hoy, nuestra E. B\u00e1sica fue la protagonista del evento con incre\u00edbles bailes t\u00edpicos, desde el norte de Chile con Caporal, hasta la Isla de Chilo\u00e9 con el folclor chilote. Estamos muy felices de reencontrarnos con todas nuestras familias [&hellip;]\" \/>\n<meta property=\"og:url\" content=\"https:\/\/www.pumahue.cl\/chicauma\/noticias\/segunda-jornada-de-nuestras-fiestas-patrias\/\" \/>\n<meta property=\"og:site_name\" content=\"Colegio Pumahue Chicauma\" \/>\n<meta property=\"article:publisher\" content=\"http:\/\/www.facebook.com\/ColegiosPumahue\" \/>\n<meta property=\"article:published_time\" content=\"2022-09-14T20:51:44+00:00\" \/>\n<meta property=\"og:image\" content=\"https:\/\/www.pumahue.cl\/chicauma\/wp-content\/uploads\/sites\/47\/2022\/09\/FIESTAS-PATRIAS-CHICAUMA-DIA-2-68.jpg\" \/>\n\t<meta property=\"og:image:width\" content=\"836\" \/>\n\t<meta property=\"og:image:height\" content=\"523\" \/>\n\t<meta property=\"og:image:type\" content=\"image\/jpeg\" \/>\n<meta name=\"author\" content=\"jorgedelcampo\" \/>\n<meta name=\"twitter:card\" content=\"summary_large_image\" \/>\n<meta name=\"twitter:label1\" content=\"Escrito por\" \/>\n\t<meta name=\"twitter:data1\" content=\"jorgedelcampo\" \/>\n<script type=\"application\/ld+json\" class=\"yoast-schema-graph\">{\"@context\":\"https:\/\/schema.org\",\"@graph\":[{\"@type\":\"Article\",\"@id\":\"https:\/\/www.pumahue.cl\/chicauma\/noticias\/segunda-jornada-de-nuestras-fiestas-patrias\/#article\",\"isPartOf\":{\"@id\":\"https:\/\/www.pumahue.cl\/chicauma\/noticias\/segunda-jornada-de-nuestras-fiestas-patrias\/\"},\"author\":{\"name\":\"jorgedelcampo\",\"@id\":\"https:\/\/www.pumahue.cl\/chicauma\/#\/schema\/person\/0debeea140e397b5d490ee7e553255d8\"},\"headline\":\"Segunda jornada de nuestras Fiestas Patrias\",\"datePublished\":\"2022-09-14T20:51:44+00:00\",\"mainEntityOfPage\":{\"@id\":\"https:\/\/www.pumahue.cl\/chicauma\/noticias\/segunda-jornada-de-nuestras-fiestas-patrias\/\"},\"wordCount\":94,\"commentCount\":0,\"publisher\":{\"@id\":\"https:\/\/www.pumahue.cl\/chicauma\/#organization\"},\"image\":{\"@id\":\"https:\/\/www.pumahue.cl\/chicauma\/noticias\/segunda-jornada-de-nuestras-fiestas-patrias\/#primaryimage\"},\"thumbnailUrl\":\"https:\/\/www.pumahue.cl\/chicauma\/wp-content\/uploads\/sites\/47\/2022\/09\/FIESTAS-PATRIAS-CHICAUMA-DIA-2-68.jpg\",\"articleSection\":[\"Vida escolar\"],\"inLanguage\":\"es\",\"potentialAction\":[{\"@type\":\"CommentAction\",\"name\":\"Comment\",\"target\":[\"https:\/\/www.pumahue.cl\/chicauma\/noticias\/segunda-jornada-de-nuestras-fiestas-patrias\/#respond\"]}]},{\"@type\":\"WebPage\",\"@id\":\"https:\/\/www.pumahue.cl\/chicauma\/noticias\/segunda-jornada-de-nuestras-fiestas-patrias\/\",\"url\":\"https:\/\/www.pumahue.cl\/chicauma\/noticias\/segunda-jornada-de-nuestras-fiestas-patrias\/\",\"name\":\"Segunda jornada de nuestras Fiestas Patrias - Colegio Pumahue Chicauma\",\"isPartOf\":{\"@id\":\"https:\/\/www.pumahue.cl\/chicauma\/#website\"},\"primaryImageOfPage\":{\"@id\":\"https:\/\/www.pumahue.cl\/chicauma\/noticias\/segunda-jornada-de-nuestras-fiestas-patrias\/#primaryimage\"},\"image\":{\"@id\":\"https:\/\/www.pumahue.cl\/chicauma\/noticias\/segunda-jornada-de-nuestras-fiestas-patrias\/#primaryimage\"},\"thumbnailUrl\":\"https:\/\/www.pumahue.cl\/chicauma\/wp-content\/uploads\/sites\/47\/2022\/09\/FIESTAS-PATRIAS-CHICAUMA-DIA-2-68.jpg\",\"datePublished\":\"2022-09-14T20:51:44+00:00\",\"breadcrumb\":{\"@id\":\"https:\/\/www.pumahue.cl\/chicauma\/noticias\/segunda-jornada-de-nuestras-fiestas-patrias\/#breadcrumb\"},\"inLanguage\":\"es\",\"potentialAction\":[{\"@type\":\"ReadAction\",\"target\":[\"https:\/\/www.pumahue.cl\/chicauma\/noticias\/segunda-jornada-de-nuestras-fiestas-patrias\/\"]}]},{\"@type\":\"ImageObject\",\"inLanguage\":\"es\",\"@id\":\"https:\/\/www.pumahue.cl\/chicauma\/noticias\/segunda-jornada-de-nuestras-fiestas-patrias\/#primaryimage\",\"url\":\"https:\/\/www.pumahue.cl\/chicauma\/wp-content\/uploads\/sites\/47\/2022\/09\/FIESTAS-PATRIAS-CHICAUMA-DIA-2-68.jpg\",\"contentUrl\":\"https:\/\/www.pumahue.cl\/chicauma\/wp-content\/uploads\/sites\/47\/2022\/09\/FIESTAS-PATRIAS-CHICAUMA-DIA-2-68.jpg\",\"width\":836,\"height\":523},{\"@type\":\"BreadcrumbList\",\"@id\":\"https:\/\/www.pumahue.cl\/chicauma\/noticias\/segunda-jornada-de-nuestras-fiestas-patrias\/#breadcrumb\",\"itemListElement\":[{\"@type\":\"ListItem\",\"position\":1,\"name\":\"Home\",\"item\":\"https:\/\/www.pumahue.cl\/chicauma\/\"},{\"@type\":\"ListItem\",\"position\":2,\"name\":\"Segunda jornada de nuestras Fiestas Patrias\"}]},{\"@type\":\"WebSite\",\"@id\":\"https:\/\/www.pumahue.cl\/chicauma\/#website\",\"url\":\"https:\/\/www.pumahue.cl\/chicauma\/\",\"name\":\"Colegio Pumahue Chicauma\",\"description\":\"Parte de Cognita Schools\",\"publisher\":{\"@id\":\"https:\/\/www.pumahue.cl\/chicauma\/#organization\"},\"potentialAction\":[{\"@type\":\"SearchAction\",\"target\":{\"@type\":\"EntryPoint\",\"urlTemplate\":\"https:\/\/www.pumahue.cl\/chicauma\/?s={search_term_string}\"},\"query-input\":{\"@type\":\"PropertyValueSpecification\",\"valueRequired\":true,\"valueName\":\"search_term_string\"}}],\"inLanguage\":\"es\"},{\"@type\":\"Organization\",\"@id\":\"https:\/\/www.pumahue.cl\/chicauma\/#organization\",\"name\":\"Colegio Pumahue Chicauma\",\"url\":\"https:\/\/www.pumahue.cl\/chicauma\/\",\"logo\":{\"@type\":\"ImageObject\",\"inLanguage\":\"es\",\"@id\":\"https:\/\/www.pumahue.cl\/chicauma\/#\/schema\/logo\/image\/\",\"url\":\"https:\/\/www.pumahue.cl\/chicauma\/wp-content\/uploads\/sites\/47\/2025\/02\/cropped-logo_Pumahue_.png\",\"contentUrl\":\"https:\/\/www.pumahue.cl\/chicauma\/wp-content\/uploads\/sites\/47\/2025\/02\/cropped-logo_Pumahue_.png\",\"width\":512,\"height\":512,\"caption\":\"Colegio Pumahue Chicauma\"},\"image\":{\"@id\":\"https:\/\/www.pumahue.cl\/chicauma\/#\/schema\/logo\/image\/\"},\"sameAs\":[\"http:\/\/www.facebook.com\/ColegiosPumahue\",\"https:\/\/www.instagram.com\/colegiopumahue_chicauma\/\",\"https:\/\/www.youtube.com\/@CognitaChile\"]},{\"@type\":\"Person\",\"@id\":\"https:\/\/www.pumahue.cl\/chicauma\/#\/schema\/person\/0debeea140e397b5d490ee7e553255d8\",\"name\":\"jorgedelcampo\",\"image\":{\"@type\":\"ImageObject\",\"inLanguage\":\"es\",\"@id\":\"https:\/\/www.pumahue.cl\/chicauma\/#\/schema\/person\/image\/\",\"url\":\"https:\/\/secure.gravatar.com\/avatar\/4a315f521213b2dc91dbda9bf799f711c8a98ab6f5606ec42cf5b33d1e762e8a?s=96&d=mm&r=g\",\"contentUrl\":\"https:\/\/secure.gravatar.com\/avatar\/4a315f521213b2dc91dbda9bf799f711c8a98ab6f5606ec42cf5b33d1e762e8a?s=96&d=mm&r=g\",\"caption\":\"jorgedelcampo\"}}]}<\/script>\n<!-- \/ Yoast SEO plugin. -->","yoast_head_json":{"title":"Segunda jornada de nuestras Fiestas Patrias - Colegio Pumahue Chicauma","robots":{"index":"index","follow":"follow","max-snippet":"max-snippet:-1","max-image-preview":"max-image-preview:large","max-video-preview":"max-video-preview:-1"},"canonical":"https:\/\/www.pumahue.cl\/chicauma\/noticias\/segunda-jornada-de-nuestras-fiestas-patrias\/","og_locale":"es_ES","og_type":"article","og_title":"Segunda jornada de nuestras Fiestas Patrias - Colegio Pumahue Chicauma","og_description":"Hoy vivimos la segunda jornada de celebraciones de nuestras Fiestas Patrias en Pumahue Chicauma. El d\u00eda de hoy, nuestra E. B\u00e1sica fue la protagonista del evento con incre\u00edbles bailes t\u00edpicos, desde el norte de Chile con Caporal, hasta la Isla de Chilo\u00e9 con el folclor chilote. Estamos muy felices de reencontrarnos con todas nuestras familias [&hellip;]","og_url":"https:\/\/www.pumahue.cl\/chicauma\/noticias\/segunda-jornada-de-nuestras-fiestas-patrias\/","og_site_name":"Colegio Pumahue Chicauma","article_publisher":"http:\/\/www.facebook.com\/ColegiosPumahue","article_published_time":"2022-09-14T20:51:44+00:00","og_image":[{"width":836,"height":523,"url":"https:\/\/www.pumahue.cl\/chicauma\/wp-content\/uploads\/sites\/47\/2022\/09\/FIESTAS-PATRIAS-CHICAUMA-DIA-2-68.jpg","type":"image\/jpeg"}],"author":"jorgedelcampo","twitter_card":"summary_large_image","twitter_misc":{"Escrito por":"jorgedelcampo"},"schema":{"@context":"https:\/\/schema.org","@graph":[{"@type":"Article","@id":"https:\/\/www.pumahue.cl\/chicauma\/noticias\/segunda-jornada-de-nuestras-fiestas-patrias\/#article","isPartOf":{"@id":"https:\/\/www.pumahue.cl\/chicauma\/noticias\/segunda-jornada-de-nuestras-fiestas-patrias\/"},"author":{"name":"jorgedelcampo","@id":"https:\/\/www.pumahue.cl\/chicauma\/#\/schema\/person\/0debeea140e397b5d490ee7e553255d8"},"headline":"Segunda jornada de nuestras Fiestas Patrias","datePublished":"2022-09-14T20:51:44+00:00","mainEntityOfPage":{"@id":"https:\/\/www.pumahue.cl\/chicauma\/noticias\/segunda-jornada-de-nuestras-fiestas-patrias\/"},"wordCount":94,"commentCount":0,"publisher":{"@id":"https:\/\/www.pumahue.cl\/chicauma\/#organization"},"image":{"@id":"https:\/\/www.pumahue.cl\/chicauma\/noticias\/segunda-jornada-de-nuestras-fiestas-patrias\/#primaryimage"},"thumbnailUrl":"https:\/\/www.pumahue.cl\/chicauma\/wp-content\/uploads\/sites\/47\/2022\/09\/FIESTAS-PATRIAS-CHICAUMA-DIA-2-68.jpg","articleSection":["Vida escolar"],"inLanguage":"es","potentialAction":[{"@type":"CommentAction","name":"Comment","target":["https:\/\/www.pumahue.cl\/chicauma\/noticias\/segunda-jornada-de-nuestras-fiestas-patrias\/#respond"]}]},{"@type":"WebPage","@id":"https:\/\/www.pumahue.cl\/chicauma\/noticias\/segunda-jornada-de-nuestras-fiestas-patrias\/","url":"https:\/\/www.pumahue.cl\/chicauma\/noticias\/segunda-jornada-de-nuestras-fiestas-patrias\/","name":"Segunda jornada de nuestras Fiestas Patrias - Colegio Pumahue Chicauma","isPartOf":{"@id":"https:\/\/www.pumahue.cl\/chicauma\/#website"},"primaryImageOfPage":{"@id":"https:\/\/www.pumahue.cl\/chicauma\/noticias\/segunda-jornada-de-nuestras-fiestas-patrias\/#primaryimage"},"image":{"@id":"https:\/\/www.pumahue.cl\/chicauma\/noticias\/segunda-jornada-de-nuestras-fiestas-patrias\/#primaryimage"},"thumbnailUrl":"https:\/\/www.pumahue.cl\/chicauma\/wp-content\/uploads\/sites\/47\/2022\/09\/FIESTAS-PATRIAS-CHICAUMA-DIA-2-68.jpg","datePublished":"2022-09-14T20:51:44+00:00","breadcrumb":{"@id":"https:\/\/www.pumahue.cl\/chicauma\/noticias\/segunda-jornada-de-nuestras-fiestas-patrias\/#breadcrumb"},"inLanguage":"es","potentialAction":[{"@type":"ReadAction","target":["https:\/\/www.pumahue.cl\/chicauma\/noticias\/segunda-jornada-de-nuestras-fiestas-patrias\/"]}]},{"@type":"ImageObject","inLanguage":"es","@id":"https:\/\/www.pumahue.cl\/chicauma\/noticias\/segunda-jornada-de-nuestras-fiestas-patrias\/#primaryimage","url":"https:\/\/www.pumahue.cl\/chicauma\/wp-content\/uploads\/sites\/47\/2022\/09\/FIESTAS-PATRIAS-CHICAUMA-DIA-2-68.jpg","contentUrl":"https:\/\/www.pumahue.cl\/chicauma\/wp-content\/uploads\/sites\/47\/2022\/09\/FIESTAS-PATRIAS-CHICAUMA-DIA-2-68.jpg","width":836,"height":523},{"@type":"BreadcrumbList","@id":"https:\/\/www.pumahue.cl\/chicauma\/noticias\/segunda-jornada-de-nuestras-fiestas-patrias\/#breadcrumb","itemListElement":[{"@type":"ListItem","position":1,"name":"Home","item":"https:\/\/www.pumahue.cl\/chicauma\/"},{"@type":"ListItem","position":2,"name":"Segunda jornada de nuestras Fiestas Patrias"}]},{"@type":"WebSite","@id":"https:\/\/www.pumahue.cl\/chicauma\/#website","url":"https:\/\/www.pumahue.cl\/chicauma\/","name":"Colegio Pumahue Chicauma","description":"Parte de Cognita Schools","publisher":{"@id":"https:\/\/www.pumahue.cl\/chicauma\/#organization"},"potentialAction":[{"@type":"SearchAction","target":{"@type":"EntryPoint","urlTemplate":"https:\/\/www.pumahue.cl\/chicauma\/?s={search_term_string}"},"query-input":{"@type":"PropertyValueSpecification","valueRequired":true,"valueName":"search_term_string"}}],"inLanguage":"es"},{"@type":"Organization","@id":"https:\/\/www.pumahue.cl\/chicauma\/#organization","name":"Colegio Pumahue Chicauma","url":"https:\/\/www.pumahue.cl\/chicauma\/","logo":{"@type":"ImageObject","inLanguage":"es","@id":"https:\/\/www.pumahue.cl\/chicauma\/#\/schema\/logo\/image\/","url":"https:\/\/www.pumahue.cl\/chicauma\/wp-content\/uploads\/sites\/47\/2025\/02\/cropped-logo_Pumahue_.png","contentUrl":"https:\/\/www.pumahue.cl\/chicauma\/wp-content\/uploads\/sites\/47\/2025\/02\/cropped-logo_Pumahue_.png","width":512,"height":512,"caption":"Colegio Pumahue Chicauma"},"image":{"@id":"https:\/\/www.pumahue.cl\/chicauma\/#\/schema\/logo\/image\/"},"sameAs":["http:\/\/www.facebook.com\/ColegiosPumahue","https:\/\/www.instagram.com\/colegiopumahue_chicauma\/","https:\/\/www.youtube.com\/@CognitaChile"]},{"@type":"Person","@id":"https:\/\/www.pumahue.cl\/chicauma\/#\/schema\/person\/0debeea140e397b5d490ee7e553255d8","name":"jorgedelcampo","image":{"@type":"ImageObject","inLanguage":"es","@id":"https:\/\/www.pumahue.cl\/chicauma\/#\/schema\/person\/image\/","url":"https:\/\/secure.gravatar.com\/avatar\/4a315f521213b2dc91dbda9bf799f711c8a98ab6f5606ec42cf5b33d1e762e8a?s=96&d=mm&r=g","contentUrl":"https:\/\/secure.gravatar.com\/avatar\/4a315f521213b2dc91dbda9bf799f711c8a98ab6f5606ec42cf5b33d1e762e8a?s=96&d=mm&r=g","caption":"jorgedelcampo"}}]}},"jetpack_featured_media_url":"https:\/\/www.pumahue.cl\/chicauma\/wp-content\/uploads\/sites\/47\/2022\/09\/FIESTAS-PATRIAS-CHICAUMA-DIA-2-68.jpg","previous_post_ID":11788,"previous_post_title":"Incre\u00edble primera jornada de nuestra celebraci\u00f3n de Fiestas Patrias","previous_post_excerpt":"Este martes 13 de septiembre dimos inicio a nuestras celebraciones de Fiestas Patrias, que seguir\u00e1n durante este mi\u00e9rcoles 14 y jueves 15 de septiembre. En esta primera jornada, nuestros m\u00e1s peque\u00f1os estudiantes, de E. Parvularia, realizaron incre\u00edbles bailes t\u00edpicos de las diferentes zonas de nuestro pa\u00eds. Estamos muy felices de reencontrarnos con todas nuestras familias [&hellip;]","previous_post_link":"https:\/\/www.pumahue.cl\/chicauma\/noticias\/increible-primera-jornada-de-nuestra-celebracion-de-fiestas-patrias\/","previous_post_class":["post-11788","post","type-post","status-publish","format-standard","has-post-thumbnail","hentry","category-vida-escolar"],"next_post_ID":11918,"next_post_title":"Tercera y \u00faltima jornada de nuestras celebraciones de Fiestas Patrias","next_post_excerpt":"Hoy se llev\u00f3 a cabo la \u00faltima jornada de nuestras celebraciones de Fiestas Patrias. Este d\u00eda, fue E. Media quienes bailaron los bellos bailes t\u00edpicos de nuestro pa\u00eds. \u00a1Muchas gracias a todos los participantes de hoy y de todas las jornadas de gran celebraci\u00f3n que tuvimos esta semana! Let\u00b4s Make Future! &nbsp; [multimedia id=&#8221;1&#8243;]","next_post_link":"https:\/\/www.pumahue.cl\/chicauma\/noticias\/tercera-y-ultima-jornada-de-nuestras-celebraciones-de-fiestas-patrias\/","next_post_class":["post-11918","post","type-post","status-publish","format-standard","has-post-thumbnail","hentry","category-vida-escolar"],"jetpack_sharing_enabled":true,"_links":{"self":[{"href":"https:\/\/www.pumahue.cl\/chicauma\/wp-json\/wp\/v2\/posts\/11789","targetHints":{"allow":["GET"]}}],"collection":[{"href":"https:\/\/www.pumahue.cl\/chicauma\/wp-json\/wp\/v2\/posts"}],"about":[{"href":"https:\/\/www.pumahue.cl\/chicauma\/wp-json\/wp\/v2\/types\/post"}],"author":[{"embeddable":true,"href":"https:\/\/www.pumahue.cl\/chicauma\/wp-json\/wp\/v2\/users\/14"}],"replies":[{"embeddable":true,"href":"https:\/\/www.pumahue.cl\/chicauma\/wp-json\/wp\/v2\/comments?post=11789"}],"version-history":[{"count":0,"href":"https:\/\/www.pumahue.cl\/chicauma\/wp-json\/wp\/v2\/posts\/11789\/revisions"}],"wp:featuredmedia":[{"embeddable":true,"href":"https:\/\/www.pumahue.cl\/chicauma\/wp-json\/wp\/v2\/media\/11884"}],"wp:attachment":[{"href":"https:\/\/www.pumahue.cl\/chicauma\/wp-json\/wp\/v2\/media?parent=11789"}],"wp:term":[{"taxonomy":"category","embeddable":true,"href":"https:\/\/www.pumahue.cl\/chicauma\/wp-json\/wp\/v2\/categories?post=11789"},{"taxonomy":"post_tag","embeddable":true,"href":"https:\/\/www.pumahue.cl\/chicauma\/wp-json\/wp\/v2\/tags?post=11789"}],"curies":[{"name":"wp","href":"https:\/\/api.w.org\/{rel}","templated":true}]}}