{"id":12504,"date":"2022-11-23T12:10:33","date_gmt":"2022-11-23T15:10:33","guid":{"rendered":"http:\/\/pumahue.cl\/chicauma\/?p=12504"},"modified":"2022-11-23T12:10:33","modified_gmt":"2022-11-23T15:10:33","slug":"pumahue-chicauma-participa-por-primera-vez-en-la-feria-de-emprendimiento-empresarial-cognita","status":"publish","type":"post","link":"https:\/\/www.pumahue.cl\/chicauma\/noticias\/pumahue-chicauma-participa-por-primera-vez-en-la-feria-de-emprendimiento-empresarial-cognita\/","title":{"rendered":"\u00a1Pumahue Chicauma participa por primera vez en la Feria de Emprendimiento Empresarial Cognita!"},"content":{"rendered":"<p>Nuestros alumnos de III\u00b0 Medio, Ariel Soto, Sebasti\u00e1n Donoso y Benjam\u00edn Valencia fueron quienes representaron a nuestro colegio en la Und\u00e9cima Feria de Emprendimiento Empresarial de la Red Cognita, donde presentaron su proyecto Slate Touch, pizarra interactiva que busca revolucionar el sistema educacional actual.<\/p>\n<p>Desde 2012, la Feria de Emprendimiento Empresarial se realiza de forma anual, con la participaci\u00f3n de importantes entidades, lo que ha permitido que los proyectos presentados sean evaluados por un jurado t\u00e9cnico de altos est\u00e1ndares, logrando establecer alianzas de apoyo para su desarrollo, adem\u00e1s de contar con un premio para los ganadores.<\/p>\n<p>La feria busca impulsar y dar a conocer el esp\u00edritu emprendedor de los j\u00f3venes y ser una vitrina para aquellos proyectos seleccionados en cada uno de los 12 colegios que participan del Programa de Emprendimiento Empresarial.<\/p>\n<p>Este programa est\u00e1 dirigido a estudiantes de III\u00b0 medio, y surge en 2008 como un plan complementario y extraprogram\u00e1tico, orientado a impulsar al estudiante a emprender, perdiendo el miedo al fracaso y entendiendo aspectos relevantes para la formaci\u00f3n y sustentabilidad de una empresa.<\/p>\n<p>Queremos felicitar a nuestros estudiantes y a sus tutores, por su incre\u00edble participaci\u00f3n y compromiso en esta importante instancia, estamos muy orgullosos por todo el trabajo realizado y por la representaci\u00f3n de nuestro colegio en la feria.<\/p>\n<p>Let\u00b4s Make Future!<\/p>\n<p>&nbsp;<\/p>\n<p>&nbsp;<\/p>\n<p>[multimedia id=&#8221;1&#8243;]<\/p>\n"},"excerpt":{"rendered":"<p>Nuestros alumnos de III\u00b0 Medio, Ariel Soto, Sebasti\u00e1n Donoso y Benjam\u00edn Valencia fueron quienes representaron a nuestro colegio en la Und\u00e9cima Feria de Emprendimiento Empresarial de la Red Cognita, donde presentaron su proyecto Slate Touch, pizarra interactiva que busca revolucionar el sistema educacional actual. Desde 2012, la Feria de Emprendimiento Empresarial se realiza de forma [&hellip;]<\/p>\n","protected":false},"author":14,"featured_media":12554,"comment_status":"open","ping_status":"open","sticky":false,"template":"","format":"standard","meta":{"_acf_changed":false,"content-type":"","_jetpack_memberships_contains_paid_content":false,"footnotes":""},"categories":[1],"tags":[],"class_list":["post-12504","post","type-post","status-publish","format-standard","has-post-thumbnail","hentry","category-vida-escolar"],"acf":[],"yoast_head":"<!-- This site is optimized with the Yoast SEO plugin v27.1.1 - https:\/\/yoast.com\/product\/yoast-seo-wordpress\/ -->\n<title>\u00a1Pumahue Chicauma participa por primera vez en la Feria de Emprendimiento Empresarial Cognita! - Colegio Pumahue Chicauma<\/title>\n<meta name=\"robots\" content=\"index, follow, max-snippet:-1, max-image-preview:large, max-video-preview:-1\" \/>\n<link rel=\"canonical\" href=\"https:\/\/www.pumahue.cl\/chicauma\/noticias\/pumahue-chicauma-participa-por-primera-vez-en-la-feria-de-emprendimiento-empresarial-cognita\/\" \/>\n<meta property=\"og:locale\" content=\"es_ES\" \/>\n<meta property=\"og:type\" content=\"article\" \/>\n<meta property=\"og:title\" content=\"\u00a1Pumahue Chicauma participa por primera vez en la Feria de Emprendimiento Empresarial Cognita! - Colegio Pumahue Chicauma\" \/>\n<meta property=\"og:description\" content=\"Nuestros alumnos de III\u00b0 Medio, Ariel Soto, Sebasti\u00e1n Donoso y Benjam\u00edn Valencia fueron quienes representaron a nuestro colegio en la Und\u00e9cima Feria de Emprendimiento Empresarial de la Red Cognita, donde presentaron su proyecto Slate Touch, pizarra interactiva que busca revolucionar el sistema educacional actual. Desde 2012, la Feria de Emprendimiento Empresarial se realiza de forma [&hellip;]\" \/>\n<meta property=\"og:url\" content=\"https:\/\/www.pumahue.cl\/chicauma\/noticias\/pumahue-chicauma-participa-por-primera-vez-en-la-feria-de-emprendimiento-empresarial-cognita\/\" \/>\n<meta property=\"og:site_name\" content=\"Colegio Pumahue Chicauma\" \/>\n<meta property=\"article:publisher\" content=\"http:\/\/www.facebook.com\/ColegiosPumahue\" \/>\n<meta property=\"article:published_time\" content=\"2022-11-23T15:10:33+00:00\" \/>\n<meta property=\"og:image\" content=\"https:\/\/www.pumahue.cl\/chicauma\/wp-content\/uploads\/sites\/47\/2022\/11\/FERIA-DE-EMPRENDIMIENTO-PUMAHUE-CHICAUMA-COGNITA-CHILE-5.jpg\" \/>\n\t<meta property=\"og:image:width\" content=\"836\" \/>\n\t<meta property=\"og:image:height\" content=\"523\" \/>\n\t<meta property=\"og:image:type\" content=\"image\/jpeg\" \/>\n<meta name=\"author\" content=\"jorgedelcampo\" \/>\n<meta name=\"twitter:card\" content=\"summary_large_image\" \/>\n<meta name=\"twitter:label1\" content=\"Escrito por\" \/>\n\t<meta name=\"twitter:data1\" content=\"jorgedelcampo\" \/>\n\t<meta name=\"twitter:label2\" content=\"Tiempo de lectura\" \/>\n\t<meta name=\"twitter:data2\" content=\"1 minuto\" \/>\n<script type=\"application\/ld+json\" class=\"yoast-schema-graph\">{\"@context\":\"https:\/\/schema.org\",\"@graph\":[{\"@type\":\"Article\",\"@id\":\"https:\/\/www.pumahue.cl\/chicauma\/noticias\/pumahue-chicauma-participa-por-primera-vez-en-la-feria-de-emprendimiento-empresarial-cognita\/#article\",\"isPartOf\":{\"@id\":\"https:\/\/www.pumahue.cl\/chicauma\/noticias\/pumahue-chicauma-participa-por-primera-vez-en-la-feria-de-emprendimiento-empresarial-cognita\/\"},\"author\":{\"name\":\"jorgedelcampo\",\"@id\":\"https:\/\/www.pumahue.cl\/chicauma\/#\/schema\/person\/0debeea140e397b5d490ee7e553255d8\"},\"headline\":\"\u00a1Pumahue Chicauma participa por primera vez en la Feria de Emprendimiento Empresarial Cognita!\",\"datePublished\":\"2022-11-23T15:10:33+00:00\",\"mainEntityOfPage\":{\"@id\":\"https:\/\/www.pumahue.cl\/chicauma\/noticias\/pumahue-chicauma-participa-por-primera-vez-en-la-feria-de-emprendimiento-empresarial-cognita\/\"},\"wordCount\":244,\"commentCount\":0,\"publisher\":{\"@id\":\"https:\/\/www.pumahue.cl\/chicauma\/#organization\"},\"image\":{\"@id\":\"https:\/\/www.pumahue.cl\/chicauma\/noticias\/pumahue-chicauma-participa-por-primera-vez-en-la-feria-de-emprendimiento-empresarial-cognita\/#primaryimage\"},\"thumbnailUrl\":\"https:\/\/www.pumahue.cl\/chicauma\/wp-content\/uploads\/sites\/47\/2022\/11\/FERIA-DE-EMPRENDIMIENTO-PUMAHUE-CHICAUMA-COGNITA-CHILE-5.jpg\",\"articleSection\":[\"Vida escolar\"],\"inLanguage\":\"es\",\"potentialAction\":[{\"@type\":\"CommentAction\",\"name\":\"Comment\",\"target\":[\"https:\/\/www.pumahue.cl\/chicauma\/noticias\/pumahue-chicauma-participa-por-primera-vez-en-la-feria-de-emprendimiento-empresarial-cognita\/#respond\"]}]},{\"@type\":\"WebPage\",\"@id\":\"https:\/\/www.pumahue.cl\/chicauma\/noticias\/pumahue-chicauma-participa-por-primera-vez-en-la-feria-de-emprendimiento-empresarial-cognita\/\",\"url\":\"https:\/\/www.pumahue.cl\/chicauma\/noticias\/pumahue-chicauma-participa-por-primera-vez-en-la-feria-de-emprendimiento-empresarial-cognita\/\",\"name\":\"\u00a1Pumahue Chicauma participa por primera vez en la Feria de Emprendimiento Empresarial Cognita! - Colegio Pumahue Chicauma\",\"isPartOf\":{\"@id\":\"https:\/\/www.pumahue.cl\/chicauma\/#website\"},\"primaryImageOfPage\":{\"@id\":\"https:\/\/www.pumahue.cl\/chicauma\/noticias\/pumahue-chicauma-participa-por-primera-vez-en-la-feria-de-emprendimiento-empresarial-cognita\/#primaryimage\"},\"image\":{\"@id\":\"https:\/\/www.pumahue.cl\/chicauma\/noticias\/pumahue-chicauma-participa-por-primera-vez-en-la-feria-de-emprendimiento-empresarial-cognita\/#primaryimage\"},\"thumbnailUrl\":\"https:\/\/www.pumahue.cl\/chicauma\/wp-content\/uploads\/sites\/47\/2022\/11\/FERIA-DE-EMPRENDIMIENTO-PUMAHUE-CHICAUMA-COGNITA-CHILE-5.jpg\",\"datePublished\":\"2022-11-23T15:10:33+00:00\",\"breadcrumb\":{\"@id\":\"https:\/\/www.pumahue.cl\/chicauma\/noticias\/pumahue-chicauma-participa-por-primera-vez-en-la-feria-de-emprendimiento-empresarial-cognita\/#breadcrumb\"},\"inLanguage\":\"es\",\"potentialAction\":[{\"@type\":\"ReadAction\",\"target\":[\"https:\/\/www.pumahue.cl\/chicauma\/noticias\/pumahue-chicauma-participa-por-primera-vez-en-la-feria-de-emprendimiento-empresarial-cognita\/\"]}]},{\"@type\":\"ImageObject\",\"inLanguage\":\"es\",\"@id\":\"https:\/\/www.pumahue.cl\/chicauma\/noticias\/pumahue-chicauma-participa-por-primera-vez-en-la-feria-de-emprendimiento-empresarial-cognita\/#primaryimage\",\"url\":\"https:\/\/www.pumahue.cl\/chicauma\/wp-content\/uploads\/sites\/47\/2022\/11\/FERIA-DE-EMPRENDIMIENTO-PUMAHUE-CHICAUMA-COGNITA-CHILE-5.jpg\",\"contentUrl\":\"https:\/\/www.pumahue.cl\/chicauma\/wp-content\/uploads\/sites\/47\/2022\/11\/FERIA-DE-EMPRENDIMIENTO-PUMAHUE-CHICAUMA-COGNITA-CHILE-5.jpg\",\"width\":836,\"height\":523},{\"@type\":\"BreadcrumbList\",\"@id\":\"https:\/\/www.pumahue.cl\/chicauma\/noticias\/pumahue-chicauma-participa-por-primera-vez-en-la-feria-de-emprendimiento-empresarial-cognita\/#breadcrumb\",\"itemListElement\":[{\"@type\":\"ListItem\",\"position\":1,\"name\":\"Home\",\"item\":\"https:\/\/www.pumahue.cl\/chicauma\/\"},{\"@type\":\"ListItem\",\"position\":2,\"name\":\"\u00a1Pumahue Chicauma participa por primera vez en la Feria de Emprendimiento Empresarial Cognita!\"}]},{\"@type\":\"WebSite\",\"@id\":\"https:\/\/www.pumahue.cl\/chicauma\/#website\",\"url\":\"https:\/\/www.pumahue.cl\/chicauma\/\",\"name\":\"Colegio Pumahue Chicauma\",\"description\":\"Parte de Cognita Schools\",\"publisher\":{\"@id\":\"https:\/\/www.pumahue.cl\/chicauma\/#organization\"},\"potentialAction\":[{\"@type\":\"SearchAction\",\"target\":{\"@type\":\"EntryPoint\",\"urlTemplate\":\"https:\/\/www.pumahue.cl\/chicauma\/?s={search_term_string}\"},\"query-input\":{\"@type\":\"PropertyValueSpecification\",\"valueRequired\":true,\"valueName\":\"search_term_string\"}}],\"inLanguage\":\"es\"},{\"@type\":\"Organization\",\"@id\":\"https:\/\/www.pumahue.cl\/chicauma\/#organization\",\"name\":\"Colegio Pumahue Chicauma\",\"url\":\"https:\/\/www.pumahue.cl\/chicauma\/\",\"logo\":{\"@type\":\"ImageObject\",\"inLanguage\":\"es\",\"@id\":\"https:\/\/www.pumahue.cl\/chicauma\/#\/schema\/logo\/image\/\",\"url\":\"https:\/\/www.pumahue.cl\/chicauma\/wp-content\/uploads\/sites\/47\/2025\/02\/cropped-logo_Pumahue_.png\",\"contentUrl\":\"https:\/\/www.pumahue.cl\/chicauma\/wp-content\/uploads\/sites\/47\/2025\/02\/cropped-logo_Pumahue_.png\",\"width\":512,\"height\":512,\"caption\":\"Colegio Pumahue Chicauma\"},\"image\":{\"@id\":\"https:\/\/www.pumahue.cl\/chicauma\/#\/schema\/logo\/image\/\"},\"sameAs\":[\"http:\/\/www.facebook.com\/ColegiosPumahue\",\"https:\/\/www.instagram.com\/colegiopumahue_chicauma\/\",\"https:\/\/www.youtube.com\/@CognitaChile\"]},{\"@type\":\"Person\",\"@id\":\"https:\/\/www.pumahue.cl\/chicauma\/#\/schema\/person\/0debeea140e397b5d490ee7e553255d8\",\"name\":\"jorgedelcampo\",\"image\":{\"@type\":\"ImageObject\",\"inLanguage\":\"es\",\"@id\":\"https:\/\/www.pumahue.cl\/chicauma\/#\/schema\/person\/image\/\",\"url\":\"https:\/\/secure.gravatar.com\/avatar\/4a315f521213b2dc91dbda9bf799f711c8a98ab6f5606ec42cf5b33d1e762e8a?s=96&d=mm&r=g\",\"contentUrl\":\"https:\/\/secure.gravatar.com\/avatar\/4a315f521213b2dc91dbda9bf799f711c8a98ab6f5606ec42cf5b33d1e762e8a?s=96&d=mm&r=g\",\"caption\":\"jorgedelcampo\"}}]}<\/script>\n<!-- \/ Yoast SEO plugin. -->","yoast_head_json":{"title":"\u00a1Pumahue Chicauma participa por primera vez en la Feria de Emprendimiento Empresarial Cognita! - Colegio Pumahue Chicauma","robots":{"index":"index","follow":"follow","max-snippet":"max-snippet:-1","max-image-preview":"max-image-preview:large","max-video-preview":"max-video-preview:-1"},"canonical":"https:\/\/www.pumahue.cl\/chicauma\/noticias\/pumahue-chicauma-participa-por-primera-vez-en-la-feria-de-emprendimiento-empresarial-cognita\/","og_locale":"es_ES","og_type":"article","og_title":"\u00a1Pumahue Chicauma participa por primera vez en la Feria de Emprendimiento Empresarial Cognita! - Colegio Pumahue Chicauma","og_description":"Nuestros alumnos de III\u00b0 Medio, Ariel Soto, Sebasti\u00e1n Donoso y Benjam\u00edn Valencia fueron quienes representaron a nuestro colegio en la Und\u00e9cima Feria de Emprendimiento Empresarial de la Red Cognita, donde presentaron su proyecto Slate Touch, pizarra interactiva que busca revolucionar el sistema educacional actual. Desde 2012, la Feria de Emprendimiento Empresarial se realiza de forma [&hellip;]","og_url":"https:\/\/www.pumahue.cl\/chicauma\/noticias\/pumahue-chicauma-participa-por-primera-vez-en-la-feria-de-emprendimiento-empresarial-cognita\/","og_site_name":"Colegio Pumahue Chicauma","article_publisher":"http:\/\/www.facebook.com\/ColegiosPumahue","article_published_time":"2022-11-23T15:10:33+00:00","og_image":[{"width":836,"height":523,"url":"https:\/\/www.pumahue.cl\/chicauma\/wp-content\/uploads\/sites\/47\/2022\/11\/FERIA-DE-EMPRENDIMIENTO-PUMAHUE-CHICAUMA-COGNITA-CHILE-5.jpg","type":"image\/jpeg"}],"author":"jorgedelcampo","twitter_card":"summary_large_image","twitter_misc":{"Escrito por":"jorgedelcampo","Tiempo de lectura":"1 minuto"},"schema":{"@context":"https:\/\/schema.org","@graph":[{"@type":"Article","@id":"https:\/\/www.pumahue.cl\/chicauma\/noticias\/pumahue-chicauma-participa-por-primera-vez-en-la-feria-de-emprendimiento-empresarial-cognita\/#article","isPartOf":{"@id":"https:\/\/www.pumahue.cl\/chicauma\/noticias\/pumahue-chicauma-participa-por-primera-vez-en-la-feria-de-emprendimiento-empresarial-cognita\/"},"author":{"name":"jorgedelcampo","@id":"https:\/\/www.pumahue.cl\/chicauma\/#\/schema\/person\/0debeea140e397b5d490ee7e553255d8"},"headline":"\u00a1Pumahue Chicauma participa por primera vez en la Feria de Emprendimiento Empresarial Cognita!","datePublished":"2022-11-23T15:10:33+00:00","mainEntityOfPage":{"@id":"https:\/\/www.pumahue.cl\/chicauma\/noticias\/pumahue-chicauma-participa-por-primera-vez-en-la-feria-de-emprendimiento-empresarial-cognita\/"},"wordCount":244,"commentCount":0,"publisher":{"@id":"https:\/\/www.pumahue.cl\/chicauma\/#organization"},"image":{"@id":"https:\/\/www.pumahue.cl\/chicauma\/noticias\/pumahue-chicauma-participa-por-primera-vez-en-la-feria-de-emprendimiento-empresarial-cognita\/#primaryimage"},"thumbnailUrl":"https:\/\/www.pumahue.cl\/chicauma\/wp-content\/uploads\/sites\/47\/2022\/11\/FERIA-DE-EMPRENDIMIENTO-PUMAHUE-CHICAUMA-COGNITA-CHILE-5.jpg","articleSection":["Vida escolar"],"inLanguage":"es","potentialAction":[{"@type":"CommentAction","name":"Comment","target":["https:\/\/www.pumahue.cl\/chicauma\/noticias\/pumahue-chicauma-participa-por-primera-vez-en-la-feria-de-emprendimiento-empresarial-cognita\/#respond"]}]},{"@type":"WebPage","@id":"https:\/\/www.pumahue.cl\/chicauma\/noticias\/pumahue-chicauma-participa-por-primera-vez-en-la-feria-de-emprendimiento-empresarial-cognita\/","url":"https:\/\/www.pumahue.cl\/chicauma\/noticias\/pumahue-chicauma-participa-por-primera-vez-en-la-feria-de-emprendimiento-empresarial-cognita\/","name":"\u00a1Pumahue Chicauma participa por primera vez en la Feria de Emprendimiento Empresarial Cognita! - Colegio Pumahue Chicauma","isPartOf":{"@id":"https:\/\/www.pumahue.cl\/chicauma\/#website"},"primaryImageOfPage":{"@id":"https:\/\/www.pumahue.cl\/chicauma\/noticias\/pumahue-chicauma-participa-por-primera-vez-en-la-feria-de-emprendimiento-empresarial-cognita\/#primaryimage"},"image":{"@id":"https:\/\/www.pumahue.cl\/chicauma\/noticias\/pumahue-chicauma-participa-por-primera-vez-en-la-feria-de-emprendimiento-empresarial-cognita\/#primaryimage"},"thumbnailUrl":"https:\/\/www.pumahue.cl\/chicauma\/wp-content\/uploads\/sites\/47\/2022\/11\/FERIA-DE-EMPRENDIMIENTO-PUMAHUE-CHICAUMA-COGNITA-CHILE-5.jpg","datePublished":"2022-11-23T15:10:33+00:00","breadcrumb":{"@id":"https:\/\/www.pumahue.cl\/chicauma\/noticias\/pumahue-chicauma-participa-por-primera-vez-en-la-feria-de-emprendimiento-empresarial-cognita\/#breadcrumb"},"inLanguage":"es","potentialAction":[{"@type":"ReadAction","target":["https:\/\/www.pumahue.cl\/chicauma\/noticias\/pumahue-chicauma-participa-por-primera-vez-en-la-feria-de-emprendimiento-empresarial-cognita\/"]}]},{"@type":"ImageObject","inLanguage":"es","@id":"https:\/\/www.pumahue.cl\/chicauma\/noticias\/pumahue-chicauma-participa-por-primera-vez-en-la-feria-de-emprendimiento-empresarial-cognita\/#primaryimage","url":"https:\/\/www.pumahue.cl\/chicauma\/wp-content\/uploads\/sites\/47\/2022\/11\/FERIA-DE-EMPRENDIMIENTO-PUMAHUE-CHICAUMA-COGNITA-CHILE-5.jpg","contentUrl":"https:\/\/www.pumahue.cl\/chicauma\/wp-content\/uploads\/sites\/47\/2022\/11\/FERIA-DE-EMPRENDIMIENTO-PUMAHUE-CHICAUMA-COGNITA-CHILE-5.jpg","width":836,"height":523},{"@type":"BreadcrumbList","@id":"https:\/\/www.pumahue.cl\/chicauma\/noticias\/pumahue-chicauma-participa-por-primera-vez-en-la-feria-de-emprendimiento-empresarial-cognita\/#breadcrumb","itemListElement":[{"@type":"ListItem","position":1,"name":"Home","item":"https:\/\/www.pumahue.cl\/chicauma\/"},{"@type":"ListItem","position":2,"name":"\u00a1Pumahue Chicauma participa por primera vez en la Feria de Emprendimiento Empresarial Cognita!"}]},{"@type":"WebSite","@id":"https:\/\/www.pumahue.cl\/chicauma\/#website","url":"https:\/\/www.pumahue.cl\/chicauma\/","name":"Colegio Pumahue Chicauma","description":"Parte de Cognita Schools","publisher":{"@id":"https:\/\/www.pumahue.cl\/chicauma\/#organization"},"potentialAction":[{"@type":"SearchAction","target":{"@type":"EntryPoint","urlTemplate":"https:\/\/www.pumahue.cl\/chicauma\/?s={search_term_string}"},"query-input":{"@type":"PropertyValueSpecification","valueRequired":true,"valueName":"search_term_string"}}],"inLanguage":"es"},{"@type":"Organization","@id":"https:\/\/www.pumahue.cl\/chicauma\/#organization","name":"Colegio Pumahue Chicauma","url":"https:\/\/www.pumahue.cl\/chicauma\/","logo":{"@type":"ImageObject","inLanguage":"es","@id":"https:\/\/www.pumahue.cl\/chicauma\/#\/schema\/logo\/image\/","url":"https:\/\/www.pumahue.cl\/chicauma\/wp-content\/uploads\/sites\/47\/2025\/02\/cropped-logo_Pumahue_.png","contentUrl":"https:\/\/www.pumahue.cl\/chicauma\/wp-content\/uploads\/sites\/47\/2025\/02\/cropped-logo_Pumahue_.png","width":512,"height":512,"caption":"Colegio Pumahue Chicauma"},"image":{"@id":"https:\/\/www.pumahue.cl\/chicauma\/#\/schema\/logo\/image\/"},"sameAs":["http:\/\/www.facebook.com\/ColegiosPumahue","https:\/\/www.instagram.com\/colegiopumahue_chicauma\/","https:\/\/www.youtube.com\/@CognitaChile"]},{"@type":"Person","@id":"https:\/\/www.pumahue.cl\/chicauma\/#\/schema\/person\/0debeea140e397b5d490ee7e553255d8","name":"jorgedelcampo","image":{"@type":"ImageObject","inLanguage":"es","@id":"https:\/\/www.pumahue.cl\/chicauma\/#\/schema\/person\/image\/","url":"https:\/\/secure.gravatar.com\/avatar\/4a315f521213b2dc91dbda9bf799f711c8a98ab6f5606ec42cf5b33d1e762e8a?s=96&d=mm&r=g","contentUrl":"https:\/\/secure.gravatar.com\/avatar\/4a315f521213b2dc91dbda9bf799f711c8a98ab6f5606ec42cf5b33d1e762e8a?s=96&d=mm&r=g","caption":"jorgedelcampo"}}]}},"jetpack_featured_media_url":"https:\/\/www.pumahue.cl\/chicauma\/wp-content\/uploads\/sites\/47\/2022\/11\/FERIA-DE-EMPRENDIMIENTO-PUMAHUE-CHICAUMA-COGNITA-CHILE-5.jpg","previous_post_ID":12506,"previous_post_title":"\u00a1Hoy fuimos cient\u00edficos en el Programa SELP!","previous_post_excerpt":"Nuestros peque\u00f1os alumnos del programa SELP aprendieron sobre &#8220;Capillary action&#8221; a trav\u00e9s de un experimento de capilaridad del agua. En esta actividad, los estudiantes del programa debieron trabajar en equipo con sus compa\u00f1eros para lograr los entretenidos resultados. \u00a1Lo hicieron muy bien y disfrutaron de esta nueva actividad! Let\u00b4s Make Future! &nbsp; [multimedia id=&#8221;1&#8243;]","previous_post_link":"https:\/\/www.pumahue.cl\/chicauma\/noticias\/hoy-fuimos-cientificos-en-el-programa-selp\/","previous_post_class":["post-12506","post","type-post","status-publish","format-standard","has-post-thumbnail","hentry","category-vida-escolar"],"next_post_ID":12518,"next_post_title":"\u00a1Este martes se realizaron las presentaciones de finalizaci\u00f3n de Talleres y Academias!","next_post_excerpt":"Los talleres y academias de Gimnasia R\u00edtmica, Taekwondo, Ballet Cl\u00e1sico, Danzas Urbanas, Cheerleaders y Kids Training hicieron hermosas presentaciones de finalizaci\u00f3n del a\u00f1o, a modo de cierre de las actividades de este 2022. Queremos felicitar a todos los alumnos que participaron en los talleres y academias, y en sus presentaciones este a\u00f1o \u00a1esperamos que los [&hellip;]","next_post_link":"https:\/\/www.pumahue.cl\/chicauma\/noticias\/este-martes-se-realizaron-las-presentaciones-de-finalizacion-de-talleres-y-academias\/","next_post_class":["post-12518","post","type-post","status-publish","format-standard","has-post-thumbnail","hentry","category-vida-escolar"],"jetpack_sharing_enabled":true,"_links":{"self":[{"href":"https:\/\/www.pumahue.cl\/chicauma\/wp-json\/wp\/v2\/posts\/12504","targetHints":{"allow":["GET"]}}],"collection":[{"href":"https:\/\/www.pumahue.cl\/chicauma\/wp-json\/wp\/v2\/posts"}],"about":[{"href":"https:\/\/www.pumahue.cl\/chicauma\/wp-json\/wp\/v2\/types\/post"}],"author":[{"embeddable":true,"href":"https:\/\/www.pumahue.cl\/chicauma\/wp-json\/wp\/v2\/users\/14"}],"replies":[{"embeddable":true,"href":"https:\/\/www.pumahue.cl\/chicauma\/wp-json\/wp\/v2\/comments?post=12504"}],"version-history":[{"count":0,"href":"https:\/\/www.pumahue.cl\/chicauma\/wp-json\/wp\/v2\/posts\/12504\/revisions"}],"wp:featuredmedia":[{"embeddable":true,"href":"https:\/\/www.pumahue.cl\/chicauma\/wp-json\/wp\/v2\/media\/12554"}],"wp:attachment":[{"href":"https:\/\/www.pumahue.cl\/chicauma\/wp-json\/wp\/v2\/media?parent=12504"}],"wp:term":[{"taxonomy":"category","embeddable":true,"href":"https:\/\/www.pumahue.cl\/chicauma\/wp-json\/wp\/v2\/categories?post=12504"},{"taxonomy":"post_tag","embeddable":true,"href":"https:\/\/www.pumahue.cl\/chicauma\/wp-json\/wp\/v2\/tags?post=12504"}],"curies":[{"name":"wp","href":"https:\/\/api.w.org\/{rel}","templated":true}]}}