{"id":14242,"date":"2023-05-02T09:38:04","date_gmt":"2023-05-02T13:38:04","guid":{"rendered":"http:\/\/pumahue.cl\/chicauma\/?p=14242"},"modified":"2023-05-02T09:38:04","modified_gmt":"2023-05-02T13:38:04","slug":"primera-feria-de-convivencia-escolar","status":"publish","type":"post","link":"https:\/\/www.pumahue.cl\/chicauma\/noticias\/primera-feria-de-convivencia-escolar\/","title":{"rendered":"\u00a1Primera Feria de Convivencia Escolar!"},"content":{"rendered":"<p class=\"ContentPasted0\">En el marco del mes de la Convivencia Escolar, este mi\u00e9rcoles nuestro colegio realiz\u00f3 la primera <strong class=\"ContentPasted0\">Feria de Convivencia Escolar<\/strong>, donde los cursos de Educaci\u00f3n Media desarrollaron y montaron stand con diferentes tem\u00e1ticas, los cuales fueron visitados por los estudiantes desde 1\u00b0 b\u00e1sico en adelante.<\/p>\n<p class=\"ContentPasted0\">Esta importante actividad de red, fue realizada en los diferentes colegios Cognita, y tuvo por objetivo <strong class=\"ContentPasted0\">promover la sana convivencia y el buen trato<\/strong> a trav\u00e9s de stands creados y guiados por los propios estudiantes, abordando distintas tem\u00e1ticas que permitieron interiorizar de manera l\u00fadica y entretenida la importancia de la sana convivencia escolar.<\/p>\n<p class=\"ContentPasted0\">La feria fue recibida con gran entusiasmo por todos nuestros estudiantes, los cuales participaron con gran motivaci\u00f3n y compromiso. Agradecemos a cada uno de los participantes, a nuestro equipo psicoeducativo a cargo de esta importante actividad, a nuestro equipo docente y a nuestros estudiantes de Educaci\u00f3n Media por su dedicaci\u00f3n y trabajo en cada uno de los stands.<\/p>\n<p>#SeguimosMejorando<\/p>\n<p>Building a New Culture!<\/p>\n<p>&nbsp;<\/p>\n<p>[multimedia id=&#8221;1&#8243;]<\/p>\n"},"excerpt":{"rendered":"<p>En el marco del mes de la Convivencia Escolar, este mi\u00e9rcoles nuestro colegio realiz\u00f3 la primera Feria de Convivencia Escolar, donde los cursos de Educaci\u00f3n Media desarrollaron y montaron stand con diferentes tem\u00e1ticas, los cuales fueron visitados por los estudiantes desde 1\u00b0 b\u00e1sico en adelante. Esta importante actividad de red, fue realizada en los diferentes [&hellip;]<\/p>\n","protected":false},"author":14,"featured_media":14248,"comment_status":"open","ping_status":"open","sticky":false,"template":"","format":"standard","meta":{"_acf_changed":false,"content-type":"","_jetpack_memberships_contains_paid_content":false,"footnotes":""},"categories":[1],"tags":[],"class_list":["post-14242","post","type-post","status-publish","format-standard","has-post-thumbnail","hentry","category-vida-escolar"],"acf":[],"yoast_head":"<!-- This site is optimized with the Yoast SEO plugin v27.1.1 - https:\/\/yoast.com\/product\/yoast-seo-wordpress\/ -->\n<title>\u00a1Primera Feria de Convivencia Escolar! - Colegio Pumahue Chicauma<\/title>\n<meta name=\"robots\" content=\"index, follow, max-snippet:-1, max-image-preview:large, max-video-preview:-1\" \/>\n<link rel=\"canonical\" href=\"https:\/\/www.pumahue.cl\/chicauma\/noticias\/primera-feria-de-convivencia-escolar\/\" \/>\n<meta property=\"og:locale\" content=\"es_ES\" \/>\n<meta property=\"og:type\" content=\"article\" \/>\n<meta property=\"og:title\" content=\"\u00a1Primera Feria de Convivencia Escolar! - Colegio Pumahue Chicauma\" \/>\n<meta property=\"og:description\" content=\"En el marco del mes de la Convivencia Escolar, este mi\u00e9rcoles nuestro colegio realiz\u00f3 la primera Feria de Convivencia Escolar, donde los cursos de Educaci\u00f3n Media desarrollaron y montaron stand con diferentes tem\u00e1ticas, los cuales fueron visitados por los estudiantes desde 1\u00b0 b\u00e1sico en adelante. Esta importante actividad de red, fue realizada en los diferentes [&hellip;]\" \/>\n<meta property=\"og:url\" content=\"https:\/\/www.pumahue.cl\/chicauma\/noticias\/primera-feria-de-convivencia-escolar\/\" \/>\n<meta property=\"og:site_name\" content=\"Colegio Pumahue Chicauma\" \/>\n<meta property=\"article:publisher\" content=\"http:\/\/www.facebook.com\/ColegiosPumahue\" \/>\n<meta property=\"article:published_time\" content=\"2023-05-02T13:38:04+00:00\" \/>\n<meta property=\"og:image\" content=\"https:\/\/www.pumahue.cl\/chicauma\/wp-content\/uploads\/sites\/47\/2023\/05\/40.jpg\" \/>\n\t<meta property=\"og:image:width\" content=\"836\" \/>\n\t<meta property=\"og:image:height\" content=\"523\" \/>\n\t<meta property=\"og:image:type\" content=\"image\/jpeg\" \/>\n<meta name=\"author\" content=\"jorgedelcampo\" \/>\n<meta name=\"twitter:card\" content=\"summary_large_image\" \/>\n<meta name=\"twitter:label1\" content=\"Escrito por\" \/>\n\t<meta name=\"twitter:data1\" content=\"jorgedelcampo\" \/>\n\t<meta name=\"twitter:label2\" content=\"Tiempo de lectura\" \/>\n\t<meta name=\"twitter:data2\" content=\"1 minuto\" \/>\n<script type=\"application\/ld+json\" class=\"yoast-schema-graph\">{\"@context\":\"https:\/\/schema.org\",\"@graph\":[{\"@type\":\"Article\",\"@id\":\"https:\/\/www.pumahue.cl\/chicauma\/noticias\/primera-feria-de-convivencia-escolar\/#article\",\"isPartOf\":{\"@id\":\"https:\/\/www.pumahue.cl\/chicauma\/noticias\/primera-feria-de-convivencia-escolar\/\"},\"author\":{\"name\":\"jorgedelcampo\",\"@id\":\"https:\/\/www.pumahue.cl\/chicauma\/#\/schema\/person\/0debeea140e397b5d490ee7e553255d8\"},\"headline\":\"\u00a1Primera Feria de Convivencia Escolar!\",\"datePublished\":\"2023-05-02T13:38:04+00:00\",\"mainEntityOfPage\":{\"@id\":\"https:\/\/www.pumahue.cl\/chicauma\/noticias\/primera-feria-de-convivencia-escolar\/\"},\"wordCount\":178,\"commentCount\":0,\"publisher\":{\"@id\":\"https:\/\/www.pumahue.cl\/chicauma\/#organization\"},\"image\":{\"@id\":\"https:\/\/www.pumahue.cl\/chicauma\/noticias\/primera-feria-de-convivencia-escolar\/#primaryimage\"},\"thumbnailUrl\":\"https:\/\/www.pumahue.cl\/chicauma\/wp-content\/uploads\/sites\/47\/2023\/05\/40.jpg\",\"articleSection\":[\"Vida escolar\"],\"inLanguage\":\"es\",\"potentialAction\":[{\"@type\":\"CommentAction\",\"name\":\"Comment\",\"target\":[\"https:\/\/www.pumahue.cl\/chicauma\/noticias\/primera-feria-de-convivencia-escolar\/#respond\"]}]},{\"@type\":\"WebPage\",\"@id\":\"https:\/\/www.pumahue.cl\/chicauma\/noticias\/primera-feria-de-convivencia-escolar\/\",\"url\":\"https:\/\/www.pumahue.cl\/chicauma\/noticias\/primera-feria-de-convivencia-escolar\/\",\"name\":\"\u00a1Primera Feria de Convivencia Escolar! - Colegio Pumahue Chicauma\",\"isPartOf\":{\"@id\":\"https:\/\/www.pumahue.cl\/chicauma\/#website\"},\"primaryImageOfPage\":{\"@id\":\"https:\/\/www.pumahue.cl\/chicauma\/noticias\/primera-feria-de-convivencia-escolar\/#primaryimage\"},\"image\":{\"@id\":\"https:\/\/www.pumahue.cl\/chicauma\/noticias\/primera-feria-de-convivencia-escolar\/#primaryimage\"},\"thumbnailUrl\":\"https:\/\/www.pumahue.cl\/chicauma\/wp-content\/uploads\/sites\/47\/2023\/05\/40.jpg\",\"datePublished\":\"2023-05-02T13:38:04+00:00\",\"breadcrumb\":{\"@id\":\"https:\/\/www.pumahue.cl\/chicauma\/noticias\/primera-feria-de-convivencia-escolar\/#breadcrumb\"},\"inLanguage\":\"es\",\"potentialAction\":[{\"@type\":\"ReadAction\",\"target\":[\"https:\/\/www.pumahue.cl\/chicauma\/noticias\/primera-feria-de-convivencia-escolar\/\"]}]},{\"@type\":\"ImageObject\",\"inLanguage\":\"es\",\"@id\":\"https:\/\/www.pumahue.cl\/chicauma\/noticias\/primera-feria-de-convivencia-escolar\/#primaryimage\",\"url\":\"https:\/\/www.pumahue.cl\/chicauma\/wp-content\/uploads\/sites\/47\/2023\/05\/40.jpg\",\"contentUrl\":\"https:\/\/www.pumahue.cl\/chicauma\/wp-content\/uploads\/sites\/47\/2023\/05\/40.jpg\",\"width\":836,\"height\":523},{\"@type\":\"BreadcrumbList\",\"@id\":\"https:\/\/www.pumahue.cl\/chicauma\/noticias\/primera-feria-de-convivencia-escolar\/#breadcrumb\",\"itemListElement\":[{\"@type\":\"ListItem\",\"position\":1,\"name\":\"Home\",\"item\":\"https:\/\/www.pumahue.cl\/chicauma\/\"},{\"@type\":\"ListItem\",\"position\":2,\"name\":\"\u00a1Primera Feria de Convivencia Escolar!\"}]},{\"@type\":\"WebSite\",\"@id\":\"https:\/\/www.pumahue.cl\/chicauma\/#website\",\"url\":\"https:\/\/www.pumahue.cl\/chicauma\/\",\"name\":\"Colegio Pumahue Chicauma\",\"description\":\"Parte de Cognita Schools\",\"publisher\":{\"@id\":\"https:\/\/www.pumahue.cl\/chicauma\/#organization\"},\"potentialAction\":[{\"@type\":\"SearchAction\",\"target\":{\"@type\":\"EntryPoint\",\"urlTemplate\":\"https:\/\/www.pumahue.cl\/chicauma\/?s={search_term_string}\"},\"query-input\":{\"@type\":\"PropertyValueSpecification\",\"valueRequired\":true,\"valueName\":\"search_term_string\"}}],\"inLanguage\":\"es\"},{\"@type\":\"Organization\",\"@id\":\"https:\/\/www.pumahue.cl\/chicauma\/#organization\",\"name\":\"Colegio Pumahue Chicauma\",\"url\":\"https:\/\/www.pumahue.cl\/chicauma\/\",\"logo\":{\"@type\":\"ImageObject\",\"inLanguage\":\"es\",\"@id\":\"https:\/\/www.pumahue.cl\/chicauma\/#\/schema\/logo\/image\/\",\"url\":\"https:\/\/www.pumahue.cl\/chicauma\/wp-content\/uploads\/sites\/47\/2025\/02\/cropped-logo_Pumahue_.png\",\"contentUrl\":\"https:\/\/www.pumahue.cl\/chicauma\/wp-content\/uploads\/sites\/47\/2025\/02\/cropped-logo_Pumahue_.png\",\"width\":512,\"height\":512,\"caption\":\"Colegio Pumahue Chicauma\"},\"image\":{\"@id\":\"https:\/\/www.pumahue.cl\/chicauma\/#\/schema\/logo\/image\/\"},\"sameAs\":[\"http:\/\/www.facebook.com\/ColegiosPumahue\",\"https:\/\/www.instagram.com\/colegiopumahue_chicauma\/\",\"https:\/\/www.youtube.com\/@CognitaChile\"]},{\"@type\":\"Person\",\"@id\":\"https:\/\/www.pumahue.cl\/chicauma\/#\/schema\/person\/0debeea140e397b5d490ee7e553255d8\",\"name\":\"jorgedelcampo\",\"image\":{\"@type\":\"ImageObject\",\"inLanguage\":\"es\",\"@id\":\"https:\/\/www.pumahue.cl\/chicauma\/#\/schema\/person\/image\/\",\"url\":\"https:\/\/secure.gravatar.com\/avatar\/4a315f521213b2dc91dbda9bf799f711c8a98ab6f5606ec42cf5b33d1e762e8a?s=96&d=mm&r=g\",\"contentUrl\":\"https:\/\/secure.gravatar.com\/avatar\/4a315f521213b2dc91dbda9bf799f711c8a98ab6f5606ec42cf5b33d1e762e8a?s=96&d=mm&r=g\",\"caption\":\"jorgedelcampo\"}}]}<\/script>\n<!-- \/ Yoast SEO plugin. -->","yoast_head_json":{"title":"\u00a1Primera Feria de Convivencia Escolar! - Colegio Pumahue Chicauma","robots":{"index":"index","follow":"follow","max-snippet":"max-snippet:-1","max-image-preview":"max-image-preview:large","max-video-preview":"max-video-preview:-1"},"canonical":"https:\/\/www.pumahue.cl\/chicauma\/noticias\/primera-feria-de-convivencia-escolar\/","og_locale":"es_ES","og_type":"article","og_title":"\u00a1Primera Feria de Convivencia Escolar! - Colegio Pumahue Chicauma","og_description":"En el marco del mes de la Convivencia Escolar, este mi\u00e9rcoles nuestro colegio realiz\u00f3 la primera Feria de Convivencia Escolar, donde los cursos de Educaci\u00f3n Media desarrollaron y montaron stand con diferentes tem\u00e1ticas, los cuales fueron visitados por los estudiantes desde 1\u00b0 b\u00e1sico en adelante. Esta importante actividad de red, fue realizada en los diferentes [&hellip;]","og_url":"https:\/\/www.pumahue.cl\/chicauma\/noticias\/primera-feria-de-convivencia-escolar\/","og_site_name":"Colegio Pumahue Chicauma","article_publisher":"http:\/\/www.facebook.com\/ColegiosPumahue","article_published_time":"2023-05-02T13:38:04+00:00","og_image":[{"width":836,"height":523,"url":"https:\/\/www.pumahue.cl\/chicauma\/wp-content\/uploads\/sites\/47\/2023\/05\/40.jpg","type":"image\/jpeg"}],"author":"jorgedelcampo","twitter_card":"summary_large_image","twitter_misc":{"Escrito por":"jorgedelcampo","Tiempo de lectura":"1 minuto"},"schema":{"@context":"https:\/\/schema.org","@graph":[{"@type":"Article","@id":"https:\/\/www.pumahue.cl\/chicauma\/noticias\/primera-feria-de-convivencia-escolar\/#article","isPartOf":{"@id":"https:\/\/www.pumahue.cl\/chicauma\/noticias\/primera-feria-de-convivencia-escolar\/"},"author":{"name":"jorgedelcampo","@id":"https:\/\/www.pumahue.cl\/chicauma\/#\/schema\/person\/0debeea140e397b5d490ee7e553255d8"},"headline":"\u00a1Primera Feria de Convivencia Escolar!","datePublished":"2023-05-02T13:38:04+00:00","mainEntityOfPage":{"@id":"https:\/\/www.pumahue.cl\/chicauma\/noticias\/primera-feria-de-convivencia-escolar\/"},"wordCount":178,"commentCount":0,"publisher":{"@id":"https:\/\/www.pumahue.cl\/chicauma\/#organization"},"image":{"@id":"https:\/\/www.pumahue.cl\/chicauma\/noticias\/primera-feria-de-convivencia-escolar\/#primaryimage"},"thumbnailUrl":"https:\/\/www.pumahue.cl\/chicauma\/wp-content\/uploads\/sites\/47\/2023\/05\/40.jpg","articleSection":["Vida escolar"],"inLanguage":"es","potentialAction":[{"@type":"CommentAction","name":"Comment","target":["https:\/\/www.pumahue.cl\/chicauma\/noticias\/primera-feria-de-convivencia-escolar\/#respond"]}]},{"@type":"WebPage","@id":"https:\/\/www.pumahue.cl\/chicauma\/noticias\/primera-feria-de-convivencia-escolar\/","url":"https:\/\/www.pumahue.cl\/chicauma\/noticias\/primera-feria-de-convivencia-escolar\/","name":"\u00a1Primera Feria de Convivencia Escolar! - Colegio Pumahue Chicauma","isPartOf":{"@id":"https:\/\/www.pumahue.cl\/chicauma\/#website"},"primaryImageOfPage":{"@id":"https:\/\/www.pumahue.cl\/chicauma\/noticias\/primera-feria-de-convivencia-escolar\/#primaryimage"},"image":{"@id":"https:\/\/www.pumahue.cl\/chicauma\/noticias\/primera-feria-de-convivencia-escolar\/#primaryimage"},"thumbnailUrl":"https:\/\/www.pumahue.cl\/chicauma\/wp-content\/uploads\/sites\/47\/2023\/05\/40.jpg","datePublished":"2023-05-02T13:38:04+00:00","breadcrumb":{"@id":"https:\/\/www.pumahue.cl\/chicauma\/noticias\/primera-feria-de-convivencia-escolar\/#breadcrumb"},"inLanguage":"es","potentialAction":[{"@type":"ReadAction","target":["https:\/\/www.pumahue.cl\/chicauma\/noticias\/primera-feria-de-convivencia-escolar\/"]}]},{"@type":"ImageObject","inLanguage":"es","@id":"https:\/\/www.pumahue.cl\/chicauma\/noticias\/primera-feria-de-convivencia-escolar\/#primaryimage","url":"https:\/\/www.pumahue.cl\/chicauma\/wp-content\/uploads\/sites\/47\/2023\/05\/40.jpg","contentUrl":"https:\/\/www.pumahue.cl\/chicauma\/wp-content\/uploads\/sites\/47\/2023\/05\/40.jpg","width":836,"height":523},{"@type":"BreadcrumbList","@id":"https:\/\/www.pumahue.cl\/chicauma\/noticias\/primera-feria-de-convivencia-escolar\/#breadcrumb","itemListElement":[{"@type":"ListItem","position":1,"name":"Home","item":"https:\/\/www.pumahue.cl\/chicauma\/"},{"@type":"ListItem","position":2,"name":"\u00a1Primera Feria de Convivencia Escolar!"}]},{"@type":"WebSite","@id":"https:\/\/www.pumahue.cl\/chicauma\/#website","url":"https:\/\/www.pumahue.cl\/chicauma\/","name":"Colegio Pumahue Chicauma","description":"Parte de Cognita Schools","publisher":{"@id":"https:\/\/www.pumahue.cl\/chicauma\/#organization"},"potentialAction":[{"@type":"SearchAction","target":{"@type":"EntryPoint","urlTemplate":"https:\/\/www.pumahue.cl\/chicauma\/?s={search_term_string}"},"query-input":{"@type":"PropertyValueSpecification","valueRequired":true,"valueName":"search_term_string"}}],"inLanguage":"es"},{"@type":"Organization","@id":"https:\/\/www.pumahue.cl\/chicauma\/#organization","name":"Colegio Pumahue Chicauma","url":"https:\/\/www.pumahue.cl\/chicauma\/","logo":{"@type":"ImageObject","inLanguage":"es","@id":"https:\/\/www.pumahue.cl\/chicauma\/#\/schema\/logo\/image\/","url":"https:\/\/www.pumahue.cl\/chicauma\/wp-content\/uploads\/sites\/47\/2025\/02\/cropped-logo_Pumahue_.png","contentUrl":"https:\/\/www.pumahue.cl\/chicauma\/wp-content\/uploads\/sites\/47\/2025\/02\/cropped-logo_Pumahue_.png","width":512,"height":512,"caption":"Colegio Pumahue Chicauma"},"image":{"@id":"https:\/\/www.pumahue.cl\/chicauma\/#\/schema\/logo\/image\/"},"sameAs":["http:\/\/www.facebook.com\/ColegiosPumahue","https:\/\/www.instagram.com\/colegiopumahue_chicauma\/","https:\/\/www.youtube.com\/@CognitaChile"]},{"@type":"Person","@id":"https:\/\/www.pumahue.cl\/chicauma\/#\/schema\/person\/0debeea140e397b5d490ee7e553255d8","name":"jorgedelcampo","image":{"@type":"ImageObject","inLanguage":"es","@id":"https:\/\/www.pumahue.cl\/chicauma\/#\/schema\/person\/image\/","url":"https:\/\/secure.gravatar.com\/avatar\/4a315f521213b2dc91dbda9bf799f711c8a98ab6f5606ec42cf5b33d1e762e8a?s=96&d=mm&r=g","contentUrl":"https:\/\/secure.gravatar.com\/avatar\/4a315f521213b2dc91dbda9bf799f711c8a98ab6f5606ec42cf5b33d1e762e8a?s=96&d=mm&r=g","caption":"jorgedelcampo"}}]}},"jetpack_featured_media_url":"https:\/\/www.pumahue.cl\/chicauma\/wp-content\/uploads\/sites\/47\/2023\/05\/40.jpg","previous_post_ID":14234,"previous_post_title":"\u00a1Pumahue Chicauma particip\u00f3 en las Olimpiadas de Matem\u00e1tica CMAT!","previous_post_excerpt":"Pumahue Chicauma estuvo en las Olimpiadas de Matem\u00e1tica CMAT, campeonato nacional donde participan colegios de todas las regiones del pa\u00eds, organizado por la Universidad de Santiago. El hist\u00f3rico certamen, que ya tiene m\u00e1s de 20 a\u00f1os de trayectoria, pone a prueba los conocimientos de los estudiantes, quienes deben resolver variados problemas matem\u00e1ticos relacionados con operatoria, [&hellip;]","previous_post_link":"https:\/\/www.pumahue.cl\/chicauma\/noticias\/pumahue-chicauma-participo-en-las-olimpiadas-de-matematica-cmat\/","previous_post_class":["post-14234","post","type-post","status-publish","format-standard","has-post-thumbnail","hentry","category-vida-escolar"],"next_post_ID":14261,"next_post_title":"Avances del programa biling\u00fce","next_post_excerpt":"Terminando el mes de abril, ya podemos ver avances significativos en el aprendizaje de nuestros alumnos del nuevo curr\u00edculum biling\u00fce, el cual fue implementado en nuestro colegio despu\u00e9s de mucho esfuerzo y trabajo, tanto de nuestro equipo como de nuestros apoderados, para los cursos de prek\u00ednder, k\u00ednder y 1\u00ba b\u00e1sico. &#8220;El programa biling\u00fce ha tenido [&hellip;]","next_post_link":"https:\/\/www.pumahue.cl\/chicauma\/noticias\/avances-del-programa-bilingue\/","next_post_class":["post-14261","post","type-post","status-publish","format-standard","has-post-thumbnail","hentry","category-vida-escolar"],"jetpack_sharing_enabled":true,"_links":{"self":[{"href":"https:\/\/www.pumahue.cl\/chicauma\/wp-json\/wp\/v2\/posts\/14242","targetHints":{"allow":["GET"]}}],"collection":[{"href":"https:\/\/www.pumahue.cl\/chicauma\/wp-json\/wp\/v2\/posts"}],"about":[{"href":"https:\/\/www.pumahue.cl\/chicauma\/wp-json\/wp\/v2\/types\/post"}],"author":[{"embeddable":true,"href":"https:\/\/www.pumahue.cl\/chicauma\/wp-json\/wp\/v2\/users\/14"}],"replies":[{"embeddable":true,"href":"https:\/\/www.pumahue.cl\/chicauma\/wp-json\/wp\/v2\/comments?post=14242"}],"version-history":[{"count":0,"href":"https:\/\/www.pumahue.cl\/chicauma\/wp-json\/wp\/v2\/posts\/14242\/revisions"}],"wp:featuredmedia":[{"embeddable":true,"href":"https:\/\/www.pumahue.cl\/chicauma\/wp-json\/wp\/v2\/media\/14248"}],"wp:attachment":[{"href":"https:\/\/www.pumahue.cl\/chicauma\/wp-json\/wp\/v2\/media?parent=14242"}],"wp:term":[{"taxonomy":"category","embeddable":true,"href":"https:\/\/www.pumahue.cl\/chicauma\/wp-json\/wp\/v2\/categories?post=14242"},{"taxonomy":"post_tag","embeddable":true,"href":"https:\/\/www.pumahue.cl\/chicauma\/wp-json\/wp\/v2\/tags?post=14242"}],"curies":[{"name":"wp","href":"https:\/\/api.w.org\/{rel}","templated":true}]}}