{"id":14949,"date":"2023-09-27T13:00:30","date_gmt":"2023-09-27T16:00:30","guid":{"rendered":"https:\/\/www.pumahue.cl\/chicauma\/?p=14949"},"modified":"2023-09-27T13:00:30","modified_gmt":"2023-09-27T16:00:30","slug":"pumahue-chicauma-celebra-su-quinto-dia-global-de-bienestar","status":"publish","type":"post","link":"https:\/\/www.pumahue.cl\/chicauma\/noticias\/pumahue-chicauma-celebra-su-quinto-dia-global-de-bienestar\/","title":{"rendered":"Pumahue Chicauma Celebra su quinto d\u00eda Global de Bienestar"},"content":{"rendered":"\n<p>Los alumnos de Pumahue Chicauma se unir\u00e1n a m\u00e1s de 85.000 j\u00f3venes de todo el mundo este viernes 29 de septiembre de 2023 para destacar rol fundamental del bienestar en la educaci\u00f3n.\u202fSiendo \u00e9ste el quinto aniversario del evento global, simboliza nuestro continuo compromiso con el bienestar en toda nuestra comunidad escolar.<\/p>\n\n\n\n<p>Nuestro colegio interrumpir\u00e1 el plan de estudios para celebrar el D\u00eda Global del Bienestar, un evento mundial liderado por Cognita, red internacional con m\u00e1s de 100 colegios en el mundo.\u202f<\/p>\n\n\n\n<p>\u201cEl colegio se centra en el bienestar durante todo el a\u00f1o, pero al unir a las comunidades escolares de 16 pa\u00edses de todo el mundo en este d\u00eda de septiembre, celebramos nuestro compromiso colectivo con el bienestar. En el mundo actual, crear h\u00e1bitos digitales saludables tiene una importancia inmensa, por lo que el tema de este a\u00f1o es el \u201cBienestar digital\u201d, es m\u00e1s central que nunca. Este evento sirve como un recordatorio anual de la conexi\u00f3n fundamental entre bienestar y educaci\u00f3n\u201d, comenta Jorge Ramos, Rector Pumahue Chicauma<\/p>\n\n\n\n<p>En su quinto a\u00f1o, el D\u00eda Global del Bienestar presenta una amplia gama de actividades. En nuestro colegio, la comunidad educativa adoptar\u00e1 un enfoque hol\u00edstico que abordar\u00e1 todos los aspectos de los factores f\u00edsicos y mentales que contribuyen al bienestar, descritos en la Gu\u00eda de Bienestar de Cognita. Link: https:\/\/www.youtube.com\/watch?v=Uo9_xcZ6OUE<\/p>\n"},"excerpt":{"rendered":"<p>Los alumnos de Pumahue Chicauma se unir\u00e1n a m\u00e1s de 85.000 j\u00f3venes de todo el mundo este viernes 29 de septiembre de 2023 para destacar rol fundamental del bienestar en la educaci\u00f3n.\u202fSiendo \u00e9ste el quinto aniversario del evento global, simboliza nuestro continuo compromiso con el bienestar en toda nuestra comunidad escolar. Nuestro colegio interrumpir\u00e1 el [&hellip;]<\/p>\n","protected":false},"author":14,"featured_media":14951,"comment_status":"open","ping_status":"open","sticky":false,"template":"","format":"standard","meta":{"_acf_changed":false,"content-type":"","_jetpack_memberships_contains_paid_content":false,"footnotes":""},"categories":[1],"tags":[],"class_list":["post-14949","post","type-post","status-publish","format-standard","has-post-thumbnail","hentry","category-vida-escolar"],"acf":[],"yoast_head":"<!-- This site is optimized with the Yoast SEO plugin v27.1.1 - https:\/\/yoast.com\/product\/yoast-seo-wordpress\/ -->\n<title>Pumahue Chicauma Celebra su quinto d\u00eda Global de Bienestar - Colegio Pumahue Chicauma<\/title>\n<meta name=\"robots\" content=\"index, follow, max-snippet:-1, max-image-preview:large, max-video-preview:-1\" \/>\n<link rel=\"canonical\" href=\"https:\/\/www.pumahue.cl\/chicauma\/noticias\/pumahue-chicauma-celebra-su-quinto-dia-global-de-bienestar\/\" \/>\n<meta property=\"og:locale\" content=\"es_ES\" \/>\n<meta property=\"og:type\" content=\"article\" \/>\n<meta property=\"og:title\" content=\"Pumahue Chicauma Celebra su quinto d\u00eda Global de Bienestar - Colegio Pumahue Chicauma\" \/>\n<meta property=\"og:description\" content=\"Los alumnos de Pumahue Chicauma se unir\u00e1n a m\u00e1s de 85.000 j\u00f3venes de todo el mundo este viernes 29 de septiembre de 2023 para destacar rol fundamental del bienestar en la educaci\u00f3n.\u202fSiendo \u00e9ste el quinto aniversario del evento global, simboliza nuestro continuo compromiso con el bienestar en toda nuestra comunidad escolar. Nuestro colegio interrumpir\u00e1 el [&hellip;]\" \/>\n<meta property=\"og:url\" content=\"https:\/\/www.pumahue.cl\/chicauma\/noticias\/pumahue-chicauma-celebra-su-quinto-dia-global-de-bienestar\/\" \/>\n<meta property=\"og:site_name\" content=\"Colegio Pumahue Chicauma\" \/>\n<meta property=\"article:publisher\" content=\"http:\/\/www.facebook.com\/ColegiosPumahue\" \/>\n<meta property=\"article:published_time\" content=\"2023-09-27T16:00:30+00:00\" \/>\n<meta property=\"og:image\" content=\"https:\/\/www.pumahue.cl\/chicauma\/wp-content\/uploads\/sites\/47\/2023\/09\/MicrosoftTeams-image-3.png\" \/>\n\t<meta property=\"og:image:width\" content=\"836\" \/>\n\t<meta property=\"og:image:height\" content=\"523\" \/>\n\t<meta property=\"og:image:type\" content=\"image\/png\" \/>\n<meta name=\"author\" content=\"jorgedelcampo\" \/>\n<meta name=\"twitter:card\" content=\"summary_large_image\" \/>\n<meta name=\"twitter:label1\" content=\"Escrito por\" \/>\n\t<meta name=\"twitter:data1\" content=\"jorgedelcampo\" \/>\n\t<meta name=\"twitter:label2\" content=\"Tiempo de lectura\" \/>\n\t<meta name=\"twitter:data2\" content=\"1 minuto\" \/>\n<script type=\"application\/ld+json\" class=\"yoast-schema-graph\">{\"@context\":\"https:\/\/schema.org\",\"@graph\":[{\"@type\":\"Article\",\"@id\":\"https:\/\/www.pumahue.cl\/chicauma\/noticias\/pumahue-chicauma-celebra-su-quinto-dia-global-de-bienestar\/#article\",\"isPartOf\":{\"@id\":\"https:\/\/www.pumahue.cl\/chicauma\/noticias\/pumahue-chicauma-celebra-su-quinto-dia-global-de-bienestar\/\"},\"author\":{\"name\":\"jorgedelcampo\",\"@id\":\"https:\/\/www.pumahue.cl\/chicauma\/#\/schema\/person\/0debeea140e397b5d490ee7e553255d8\"},\"headline\":\"Pumahue Chicauma Celebra su quinto d\u00eda Global de Bienestar\",\"datePublished\":\"2023-09-27T16:00:30+00:00\",\"mainEntityOfPage\":{\"@id\":\"https:\/\/www.pumahue.cl\/chicauma\/noticias\/pumahue-chicauma-celebra-su-quinto-dia-global-de-bienestar\/\"},\"wordCount\":251,\"commentCount\":0,\"publisher\":{\"@id\":\"https:\/\/www.pumahue.cl\/chicauma\/#organization\"},\"image\":{\"@id\":\"https:\/\/www.pumahue.cl\/chicauma\/noticias\/pumahue-chicauma-celebra-su-quinto-dia-global-de-bienestar\/#primaryimage\"},\"thumbnailUrl\":\"https:\/\/www.pumahue.cl\/chicauma\/wp-content\/uploads\/sites\/47\/2023\/09\/MicrosoftTeams-image-3.png\",\"articleSection\":[\"Vida escolar\"],\"inLanguage\":\"es\",\"potentialAction\":[{\"@type\":\"CommentAction\",\"name\":\"Comment\",\"target\":[\"https:\/\/www.pumahue.cl\/chicauma\/noticias\/pumahue-chicauma-celebra-su-quinto-dia-global-de-bienestar\/#respond\"]}]},{\"@type\":\"WebPage\",\"@id\":\"https:\/\/www.pumahue.cl\/chicauma\/noticias\/pumahue-chicauma-celebra-su-quinto-dia-global-de-bienestar\/\",\"url\":\"https:\/\/www.pumahue.cl\/chicauma\/noticias\/pumahue-chicauma-celebra-su-quinto-dia-global-de-bienestar\/\",\"name\":\"Pumahue Chicauma Celebra su quinto d\u00eda Global de Bienestar - Colegio Pumahue Chicauma\",\"isPartOf\":{\"@id\":\"https:\/\/www.pumahue.cl\/chicauma\/#website\"},\"primaryImageOfPage\":{\"@id\":\"https:\/\/www.pumahue.cl\/chicauma\/noticias\/pumahue-chicauma-celebra-su-quinto-dia-global-de-bienestar\/#primaryimage\"},\"image\":{\"@id\":\"https:\/\/www.pumahue.cl\/chicauma\/noticias\/pumahue-chicauma-celebra-su-quinto-dia-global-de-bienestar\/#primaryimage\"},\"thumbnailUrl\":\"https:\/\/www.pumahue.cl\/chicauma\/wp-content\/uploads\/sites\/47\/2023\/09\/MicrosoftTeams-image-3.png\",\"datePublished\":\"2023-09-27T16:00:30+00:00\",\"breadcrumb\":{\"@id\":\"https:\/\/www.pumahue.cl\/chicauma\/noticias\/pumahue-chicauma-celebra-su-quinto-dia-global-de-bienestar\/#breadcrumb\"},\"inLanguage\":\"es\",\"potentialAction\":[{\"@type\":\"ReadAction\",\"target\":[\"https:\/\/www.pumahue.cl\/chicauma\/noticias\/pumahue-chicauma-celebra-su-quinto-dia-global-de-bienestar\/\"]}]},{\"@type\":\"ImageObject\",\"inLanguage\":\"es\",\"@id\":\"https:\/\/www.pumahue.cl\/chicauma\/noticias\/pumahue-chicauma-celebra-su-quinto-dia-global-de-bienestar\/#primaryimage\",\"url\":\"https:\/\/www.pumahue.cl\/chicauma\/wp-content\/uploads\/sites\/47\/2023\/09\/MicrosoftTeams-image-3.png\",\"contentUrl\":\"https:\/\/www.pumahue.cl\/chicauma\/wp-content\/uploads\/sites\/47\/2023\/09\/MicrosoftTeams-image-3.png\",\"width\":836,\"height\":523},{\"@type\":\"BreadcrumbList\",\"@id\":\"https:\/\/www.pumahue.cl\/chicauma\/noticias\/pumahue-chicauma-celebra-su-quinto-dia-global-de-bienestar\/#breadcrumb\",\"itemListElement\":[{\"@type\":\"ListItem\",\"position\":1,\"name\":\"Home\",\"item\":\"https:\/\/www.pumahue.cl\/chicauma\/\"},{\"@type\":\"ListItem\",\"position\":2,\"name\":\"Pumahue Chicauma Celebra su quinto d\u00eda Global de Bienestar\"}]},{\"@type\":\"WebSite\",\"@id\":\"https:\/\/www.pumahue.cl\/chicauma\/#website\",\"url\":\"https:\/\/www.pumahue.cl\/chicauma\/\",\"name\":\"Colegio Pumahue Chicauma\",\"description\":\"Parte de Cognita Schools\",\"publisher\":{\"@id\":\"https:\/\/www.pumahue.cl\/chicauma\/#organization\"},\"potentialAction\":[{\"@type\":\"SearchAction\",\"target\":{\"@type\":\"EntryPoint\",\"urlTemplate\":\"https:\/\/www.pumahue.cl\/chicauma\/?s={search_term_string}\"},\"query-input\":{\"@type\":\"PropertyValueSpecification\",\"valueRequired\":true,\"valueName\":\"search_term_string\"}}],\"inLanguage\":\"es\"},{\"@type\":\"Organization\",\"@id\":\"https:\/\/www.pumahue.cl\/chicauma\/#organization\",\"name\":\"Colegio Pumahue Chicauma\",\"url\":\"https:\/\/www.pumahue.cl\/chicauma\/\",\"logo\":{\"@type\":\"ImageObject\",\"inLanguage\":\"es\",\"@id\":\"https:\/\/www.pumahue.cl\/chicauma\/#\/schema\/logo\/image\/\",\"url\":\"https:\/\/www.pumahue.cl\/chicauma\/wp-content\/uploads\/sites\/47\/2025\/02\/cropped-logo_Pumahue_.png\",\"contentUrl\":\"https:\/\/www.pumahue.cl\/chicauma\/wp-content\/uploads\/sites\/47\/2025\/02\/cropped-logo_Pumahue_.png\",\"width\":512,\"height\":512,\"caption\":\"Colegio Pumahue Chicauma\"},\"image\":{\"@id\":\"https:\/\/www.pumahue.cl\/chicauma\/#\/schema\/logo\/image\/\"},\"sameAs\":[\"http:\/\/www.facebook.com\/ColegiosPumahue\",\"https:\/\/www.instagram.com\/colegiopumahue_chicauma\/\",\"https:\/\/www.youtube.com\/@CognitaChile\"]},{\"@type\":\"Person\",\"@id\":\"https:\/\/www.pumahue.cl\/chicauma\/#\/schema\/person\/0debeea140e397b5d490ee7e553255d8\",\"name\":\"jorgedelcampo\",\"image\":{\"@type\":\"ImageObject\",\"inLanguage\":\"es\",\"@id\":\"https:\/\/www.pumahue.cl\/chicauma\/#\/schema\/person\/image\/\",\"url\":\"https:\/\/secure.gravatar.com\/avatar\/4a315f521213b2dc91dbda9bf799f711c8a98ab6f5606ec42cf5b33d1e762e8a?s=96&d=mm&r=g\",\"contentUrl\":\"https:\/\/secure.gravatar.com\/avatar\/4a315f521213b2dc91dbda9bf799f711c8a98ab6f5606ec42cf5b33d1e762e8a?s=96&d=mm&r=g\",\"caption\":\"jorgedelcampo\"}}]}<\/script>\n<!-- \/ Yoast SEO plugin. -->","yoast_head_json":{"title":"Pumahue Chicauma Celebra su quinto d\u00eda Global de Bienestar - Colegio Pumahue Chicauma","robots":{"index":"index","follow":"follow","max-snippet":"max-snippet:-1","max-image-preview":"max-image-preview:large","max-video-preview":"max-video-preview:-1"},"canonical":"https:\/\/www.pumahue.cl\/chicauma\/noticias\/pumahue-chicauma-celebra-su-quinto-dia-global-de-bienestar\/","og_locale":"es_ES","og_type":"article","og_title":"Pumahue Chicauma Celebra su quinto d\u00eda Global de Bienestar - Colegio Pumahue Chicauma","og_description":"Los alumnos de Pumahue Chicauma se unir\u00e1n a m\u00e1s de 85.000 j\u00f3venes de todo el mundo este viernes 29 de septiembre de 2023 para destacar rol fundamental del bienestar en la educaci\u00f3n.\u202fSiendo \u00e9ste el quinto aniversario del evento global, simboliza nuestro continuo compromiso con el bienestar en toda nuestra comunidad escolar. Nuestro colegio interrumpir\u00e1 el [&hellip;]","og_url":"https:\/\/www.pumahue.cl\/chicauma\/noticias\/pumahue-chicauma-celebra-su-quinto-dia-global-de-bienestar\/","og_site_name":"Colegio Pumahue Chicauma","article_publisher":"http:\/\/www.facebook.com\/ColegiosPumahue","article_published_time":"2023-09-27T16:00:30+00:00","og_image":[{"width":836,"height":523,"url":"https:\/\/www.pumahue.cl\/chicauma\/wp-content\/uploads\/sites\/47\/2023\/09\/MicrosoftTeams-image-3.png","type":"image\/png"}],"author":"jorgedelcampo","twitter_card":"summary_large_image","twitter_misc":{"Escrito por":"jorgedelcampo","Tiempo de lectura":"1 minuto"},"schema":{"@context":"https:\/\/schema.org","@graph":[{"@type":"Article","@id":"https:\/\/www.pumahue.cl\/chicauma\/noticias\/pumahue-chicauma-celebra-su-quinto-dia-global-de-bienestar\/#article","isPartOf":{"@id":"https:\/\/www.pumahue.cl\/chicauma\/noticias\/pumahue-chicauma-celebra-su-quinto-dia-global-de-bienestar\/"},"author":{"name":"jorgedelcampo","@id":"https:\/\/www.pumahue.cl\/chicauma\/#\/schema\/person\/0debeea140e397b5d490ee7e553255d8"},"headline":"Pumahue Chicauma Celebra su quinto d\u00eda Global de Bienestar","datePublished":"2023-09-27T16:00:30+00:00","mainEntityOfPage":{"@id":"https:\/\/www.pumahue.cl\/chicauma\/noticias\/pumahue-chicauma-celebra-su-quinto-dia-global-de-bienestar\/"},"wordCount":251,"commentCount":0,"publisher":{"@id":"https:\/\/www.pumahue.cl\/chicauma\/#organization"},"image":{"@id":"https:\/\/www.pumahue.cl\/chicauma\/noticias\/pumahue-chicauma-celebra-su-quinto-dia-global-de-bienestar\/#primaryimage"},"thumbnailUrl":"https:\/\/www.pumahue.cl\/chicauma\/wp-content\/uploads\/sites\/47\/2023\/09\/MicrosoftTeams-image-3.png","articleSection":["Vida escolar"],"inLanguage":"es","potentialAction":[{"@type":"CommentAction","name":"Comment","target":["https:\/\/www.pumahue.cl\/chicauma\/noticias\/pumahue-chicauma-celebra-su-quinto-dia-global-de-bienestar\/#respond"]}]},{"@type":"WebPage","@id":"https:\/\/www.pumahue.cl\/chicauma\/noticias\/pumahue-chicauma-celebra-su-quinto-dia-global-de-bienestar\/","url":"https:\/\/www.pumahue.cl\/chicauma\/noticias\/pumahue-chicauma-celebra-su-quinto-dia-global-de-bienestar\/","name":"Pumahue Chicauma Celebra su quinto d\u00eda Global de Bienestar - Colegio Pumahue Chicauma","isPartOf":{"@id":"https:\/\/www.pumahue.cl\/chicauma\/#website"},"primaryImageOfPage":{"@id":"https:\/\/www.pumahue.cl\/chicauma\/noticias\/pumahue-chicauma-celebra-su-quinto-dia-global-de-bienestar\/#primaryimage"},"image":{"@id":"https:\/\/www.pumahue.cl\/chicauma\/noticias\/pumahue-chicauma-celebra-su-quinto-dia-global-de-bienestar\/#primaryimage"},"thumbnailUrl":"https:\/\/www.pumahue.cl\/chicauma\/wp-content\/uploads\/sites\/47\/2023\/09\/MicrosoftTeams-image-3.png","datePublished":"2023-09-27T16:00:30+00:00","breadcrumb":{"@id":"https:\/\/www.pumahue.cl\/chicauma\/noticias\/pumahue-chicauma-celebra-su-quinto-dia-global-de-bienestar\/#breadcrumb"},"inLanguage":"es","potentialAction":[{"@type":"ReadAction","target":["https:\/\/www.pumahue.cl\/chicauma\/noticias\/pumahue-chicauma-celebra-su-quinto-dia-global-de-bienestar\/"]}]},{"@type":"ImageObject","inLanguage":"es","@id":"https:\/\/www.pumahue.cl\/chicauma\/noticias\/pumahue-chicauma-celebra-su-quinto-dia-global-de-bienestar\/#primaryimage","url":"https:\/\/www.pumahue.cl\/chicauma\/wp-content\/uploads\/sites\/47\/2023\/09\/MicrosoftTeams-image-3.png","contentUrl":"https:\/\/www.pumahue.cl\/chicauma\/wp-content\/uploads\/sites\/47\/2023\/09\/MicrosoftTeams-image-3.png","width":836,"height":523},{"@type":"BreadcrumbList","@id":"https:\/\/www.pumahue.cl\/chicauma\/noticias\/pumahue-chicauma-celebra-su-quinto-dia-global-de-bienestar\/#breadcrumb","itemListElement":[{"@type":"ListItem","position":1,"name":"Home","item":"https:\/\/www.pumahue.cl\/chicauma\/"},{"@type":"ListItem","position":2,"name":"Pumahue Chicauma Celebra su quinto d\u00eda Global de Bienestar"}]},{"@type":"WebSite","@id":"https:\/\/www.pumahue.cl\/chicauma\/#website","url":"https:\/\/www.pumahue.cl\/chicauma\/","name":"Colegio Pumahue Chicauma","description":"Parte de Cognita Schools","publisher":{"@id":"https:\/\/www.pumahue.cl\/chicauma\/#organization"},"potentialAction":[{"@type":"SearchAction","target":{"@type":"EntryPoint","urlTemplate":"https:\/\/www.pumahue.cl\/chicauma\/?s={search_term_string}"},"query-input":{"@type":"PropertyValueSpecification","valueRequired":true,"valueName":"search_term_string"}}],"inLanguage":"es"},{"@type":"Organization","@id":"https:\/\/www.pumahue.cl\/chicauma\/#organization","name":"Colegio Pumahue Chicauma","url":"https:\/\/www.pumahue.cl\/chicauma\/","logo":{"@type":"ImageObject","inLanguage":"es","@id":"https:\/\/www.pumahue.cl\/chicauma\/#\/schema\/logo\/image\/","url":"https:\/\/www.pumahue.cl\/chicauma\/wp-content\/uploads\/sites\/47\/2025\/02\/cropped-logo_Pumahue_.png","contentUrl":"https:\/\/www.pumahue.cl\/chicauma\/wp-content\/uploads\/sites\/47\/2025\/02\/cropped-logo_Pumahue_.png","width":512,"height":512,"caption":"Colegio Pumahue Chicauma"},"image":{"@id":"https:\/\/www.pumahue.cl\/chicauma\/#\/schema\/logo\/image\/"},"sameAs":["http:\/\/www.facebook.com\/ColegiosPumahue","https:\/\/www.instagram.com\/colegiopumahue_chicauma\/","https:\/\/www.youtube.com\/@CognitaChile"]},{"@type":"Person","@id":"https:\/\/www.pumahue.cl\/chicauma\/#\/schema\/person\/0debeea140e397b5d490ee7e553255d8","name":"jorgedelcampo","image":{"@type":"ImageObject","inLanguage":"es","@id":"https:\/\/www.pumahue.cl\/chicauma\/#\/schema\/person\/image\/","url":"https:\/\/secure.gravatar.com\/avatar\/4a315f521213b2dc91dbda9bf799f711c8a98ab6f5606ec42cf5b33d1e762e8a?s=96&d=mm&r=g","contentUrl":"https:\/\/secure.gravatar.com\/avatar\/4a315f521213b2dc91dbda9bf799f711c8a98ab6f5606ec42cf5b33d1e762e8a?s=96&d=mm&r=g","caption":"jorgedelcampo"}}]}},"jetpack_featured_media_url":"https:\/\/www.pumahue.cl\/chicauma\/wp-content\/uploads\/sites\/47\/2023\/09\/MicrosoftTeams-image-3.png","previous_post_ID":14946,"previous_post_title":"Nueva charla de campa\u00f1a #Hablemos","previous_post_excerpt":"Como parte de las actividades de nuestra campa\u00f1a anual de Salvaguarda&nbsp;#Hablemos, se realizar\u00e1 este&nbsp;5 de octubre, una interesante charla de&nbsp;\u201cPrevenci\u00f3n de Conducta Suicida en Estudiantes\u201d orientada a nuestras familias,&nbsp;realizada por Paulina del R\u00edo, especialista en el tema y miembro de la Comisi\u00f3n de Alto Nivel de Salud Mental y Covid-19 de la Organizaci\u00f3n Panamericana de [&hellip;]","previous_post_link":"https:\/\/www.pumahue.cl\/chicauma\/noticias\/nueva-charla-de-campana-hablemos\/","previous_post_class":["post-14946","post","type-post","status-publish","format-standard","has-post-thumbnail","hentry","category-vida-escolar"],"next_post_ID":14964,"next_post_title":"Jornada de Integraci\u00f3n de Viaje de Intercambio UK","next_post_excerpt":"El pasado s\u00e1bado 30 de septiembre se realiz\u00f3 una exitosa Jornada de Integraci\u00f3n del Programa de Intercambio UK en el Colegio Pumahue Chicureo. Este evento fue organizado para padres y estudiantes, previo al viaje que el 3 de noviembre inician 60 j\u00f3venes de la red Cognita Chile. La jornada de integraci\u00f3n, que se realiza previo [&hellip;]","next_post_link":"https:\/\/www.pumahue.cl\/chicauma\/noticias\/jornada-de-integracion-de-viaje-de-intercambio-uk\/","next_post_class":["post-14964","post","type-post","status-publish","format-standard","has-post-thumbnail","hentry","category-vida-escolar"],"jetpack_sharing_enabled":true,"_links":{"self":[{"href":"https:\/\/www.pumahue.cl\/chicauma\/wp-json\/wp\/v2\/posts\/14949","targetHints":{"allow":["GET"]}}],"collection":[{"href":"https:\/\/www.pumahue.cl\/chicauma\/wp-json\/wp\/v2\/posts"}],"about":[{"href":"https:\/\/www.pumahue.cl\/chicauma\/wp-json\/wp\/v2\/types\/post"}],"author":[{"embeddable":true,"href":"https:\/\/www.pumahue.cl\/chicauma\/wp-json\/wp\/v2\/users\/14"}],"replies":[{"embeddable":true,"href":"https:\/\/www.pumahue.cl\/chicauma\/wp-json\/wp\/v2\/comments?post=14949"}],"version-history":[{"count":0,"href":"https:\/\/www.pumahue.cl\/chicauma\/wp-json\/wp\/v2\/posts\/14949\/revisions"}],"wp:featuredmedia":[{"embeddable":true,"href":"https:\/\/www.pumahue.cl\/chicauma\/wp-json\/wp\/v2\/media\/14951"}],"wp:attachment":[{"href":"https:\/\/www.pumahue.cl\/chicauma\/wp-json\/wp\/v2\/media?parent=14949"}],"wp:term":[{"taxonomy":"category","embeddable":true,"href":"https:\/\/www.pumahue.cl\/chicauma\/wp-json\/wp\/v2\/categories?post=14949"},{"taxonomy":"post_tag","embeddable":true,"href":"https:\/\/www.pumahue.cl\/chicauma\/wp-json\/wp\/v2\/tags?post=14949"}],"curies":[{"name":"wp","href":"https:\/\/api.w.org\/{rel}","templated":true}]}}