{"id":14839,"date":"2022-02-28T17:49:45","date_gmt":"2022-02-28T20:49:45","guid":{"rendered":"http:\/\/pumahue.cl\/chicureo\/?p=14839"},"modified":"2025-06-02T15:11:03","modified_gmt":"2025-06-02T19:11:03","slug":"jornada-de-articulacion-alumnos-nuevos-de-1-basico-%f0%9f%91%ab","status":"publish","type":"post","link":"https:\/\/www.pumahue.cl\/chicureo\/noticias\/jornada-de-articulacion-alumnos-nuevos-de-1-basico-%f0%9f%91%ab\/","title":{"rendered":"Jornada de articulaci\u00f3n alumnos nuevos de 1\u00b0 B\u00e1sico \ud83d\udc6b"},"content":{"rendered":"<p>Porque la adaptaci\u00f3n de nuestros alumnos es lo m\u00e1s importante, realizamos una Jornada de Articulaci\u00f3n para todos los alumnos nuevos de 1\u00b0 B\u00e1sico.Este encuentro se realiz\u00f3 el este lunes 28 de febrero a partir de las 10:30 horas y estuvo dirigido por las profesoras.<br \/>\na las 10:30 horas y estar\u00e1 dirigida por las profesoras. Los ni\u00f1os compartieron diversas actividades y compartieron un mini snack. Estaban todos muy contentos de estar juntos de manera presencial conociendo este nuevo colegio para ellos.<\/p>\n<p>Agradecemos mucho la colaboraci\u00f3n de los padres, ya que esta actividad nos permite acompa\u00f1ar a nuestros ni\u00f1os y ni\u00f1as en este paso tan importante.<\/p>\n<p>[multimedia id=&#8221;1&#8243;]<\/p>\n"},"excerpt":{"rendered":"<p>Porque la adaptaci\u00f3n de nuestros alumnos es lo m\u00e1s importante, realizamos una Jornada de Articulaci\u00f3n para todos los alumnos nuevos de 1\u00b0 B\u00e1sico.Este encuentro se realiz\u00f3 el este lunes 28 de febrero a partir de las 10:30 horas y estuvo dirigido por las profesoras. a las 10:30 horas y estar\u00e1 dirigida por las profesoras. Los [&hellip;]<\/p>\n","protected":false},"author":14,"featured_media":14843,"comment_status":"open","ping_status":"open","sticky":false,"template":"","format":"standard","meta":{"_acf_changed":false,"content-type":"","_jetpack_memberships_contains_paid_content":false,"footnotes":""},"categories":[1],"tags":[],"class_list":["post-14839","post","type-post","status-publish","format-standard","has-post-thumbnail","hentry","category-vida-escolar"],"acf":[],"yoast_head":"<!-- This site is optimized with the Yoast SEO plugin v27.1.1 - https:\/\/yoast.com\/product\/yoast-seo-wordpress\/ -->\n<title>Jornada de articulaci\u00f3n alumnos nuevos de 1\u00b0 B\u00e1sico \ud83d\udc6b - Colegio Pumahue Chicureo<\/title>\n<meta name=\"robots\" content=\"index, follow, max-snippet:-1, max-image-preview:large, max-video-preview:-1\" \/>\n<link rel=\"canonical\" href=\"https:\/\/www.pumahue.cl\/chicureo\/noticias\/jornada-de-articulacion-alumnos-nuevos-de-1-basico-\ud83d\udc6b\/\" \/>\n<meta property=\"og:locale\" content=\"es_ES\" \/>\n<meta property=\"og:type\" content=\"article\" \/>\n<meta property=\"og:title\" content=\"Jornada de articulaci\u00f3n alumnos nuevos de 1\u00b0 B\u00e1sico \ud83d\udc6b - Colegio Pumahue Chicureo\" \/>\n<meta property=\"og:description\" content=\"Porque la adaptaci\u00f3n de nuestros alumnos es lo m\u00e1s importante, realizamos una Jornada de Articulaci\u00f3n para todos los alumnos nuevos de 1\u00b0 B\u00e1sico.Este encuentro se realiz\u00f3 el este lunes 28 de febrero a partir de las 10:30 horas y estuvo dirigido por las profesoras. a las 10:30 horas y estar\u00e1 dirigida por las profesoras. Los [&hellip;]\" \/>\n<meta property=\"og:url\" content=\"https:\/\/www.pumahue.cl\/chicureo\/noticias\/jornada-de-articulacion-alumnos-nuevos-de-1-basico-\ud83d\udc6b\/\" \/>\n<meta property=\"og:site_name\" content=\"Colegio Pumahue Chicureo\" \/>\n<meta property=\"article:published_time\" content=\"2022-02-28T20:49:45+00:00\" \/>\n<meta property=\"article:modified_time\" content=\"2025-06-02T19:11:03+00:00\" \/>\n<meta property=\"og:image\" content=\"https:\/\/www.pumahue.cl\/chicureo\/wp-content\/uploads\/sites\/46\/2025\/02\/cropped-logo_Pumahue_.png\" \/>\n\t<meta property=\"og:image:width\" content=\"512\" \/>\n\t<meta property=\"og:image:height\" content=\"512\" \/>\n\t<meta property=\"og:image:type\" content=\"image\/png\" \/>\n<meta name=\"author\" content=\"jorgedelcampo\" \/>\n<meta name=\"twitter:card\" content=\"summary_large_image\" \/>\n<meta name=\"twitter:label1\" content=\"Escrito por\" \/>\n\t<meta name=\"twitter:data1\" content=\"jorgedelcampo\" \/>\n\t<meta name=\"twitter:label2\" content=\"Tiempo de lectura\" \/>\n\t<meta name=\"twitter:data2\" content=\"1 minuto\" \/>\n<script type=\"application\/ld+json\" class=\"yoast-schema-graph\">{\"@context\":\"https:\/\/schema.org\",\"@graph\":[{\"@type\":\"Article\",\"@id\":\"https:\/\/www.pumahue.cl\/chicureo\/noticias\/jornada-de-articulacion-alumnos-nuevos-de-1-basico-%f0%9f%91%ab\/#article\",\"isPartOf\":{\"@id\":\"https:\/\/www.pumahue.cl\/chicureo\/noticias\/jornada-de-articulacion-alumnos-nuevos-de-1-basico-%f0%9f%91%ab\/\"},\"author\":{\"name\":\"jorgedelcampo\",\"@id\":\"https:\/\/www.pumahue.cl\/chicureo\/#\/schema\/person\/0debeea140e397b5d490ee7e553255d8\"},\"headline\":\"Jornada de articulaci\u00f3n alumnos nuevos de 1\u00b0 B\u00e1sico \ud83d\udc6b\",\"datePublished\":\"2022-02-28T20:49:45+00:00\",\"dateModified\":\"2025-06-02T19:11:03+00:00\",\"mainEntityOfPage\":{\"@id\":\"https:\/\/www.pumahue.cl\/chicureo\/noticias\/jornada-de-articulacion-alumnos-nuevos-de-1-basico-%f0%9f%91%ab\/\"},\"wordCount\":121,\"commentCount\":0,\"image\":{\"@id\":\"https:\/\/www.pumahue.cl\/chicureo\/noticias\/jornada-de-articulacion-alumnos-nuevos-de-1-basico-%f0%9f%91%ab\/#primaryimage\"},\"thumbnailUrl\":\"\",\"articleSection\":[\"Vida escolar\"],\"inLanguage\":\"es\",\"potentialAction\":[{\"@type\":\"CommentAction\",\"name\":\"Comment\",\"target\":[\"https:\/\/www.pumahue.cl\/chicureo\/noticias\/jornada-de-articulacion-alumnos-nuevos-de-1-basico-%f0%9f%91%ab\/#respond\"]}]},{\"@type\":\"WebPage\",\"@id\":\"https:\/\/www.pumahue.cl\/chicureo\/noticias\/jornada-de-articulacion-alumnos-nuevos-de-1-basico-%f0%9f%91%ab\/\",\"url\":\"https:\/\/www.pumahue.cl\/chicureo\/noticias\/jornada-de-articulacion-alumnos-nuevos-de-1-basico-%f0%9f%91%ab\/\",\"name\":\"Jornada de articulaci\u00f3n alumnos nuevos de 1\u00b0 B\u00e1sico \ud83d\udc6b - Colegio Pumahue Chicureo\",\"isPartOf\":{\"@id\":\"https:\/\/www.pumahue.cl\/chicureo\/#website\"},\"primaryImageOfPage\":{\"@id\":\"https:\/\/www.pumahue.cl\/chicureo\/noticias\/jornada-de-articulacion-alumnos-nuevos-de-1-basico-%f0%9f%91%ab\/#primaryimage\"},\"image\":{\"@id\":\"https:\/\/www.pumahue.cl\/chicureo\/noticias\/jornada-de-articulacion-alumnos-nuevos-de-1-basico-%f0%9f%91%ab\/#primaryimage\"},\"thumbnailUrl\":\"\",\"datePublished\":\"2022-02-28T20:49:45+00:00\",\"dateModified\":\"2025-06-02T19:11:03+00:00\",\"author\":{\"@id\":\"https:\/\/www.pumahue.cl\/chicureo\/#\/schema\/person\/0debeea140e397b5d490ee7e553255d8\"},\"breadcrumb\":{\"@id\":\"https:\/\/www.pumahue.cl\/chicureo\/noticias\/jornada-de-articulacion-alumnos-nuevos-de-1-basico-%f0%9f%91%ab\/#breadcrumb\"},\"inLanguage\":\"es\",\"potentialAction\":[{\"@type\":\"ReadAction\",\"target\":[\"https:\/\/www.pumahue.cl\/chicureo\/noticias\/jornada-de-articulacion-alumnos-nuevos-de-1-basico-%f0%9f%91%ab\/\"]}]},{\"@type\":\"ImageObject\",\"inLanguage\":\"es\",\"@id\":\"https:\/\/www.pumahue.cl\/chicureo\/noticias\/jornada-de-articulacion-alumnos-nuevos-de-1-basico-%f0%9f%91%ab\/#primaryimage\",\"url\":\"\",\"contentUrl\":\"\"},{\"@type\":\"BreadcrumbList\",\"@id\":\"https:\/\/www.pumahue.cl\/chicureo\/noticias\/jornada-de-articulacion-alumnos-nuevos-de-1-basico-%f0%9f%91%ab\/#breadcrumb\",\"itemListElement\":[{\"@type\":\"ListItem\",\"position\":1,\"name\":\"Home\",\"item\":\"https:\/\/www.pumahue.cl\/chicureo\/\"},{\"@type\":\"ListItem\",\"position\":2,\"name\":\"Jornada de articulaci\u00f3n alumnos nuevos de 1\u00b0 B\u00e1sico \ud83d\udc6b\"}]},{\"@type\":\"WebSite\",\"@id\":\"https:\/\/www.pumahue.cl\/chicureo\/#website\",\"url\":\"https:\/\/www.pumahue.cl\/chicureo\/\",\"name\":\"Colegio Pumahue Chicureo\",\"description\":\"Parte de Cognita Schools\",\"potentialAction\":[{\"@type\":\"SearchAction\",\"target\":{\"@type\":\"EntryPoint\",\"urlTemplate\":\"https:\/\/www.pumahue.cl\/chicureo\/?s={search_term_string}\"},\"query-input\":{\"@type\":\"PropertyValueSpecification\",\"valueRequired\":true,\"valueName\":\"search_term_string\"}}],\"inLanguage\":\"es\"},{\"@type\":\"Person\",\"@id\":\"https:\/\/www.pumahue.cl\/chicureo\/#\/schema\/person\/0debeea140e397b5d490ee7e553255d8\",\"name\":\"jorgedelcampo\",\"image\":{\"@type\":\"ImageObject\",\"inLanguage\":\"es\",\"@id\":\"https:\/\/www.pumahue.cl\/chicureo\/#\/schema\/person\/image\/\",\"url\":\"https:\/\/secure.gravatar.com\/avatar\/4a315f521213b2dc91dbda9bf799f711c8a98ab6f5606ec42cf5b33d1e762e8a?s=96&d=mm&r=g\",\"contentUrl\":\"https:\/\/secure.gravatar.com\/avatar\/4a315f521213b2dc91dbda9bf799f711c8a98ab6f5606ec42cf5b33d1e762e8a?s=96&d=mm&r=g\",\"caption\":\"jorgedelcampo\"}}]}<\/script>\n<!-- \/ Yoast SEO plugin. -->","yoast_head_json":{"title":"Jornada de articulaci\u00f3n alumnos nuevos de 1\u00b0 B\u00e1sico \ud83d\udc6b - Colegio Pumahue Chicureo","robots":{"index":"index","follow":"follow","max-snippet":"max-snippet:-1","max-image-preview":"max-image-preview:large","max-video-preview":"max-video-preview:-1"},"canonical":"https:\/\/www.pumahue.cl\/chicureo\/noticias\/jornada-de-articulacion-alumnos-nuevos-de-1-basico-\ud83d\udc6b\/","og_locale":"es_ES","og_type":"article","og_title":"Jornada de articulaci\u00f3n alumnos nuevos de 1\u00b0 B\u00e1sico \ud83d\udc6b - Colegio Pumahue Chicureo","og_description":"Porque la adaptaci\u00f3n de nuestros alumnos es lo m\u00e1s importante, realizamos una Jornada de Articulaci\u00f3n para todos los alumnos nuevos de 1\u00b0 B\u00e1sico.Este encuentro se realiz\u00f3 el este lunes 28 de febrero a partir de las 10:30 horas y estuvo dirigido por las profesoras. a las 10:30 horas y estar\u00e1 dirigida por las profesoras. Los [&hellip;]","og_url":"https:\/\/www.pumahue.cl\/chicureo\/noticias\/jornada-de-articulacion-alumnos-nuevos-de-1-basico-\ud83d\udc6b\/","og_site_name":"Colegio Pumahue Chicureo","article_published_time":"2022-02-28T20:49:45+00:00","article_modified_time":"2025-06-02T19:11:03+00:00","og_image":[{"width":512,"height":512,"url":"https:\/\/www.pumahue.cl\/chicureo\/wp-content\/uploads\/sites\/46\/2025\/02\/cropped-logo_Pumahue_.png","type":"image\/png"}],"author":"jorgedelcampo","twitter_card":"summary_large_image","twitter_misc":{"Escrito por":"jorgedelcampo","Tiempo de lectura":"1 minuto"},"schema":{"@context":"https:\/\/schema.org","@graph":[{"@type":"Article","@id":"https:\/\/www.pumahue.cl\/chicureo\/noticias\/jornada-de-articulacion-alumnos-nuevos-de-1-basico-%f0%9f%91%ab\/#article","isPartOf":{"@id":"https:\/\/www.pumahue.cl\/chicureo\/noticias\/jornada-de-articulacion-alumnos-nuevos-de-1-basico-%f0%9f%91%ab\/"},"author":{"name":"jorgedelcampo","@id":"https:\/\/www.pumahue.cl\/chicureo\/#\/schema\/person\/0debeea140e397b5d490ee7e553255d8"},"headline":"Jornada de articulaci\u00f3n alumnos nuevos de 1\u00b0 B\u00e1sico \ud83d\udc6b","datePublished":"2022-02-28T20:49:45+00:00","dateModified":"2025-06-02T19:11:03+00:00","mainEntityOfPage":{"@id":"https:\/\/www.pumahue.cl\/chicureo\/noticias\/jornada-de-articulacion-alumnos-nuevos-de-1-basico-%f0%9f%91%ab\/"},"wordCount":121,"commentCount":0,"image":{"@id":"https:\/\/www.pumahue.cl\/chicureo\/noticias\/jornada-de-articulacion-alumnos-nuevos-de-1-basico-%f0%9f%91%ab\/#primaryimage"},"thumbnailUrl":"","articleSection":["Vida escolar"],"inLanguage":"es","potentialAction":[{"@type":"CommentAction","name":"Comment","target":["https:\/\/www.pumahue.cl\/chicureo\/noticias\/jornada-de-articulacion-alumnos-nuevos-de-1-basico-%f0%9f%91%ab\/#respond"]}]},{"@type":"WebPage","@id":"https:\/\/www.pumahue.cl\/chicureo\/noticias\/jornada-de-articulacion-alumnos-nuevos-de-1-basico-%f0%9f%91%ab\/","url":"https:\/\/www.pumahue.cl\/chicureo\/noticias\/jornada-de-articulacion-alumnos-nuevos-de-1-basico-%f0%9f%91%ab\/","name":"Jornada de articulaci\u00f3n alumnos nuevos de 1\u00b0 B\u00e1sico \ud83d\udc6b - Colegio Pumahue Chicureo","isPartOf":{"@id":"https:\/\/www.pumahue.cl\/chicureo\/#website"},"primaryImageOfPage":{"@id":"https:\/\/www.pumahue.cl\/chicureo\/noticias\/jornada-de-articulacion-alumnos-nuevos-de-1-basico-%f0%9f%91%ab\/#primaryimage"},"image":{"@id":"https:\/\/www.pumahue.cl\/chicureo\/noticias\/jornada-de-articulacion-alumnos-nuevos-de-1-basico-%f0%9f%91%ab\/#primaryimage"},"thumbnailUrl":"","datePublished":"2022-02-28T20:49:45+00:00","dateModified":"2025-06-02T19:11:03+00:00","author":{"@id":"https:\/\/www.pumahue.cl\/chicureo\/#\/schema\/person\/0debeea140e397b5d490ee7e553255d8"},"breadcrumb":{"@id":"https:\/\/www.pumahue.cl\/chicureo\/noticias\/jornada-de-articulacion-alumnos-nuevos-de-1-basico-%f0%9f%91%ab\/#breadcrumb"},"inLanguage":"es","potentialAction":[{"@type":"ReadAction","target":["https:\/\/www.pumahue.cl\/chicureo\/noticias\/jornada-de-articulacion-alumnos-nuevos-de-1-basico-%f0%9f%91%ab\/"]}]},{"@type":"ImageObject","inLanguage":"es","@id":"https:\/\/www.pumahue.cl\/chicureo\/noticias\/jornada-de-articulacion-alumnos-nuevos-de-1-basico-%f0%9f%91%ab\/#primaryimage","url":"","contentUrl":""},{"@type":"BreadcrumbList","@id":"https:\/\/www.pumahue.cl\/chicureo\/noticias\/jornada-de-articulacion-alumnos-nuevos-de-1-basico-%f0%9f%91%ab\/#breadcrumb","itemListElement":[{"@type":"ListItem","position":1,"name":"Home","item":"https:\/\/www.pumahue.cl\/chicureo\/"},{"@type":"ListItem","position":2,"name":"Jornada de articulaci\u00f3n alumnos nuevos de 1\u00b0 B\u00e1sico \ud83d\udc6b"}]},{"@type":"WebSite","@id":"https:\/\/www.pumahue.cl\/chicureo\/#website","url":"https:\/\/www.pumahue.cl\/chicureo\/","name":"Colegio Pumahue Chicureo","description":"Parte de Cognita Schools","potentialAction":[{"@type":"SearchAction","target":{"@type":"EntryPoint","urlTemplate":"https:\/\/www.pumahue.cl\/chicureo\/?s={search_term_string}"},"query-input":{"@type":"PropertyValueSpecification","valueRequired":true,"valueName":"search_term_string"}}],"inLanguage":"es"},{"@type":"Person","@id":"https:\/\/www.pumahue.cl\/chicureo\/#\/schema\/person\/0debeea140e397b5d490ee7e553255d8","name":"jorgedelcampo","image":{"@type":"ImageObject","inLanguage":"es","@id":"https:\/\/www.pumahue.cl\/chicureo\/#\/schema\/person\/image\/","url":"https:\/\/secure.gravatar.com\/avatar\/4a315f521213b2dc91dbda9bf799f711c8a98ab6f5606ec42cf5b33d1e762e8a?s=96&d=mm&r=g","contentUrl":"https:\/\/secure.gravatar.com\/avatar\/4a315f521213b2dc91dbda9bf799f711c8a98ab6f5606ec42cf5b33d1e762e8a?s=96&d=mm&r=g","caption":"jorgedelcampo"}}]}},"jetpack_featured_media_url":"","previous_post_ID":14821,"previous_post_title":"Bienvenidos A\u00f1o Escolar 2022","previous_post_excerpt":"Querida Familia Pumahue Chicureo: Pr\u00f3ximos a iniciar un nuevo a\u00f1o acad\u00e9mico, como colegio estamos en un continuo crecimiento, desarroll\u00e1ndose de la mejor manera para el logro de aprendizajes significativos para nuestros estudiantes en un marco de alegr\u00eda y respeto. Por esta raz\u00f3n, hemos preparado un documento que contempla los aspectos m\u00e1s importantes y generales del [&hellip;]","previous_post_link":"https:\/\/www.pumahue.cl\/chicureo\/noticias\/bienvenidos-ano-escolar-2022\/","previous_post_class":["post-14821","post","type-post","status-publish","format-standard","has-post-thumbnail","hentry","category-vida-escolar"],"next_post_ID":14850,"next_post_title":"\u00daltimo Primer d\u00eda de clases - Generaci\u00f3n 2022 IV Medio","next_post_excerpt":"Como es tradici\u00f3n, en nuestro colegio Pumahue Chicureo celebramos el &#8220;\u00daltimo primer d\u00eda de clases&#8221; de nuestros alumnos de IV Medio &#8211; Generaci\u00f3n 2022. Nuestros alumnos llegaron acompa\u00f1ados de sus padres, al igual que lo hicieron en su primer d\u00eda de clases hace 14 a\u00f1os. Todo comenz\u00f3 con una asamblea en el audit\u00f3rium y luego [&hellip;]","next_post_link":"https:\/\/www.pumahue.cl\/chicureo\/noticias\/ultimo-primer-dia-de-clases-generacion-2022-iv-medio\/","next_post_class":["post-14850","post","type-post","status-publish","format-standard","has-post-thumbnail","hentry","category-vida-escolar"],"jetpack_sharing_enabled":true,"_links":{"self":[{"href":"https:\/\/www.pumahue.cl\/chicureo\/wp-json\/wp\/v2\/posts\/14839","targetHints":{"allow":["GET"]}}],"collection":[{"href":"https:\/\/www.pumahue.cl\/chicureo\/wp-json\/wp\/v2\/posts"}],"about":[{"href":"https:\/\/www.pumahue.cl\/chicureo\/wp-json\/wp\/v2\/types\/post"}],"author":[{"embeddable":true,"href":"https:\/\/www.pumahue.cl\/chicureo\/wp-json\/wp\/v2\/users\/14"}],"replies":[{"embeddable":true,"href":"https:\/\/www.pumahue.cl\/chicureo\/wp-json\/wp\/v2\/comments?post=14839"}],"version-history":[{"count":1,"href":"https:\/\/www.pumahue.cl\/chicureo\/wp-json\/wp\/v2\/posts\/14839\/revisions"}],"predecessor-version":[{"id":128134,"href":"https:\/\/www.pumahue.cl\/chicureo\/wp-json\/wp\/v2\/posts\/14839\/revisions\/128134"}],"wp:featuredmedia":[{"embeddable":true,"href":"https:\/\/www.pumahue.cl\/chicureo\/wp-json\/"}],"wp:attachment":[{"href":"https:\/\/www.pumahue.cl\/chicureo\/wp-json\/wp\/v2\/media?parent=14839"}],"wp:term":[{"taxonomy":"category","embeddable":true,"href":"https:\/\/www.pumahue.cl\/chicureo\/wp-json\/wp\/v2\/categories?post=14839"},{"taxonomy":"post_tag","embeddable":true,"href":"https:\/\/www.pumahue.cl\/chicureo\/wp-json\/wp\/v2\/tags?post=14839"}],"curies":[{"name":"wp","href":"https:\/\/api.w.org\/{rel}","templated":true}]}}