{"id":15389,"date":"2022-04-18T21:50:14","date_gmt":"2022-04-19T01:50:14","guid":{"rendered":"http:\/\/pumahue.cl\/chicureo\/?p=15389"},"modified":"2022-04-18T21:50:14","modified_gmt":"2022-04-19T01:50:14","slug":"inicio-del-programa-valorico-en-educacion-parvularia","status":"publish","type":"post","link":"https:\/\/www.pumahue.cl\/chicureo\/noticias\/inicio-del-programa-valorico-en-educacion-parvularia\/","title":{"rendered":"Inicio del Programa Val\u00f3rico en Educaci\u00f3n Parvularia"},"content":{"rendered":"<p>En el marco de nuestro programa Formativo Val\u00f3rico, en el ciclo de Educaci\u00f3n Parvularia dimos la bienvenida a Pumahuito y Pumahuita con una obra realizada por nuestras educadoras donde se destacan los valores institucionales de nuestro Proyecto Educativo. Los ni\u00f1os y ni\u00f1as que cada semana destaquen por su esfuerzo podr\u00e1n llevar a su casa un peluche de nuestras queridas mascotas, donde podr\u00e1n registrar las actividades que hagan con. Cada semana ser\u00e1 la oportunidad de una ni\u00f1a y un ni\u00f1o.<\/p>\n<p>#PumahueChicureo #CognitaWay<\/p>\n<p>[multimedia id=&#8221;1&#8243;]<\/p>\n"},"excerpt":{"rendered":"<p>En el marco de nuestro programa Formativo Val\u00f3rico, en el ciclo de Educaci\u00f3n Parvularia dimos la bienvenida a Pumahuito y Pumahuita con una obra realizada por nuestras educadoras donde se destacan los valores institucionales de nuestro Proyecto Educativo. Los ni\u00f1os y ni\u00f1as que cada semana destaquen por su esfuerzo podr\u00e1n llevar a su casa un [&hellip;]<\/p>\n","protected":false},"author":14,"featured_media":15392,"comment_status":"open","ping_status":"open","sticky":false,"template":"","format":"standard","meta":{"_acf_changed":false,"content-type":"","_jetpack_memberships_contains_paid_content":false,"footnotes":""},"categories":[1],"tags":[],"class_list":["post-15389","post","type-post","status-publish","format-standard","has-post-thumbnail","hentry","category-vida-escolar"],"acf":[],"yoast_head":"<!-- This site is optimized with the Yoast SEO plugin v27.1.1 - https:\/\/yoast.com\/product\/yoast-seo-wordpress\/ -->\n<title>Inicio del Programa Val\u00f3rico en Educaci\u00f3n Parvularia - Colegio Pumahue Chicureo<\/title>\n<meta name=\"robots\" content=\"index, follow, max-snippet:-1, max-image-preview:large, max-video-preview:-1\" \/>\n<link rel=\"canonical\" href=\"https:\/\/www.pumahue.cl\/chicureo\/noticias\/inicio-del-programa-valorico-en-educacion-parvularia\/\" \/>\n<meta property=\"og:locale\" content=\"es_ES\" \/>\n<meta property=\"og:type\" content=\"article\" \/>\n<meta property=\"og:title\" content=\"Inicio del Programa Val\u00f3rico en Educaci\u00f3n Parvularia - Colegio Pumahue Chicureo\" \/>\n<meta property=\"og:description\" content=\"En el marco de nuestro programa Formativo Val\u00f3rico, en el ciclo de Educaci\u00f3n Parvularia dimos la bienvenida a Pumahuito y Pumahuita con una obra realizada por nuestras educadoras donde se destacan los valores institucionales de nuestro Proyecto Educativo. Los ni\u00f1os y ni\u00f1as que cada semana destaquen por su esfuerzo podr\u00e1n llevar a su casa un [&hellip;]\" \/>\n<meta property=\"og:url\" content=\"https:\/\/www.pumahue.cl\/chicureo\/noticias\/inicio-del-programa-valorico-en-educacion-parvularia\/\" \/>\n<meta property=\"og:site_name\" content=\"Colegio Pumahue Chicureo\" \/>\n<meta property=\"article:published_time\" content=\"2022-04-19T01:50:14+00:00\" \/>\n<meta property=\"og:image\" content=\"https:\/\/www.pumahue.cl\/chicureo\/wp-content\/uploads\/sites\/46\/2025\/02\/cropped-logo_Pumahue_.png\" \/>\n\t<meta property=\"og:image:width\" content=\"512\" \/>\n\t<meta property=\"og:image:height\" content=\"512\" \/>\n\t<meta property=\"og:image:type\" content=\"image\/png\" \/>\n<meta name=\"author\" content=\"jorgedelcampo\" \/>\n<meta name=\"twitter:card\" content=\"summary_large_image\" \/>\n<meta name=\"twitter:label1\" content=\"Escrito por\" \/>\n\t<meta name=\"twitter:data1\" content=\"jorgedelcampo\" \/>\n<script type=\"application\/ld+json\" class=\"yoast-schema-graph\">{\"@context\":\"https:\/\/schema.org\",\"@graph\":[{\"@type\":\"Article\",\"@id\":\"https:\/\/www.pumahue.cl\/chicureo\/noticias\/inicio-del-programa-valorico-en-educacion-parvularia\/#article\",\"isPartOf\":{\"@id\":\"https:\/\/www.pumahue.cl\/chicureo\/noticias\/inicio-del-programa-valorico-en-educacion-parvularia\/\"},\"author\":{\"name\":\"jorgedelcampo\",\"@id\":\"https:\/\/www.pumahue.cl\/chicureo\/#\/schema\/person\/0debeea140e397b5d490ee7e553255d8\"},\"headline\":\"Inicio del Programa Val\u00f3rico en Educaci\u00f3n Parvularia\",\"datePublished\":\"2022-04-19T01:50:14+00:00\",\"mainEntityOfPage\":{\"@id\":\"https:\/\/www.pumahue.cl\/chicureo\/noticias\/inicio-del-programa-valorico-en-educacion-parvularia\/\"},\"wordCount\":100,\"commentCount\":0,\"image\":{\"@id\":\"https:\/\/www.pumahue.cl\/chicureo\/noticias\/inicio-del-programa-valorico-en-educacion-parvularia\/#primaryimage\"},\"thumbnailUrl\":\"\",\"articleSection\":[\"Vida escolar\"],\"inLanguage\":\"es\",\"potentialAction\":[{\"@type\":\"CommentAction\",\"name\":\"Comment\",\"target\":[\"https:\/\/www.pumahue.cl\/chicureo\/noticias\/inicio-del-programa-valorico-en-educacion-parvularia\/#respond\"]}]},{\"@type\":\"WebPage\",\"@id\":\"https:\/\/www.pumahue.cl\/chicureo\/noticias\/inicio-del-programa-valorico-en-educacion-parvularia\/\",\"url\":\"https:\/\/www.pumahue.cl\/chicureo\/noticias\/inicio-del-programa-valorico-en-educacion-parvularia\/\",\"name\":\"Inicio del Programa Val\u00f3rico en Educaci\u00f3n Parvularia - Colegio Pumahue Chicureo\",\"isPartOf\":{\"@id\":\"https:\/\/www.pumahue.cl\/chicureo\/#website\"},\"primaryImageOfPage\":{\"@id\":\"https:\/\/www.pumahue.cl\/chicureo\/noticias\/inicio-del-programa-valorico-en-educacion-parvularia\/#primaryimage\"},\"image\":{\"@id\":\"https:\/\/www.pumahue.cl\/chicureo\/noticias\/inicio-del-programa-valorico-en-educacion-parvularia\/#primaryimage\"},\"thumbnailUrl\":\"\",\"datePublished\":\"2022-04-19T01:50:14+00:00\",\"author\":{\"@id\":\"https:\/\/www.pumahue.cl\/chicureo\/#\/schema\/person\/0debeea140e397b5d490ee7e553255d8\"},\"breadcrumb\":{\"@id\":\"https:\/\/www.pumahue.cl\/chicureo\/noticias\/inicio-del-programa-valorico-en-educacion-parvularia\/#breadcrumb\"},\"inLanguage\":\"es\",\"potentialAction\":[{\"@type\":\"ReadAction\",\"target\":[\"https:\/\/www.pumahue.cl\/chicureo\/noticias\/inicio-del-programa-valorico-en-educacion-parvularia\/\"]}]},{\"@type\":\"ImageObject\",\"inLanguage\":\"es\",\"@id\":\"https:\/\/www.pumahue.cl\/chicureo\/noticias\/inicio-del-programa-valorico-en-educacion-parvularia\/#primaryimage\",\"url\":\"\",\"contentUrl\":\"\"},{\"@type\":\"BreadcrumbList\",\"@id\":\"https:\/\/www.pumahue.cl\/chicureo\/noticias\/inicio-del-programa-valorico-en-educacion-parvularia\/#breadcrumb\",\"itemListElement\":[{\"@type\":\"ListItem\",\"position\":1,\"name\":\"Home\",\"item\":\"https:\/\/www.pumahue.cl\/chicureo\/\"},{\"@type\":\"ListItem\",\"position\":2,\"name\":\"Inicio del Programa Val\u00f3rico en Educaci\u00f3n Parvularia\"}]},{\"@type\":\"WebSite\",\"@id\":\"https:\/\/www.pumahue.cl\/chicureo\/#website\",\"url\":\"https:\/\/www.pumahue.cl\/chicureo\/\",\"name\":\"Colegio Pumahue Chicureo\",\"description\":\"Parte de Cognita Schools\",\"potentialAction\":[{\"@type\":\"SearchAction\",\"target\":{\"@type\":\"EntryPoint\",\"urlTemplate\":\"https:\/\/www.pumahue.cl\/chicureo\/?s={search_term_string}\"},\"query-input\":{\"@type\":\"PropertyValueSpecification\",\"valueRequired\":true,\"valueName\":\"search_term_string\"}}],\"inLanguage\":\"es\"},{\"@type\":\"Person\",\"@id\":\"https:\/\/www.pumahue.cl\/chicureo\/#\/schema\/person\/0debeea140e397b5d490ee7e553255d8\",\"name\":\"jorgedelcampo\",\"image\":{\"@type\":\"ImageObject\",\"inLanguage\":\"es\",\"@id\":\"https:\/\/www.pumahue.cl\/chicureo\/#\/schema\/person\/image\/\",\"url\":\"https:\/\/secure.gravatar.com\/avatar\/4a315f521213b2dc91dbda9bf799f711c8a98ab6f5606ec42cf5b33d1e762e8a?s=96&d=mm&r=g\",\"contentUrl\":\"https:\/\/secure.gravatar.com\/avatar\/4a315f521213b2dc91dbda9bf799f711c8a98ab6f5606ec42cf5b33d1e762e8a?s=96&d=mm&r=g\",\"caption\":\"jorgedelcampo\"}}]}<\/script>\n<!-- \/ Yoast SEO plugin. -->","yoast_head_json":{"title":"Inicio del Programa Val\u00f3rico en Educaci\u00f3n Parvularia - Colegio Pumahue Chicureo","robots":{"index":"index","follow":"follow","max-snippet":"max-snippet:-1","max-image-preview":"max-image-preview:large","max-video-preview":"max-video-preview:-1"},"canonical":"https:\/\/www.pumahue.cl\/chicureo\/noticias\/inicio-del-programa-valorico-en-educacion-parvularia\/","og_locale":"es_ES","og_type":"article","og_title":"Inicio del Programa Val\u00f3rico en Educaci\u00f3n Parvularia - Colegio Pumahue Chicureo","og_description":"En el marco de nuestro programa Formativo Val\u00f3rico, en el ciclo de Educaci\u00f3n Parvularia dimos la bienvenida a Pumahuito y Pumahuita con una obra realizada por nuestras educadoras donde se destacan los valores institucionales de nuestro Proyecto Educativo. Los ni\u00f1os y ni\u00f1as que cada semana destaquen por su esfuerzo podr\u00e1n llevar a su casa un [&hellip;]","og_url":"https:\/\/www.pumahue.cl\/chicureo\/noticias\/inicio-del-programa-valorico-en-educacion-parvularia\/","og_site_name":"Colegio Pumahue Chicureo","article_published_time":"2022-04-19T01:50:14+00:00","og_image":[{"width":512,"height":512,"url":"https:\/\/www.pumahue.cl\/chicureo\/wp-content\/uploads\/sites\/46\/2025\/02\/cropped-logo_Pumahue_.png","type":"image\/png"}],"author":"jorgedelcampo","twitter_card":"summary_large_image","twitter_misc":{"Escrito por":"jorgedelcampo"},"schema":{"@context":"https:\/\/schema.org","@graph":[{"@type":"Article","@id":"https:\/\/www.pumahue.cl\/chicureo\/noticias\/inicio-del-programa-valorico-en-educacion-parvularia\/#article","isPartOf":{"@id":"https:\/\/www.pumahue.cl\/chicureo\/noticias\/inicio-del-programa-valorico-en-educacion-parvularia\/"},"author":{"name":"jorgedelcampo","@id":"https:\/\/www.pumahue.cl\/chicureo\/#\/schema\/person\/0debeea140e397b5d490ee7e553255d8"},"headline":"Inicio del Programa Val\u00f3rico en Educaci\u00f3n Parvularia","datePublished":"2022-04-19T01:50:14+00:00","mainEntityOfPage":{"@id":"https:\/\/www.pumahue.cl\/chicureo\/noticias\/inicio-del-programa-valorico-en-educacion-parvularia\/"},"wordCount":100,"commentCount":0,"image":{"@id":"https:\/\/www.pumahue.cl\/chicureo\/noticias\/inicio-del-programa-valorico-en-educacion-parvularia\/#primaryimage"},"thumbnailUrl":"","articleSection":["Vida escolar"],"inLanguage":"es","potentialAction":[{"@type":"CommentAction","name":"Comment","target":["https:\/\/www.pumahue.cl\/chicureo\/noticias\/inicio-del-programa-valorico-en-educacion-parvularia\/#respond"]}]},{"@type":"WebPage","@id":"https:\/\/www.pumahue.cl\/chicureo\/noticias\/inicio-del-programa-valorico-en-educacion-parvularia\/","url":"https:\/\/www.pumahue.cl\/chicureo\/noticias\/inicio-del-programa-valorico-en-educacion-parvularia\/","name":"Inicio del Programa Val\u00f3rico en Educaci\u00f3n Parvularia - Colegio Pumahue Chicureo","isPartOf":{"@id":"https:\/\/www.pumahue.cl\/chicureo\/#website"},"primaryImageOfPage":{"@id":"https:\/\/www.pumahue.cl\/chicureo\/noticias\/inicio-del-programa-valorico-en-educacion-parvularia\/#primaryimage"},"image":{"@id":"https:\/\/www.pumahue.cl\/chicureo\/noticias\/inicio-del-programa-valorico-en-educacion-parvularia\/#primaryimage"},"thumbnailUrl":"","datePublished":"2022-04-19T01:50:14+00:00","author":{"@id":"https:\/\/www.pumahue.cl\/chicureo\/#\/schema\/person\/0debeea140e397b5d490ee7e553255d8"},"breadcrumb":{"@id":"https:\/\/www.pumahue.cl\/chicureo\/noticias\/inicio-del-programa-valorico-en-educacion-parvularia\/#breadcrumb"},"inLanguage":"es","potentialAction":[{"@type":"ReadAction","target":["https:\/\/www.pumahue.cl\/chicureo\/noticias\/inicio-del-programa-valorico-en-educacion-parvularia\/"]}]},{"@type":"ImageObject","inLanguage":"es","@id":"https:\/\/www.pumahue.cl\/chicureo\/noticias\/inicio-del-programa-valorico-en-educacion-parvularia\/#primaryimage","url":"","contentUrl":""},{"@type":"BreadcrumbList","@id":"https:\/\/www.pumahue.cl\/chicureo\/noticias\/inicio-del-programa-valorico-en-educacion-parvularia\/#breadcrumb","itemListElement":[{"@type":"ListItem","position":1,"name":"Home","item":"https:\/\/www.pumahue.cl\/chicureo\/"},{"@type":"ListItem","position":2,"name":"Inicio del Programa Val\u00f3rico en Educaci\u00f3n Parvularia"}]},{"@type":"WebSite","@id":"https:\/\/www.pumahue.cl\/chicureo\/#website","url":"https:\/\/www.pumahue.cl\/chicureo\/","name":"Colegio Pumahue Chicureo","description":"Parte de Cognita Schools","potentialAction":[{"@type":"SearchAction","target":{"@type":"EntryPoint","urlTemplate":"https:\/\/www.pumahue.cl\/chicureo\/?s={search_term_string}"},"query-input":{"@type":"PropertyValueSpecification","valueRequired":true,"valueName":"search_term_string"}}],"inLanguage":"es"},{"@type":"Person","@id":"https:\/\/www.pumahue.cl\/chicureo\/#\/schema\/person\/0debeea140e397b5d490ee7e553255d8","name":"jorgedelcampo","image":{"@type":"ImageObject","inLanguage":"es","@id":"https:\/\/www.pumahue.cl\/chicureo\/#\/schema\/person\/image\/","url":"https:\/\/secure.gravatar.com\/avatar\/4a315f521213b2dc91dbda9bf799f711c8a98ab6f5606ec42cf5b33d1e762e8a?s=96&d=mm&r=g","contentUrl":"https:\/\/secure.gravatar.com\/avatar\/4a315f521213b2dc91dbda9bf799f711c8a98ab6f5606ec42cf5b33d1e762e8a?s=96&d=mm&r=g","caption":"jorgedelcampo"}}]}},"jetpack_featured_media_url":"","previous_post_ID":15385,"previous_post_title":"Y color\u00edn colorado, \u00a1La lectura ha iniciado!","previous_post_excerpt":"El pasado 5 de abril, el Ciclo de Educaci\u00f3n B\u00e1sica invit\u00f3 a todos los apoderados a un Taller de Lenguaje dictado por Pamela Acu\u00f1a, Psicopedagoga Coach Pedag\u00f3gica de Santillana Compartir, quien entreg\u00f3 herramientas de c\u00f3mo incentivar la lectura en los ni\u00f1os, la importancia de generar el h\u00e1bito y motivaci\u00f3n por esta. Para quienes no pudieron [&hellip;]","previous_post_link":"https:\/\/www.pumahue.cl\/chicureo\/noticias\/y-colorin-colorado-la-lectura-ha-iniciado\/","previous_post_class":["post-15385","post","type-post","status-publish","format-standard","has-post-thumbnail","hentry","category-vida-escolar"],"next_post_ID":15405,"next_post_title":"Rescatando el Invernadero","next_post_excerpt":"Nuestro colegio Pumahue Chicureo siempre con una visi\u00f3n del medioambiente y ecolog\u00eda, tiene un invernadero en uno de los patios de Ense\u00f1anza Media. La verdad es que con la pandemia, este lugar perdi\u00f3 toda su validez como tal. Hasta que los alumnos de 7\u00b0 B\u00e1sico A en conjunto con los alumnos del III Medio B [&hellip;]","next_post_link":"https:\/\/www.pumahue.cl\/chicureo\/noticias\/rescatando-el-invernadero\/","next_post_class":["post-15405","post","type-post","status-publish","format-standard","has-post-thumbnail","hentry","category-vida-escolar"],"jetpack_sharing_enabled":true,"_links":{"self":[{"href":"https:\/\/www.pumahue.cl\/chicureo\/wp-json\/wp\/v2\/posts\/15389","targetHints":{"allow":["GET"]}}],"collection":[{"href":"https:\/\/www.pumahue.cl\/chicureo\/wp-json\/wp\/v2\/posts"}],"about":[{"href":"https:\/\/www.pumahue.cl\/chicureo\/wp-json\/wp\/v2\/types\/post"}],"author":[{"embeddable":true,"href":"https:\/\/www.pumahue.cl\/chicureo\/wp-json\/wp\/v2\/users\/14"}],"replies":[{"embeddable":true,"href":"https:\/\/www.pumahue.cl\/chicureo\/wp-json\/wp\/v2\/comments?post=15389"}],"version-history":[{"count":0,"href":"https:\/\/www.pumahue.cl\/chicureo\/wp-json\/wp\/v2\/posts\/15389\/revisions"}],"wp:featuredmedia":[{"embeddable":true,"href":"https:\/\/www.pumahue.cl\/chicureo\/wp-json\/"}],"wp:attachment":[{"href":"https:\/\/www.pumahue.cl\/chicureo\/wp-json\/wp\/v2\/media?parent=15389"}],"wp:term":[{"taxonomy":"category","embeddable":true,"href":"https:\/\/www.pumahue.cl\/chicureo\/wp-json\/wp\/v2\/categories?post=15389"},{"taxonomy":"post_tag","embeddable":true,"href":"https:\/\/www.pumahue.cl\/chicureo\/wp-json\/wp\/v2\/tags?post=15389"}],"curies":[{"name":"wp","href":"https:\/\/api.w.org\/{rel}","templated":true}]}}