{"id":15529,"date":"2022-04-26T09:23:40","date_gmt":"2022-04-26T13:23:40","guid":{"rendered":"http:\/\/pumahue.cl\/chicureo\/?p=15529"},"modified":"2022-04-26T09:23:40","modified_gmt":"2022-04-26T13:23:40","slug":"charla-emprendimiento-empresarial","status":"publish","type":"post","link":"https:\/\/www.pumahue.cl\/chicureo\/noticias\/charla-emprendimiento-empresarial\/","title":{"rendered":"Charla Emprendimiento Empresarial"},"content":{"rendered":"<p>Los alumnos de III Medio fueron invitados a una charla de Emprendimiento Empresarial, en el marco del inicio de nuestro Programa Sello. Los profesores a cargo Sr. Patricio Carrasco y Miss Valerie N\u00fa\u00f1ez motivaron a los alumnos cont\u00e1ndoles sobre lo que trata este curso y lo beneficioso que puede ser para ellos. Este curso est\u00e1 dirigido para los estudiantes de este nivel y busca entregarles herramientas para desarrollar habilidades para enfrentar la vida con una visi\u00f3n global del futuro.<\/p>\n<p>#PumahueChicureo #Cognita Way #ProgramaSello #EmprendimientoEmpresarial<\/p>\n<p>[multimedia id=&#8221;1&#8243;]<\/p>\n"},"excerpt":{"rendered":"<p>Los alumnos de III Medio fueron invitados a una charla de Emprendimiento Empresarial, en el marco del inicio de nuestro Programa Sello. Los profesores a cargo Sr. Patricio Carrasco y Miss Valerie N\u00fa\u00f1ez motivaron a los alumnos cont\u00e1ndoles sobre lo que trata este curso y lo beneficioso que puede ser para ellos. Este curso est\u00e1 [&hellip;]<\/p>\n","protected":false},"author":14,"featured_media":15532,"comment_status":"open","ping_status":"open","sticky":false,"template":"","format":"standard","meta":{"_acf_changed":false,"content-type":"","_jetpack_memberships_contains_paid_content":false,"footnotes":""},"categories":[1],"tags":[],"class_list":["post-15529","post","type-post","status-publish","format-standard","has-post-thumbnail","hentry","category-vida-escolar"],"acf":[],"yoast_head":"<!-- This site is optimized with the Yoast SEO plugin v27.1.1 - https:\/\/yoast.com\/product\/yoast-seo-wordpress\/ -->\n<title>Charla Emprendimiento Empresarial - Colegio Pumahue Chicureo<\/title>\n<meta name=\"robots\" content=\"index, follow, max-snippet:-1, max-image-preview:large, max-video-preview:-1\" \/>\n<link rel=\"canonical\" href=\"https:\/\/www.pumahue.cl\/chicureo\/noticias\/charla-emprendimiento-empresarial\/\" \/>\n<meta property=\"og:locale\" content=\"es_ES\" \/>\n<meta property=\"og:type\" content=\"article\" \/>\n<meta property=\"og:title\" content=\"Charla Emprendimiento Empresarial - Colegio Pumahue Chicureo\" \/>\n<meta property=\"og:description\" content=\"Los alumnos de III Medio fueron invitados a una charla de Emprendimiento Empresarial, en el marco del inicio de nuestro Programa Sello. Los profesores a cargo Sr. Patricio Carrasco y Miss Valerie N\u00fa\u00f1ez motivaron a los alumnos cont\u00e1ndoles sobre lo que trata este curso y lo beneficioso que puede ser para ellos. Este curso est\u00e1 [&hellip;]\" \/>\n<meta property=\"og:url\" content=\"https:\/\/www.pumahue.cl\/chicureo\/noticias\/charla-emprendimiento-empresarial\/\" \/>\n<meta property=\"og:site_name\" content=\"Colegio Pumahue Chicureo\" \/>\n<meta property=\"article:published_time\" content=\"2022-04-26T13:23:40+00:00\" \/>\n<meta property=\"og:image\" content=\"https:\/\/www.pumahue.cl\/chicureo\/wp-content\/uploads\/sites\/46\/2022\/04\/Emprendimiento-Empresarial-2022-3.jpg?w=1024\" \/>\n\t<meta property=\"og:image:width\" content=\"1024\" \/>\n\t<meta property=\"og:image:height\" content=\"1024\" \/>\n\t<meta property=\"og:image:type\" content=\"image\/jpeg\" \/>\n<meta name=\"author\" content=\"jorgedelcampo\" \/>\n<meta name=\"twitter:card\" content=\"summary_large_image\" \/>\n<meta name=\"twitter:label1\" content=\"Escrito por\" \/>\n\t<meta name=\"twitter:data1\" content=\"jorgedelcampo\" \/>\n<script type=\"application\/ld+json\" class=\"yoast-schema-graph\">{\"@context\":\"https:\/\/schema.org\",\"@graph\":[{\"@type\":\"Article\",\"@id\":\"https:\/\/www.pumahue.cl\/chicureo\/noticias\/charla-emprendimiento-empresarial\/#article\",\"isPartOf\":{\"@id\":\"https:\/\/www.pumahue.cl\/chicureo\/noticias\/charla-emprendimiento-empresarial\/\"},\"author\":{\"name\":\"jorgedelcampo\",\"@id\":\"https:\/\/www.pumahue.cl\/chicureo\/#\/schema\/person\/0debeea140e397b5d490ee7e553255d8\"},\"headline\":\"Charla Emprendimiento Empresarial\",\"datePublished\":\"2022-04-26T13:23:40+00:00\",\"mainEntityOfPage\":{\"@id\":\"https:\/\/www.pumahue.cl\/chicureo\/noticias\/charla-emprendimiento-empresarial\/\"},\"wordCount\":92,\"commentCount\":0,\"image\":{\"@id\":\"https:\/\/www.pumahue.cl\/chicureo\/noticias\/charla-emprendimiento-empresarial\/#primaryimage\"},\"thumbnailUrl\":\"https:\/\/www.pumahue.cl\/chicureo\/wp-content\/uploads\/sites\/46\/2022\/04\/Emprendimiento-Empresarial-2022-3.jpg\",\"articleSection\":[\"Vida escolar\"],\"inLanguage\":\"es\",\"potentialAction\":[{\"@type\":\"CommentAction\",\"name\":\"Comment\",\"target\":[\"https:\/\/www.pumahue.cl\/chicureo\/noticias\/charla-emprendimiento-empresarial\/#respond\"]}]},{\"@type\":\"WebPage\",\"@id\":\"https:\/\/www.pumahue.cl\/chicureo\/noticias\/charla-emprendimiento-empresarial\/\",\"url\":\"https:\/\/www.pumahue.cl\/chicureo\/noticias\/charla-emprendimiento-empresarial\/\",\"name\":\"Charla Emprendimiento Empresarial - Colegio Pumahue Chicureo\",\"isPartOf\":{\"@id\":\"https:\/\/www.pumahue.cl\/chicureo\/#website\"},\"primaryImageOfPage\":{\"@id\":\"https:\/\/www.pumahue.cl\/chicureo\/noticias\/charla-emprendimiento-empresarial\/#primaryimage\"},\"image\":{\"@id\":\"https:\/\/www.pumahue.cl\/chicureo\/noticias\/charla-emprendimiento-empresarial\/#primaryimage\"},\"thumbnailUrl\":\"https:\/\/www.pumahue.cl\/chicureo\/wp-content\/uploads\/sites\/46\/2022\/04\/Emprendimiento-Empresarial-2022-3.jpg\",\"datePublished\":\"2022-04-26T13:23:40+00:00\",\"author\":{\"@id\":\"https:\/\/www.pumahue.cl\/chicureo\/#\/schema\/person\/0debeea140e397b5d490ee7e553255d8\"},\"breadcrumb\":{\"@id\":\"https:\/\/www.pumahue.cl\/chicureo\/noticias\/charla-emprendimiento-empresarial\/#breadcrumb\"},\"inLanguage\":\"es\",\"potentialAction\":[{\"@type\":\"ReadAction\",\"target\":[\"https:\/\/www.pumahue.cl\/chicureo\/noticias\/charla-emprendimiento-empresarial\/\"]}]},{\"@type\":\"ImageObject\",\"inLanguage\":\"es\",\"@id\":\"https:\/\/www.pumahue.cl\/chicureo\/noticias\/charla-emprendimiento-empresarial\/#primaryimage\",\"url\":\"https:\/\/www.pumahue.cl\/chicureo\/wp-content\/uploads\/sites\/46\/2022\/04\/Emprendimiento-Empresarial-2022-3.jpg\",\"contentUrl\":\"https:\/\/www.pumahue.cl\/chicureo\/wp-content\/uploads\/sites\/46\/2022\/04\/Emprendimiento-Empresarial-2022-3.jpg\"},{\"@type\":\"BreadcrumbList\",\"@id\":\"https:\/\/www.pumahue.cl\/chicureo\/noticias\/charla-emprendimiento-empresarial\/#breadcrumb\",\"itemListElement\":[{\"@type\":\"ListItem\",\"position\":1,\"name\":\"Home\",\"item\":\"https:\/\/www.pumahue.cl\/chicureo\/\"},{\"@type\":\"ListItem\",\"position\":2,\"name\":\"Charla Emprendimiento Empresarial\"}]},{\"@type\":\"WebSite\",\"@id\":\"https:\/\/www.pumahue.cl\/chicureo\/#website\",\"url\":\"https:\/\/www.pumahue.cl\/chicureo\/\",\"name\":\"Colegio Pumahue Chicureo\",\"description\":\"Parte de Cognita Schools\",\"potentialAction\":[{\"@type\":\"SearchAction\",\"target\":{\"@type\":\"EntryPoint\",\"urlTemplate\":\"https:\/\/www.pumahue.cl\/chicureo\/?s={search_term_string}\"},\"query-input\":{\"@type\":\"PropertyValueSpecification\",\"valueRequired\":true,\"valueName\":\"search_term_string\"}}],\"inLanguage\":\"es\"},{\"@type\":\"Person\",\"@id\":\"https:\/\/www.pumahue.cl\/chicureo\/#\/schema\/person\/0debeea140e397b5d490ee7e553255d8\",\"name\":\"jorgedelcampo\",\"image\":{\"@type\":\"ImageObject\",\"inLanguage\":\"es\",\"@id\":\"https:\/\/www.pumahue.cl\/chicureo\/#\/schema\/person\/image\/\",\"url\":\"https:\/\/secure.gravatar.com\/avatar\/4a315f521213b2dc91dbda9bf799f711c8a98ab6f5606ec42cf5b33d1e762e8a?s=96&d=mm&r=g\",\"contentUrl\":\"https:\/\/secure.gravatar.com\/avatar\/4a315f521213b2dc91dbda9bf799f711c8a98ab6f5606ec42cf5b33d1e762e8a?s=96&d=mm&r=g\",\"caption\":\"jorgedelcampo\"}}]}<\/script>\n<!-- \/ Yoast SEO plugin. -->","yoast_head_json":{"title":"Charla Emprendimiento Empresarial - Colegio Pumahue Chicureo","robots":{"index":"index","follow":"follow","max-snippet":"max-snippet:-1","max-image-preview":"max-image-preview:large","max-video-preview":"max-video-preview:-1"},"canonical":"https:\/\/www.pumahue.cl\/chicureo\/noticias\/charla-emprendimiento-empresarial\/","og_locale":"es_ES","og_type":"article","og_title":"Charla Emprendimiento Empresarial - Colegio Pumahue Chicureo","og_description":"Los alumnos de III Medio fueron invitados a una charla de Emprendimiento Empresarial, en el marco del inicio de nuestro Programa Sello. Los profesores a cargo Sr. Patricio Carrasco y Miss Valerie N\u00fa\u00f1ez motivaron a los alumnos cont\u00e1ndoles sobre lo que trata este curso y lo beneficioso que puede ser para ellos. Este curso est\u00e1 [&hellip;]","og_url":"https:\/\/www.pumahue.cl\/chicureo\/noticias\/charla-emprendimiento-empresarial\/","og_site_name":"Colegio Pumahue Chicureo","article_published_time":"2022-04-26T13:23:40+00:00","og_image":[{"url":"https:\/\/www.pumahue.cl\/chicureo\/wp-content\/uploads\/sites\/46\/2022\/04\/Emprendimiento-Empresarial-2022-3.jpg?w=1024","width":1024,"height":1024,"type":"image\/jpeg"}],"author":"jorgedelcampo","twitter_card":"summary_large_image","twitter_misc":{"Escrito por":"jorgedelcampo"},"schema":{"@context":"https:\/\/schema.org","@graph":[{"@type":"Article","@id":"https:\/\/www.pumahue.cl\/chicureo\/noticias\/charla-emprendimiento-empresarial\/#article","isPartOf":{"@id":"https:\/\/www.pumahue.cl\/chicureo\/noticias\/charla-emprendimiento-empresarial\/"},"author":{"name":"jorgedelcampo","@id":"https:\/\/www.pumahue.cl\/chicureo\/#\/schema\/person\/0debeea140e397b5d490ee7e553255d8"},"headline":"Charla Emprendimiento Empresarial","datePublished":"2022-04-26T13:23:40+00:00","mainEntityOfPage":{"@id":"https:\/\/www.pumahue.cl\/chicureo\/noticias\/charla-emprendimiento-empresarial\/"},"wordCount":92,"commentCount":0,"image":{"@id":"https:\/\/www.pumahue.cl\/chicureo\/noticias\/charla-emprendimiento-empresarial\/#primaryimage"},"thumbnailUrl":"https:\/\/www.pumahue.cl\/chicureo\/wp-content\/uploads\/sites\/46\/2022\/04\/Emprendimiento-Empresarial-2022-3.jpg","articleSection":["Vida escolar"],"inLanguage":"es","potentialAction":[{"@type":"CommentAction","name":"Comment","target":["https:\/\/www.pumahue.cl\/chicureo\/noticias\/charla-emprendimiento-empresarial\/#respond"]}]},{"@type":"WebPage","@id":"https:\/\/www.pumahue.cl\/chicureo\/noticias\/charla-emprendimiento-empresarial\/","url":"https:\/\/www.pumahue.cl\/chicureo\/noticias\/charla-emprendimiento-empresarial\/","name":"Charla Emprendimiento Empresarial - Colegio Pumahue Chicureo","isPartOf":{"@id":"https:\/\/www.pumahue.cl\/chicureo\/#website"},"primaryImageOfPage":{"@id":"https:\/\/www.pumahue.cl\/chicureo\/noticias\/charla-emprendimiento-empresarial\/#primaryimage"},"image":{"@id":"https:\/\/www.pumahue.cl\/chicureo\/noticias\/charla-emprendimiento-empresarial\/#primaryimage"},"thumbnailUrl":"https:\/\/www.pumahue.cl\/chicureo\/wp-content\/uploads\/sites\/46\/2022\/04\/Emprendimiento-Empresarial-2022-3.jpg","datePublished":"2022-04-26T13:23:40+00:00","author":{"@id":"https:\/\/www.pumahue.cl\/chicureo\/#\/schema\/person\/0debeea140e397b5d490ee7e553255d8"},"breadcrumb":{"@id":"https:\/\/www.pumahue.cl\/chicureo\/noticias\/charla-emprendimiento-empresarial\/#breadcrumb"},"inLanguage":"es","potentialAction":[{"@type":"ReadAction","target":["https:\/\/www.pumahue.cl\/chicureo\/noticias\/charla-emprendimiento-empresarial\/"]}]},{"@type":"ImageObject","inLanguage":"es","@id":"https:\/\/www.pumahue.cl\/chicureo\/noticias\/charla-emprendimiento-empresarial\/#primaryimage","url":"https:\/\/www.pumahue.cl\/chicureo\/wp-content\/uploads\/sites\/46\/2022\/04\/Emprendimiento-Empresarial-2022-3.jpg","contentUrl":"https:\/\/www.pumahue.cl\/chicureo\/wp-content\/uploads\/sites\/46\/2022\/04\/Emprendimiento-Empresarial-2022-3.jpg"},{"@type":"BreadcrumbList","@id":"https:\/\/www.pumahue.cl\/chicureo\/noticias\/charla-emprendimiento-empresarial\/#breadcrumb","itemListElement":[{"@type":"ListItem","position":1,"name":"Home","item":"https:\/\/www.pumahue.cl\/chicureo\/"},{"@type":"ListItem","position":2,"name":"Charla Emprendimiento Empresarial"}]},{"@type":"WebSite","@id":"https:\/\/www.pumahue.cl\/chicureo\/#website","url":"https:\/\/www.pumahue.cl\/chicureo\/","name":"Colegio Pumahue Chicureo","description":"Parte de Cognita Schools","potentialAction":[{"@type":"SearchAction","target":{"@type":"EntryPoint","urlTemplate":"https:\/\/www.pumahue.cl\/chicureo\/?s={search_term_string}"},"query-input":{"@type":"PropertyValueSpecification","valueRequired":true,"valueName":"search_term_string"}}],"inLanguage":"es"},{"@type":"Person","@id":"https:\/\/www.pumahue.cl\/chicureo\/#\/schema\/person\/0debeea140e397b5d490ee7e553255d8","name":"jorgedelcampo","image":{"@type":"ImageObject","inLanguage":"es","@id":"https:\/\/www.pumahue.cl\/chicureo\/#\/schema\/person\/image\/","url":"https:\/\/secure.gravatar.com\/avatar\/4a315f521213b2dc91dbda9bf799f711c8a98ab6f5606ec42cf5b33d1e762e8a?s=96&d=mm&r=g","contentUrl":"https:\/\/secure.gravatar.com\/avatar\/4a315f521213b2dc91dbda9bf799f711c8a98ab6f5606ec42cf5b33d1e762e8a?s=96&d=mm&r=g","caption":"jorgedelcampo"}}]}},"jetpack_featured_media_url":"https:\/\/www.pumahue.cl\/chicureo\/wp-content\/uploads\/sites\/46\/2022\/04\/Emprendimiento-Empresarial-2022-3.jpg","previous_post_ID":15522,"previous_post_title":"Charla L\u00edderes del Ma\u00f1ana","previous_post_excerpt":"Los alumnos de II Medio fueron invitados a una charla de L\u00edderes del Ma\u00f1ana, en el marco del inicio de nuestro Programa Sello. Los monitores, Miss Sof\u00eda Zahoran junto al profesor Sr. Ismael Araya contaron a los alumnos en qu\u00e9 consiste este curso. El objetivo principal es poder entregarles herramientas desde el liderazgo que les [&hellip;]","previous_post_link":"https:\/\/www.pumahue.cl\/chicureo\/noticias\/charla-lideres-del-manana\/","previous_post_class":["post-15522","post","type-post","status-publish","format-standard","has-post-thumbnail","hentry","category-vida-escolar"],"next_post_ID":15537,"next_post_title":"Aprendiendo matem\u00e1ticas al aire libre","next_post_excerpt":"Para nuestro colegio es fundamental que nuestros estudiantes realicen actividades diferenciadoras enfocadas en el trabajo colaborativo y descubrimiento del alumno, pues es esencial para que el desarrollo y aprendizaje se produzcan como consecuencia de un ambiente seguro y c\u00f3modo. Un ejemplo de esto es la actividad realizada por nuestros 2\u00b0 B\u00e1sicos en la asignatura de [&hellip;]","next_post_link":"https:\/\/www.pumahue.cl\/chicureo\/noticias\/aprendiendo-matematicas-al-aire-libre\/","next_post_class":["post-15537","post","type-post","status-publish","format-standard","has-post-thumbnail","hentry","category-vida-escolar"],"jetpack_sharing_enabled":true,"_links":{"self":[{"href":"https:\/\/www.pumahue.cl\/chicureo\/wp-json\/wp\/v2\/posts\/15529","targetHints":{"allow":["GET"]}}],"collection":[{"href":"https:\/\/www.pumahue.cl\/chicureo\/wp-json\/wp\/v2\/posts"}],"about":[{"href":"https:\/\/www.pumahue.cl\/chicureo\/wp-json\/wp\/v2\/types\/post"}],"author":[{"embeddable":true,"href":"https:\/\/www.pumahue.cl\/chicureo\/wp-json\/wp\/v2\/users\/14"}],"replies":[{"embeddable":true,"href":"https:\/\/www.pumahue.cl\/chicureo\/wp-json\/wp\/v2\/comments?post=15529"}],"version-history":[{"count":0,"href":"https:\/\/www.pumahue.cl\/chicureo\/wp-json\/wp\/v2\/posts\/15529\/revisions"}],"wp:featuredmedia":[{"embeddable":true,"href":"https:\/\/www.pumahue.cl\/chicureo\/wp-json\/wp\/v2\/media\/15532"}],"wp:attachment":[{"href":"https:\/\/www.pumahue.cl\/chicureo\/wp-json\/wp\/v2\/media?parent=15529"}],"wp:term":[{"taxonomy":"category","embeddable":true,"href":"https:\/\/www.pumahue.cl\/chicureo\/wp-json\/wp\/v2\/categories?post=15529"},{"taxonomy":"post_tag","embeddable":true,"href":"https:\/\/www.pumahue.cl\/chicureo\/wp-json\/wp\/v2\/tags?post=15529"}],"curies":[{"name":"wp","href":"https:\/\/api.w.org\/{rel}","templated":true}]}}