{"id":15547,"date":"2022-04-26T09:49:54","date_gmt":"2022-04-26T13:49:54","guid":{"rendered":"http:\/\/pumahue.cl\/chicureo\/?p=15547"},"modified":"2025-06-02T15:16:14","modified_gmt":"2025-06-02T19:16:14","slug":"celebracion-dia-del-libro-29-de-abril-%f0%9f%93%9a","status":"publish","type":"post","link":"https:\/\/www.pumahue.cl\/chicureo\/noticias\/celebracion-dia-del-libro-29-de-abril-%f0%9f%93%9a\/","title":{"rendered":"Celebraci\u00f3n D\u00eda del Libro: 29 de abril"},"content":{"rendered":"<p>Como es de conocimiento p\u00fablico, en el a\u00f1o 1995, la UNESCO fij\u00f3 el d\u00eda 23 de abrilcomo el D\u00eda Mundial del Libro y del Derecho de Autor. Esta decisi\u00f3n se basa en que en esa misma fecha murieron tres grandes escritores de la literatura universal.Miguel de Cervantes (muri\u00f3 el 22 de abril y fue enterrado el d\u00eda 23), William Shakespeare y el Inca Garcilaso de la Vega.<\/p>\n<p>Para esto,<strong>el pr\u00f3ximo viernes 29 de abril<\/strong>, Pumahue Chicureo se llenar\u00e1 de colores, magia y entretenci\u00f3n en elGran Desfile de Disfraces.<br \/>\nLos alumnos de Educaci\u00f3n Parvularia y B\u00e1sica deben venir disfrazados delpersonaje de su cuento favorito; mientras que los alumnos de Educaci\u00f3n Media lo har\u00e1n caracterizados en la \u00e9poca medieval.Durante el d\u00eda se realizar\u00e1n actividades internas de lecturas, stand de libros usados, obras de teatro, paneles de literatura, y mucho m\u00e1s.<\/p>\n<p>Esperamos contar con la participaci\u00f3n de todos los alumnos.<\/p>\n<h2 style=\"text-align: center\"><strong><em>&#8220;Para viajar lejos,<br \/>\nno hay mejor nave que un libro&#8221;<\/em><\/strong><\/h2>\n"},"excerpt":{"rendered":"<p>Como es de conocimiento p\u00fablico, en el a\u00f1o 1995, la UNESCO fij\u00f3 el d\u00eda 23 de abrilcomo el D\u00eda Mundial del Libro y del Derecho de Autor. Esta decisi\u00f3n se basa en que en esa misma fecha murieron tres grandes escritores de la literatura universal.Miguel de Cervantes (muri\u00f3 el 22 de abril y fue enterrado [&hellip;]<\/p>\n","protected":false},"author":14,"featured_media":15549,"comment_status":"open","ping_status":"open","sticky":false,"template":"","format":"standard","meta":{"_acf_changed":false,"content-type":"","_jetpack_memberships_contains_paid_content":false,"footnotes":""},"categories":[1],"tags":[],"class_list":["post-15547","post","type-post","status-publish","format-standard","has-post-thumbnail","hentry","category-vida-escolar"],"acf":[],"yoast_head":"<!-- This site is optimized with the Yoast SEO plugin v27.1.1 - https:\/\/yoast.com\/product\/yoast-seo-wordpress\/ -->\n<title>Celebraci\u00f3n D\u00eda del Libro: 29 de abril - Colegio Pumahue Chicureo<\/title>\n<meta name=\"robots\" content=\"index, follow, max-snippet:-1, max-image-preview:large, max-video-preview:-1\" \/>\n<link rel=\"canonical\" href=\"https:\/\/www.pumahue.cl\/chicureo\/noticias\/celebracion-dia-del-libro-29-de-abril-\ud83d\udcda\/\" \/>\n<meta property=\"og:locale\" content=\"es_ES\" \/>\n<meta property=\"og:type\" content=\"article\" \/>\n<meta property=\"og:title\" content=\"Celebraci\u00f3n D\u00eda del Libro: 29 de abril - Colegio Pumahue Chicureo\" \/>\n<meta property=\"og:description\" content=\"Como es de conocimiento p\u00fablico, en el a\u00f1o 1995, la UNESCO fij\u00f3 el d\u00eda 23 de abrilcomo el D\u00eda Mundial del Libro y del Derecho de Autor. Esta decisi\u00f3n se basa en que en esa misma fecha murieron tres grandes escritores de la literatura universal.Miguel de Cervantes (muri\u00f3 el 22 de abril y fue enterrado [&hellip;]\" \/>\n<meta property=\"og:url\" content=\"https:\/\/www.pumahue.cl\/chicureo\/noticias\/celebracion-dia-del-libro-29-de-abril-\ud83d\udcda\/\" \/>\n<meta property=\"og:site_name\" content=\"Colegio Pumahue Chicureo\" \/>\n<meta property=\"article:published_time\" content=\"2022-04-26T13:49:54+00:00\" \/>\n<meta property=\"article:modified_time\" content=\"2025-06-02T19:16:14+00:00\" \/>\n<meta property=\"og:image\" content=\"https:\/\/www.pumahue.cl\/chicureo\/wp-content\/uploads\/sites\/46\/2025\/02\/cropped-logo_Pumahue_.png\" \/>\n\t<meta property=\"og:image:width\" content=\"512\" \/>\n\t<meta property=\"og:image:height\" content=\"512\" \/>\n\t<meta property=\"og:image:type\" content=\"image\/png\" \/>\n<meta name=\"author\" content=\"jorgedelcampo\" \/>\n<meta name=\"twitter:card\" content=\"summary_large_image\" \/>\n<meta name=\"twitter:label1\" content=\"Escrito por\" \/>\n\t<meta name=\"twitter:data1\" content=\"jorgedelcampo\" \/>\n\t<meta name=\"twitter:label2\" content=\"Tiempo de lectura\" \/>\n\t<meta name=\"twitter:data2\" content=\"1 minuto\" \/>\n<script type=\"application\/ld+json\" class=\"yoast-schema-graph\">{\"@context\":\"https:\/\/schema.org\",\"@graph\":[{\"@type\":\"Article\",\"@id\":\"https:\/\/www.pumahue.cl\/chicureo\/noticias\/celebracion-dia-del-libro-29-de-abril-%f0%9f%93%9a\/#article\",\"isPartOf\":{\"@id\":\"https:\/\/www.pumahue.cl\/chicureo\/noticias\/celebracion-dia-del-libro-29-de-abril-%f0%9f%93%9a\/\"},\"author\":{\"name\":\"jorgedelcampo\",\"@id\":\"https:\/\/www.pumahue.cl\/chicureo\/#\/schema\/person\/0debeea140e397b5d490ee7e553255d8\"},\"headline\":\"Celebraci\u00f3n D\u00eda del Libro: 29 de abril\",\"datePublished\":\"2022-04-26T13:49:54+00:00\",\"dateModified\":\"2025-06-02T19:16:14+00:00\",\"mainEntityOfPage\":{\"@id\":\"https:\/\/www.pumahue.cl\/chicureo\/noticias\/celebracion-dia-del-libro-29-de-abril-%f0%9f%93%9a\/\"},\"wordCount\":179,\"commentCount\":0,\"image\":{\"@id\":\"https:\/\/www.pumahue.cl\/chicureo\/noticias\/celebracion-dia-del-libro-29-de-abril-%f0%9f%93%9a\/#primaryimage\"},\"thumbnailUrl\":\"\",\"articleSection\":[\"Vida escolar\"],\"inLanguage\":\"es\",\"potentialAction\":[{\"@type\":\"CommentAction\",\"name\":\"Comment\",\"target\":[\"https:\/\/www.pumahue.cl\/chicureo\/noticias\/celebracion-dia-del-libro-29-de-abril-%f0%9f%93%9a\/#respond\"]}]},{\"@type\":\"WebPage\",\"@id\":\"https:\/\/www.pumahue.cl\/chicureo\/noticias\/celebracion-dia-del-libro-29-de-abril-%f0%9f%93%9a\/\",\"url\":\"https:\/\/www.pumahue.cl\/chicureo\/noticias\/celebracion-dia-del-libro-29-de-abril-%f0%9f%93%9a\/\",\"name\":\"Celebraci\u00f3n D\u00eda del Libro: 29 de abril - Colegio Pumahue Chicureo\",\"isPartOf\":{\"@id\":\"https:\/\/www.pumahue.cl\/chicureo\/#website\"},\"primaryImageOfPage\":{\"@id\":\"https:\/\/www.pumahue.cl\/chicureo\/noticias\/celebracion-dia-del-libro-29-de-abril-%f0%9f%93%9a\/#primaryimage\"},\"image\":{\"@id\":\"https:\/\/www.pumahue.cl\/chicureo\/noticias\/celebracion-dia-del-libro-29-de-abril-%f0%9f%93%9a\/#primaryimage\"},\"thumbnailUrl\":\"\",\"datePublished\":\"2022-04-26T13:49:54+00:00\",\"dateModified\":\"2025-06-02T19:16:14+00:00\",\"author\":{\"@id\":\"https:\/\/www.pumahue.cl\/chicureo\/#\/schema\/person\/0debeea140e397b5d490ee7e553255d8\"},\"breadcrumb\":{\"@id\":\"https:\/\/www.pumahue.cl\/chicureo\/noticias\/celebracion-dia-del-libro-29-de-abril-%f0%9f%93%9a\/#breadcrumb\"},\"inLanguage\":\"es\",\"potentialAction\":[{\"@type\":\"ReadAction\",\"target\":[\"https:\/\/www.pumahue.cl\/chicureo\/noticias\/celebracion-dia-del-libro-29-de-abril-%f0%9f%93%9a\/\"]}]},{\"@type\":\"ImageObject\",\"inLanguage\":\"es\",\"@id\":\"https:\/\/www.pumahue.cl\/chicureo\/noticias\/celebracion-dia-del-libro-29-de-abril-%f0%9f%93%9a\/#primaryimage\",\"url\":\"\",\"contentUrl\":\"\"},{\"@type\":\"BreadcrumbList\",\"@id\":\"https:\/\/www.pumahue.cl\/chicureo\/noticias\/celebracion-dia-del-libro-29-de-abril-%f0%9f%93%9a\/#breadcrumb\",\"itemListElement\":[{\"@type\":\"ListItem\",\"position\":1,\"name\":\"Home\",\"item\":\"https:\/\/www.pumahue.cl\/chicureo\/\"},{\"@type\":\"ListItem\",\"position\":2,\"name\":\"Celebraci\u00f3n D\u00eda del Libro: 29 de abril\"}]},{\"@type\":\"WebSite\",\"@id\":\"https:\/\/www.pumahue.cl\/chicureo\/#website\",\"url\":\"https:\/\/www.pumahue.cl\/chicureo\/\",\"name\":\"Colegio Pumahue Chicureo\",\"description\":\"Parte de Cognita Schools\",\"potentialAction\":[{\"@type\":\"SearchAction\",\"target\":{\"@type\":\"EntryPoint\",\"urlTemplate\":\"https:\/\/www.pumahue.cl\/chicureo\/?s={search_term_string}\"},\"query-input\":{\"@type\":\"PropertyValueSpecification\",\"valueRequired\":true,\"valueName\":\"search_term_string\"}}],\"inLanguage\":\"es\"},{\"@type\":\"Person\",\"@id\":\"https:\/\/www.pumahue.cl\/chicureo\/#\/schema\/person\/0debeea140e397b5d490ee7e553255d8\",\"name\":\"jorgedelcampo\",\"image\":{\"@type\":\"ImageObject\",\"inLanguage\":\"es\",\"@id\":\"https:\/\/www.pumahue.cl\/chicureo\/#\/schema\/person\/image\/\",\"url\":\"https:\/\/secure.gravatar.com\/avatar\/4a315f521213b2dc91dbda9bf799f711c8a98ab6f5606ec42cf5b33d1e762e8a?s=96&d=mm&r=g\",\"contentUrl\":\"https:\/\/secure.gravatar.com\/avatar\/4a315f521213b2dc91dbda9bf799f711c8a98ab6f5606ec42cf5b33d1e762e8a?s=96&d=mm&r=g\",\"caption\":\"jorgedelcampo\"}}]}<\/script>\n<!-- \/ Yoast SEO plugin. -->","yoast_head_json":{"title":"Celebraci\u00f3n D\u00eda del Libro: 29 de abril - Colegio Pumahue Chicureo","robots":{"index":"index","follow":"follow","max-snippet":"max-snippet:-1","max-image-preview":"max-image-preview:large","max-video-preview":"max-video-preview:-1"},"canonical":"https:\/\/www.pumahue.cl\/chicureo\/noticias\/celebracion-dia-del-libro-29-de-abril-\ud83d\udcda\/","og_locale":"es_ES","og_type":"article","og_title":"Celebraci\u00f3n D\u00eda del Libro: 29 de abril - Colegio Pumahue Chicureo","og_description":"Como es de conocimiento p\u00fablico, en el a\u00f1o 1995, la UNESCO fij\u00f3 el d\u00eda 23 de abrilcomo el D\u00eda Mundial del Libro y del Derecho de Autor. Esta decisi\u00f3n se basa en que en esa misma fecha murieron tres grandes escritores de la literatura universal.Miguel de Cervantes (muri\u00f3 el 22 de abril y fue enterrado [&hellip;]","og_url":"https:\/\/www.pumahue.cl\/chicureo\/noticias\/celebracion-dia-del-libro-29-de-abril-\ud83d\udcda\/","og_site_name":"Colegio Pumahue Chicureo","article_published_time":"2022-04-26T13:49:54+00:00","article_modified_time":"2025-06-02T19:16:14+00:00","og_image":[{"width":512,"height":512,"url":"https:\/\/www.pumahue.cl\/chicureo\/wp-content\/uploads\/sites\/46\/2025\/02\/cropped-logo_Pumahue_.png","type":"image\/png"}],"author":"jorgedelcampo","twitter_card":"summary_large_image","twitter_misc":{"Escrito por":"jorgedelcampo","Tiempo de lectura":"1 minuto"},"schema":{"@context":"https:\/\/schema.org","@graph":[{"@type":"Article","@id":"https:\/\/www.pumahue.cl\/chicureo\/noticias\/celebracion-dia-del-libro-29-de-abril-%f0%9f%93%9a\/#article","isPartOf":{"@id":"https:\/\/www.pumahue.cl\/chicureo\/noticias\/celebracion-dia-del-libro-29-de-abril-%f0%9f%93%9a\/"},"author":{"name":"jorgedelcampo","@id":"https:\/\/www.pumahue.cl\/chicureo\/#\/schema\/person\/0debeea140e397b5d490ee7e553255d8"},"headline":"Celebraci\u00f3n D\u00eda del Libro: 29 de abril","datePublished":"2022-04-26T13:49:54+00:00","dateModified":"2025-06-02T19:16:14+00:00","mainEntityOfPage":{"@id":"https:\/\/www.pumahue.cl\/chicureo\/noticias\/celebracion-dia-del-libro-29-de-abril-%f0%9f%93%9a\/"},"wordCount":179,"commentCount":0,"image":{"@id":"https:\/\/www.pumahue.cl\/chicureo\/noticias\/celebracion-dia-del-libro-29-de-abril-%f0%9f%93%9a\/#primaryimage"},"thumbnailUrl":"","articleSection":["Vida escolar"],"inLanguage":"es","potentialAction":[{"@type":"CommentAction","name":"Comment","target":["https:\/\/www.pumahue.cl\/chicureo\/noticias\/celebracion-dia-del-libro-29-de-abril-%f0%9f%93%9a\/#respond"]}]},{"@type":"WebPage","@id":"https:\/\/www.pumahue.cl\/chicureo\/noticias\/celebracion-dia-del-libro-29-de-abril-%f0%9f%93%9a\/","url":"https:\/\/www.pumahue.cl\/chicureo\/noticias\/celebracion-dia-del-libro-29-de-abril-%f0%9f%93%9a\/","name":"Celebraci\u00f3n D\u00eda del Libro: 29 de abril - Colegio Pumahue Chicureo","isPartOf":{"@id":"https:\/\/www.pumahue.cl\/chicureo\/#website"},"primaryImageOfPage":{"@id":"https:\/\/www.pumahue.cl\/chicureo\/noticias\/celebracion-dia-del-libro-29-de-abril-%f0%9f%93%9a\/#primaryimage"},"image":{"@id":"https:\/\/www.pumahue.cl\/chicureo\/noticias\/celebracion-dia-del-libro-29-de-abril-%f0%9f%93%9a\/#primaryimage"},"thumbnailUrl":"","datePublished":"2022-04-26T13:49:54+00:00","dateModified":"2025-06-02T19:16:14+00:00","author":{"@id":"https:\/\/www.pumahue.cl\/chicureo\/#\/schema\/person\/0debeea140e397b5d490ee7e553255d8"},"breadcrumb":{"@id":"https:\/\/www.pumahue.cl\/chicureo\/noticias\/celebracion-dia-del-libro-29-de-abril-%f0%9f%93%9a\/#breadcrumb"},"inLanguage":"es","potentialAction":[{"@type":"ReadAction","target":["https:\/\/www.pumahue.cl\/chicureo\/noticias\/celebracion-dia-del-libro-29-de-abril-%f0%9f%93%9a\/"]}]},{"@type":"ImageObject","inLanguage":"es","@id":"https:\/\/www.pumahue.cl\/chicureo\/noticias\/celebracion-dia-del-libro-29-de-abril-%f0%9f%93%9a\/#primaryimage","url":"","contentUrl":""},{"@type":"BreadcrumbList","@id":"https:\/\/www.pumahue.cl\/chicureo\/noticias\/celebracion-dia-del-libro-29-de-abril-%f0%9f%93%9a\/#breadcrumb","itemListElement":[{"@type":"ListItem","position":1,"name":"Home","item":"https:\/\/www.pumahue.cl\/chicureo\/"},{"@type":"ListItem","position":2,"name":"Celebraci\u00f3n D\u00eda del Libro: 29 de abril"}]},{"@type":"WebSite","@id":"https:\/\/www.pumahue.cl\/chicureo\/#website","url":"https:\/\/www.pumahue.cl\/chicureo\/","name":"Colegio Pumahue Chicureo","description":"Parte de Cognita Schools","potentialAction":[{"@type":"SearchAction","target":{"@type":"EntryPoint","urlTemplate":"https:\/\/www.pumahue.cl\/chicureo\/?s={search_term_string}"},"query-input":{"@type":"PropertyValueSpecification","valueRequired":true,"valueName":"search_term_string"}}],"inLanguage":"es"},{"@type":"Person","@id":"https:\/\/www.pumahue.cl\/chicureo\/#\/schema\/person\/0debeea140e397b5d490ee7e553255d8","name":"jorgedelcampo","image":{"@type":"ImageObject","inLanguage":"es","@id":"https:\/\/www.pumahue.cl\/chicureo\/#\/schema\/person\/image\/","url":"https:\/\/secure.gravatar.com\/avatar\/4a315f521213b2dc91dbda9bf799f711c8a98ab6f5606ec42cf5b33d1e762e8a?s=96&d=mm&r=g","contentUrl":"https:\/\/secure.gravatar.com\/avatar\/4a315f521213b2dc91dbda9bf799f711c8a98ab6f5606ec42cf5b33d1e762e8a?s=96&d=mm&r=g","caption":"jorgedelcampo"}}]}},"jetpack_featured_media_url":"","previous_post_ID":15537,"previous_post_title":"Aprendiendo matem\u00e1ticas al aire libre","previous_post_excerpt":"Para nuestro colegio es fundamental que nuestros estudiantes realicen actividades diferenciadoras enfocadas en el trabajo colaborativo y descubrimiento del alumno, pues es esencial para que el desarrollo y aprendizaje se produzcan como consecuencia de un ambiente seguro y c\u00f3modo. Un ejemplo de esto es la actividad realizada por nuestros 2\u00b0 B\u00e1sicos en la asignatura de [&hellip;]","previous_post_link":"https:\/\/www.pumahue.cl\/chicureo\/noticias\/aprendiendo-matematicas-al-aire-libre\/","previous_post_class":["post-15537","post","type-post","status-publish","format-standard","has-post-thumbnail","hentry","category-vida-escolar"],"next_post_ID":15551,"next_post_title":"Evaluaci\u00f3n Dental gratuita","next_post_excerpt":"Para laCelebraci\u00f3n de la Semana de la Seguridadhemos planificado diversas actividades para nuestros alumnos, donde el objetivo es ayudar a crear conciencia de la importancia de la seguridad en los diferentes \u00e1mbitos de la vida. Para esto, hemos organizado una jornada de educaci\u00f3n sobre la salud bucal y se realizar\u00e1 una Evaluaci\u00f3n Dental Gratuita realizada [&hellip;]","next_post_link":"https:\/\/www.pumahue.cl\/chicureo\/noticias\/evaluacion-dental-gratuita-%f0%9f%a6%b7\/","next_post_class":["post-15551","post","type-post","status-publish","format-standard","has-post-thumbnail","hentry","category-vida-escolar"],"jetpack_sharing_enabled":true,"_links":{"self":[{"href":"https:\/\/www.pumahue.cl\/chicureo\/wp-json\/wp\/v2\/posts\/15547","targetHints":{"allow":["GET"]}}],"collection":[{"href":"https:\/\/www.pumahue.cl\/chicureo\/wp-json\/wp\/v2\/posts"}],"about":[{"href":"https:\/\/www.pumahue.cl\/chicureo\/wp-json\/wp\/v2\/types\/post"}],"author":[{"embeddable":true,"href":"https:\/\/www.pumahue.cl\/chicureo\/wp-json\/wp\/v2\/users\/14"}],"replies":[{"embeddable":true,"href":"https:\/\/www.pumahue.cl\/chicureo\/wp-json\/wp\/v2\/comments?post=15547"}],"version-history":[{"count":1,"href":"https:\/\/www.pumahue.cl\/chicureo\/wp-json\/wp\/v2\/posts\/15547\/revisions"}],"predecessor-version":[{"id":128153,"href":"https:\/\/www.pumahue.cl\/chicureo\/wp-json\/wp\/v2\/posts\/15547\/revisions\/128153"}],"wp:featuredmedia":[{"embeddable":true,"href":"https:\/\/www.pumahue.cl\/chicureo\/wp-json\/"}],"wp:attachment":[{"href":"https:\/\/www.pumahue.cl\/chicureo\/wp-json\/wp\/v2\/media?parent=15547"}],"wp:term":[{"taxonomy":"category","embeddable":true,"href":"https:\/\/www.pumahue.cl\/chicureo\/wp-json\/wp\/v2\/categories?post=15547"},{"taxonomy":"post_tag","embeddable":true,"href":"https:\/\/www.pumahue.cl\/chicureo\/wp-json\/wp\/v2\/tags?post=15547"}],"curies":[{"name":"wp","href":"https:\/\/api.w.org\/{rel}","templated":true}]}}