{"id":15574,"date":"2022-04-28T11:32:08","date_gmt":"2022-04-28T15:32:08","guid":{"rendered":"http:\/\/pumahue.cl\/chicureo\/?p=15574"},"modified":"2022-04-28T11:32:08","modified_gmt":"2022-04-28T15:32:08","slug":"nombramiento-delegados-campur-ano-2022","status":"publish","type":"post","link":"https:\/\/www.pumahue.cl\/chicureo\/noticias\/nombramiento-delegados-campur-ano-2022\/","title":{"rendered":"Nombramiento Delegados CAMPUR a\u00f1o 2022"},"content":{"rendered":"<p>queremos compartir con ustedes el nombramiento de los nuevos<strong>Delegados CAMPUR<\/strong>correspondientes al a\u00f1o 2022.<\/p>\n<p>Ser<strong>Delegado CAMPUR<\/strong>es una tarea muy importante&#8230;a veces ingrata y otras veces muy gratificante. El<strong>Delegado CAMPUR<\/strong>tiene la misi\u00f3n de coordinar, orientar y canalizar las actividades del curso a nivel de grupo. Es la persona responsable de &#8220;poner pa\u00f1os fr\u00edos&#8221; cuando los chats de los apoderados est\u00e1n en llamas y es quien pone la cuota de cordura ante conflictos internos a nivel de curso y apoderados.<\/p>\n<p>Para nosotros como colegio, el<strong>Delegado CAMPUR<\/strong>es nuestro aliado para desarrollar de mejor manera todas las acciones acad\u00e9micas y formativas al interior del curso.<\/p>\n<p>No obstante, cabe se\u00f1alar que el<strong>Delegado CAMPUR<\/strong>no es el vocero ante el profesor(a) jefe o Directora de Estudios de las inquietudes personales de los padres.<br \/>\nLos apoderados deben entender que todas las consultas personales deben ser canalizadas en primera instancia con su profeso(a) jefe y luego con la Directora de Estudios.<\/p>\n<p>[multimedia id=&#8221;1&#8243;]<\/p>\n"},"excerpt":{"rendered":"<p>queremos compartir con ustedes el nombramiento de los nuevosDelegados CAMPURcorrespondientes al a\u00f1o 2022. SerDelegado CAMPURes una tarea muy importante&#8230;a veces ingrata y otras veces muy gratificante. ElDelegado CAMPURtiene la misi\u00f3n de coordinar, orientar y canalizar las actividades del curso a nivel de grupo. Es la persona responsable de &#8220;poner pa\u00f1os fr\u00edos&#8221; cuando los chats de [&hellip;]<\/p>\n","protected":false},"author":14,"featured_media":15575,"comment_status":"open","ping_status":"open","sticky":false,"template":"","format":"standard","meta":{"_acf_changed":false,"content-type":"","_jetpack_memberships_contains_paid_content":false,"footnotes":""},"categories":[1],"tags":[],"class_list":["post-15574","post","type-post","status-publish","format-standard","has-post-thumbnail","hentry","category-vida-escolar"],"acf":[],"yoast_head":"<!-- This site is optimized with the Yoast SEO plugin v27.1.1 - https:\/\/yoast.com\/product\/yoast-seo-wordpress\/ -->\n<title>Nombramiento Delegados CAMPUR a\u00f1o 2022 - Colegio Pumahue Chicureo<\/title>\n<meta name=\"robots\" content=\"index, follow, max-snippet:-1, max-image-preview:large, max-video-preview:-1\" \/>\n<link rel=\"canonical\" href=\"https:\/\/www.pumahue.cl\/chicureo\/noticias\/nombramiento-delegados-campur-ano-2022\/\" \/>\n<meta property=\"og:locale\" content=\"es_ES\" \/>\n<meta property=\"og:type\" content=\"article\" \/>\n<meta property=\"og:title\" content=\"Nombramiento Delegados CAMPUR a\u00f1o 2022 - Colegio Pumahue Chicureo\" \/>\n<meta property=\"og:description\" content=\"queremos compartir con ustedes el nombramiento de los nuevosDelegados CAMPURcorrespondientes al a\u00f1o 2022. SerDelegado CAMPURes una tarea muy importante&#8230;a veces ingrata y otras veces muy gratificante. ElDelegado CAMPURtiene la misi\u00f3n de coordinar, orientar y canalizar las actividades del curso a nivel de grupo. Es la persona responsable de &#8220;poner pa\u00f1os fr\u00edos&#8221; cuando los chats de [&hellip;]\" \/>\n<meta property=\"og:url\" content=\"https:\/\/www.pumahue.cl\/chicureo\/noticias\/nombramiento-delegados-campur-ano-2022\/\" \/>\n<meta property=\"og:site_name\" content=\"Colegio Pumahue Chicureo\" \/>\n<meta property=\"article:published_time\" content=\"2022-04-28T15:32:08+00:00\" \/>\n<meta property=\"og:image\" content=\"https:\/\/www.pumahue.cl\/chicureo\/wp-content\/uploads\/sites\/46\/2022\/04\/CAMPUR-1.gif\" \/>\n\t<meta property=\"og:image:width\" content=\"836\" \/>\n\t<meta property=\"og:image:height\" content=\"522\" \/>\n\t<meta property=\"og:image:type\" content=\"image\/gif\" \/>\n<meta name=\"author\" content=\"jorgedelcampo\" \/>\n<meta name=\"twitter:card\" content=\"summary_large_image\" \/>\n<meta name=\"twitter:label1\" content=\"Escrito por\" \/>\n\t<meta name=\"twitter:data1\" content=\"jorgedelcampo\" \/>\n\t<meta name=\"twitter:label2\" content=\"Tiempo de lectura\" \/>\n\t<meta name=\"twitter:data2\" content=\"1 minuto\" \/>\n<script type=\"application\/ld+json\" class=\"yoast-schema-graph\">{\"@context\":\"https:\/\/schema.org\",\"@graph\":[{\"@type\":\"Article\",\"@id\":\"https:\/\/www.pumahue.cl\/chicureo\/noticias\/nombramiento-delegados-campur-ano-2022\/#article\",\"isPartOf\":{\"@id\":\"https:\/\/www.pumahue.cl\/chicureo\/noticias\/nombramiento-delegados-campur-ano-2022\/\"},\"author\":{\"name\":\"jorgedelcampo\",\"@id\":\"https:\/\/www.pumahue.cl\/chicureo\/#\/schema\/person\/0debeea140e397b5d490ee7e553255d8\"},\"headline\":\"Nombramiento Delegados CAMPUR a\u00f1o 2022\",\"datePublished\":\"2022-04-28T15:32:08+00:00\",\"mainEntityOfPage\":{\"@id\":\"https:\/\/www.pumahue.cl\/chicureo\/noticias\/nombramiento-delegados-campur-ano-2022\/\"},\"wordCount\":167,\"commentCount\":0,\"image\":{\"@id\":\"https:\/\/www.pumahue.cl\/chicureo\/noticias\/nombramiento-delegados-campur-ano-2022\/#primaryimage\"},\"thumbnailUrl\":\"https:\/\/www.pumahue.cl\/chicureo\/wp-content\/uploads\/sites\/46\/2022\/04\/CAMPUR-1.gif\",\"articleSection\":[\"Vida escolar\"],\"inLanguage\":\"es\",\"potentialAction\":[{\"@type\":\"CommentAction\",\"name\":\"Comment\",\"target\":[\"https:\/\/www.pumahue.cl\/chicureo\/noticias\/nombramiento-delegados-campur-ano-2022\/#respond\"]}]},{\"@type\":\"WebPage\",\"@id\":\"https:\/\/www.pumahue.cl\/chicureo\/noticias\/nombramiento-delegados-campur-ano-2022\/\",\"url\":\"https:\/\/www.pumahue.cl\/chicureo\/noticias\/nombramiento-delegados-campur-ano-2022\/\",\"name\":\"Nombramiento Delegados CAMPUR a\u00f1o 2022 - Colegio Pumahue Chicureo\",\"isPartOf\":{\"@id\":\"https:\/\/www.pumahue.cl\/chicureo\/#website\"},\"primaryImageOfPage\":{\"@id\":\"https:\/\/www.pumahue.cl\/chicureo\/noticias\/nombramiento-delegados-campur-ano-2022\/#primaryimage\"},\"image\":{\"@id\":\"https:\/\/www.pumahue.cl\/chicureo\/noticias\/nombramiento-delegados-campur-ano-2022\/#primaryimage\"},\"thumbnailUrl\":\"https:\/\/www.pumahue.cl\/chicureo\/wp-content\/uploads\/sites\/46\/2022\/04\/CAMPUR-1.gif\",\"datePublished\":\"2022-04-28T15:32:08+00:00\",\"author\":{\"@id\":\"https:\/\/www.pumahue.cl\/chicureo\/#\/schema\/person\/0debeea140e397b5d490ee7e553255d8\"},\"breadcrumb\":{\"@id\":\"https:\/\/www.pumahue.cl\/chicureo\/noticias\/nombramiento-delegados-campur-ano-2022\/#breadcrumb\"},\"inLanguage\":\"es\",\"potentialAction\":[{\"@type\":\"ReadAction\",\"target\":[\"https:\/\/www.pumahue.cl\/chicureo\/noticias\/nombramiento-delegados-campur-ano-2022\/\"]}]},{\"@type\":\"ImageObject\",\"inLanguage\":\"es\",\"@id\":\"https:\/\/www.pumahue.cl\/chicureo\/noticias\/nombramiento-delegados-campur-ano-2022\/#primaryimage\",\"url\":\"https:\/\/www.pumahue.cl\/chicureo\/wp-content\/uploads\/sites\/46\/2022\/04\/CAMPUR-1.gif\",\"contentUrl\":\"https:\/\/www.pumahue.cl\/chicureo\/wp-content\/uploads\/sites\/46\/2022\/04\/CAMPUR-1.gif\",\"width\":836,\"height\":522},{\"@type\":\"BreadcrumbList\",\"@id\":\"https:\/\/www.pumahue.cl\/chicureo\/noticias\/nombramiento-delegados-campur-ano-2022\/#breadcrumb\",\"itemListElement\":[{\"@type\":\"ListItem\",\"position\":1,\"name\":\"Home\",\"item\":\"https:\/\/www.pumahue.cl\/chicureo\/\"},{\"@type\":\"ListItem\",\"position\":2,\"name\":\"Nombramiento Delegados CAMPUR a\u00f1o 2022\"}]},{\"@type\":\"WebSite\",\"@id\":\"https:\/\/www.pumahue.cl\/chicureo\/#website\",\"url\":\"https:\/\/www.pumahue.cl\/chicureo\/\",\"name\":\"Colegio Pumahue Chicureo\",\"description\":\"Parte de Cognita Schools\",\"potentialAction\":[{\"@type\":\"SearchAction\",\"target\":{\"@type\":\"EntryPoint\",\"urlTemplate\":\"https:\/\/www.pumahue.cl\/chicureo\/?s={search_term_string}\"},\"query-input\":{\"@type\":\"PropertyValueSpecification\",\"valueRequired\":true,\"valueName\":\"search_term_string\"}}],\"inLanguage\":\"es\"},{\"@type\":\"Person\",\"@id\":\"https:\/\/www.pumahue.cl\/chicureo\/#\/schema\/person\/0debeea140e397b5d490ee7e553255d8\",\"name\":\"jorgedelcampo\",\"image\":{\"@type\":\"ImageObject\",\"inLanguage\":\"es\",\"@id\":\"https:\/\/www.pumahue.cl\/chicureo\/#\/schema\/person\/image\/\",\"url\":\"https:\/\/secure.gravatar.com\/avatar\/4a315f521213b2dc91dbda9bf799f711c8a98ab6f5606ec42cf5b33d1e762e8a?s=96&d=mm&r=g\",\"contentUrl\":\"https:\/\/secure.gravatar.com\/avatar\/4a315f521213b2dc91dbda9bf799f711c8a98ab6f5606ec42cf5b33d1e762e8a?s=96&d=mm&r=g\",\"caption\":\"jorgedelcampo\"}}]}<\/script>\n<!-- \/ Yoast SEO plugin. -->","yoast_head_json":{"title":"Nombramiento Delegados CAMPUR a\u00f1o 2022 - Colegio Pumahue Chicureo","robots":{"index":"index","follow":"follow","max-snippet":"max-snippet:-1","max-image-preview":"max-image-preview:large","max-video-preview":"max-video-preview:-1"},"canonical":"https:\/\/www.pumahue.cl\/chicureo\/noticias\/nombramiento-delegados-campur-ano-2022\/","og_locale":"es_ES","og_type":"article","og_title":"Nombramiento Delegados CAMPUR a\u00f1o 2022 - Colegio Pumahue Chicureo","og_description":"queremos compartir con ustedes el nombramiento de los nuevosDelegados CAMPURcorrespondientes al a\u00f1o 2022. SerDelegado CAMPURes una tarea muy importante&#8230;a veces ingrata y otras veces muy gratificante. ElDelegado CAMPURtiene la misi\u00f3n de coordinar, orientar y canalizar las actividades del curso a nivel de grupo. Es la persona responsable de &#8220;poner pa\u00f1os fr\u00edos&#8221; cuando los chats de [&hellip;]","og_url":"https:\/\/www.pumahue.cl\/chicureo\/noticias\/nombramiento-delegados-campur-ano-2022\/","og_site_name":"Colegio Pumahue Chicureo","article_published_time":"2022-04-28T15:32:08+00:00","og_image":[{"width":836,"height":522,"url":"https:\/\/www.pumahue.cl\/chicureo\/wp-content\/uploads\/sites\/46\/2022\/04\/CAMPUR-1.gif","type":"image\/gif"}],"author":"jorgedelcampo","twitter_card":"summary_large_image","twitter_misc":{"Escrito por":"jorgedelcampo","Tiempo de lectura":"1 minuto"},"schema":{"@context":"https:\/\/schema.org","@graph":[{"@type":"Article","@id":"https:\/\/www.pumahue.cl\/chicureo\/noticias\/nombramiento-delegados-campur-ano-2022\/#article","isPartOf":{"@id":"https:\/\/www.pumahue.cl\/chicureo\/noticias\/nombramiento-delegados-campur-ano-2022\/"},"author":{"name":"jorgedelcampo","@id":"https:\/\/www.pumahue.cl\/chicureo\/#\/schema\/person\/0debeea140e397b5d490ee7e553255d8"},"headline":"Nombramiento Delegados CAMPUR a\u00f1o 2022","datePublished":"2022-04-28T15:32:08+00:00","mainEntityOfPage":{"@id":"https:\/\/www.pumahue.cl\/chicureo\/noticias\/nombramiento-delegados-campur-ano-2022\/"},"wordCount":167,"commentCount":0,"image":{"@id":"https:\/\/www.pumahue.cl\/chicureo\/noticias\/nombramiento-delegados-campur-ano-2022\/#primaryimage"},"thumbnailUrl":"https:\/\/www.pumahue.cl\/chicureo\/wp-content\/uploads\/sites\/46\/2022\/04\/CAMPUR-1.gif","articleSection":["Vida escolar"],"inLanguage":"es","potentialAction":[{"@type":"CommentAction","name":"Comment","target":["https:\/\/www.pumahue.cl\/chicureo\/noticias\/nombramiento-delegados-campur-ano-2022\/#respond"]}]},{"@type":"WebPage","@id":"https:\/\/www.pumahue.cl\/chicureo\/noticias\/nombramiento-delegados-campur-ano-2022\/","url":"https:\/\/www.pumahue.cl\/chicureo\/noticias\/nombramiento-delegados-campur-ano-2022\/","name":"Nombramiento Delegados CAMPUR a\u00f1o 2022 - Colegio Pumahue Chicureo","isPartOf":{"@id":"https:\/\/www.pumahue.cl\/chicureo\/#website"},"primaryImageOfPage":{"@id":"https:\/\/www.pumahue.cl\/chicureo\/noticias\/nombramiento-delegados-campur-ano-2022\/#primaryimage"},"image":{"@id":"https:\/\/www.pumahue.cl\/chicureo\/noticias\/nombramiento-delegados-campur-ano-2022\/#primaryimage"},"thumbnailUrl":"https:\/\/www.pumahue.cl\/chicureo\/wp-content\/uploads\/sites\/46\/2022\/04\/CAMPUR-1.gif","datePublished":"2022-04-28T15:32:08+00:00","author":{"@id":"https:\/\/www.pumahue.cl\/chicureo\/#\/schema\/person\/0debeea140e397b5d490ee7e553255d8"},"breadcrumb":{"@id":"https:\/\/www.pumahue.cl\/chicureo\/noticias\/nombramiento-delegados-campur-ano-2022\/#breadcrumb"},"inLanguage":"es","potentialAction":[{"@type":"ReadAction","target":["https:\/\/www.pumahue.cl\/chicureo\/noticias\/nombramiento-delegados-campur-ano-2022\/"]}]},{"@type":"ImageObject","inLanguage":"es","@id":"https:\/\/www.pumahue.cl\/chicureo\/noticias\/nombramiento-delegados-campur-ano-2022\/#primaryimage","url":"https:\/\/www.pumahue.cl\/chicureo\/wp-content\/uploads\/sites\/46\/2022\/04\/CAMPUR-1.gif","contentUrl":"https:\/\/www.pumahue.cl\/chicureo\/wp-content\/uploads\/sites\/46\/2022\/04\/CAMPUR-1.gif","width":836,"height":522},{"@type":"BreadcrumbList","@id":"https:\/\/www.pumahue.cl\/chicureo\/noticias\/nombramiento-delegados-campur-ano-2022\/#breadcrumb","itemListElement":[{"@type":"ListItem","position":1,"name":"Home","item":"https:\/\/www.pumahue.cl\/chicureo\/"},{"@type":"ListItem","position":2,"name":"Nombramiento Delegados CAMPUR a\u00f1o 2022"}]},{"@type":"WebSite","@id":"https:\/\/www.pumahue.cl\/chicureo\/#website","url":"https:\/\/www.pumahue.cl\/chicureo\/","name":"Colegio Pumahue Chicureo","description":"Parte de Cognita Schools","potentialAction":[{"@type":"SearchAction","target":{"@type":"EntryPoint","urlTemplate":"https:\/\/www.pumahue.cl\/chicureo\/?s={search_term_string}"},"query-input":{"@type":"PropertyValueSpecification","valueRequired":true,"valueName":"search_term_string"}}],"inLanguage":"es"},{"@type":"Person","@id":"https:\/\/www.pumahue.cl\/chicureo\/#\/schema\/person\/0debeea140e397b5d490ee7e553255d8","name":"jorgedelcampo","image":{"@type":"ImageObject","inLanguage":"es","@id":"https:\/\/www.pumahue.cl\/chicureo\/#\/schema\/person\/image\/","url":"https:\/\/secure.gravatar.com\/avatar\/4a315f521213b2dc91dbda9bf799f711c8a98ab6f5606ec42cf5b33d1e762e8a?s=96&d=mm&r=g","contentUrl":"https:\/\/secure.gravatar.com\/avatar\/4a315f521213b2dc91dbda9bf799f711c8a98ab6f5606ec42cf5b33d1e762e8a?s=96&d=mm&r=g","caption":"jorgedelcampo"}}]}},"jetpack_featured_media_url":"https:\/\/www.pumahue.cl\/chicureo\/wp-content\/uploads\/sites\/46\/2022\/04\/CAMPUR-1.gif","previous_post_ID":15571,"previous_post_title":"Entrega de Informe acad\u00e9mico parcial","previous_post_excerpt":"El proceso evaluativo y la informaci\u00f3n oportuna a las familias, es de valiosa importancia en el proceso educativo, por ello nuestra Instituci\u00f3n considera primordial entregar a usted el informe acad\u00e9mico parcial de su hijo(a). Para esto, se realizar\u00e1 una reuni\u00f3n online v\u00eda Teams por curso el pr\u00f3ximo 24 de mayo. La citaci\u00f3n ser\u00e1 enviada directamente [&hellip;]","previous_post_link":"https:\/\/www.pumahue.cl\/chicureo\/noticias\/entrega-de-informe-academico-parcial\/","previous_post_class":["post-15571","post","type-post","status-publish","format-standard","has-post-thumbnail","hentry","category-vida-escolar"],"next_post_ID":15580,"next_post_title":"Primer encuentro deportivo post pandemia","next_post_excerpt":"Exitosa participaci\u00f3n tuvieron los alumnos de Pumahue Chicureo el pasado s\u00e1bado 23 de abril en el primer encuentro deportivo post pandemia. Esto fue en el Cross Country organizado por el colegio Montessori Kimen. A continuaci\u00f3n, les presentamos los ganadores por categor\u00edas: Sub Peneca: Farid Maulen 3\u00ba lugar &nbsp; Mini: Diego L\u00f3pez 3\u00ba lugar Elena Felmer [&hellip;]","next_post_link":"https:\/\/www.pumahue.cl\/chicureo\/noticias\/primer-encuentro-deportivo-post-pandemia\/","next_post_class":["post-15580","post","type-post","status-publish","format-standard","has-post-thumbnail","hentry","category-vida-escolar"],"jetpack_sharing_enabled":true,"_links":{"self":[{"href":"https:\/\/www.pumahue.cl\/chicureo\/wp-json\/wp\/v2\/posts\/15574","targetHints":{"allow":["GET"]}}],"collection":[{"href":"https:\/\/www.pumahue.cl\/chicureo\/wp-json\/wp\/v2\/posts"}],"about":[{"href":"https:\/\/www.pumahue.cl\/chicureo\/wp-json\/wp\/v2\/types\/post"}],"author":[{"embeddable":true,"href":"https:\/\/www.pumahue.cl\/chicureo\/wp-json\/wp\/v2\/users\/14"}],"replies":[{"embeddable":true,"href":"https:\/\/www.pumahue.cl\/chicureo\/wp-json\/wp\/v2\/comments?post=15574"}],"version-history":[{"count":0,"href":"https:\/\/www.pumahue.cl\/chicureo\/wp-json\/wp\/v2\/posts\/15574\/revisions"}],"wp:featuredmedia":[{"embeddable":true,"href":"https:\/\/www.pumahue.cl\/chicureo\/wp-json\/wp\/v2\/media\/15575"}],"wp:attachment":[{"href":"https:\/\/www.pumahue.cl\/chicureo\/wp-json\/wp\/v2\/media?parent=15574"}],"wp:term":[{"taxonomy":"category","embeddable":true,"href":"https:\/\/www.pumahue.cl\/chicureo\/wp-json\/wp\/v2\/categories?post=15574"},{"taxonomy":"post_tag","embeddable":true,"href":"https:\/\/www.pumahue.cl\/chicureo\/wp-json\/wp\/v2\/tags?post=15574"}],"curies":[{"name":"wp","href":"https:\/\/api.w.org\/{rel}","templated":true}]}}