{"id":16594,"date":"2022-06-30T15:14:08","date_gmt":"2022-06-30T19:14:08","guid":{"rendered":"http:\/\/pumahue.cl\/chicureo\/?p=16594"},"modified":"2022-06-30T15:14:08","modified_gmt":"2022-06-30T19:14:08","slug":"apoderados-campur-de-basica-despiden-ultimo-dia-de-clases","status":"publish","type":"post","link":"https:\/\/www.pumahue.cl\/chicureo\/noticias\/apoderados-campur-de-basica-despiden-ultimo-dia-de-clases\/","title":{"rendered":"Apoderados CAMPUR de B\u00e1sica despiden \u00faltimo d\u00eda de clases"},"content":{"rendered":"<p>Con el objetivo de hacer un cierre especial en este primer semestre, el ciclo de Educaci\u00f3n B\u00e1sica invit\u00f3 a los pap\u00e1s CAMPUR a hacer alguna actividad l\u00fadica y entretenida en los cursos de sus hijos.<br \/>\nAgradecemos la participaci\u00f3n de todos y compartimos con ustedes algunas im\u00e1genes del \u00faltimo d\u00eda de clases de los ni\u00f1os y ni\u00f1as de Educaci\u00f3n B\u00e1sica.<\/p>\n<p>#PumahueChicureo<br \/>\n#CognitaWay<\/p>\n<p>[multimedia id=&#8221;1&#8243;]<\/p>\n"},"excerpt":{"rendered":"<p>Con el objetivo de hacer un cierre especial en este primer semestre, el ciclo de Educaci\u00f3n B\u00e1sica invit\u00f3 a los pap\u00e1s CAMPUR a hacer alguna actividad l\u00fadica y entretenida en los cursos de sus hijos. Agradecemos la participaci\u00f3n de todos y compartimos con ustedes algunas im\u00e1genes del \u00faltimo d\u00eda de clases de los ni\u00f1os y [&hellip;]<\/p>\n","protected":false},"author":14,"featured_media":16596,"comment_status":"open","ping_status":"open","sticky":false,"template":"","format":"standard","meta":{"_acf_changed":false,"content-type":"","_jetpack_memberships_contains_paid_content":false,"footnotes":""},"categories":[1],"tags":[],"class_list":["post-16594","post","type-post","status-publish","format-standard","has-post-thumbnail","hentry","category-vida-escolar"],"acf":[],"yoast_head":"<!-- This site is optimized with the Yoast SEO plugin v27.1.1 - https:\/\/yoast.com\/product\/yoast-seo-wordpress\/ -->\n<title>Apoderados CAMPUR de B\u00e1sica despiden \u00faltimo d\u00eda de clases - Colegio Pumahue Chicureo<\/title>\n<meta name=\"robots\" content=\"index, follow, max-snippet:-1, max-image-preview:large, max-video-preview:-1\" \/>\n<link rel=\"canonical\" href=\"https:\/\/www.pumahue.cl\/chicureo\/noticias\/apoderados-campur-de-basica-despiden-ultimo-dia-de-clases\/\" \/>\n<meta property=\"og:locale\" content=\"es_ES\" \/>\n<meta property=\"og:type\" content=\"article\" \/>\n<meta property=\"og:title\" content=\"Apoderados CAMPUR de B\u00e1sica despiden \u00faltimo d\u00eda de clases - Colegio Pumahue Chicureo\" \/>\n<meta property=\"og:description\" content=\"Con el objetivo de hacer un cierre especial en este primer semestre, el ciclo de Educaci\u00f3n B\u00e1sica invit\u00f3 a los pap\u00e1s CAMPUR a hacer alguna actividad l\u00fadica y entretenida en los cursos de sus hijos. Agradecemos la participaci\u00f3n de todos y compartimos con ustedes algunas im\u00e1genes del \u00faltimo d\u00eda de clases de los ni\u00f1os y [&hellip;]\" \/>\n<meta property=\"og:url\" content=\"https:\/\/www.pumahue.cl\/chicureo\/noticias\/apoderados-campur-de-basica-despiden-ultimo-dia-de-clases\/\" \/>\n<meta property=\"og:site_name\" content=\"Colegio Pumahue Chicureo\" \/>\n<meta property=\"article:published_time\" content=\"2022-06-30T19:14:08+00:00\" \/>\n<meta property=\"og:image\" content=\"https:\/\/www.pumahue.cl\/chicureo\/wp-content\/uploads\/sites\/46\/2022\/06\/70-1.jpg\" \/>\n\t<meta property=\"og:image:width\" content=\"836\" \/>\n\t<meta property=\"og:image:height\" content=\"523\" \/>\n\t<meta property=\"og:image:type\" content=\"image\/jpeg\" \/>\n<meta name=\"author\" content=\"jorgedelcampo\" \/>\n<meta name=\"twitter:card\" content=\"summary_large_image\" \/>\n<meta name=\"twitter:label1\" content=\"Escrito por\" \/>\n\t<meta name=\"twitter:data1\" content=\"jorgedelcampo\" \/>\n<script type=\"application\/ld+json\" class=\"yoast-schema-graph\">{\"@context\":\"https:\/\/schema.org\",\"@graph\":[{\"@type\":\"Article\",\"@id\":\"https:\/\/www.pumahue.cl\/chicureo\/noticias\/apoderados-campur-de-basica-despiden-ultimo-dia-de-clases\/#article\",\"isPartOf\":{\"@id\":\"https:\/\/www.pumahue.cl\/chicureo\/noticias\/apoderados-campur-de-basica-despiden-ultimo-dia-de-clases\/\"},\"author\":{\"name\":\"jorgedelcampo\",\"@id\":\"https:\/\/www.pumahue.cl\/chicureo\/#\/schema\/person\/0debeea140e397b5d490ee7e553255d8\"},\"headline\":\"Apoderados CAMPUR de B\u00e1sica despiden \u00faltimo d\u00eda de clases\",\"datePublished\":\"2022-06-30T19:14:08+00:00\",\"mainEntityOfPage\":{\"@id\":\"https:\/\/www.pumahue.cl\/chicureo\/noticias\/apoderados-campur-de-basica-despiden-ultimo-dia-de-clases\/\"},\"wordCount\":85,\"commentCount\":0,\"image\":{\"@id\":\"https:\/\/www.pumahue.cl\/chicureo\/noticias\/apoderados-campur-de-basica-despiden-ultimo-dia-de-clases\/#primaryimage\"},\"thumbnailUrl\":\"https:\/\/www.pumahue.cl\/chicureo\/wp-content\/uploads\/sites\/46\/2022\/06\/70-1.jpg\",\"articleSection\":[\"Vida escolar\"],\"inLanguage\":\"es\",\"potentialAction\":[{\"@type\":\"CommentAction\",\"name\":\"Comment\",\"target\":[\"https:\/\/www.pumahue.cl\/chicureo\/noticias\/apoderados-campur-de-basica-despiden-ultimo-dia-de-clases\/#respond\"]}]},{\"@type\":\"WebPage\",\"@id\":\"https:\/\/www.pumahue.cl\/chicureo\/noticias\/apoderados-campur-de-basica-despiden-ultimo-dia-de-clases\/\",\"url\":\"https:\/\/www.pumahue.cl\/chicureo\/noticias\/apoderados-campur-de-basica-despiden-ultimo-dia-de-clases\/\",\"name\":\"Apoderados CAMPUR de B\u00e1sica despiden \u00faltimo d\u00eda de clases - Colegio Pumahue Chicureo\",\"isPartOf\":{\"@id\":\"https:\/\/www.pumahue.cl\/chicureo\/#website\"},\"primaryImageOfPage\":{\"@id\":\"https:\/\/www.pumahue.cl\/chicureo\/noticias\/apoderados-campur-de-basica-despiden-ultimo-dia-de-clases\/#primaryimage\"},\"image\":{\"@id\":\"https:\/\/www.pumahue.cl\/chicureo\/noticias\/apoderados-campur-de-basica-despiden-ultimo-dia-de-clases\/#primaryimage\"},\"thumbnailUrl\":\"https:\/\/www.pumahue.cl\/chicureo\/wp-content\/uploads\/sites\/46\/2022\/06\/70-1.jpg\",\"datePublished\":\"2022-06-30T19:14:08+00:00\",\"author\":{\"@id\":\"https:\/\/www.pumahue.cl\/chicureo\/#\/schema\/person\/0debeea140e397b5d490ee7e553255d8\"},\"breadcrumb\":{\"@id\":\"https:\/\/www.pumahue.cl\/chicureo\/noticias\/apoderados-campur-de-basica-despiden-ultimo-dia-de-clases\/#breadcrumb\"},\"inLanguage\":\"es\",\"potentialAction\":[{\"@type\":\"ReadAction\",\"target\":[\"https:\/\/www.pumahue.cl\/chicureo\/noticias\/apoderados-campur-de-basica-despiden-ultimo-dia-de-clases\/\"]}]},{\"@type\":\"ImageObject\",\"inLanguage\":\"es\",\"@id\":\"https:\/\/www.pumahue.cl\/chicureo\/noticias\/apoderados-campur-de-basica-despiden-ultimo-dia-de-clases\/#primaryimage\",\"url\":\"https:\/\/www.pumahue.cl\/chicureo\/wp-content\/uploads\/sites\/46\/2022\/06\/70-1.jpg\",\"contentUrl\":\"https:\/\/www.pumahue.cl\/chicureo\/wp-content\/uploads\/sites\/46\/2022\/06\/70-1.jpg\",\"width\":836,\"height\":523},{\"@type\":\"BreadcrumbList\",\"@id\":\"https:\/\/www.pumahue.cl\/chicureo\/noticias\/apoderados-campur-de-basica-despiden-ultimo-dia-de-clases\/#breadcrumb\",\"itemListElement\":[{\"@type\":\"ListItem\",\"position\":1,\"name\":\"Home\",\"item\":\"https:\/\/www.pumahue.cl\/chicureo\/\"},{\"@type\":\"ListItem\",\"position\":2,\"name\":\"Apoderados CAMPUR de B\u00e1sica despiden \u00faltimo d\u00eda de clases\"}]},{\"@type\":\"WebSite\",\"@id\":\"https:\/\/www.pumahue.cl\/chicureo\/#website\",\"url\":\"https:\/\/www.pumahue.cl\/chicureo\/\",\"name\":\"Colegio Pumahue Chicureo\",\"description\":\"Parte de Cognita Schools\",\"potentialAction\":[{\"@type\":\"SearchAction\",\"target\":{\"@type\":\"EntryPoint\",\"urlTemplate\":\"https:\/\/www.pumahue.cl\/chicureo\/?s={search_term_string}\"},\"query-input\":{\"@type\":\"PropertyValueSpecification\",\"valueRequired\":true,\"valueName\":\"search_term_string\"}}],\"inLanguage\":\"es\"},{\"@type\":\"Person\",\"@id\":\"https:\/\/www.pumahue.cl\/chicureo\/#\/schema\/person\/0debeea140e397b5d490ee7e553255d8\",\"name\":\"jorgedelcampo\",\"image\":{\"@type\":\"ImageObject\",\"inLanguage\":\"es\",\"@id\":\"https:\/\/www.pumahue.cl\/chicureo\/#\/schema\/person\/image\/\",\"url\":\"https:\/\/secure.gravatar.com\/avatar\/4a315f521213b2dc91dbda9bf799f711c8a98ab6f5606ec42cf5b33d1e762e8a?s=96&d=mm&r=g\",\"contentUrl\":\"https:\/\/secure.gravatar.com\/avatar\/4a315f521213b2dc91dbda9bf799f711c8a98ab6f5606ec42cf5b33d1e762e8a?s=96&d=mm&r=g\",\"caption\":\"jorgedelcampo\"}}]}<\/script>\n<!-- \/ Yoast SEO plugin. -->","yoast_head_json":{"title":"Apoderados CAMPUR de B\u00e1sica despiden \u00faltimo d\u00eda de clases - Colegio Pumahue Chicureo","robots":{"index":"index","follow":"follow","max-snippet":"max-snippet:-1","max-image-preview":"max-image-preview:large","max-video-preview":"max-video-preview:-1"},"canonical":"https:\/\/www.pumahue.cl\/chicureo\/noticias\/apoderados-campur-de-basica-despiden-ultimo-dia-de-clases\/","og_locale":"es_ES","og_type":"article","og_title":"Apoderados CAMPUR de B\u00e1sica despiden \u00faltimo d\u00eda de clases - Colegio Pumahue Chicureo","og_description":"Con el objetivo de hacer un cierre especial en este primer semestre, el ciclo de Educaci\u00f3n B\u00e1sica invit\u00f3 a los pap\u00e1s CAMPUR a hacer alguna actividad l\u00fadica y entretenida en los cursos de sus hijos. Agradecemos la participaci\u00f3n de todos y compartimos con ustedes algunas im\u00e1genes del \u00faltimo d\u00eda de clases de los ni\u00f1os y [&hellip;]","og_url":"https:\/\/www.pumahue.cl\/chicureo\/noticias\/apoderados-campur-de-basica-despiden-ultimo-dia-de-clases\/","og_site_name":"Colegio Pumahue Chicureo","article_published_time":"2022-06-30T19:14:08+00:00","og_image":[{"width":836,"height":523,"url":"https:\/\/www.pumahue.cl\/chicureo\/wp-content\/uploads\/sites\/46\/2022\/06\/70-1.jpg","type":"image\/jpeg"}],"author":"jorgedelcampo","twitter_card":"summary_large_image","twitter_misc":{"Escrito por":"jorgedelcampo"},"schema":{"@context":"https:\/\/schema.org","@graph":[{"@type":"Article","@id":"https:\/\/www.pumahue.cl\/chicureo\/noticias\/apoderados-campur-de-basica-despiden-ultimo-dia-de-clases\/#article","isPartOf":{"@id":"https:\/\/www.pumahue.cl\/chicureo\/noticias\/apoderados-campur-de-basica-despiden-ultimo-dia-de-clases\/"},"author":{"name":"jorgedelcampo","@id":"https:\/\/www.pumahue.cl\/chicureo\/#\/schema\/person\/0debeea140e397b5d490ee7e553255d8"},"headline":"Apoderados CAMPUR de B\u00e1sica despiden \u00faltimo d\u00eda de clases","datePublished":"2022-06-30T19:14:08+00:00","mainEntityOfPage":{"@id":"https:\/\/www.pumahue.cl\/chicureo\/noticias\/apoderados-campur-de-basica-despiden-ultimo-dia-de-clases\/"},"wordCount":85,"commentCount":0,"image":{"@id":"https:\/\/www.pumahue.cl\/chicureo\/noticias\/apoderados-campur-de-basica-despiden-ultimo-dia-de-clases\/#primaryimage"},"thumbnailUrl":"https:\/\/www.pumahue.cl\/chicureo\/wp-content\/uploads\/sites\/46\/2022\/06\/70-1.jpg","articleSection":["Vida escolar"],"inLanguage":"es","potentialAction":[{"@type":"CommentAction","name":"Comment","target":["https:\/\/www.pumahue.cl\/chicureo\/noticias\/apoderados-campur-de-basica-despiden-ultimo-dia-de-clases\/#respond"]}]},{"@type":"WebPage","@id":"https:\/\/www.pumahue.cl\/chicureo\/noticias\/apoderados-campur-de-basica-despiden-ultimo-dia-de-clases\/","url":"https:\/\/www.pumahue.cl\/chicureo\/noticias\/apoderados-campur-de-basica-despiden-ultimo-dia-de-clases\/","name":"Apoderados CAMPUR de B\u00e1sica despiden \u00faltimo d\u00eda de clases - Colegio Pumahue Chicureo","isPartOf":{"@id":"https:\/\/www.pumahue.cl\/chicureo\/#website"},"primaryImageOfPage":{"@id":"https:\/\/www.pumahue.cl\/chicureo\/noticias\/apoderados-campur-de-basica-despiden-ultimo-dia-de-clases\/#primaryimage"},"image":{"@id":"https:\/\/www.pumahue.cl\/chicureo\/noticias\/apoderados-campur-de-basica-despiden-ultimo-dia-de-clases\/#primaryimage"},"thumbnailUrl":"https:\/\/www.pumahue.cl\/chicureo\/wp-content\/uploads\/sites\/46\/2022\/06\/70-1.jpg","datePublished":"2022-06-30T19:14:08+00:00","author":{"@id":"https:\/\/www.pumahue.cl\/chicureo\/#\/schema\/person\/0debeea140e397b5d490ee7e553255d8"},"breadcrumb":{"@id":"https:\/\/www.pumahue.cl\/chicureo\/noticias\/apoderados-campur-de-basica-despiden-ultimo-dia-de-clases\/#breadcrumb"},"inLanguage":"es","potentialAction":[{"@type":"ReadAction","target":["https:\/\/www.pumahue.cl\/chicureo\/noticias\/apoderados-campur-de-basica-despiden-ultimo-dia-de-clases\/"]}]},{"@type":"ImageObject","inLanguage":"es","@id":"https:\/\/www.pumahue.cl\/chicureo\/noticias\/apoderados-campur-de-basica-despiden-ultimo-dia-de-clases\/#primaryimage","url":"https:\/\/www.pumahue.cl\/chicureo\/wp-content\/uploads\/sites\/46\/2022\/06\/70-1.jpg","contentUrl":"https:\/\/www.pumahue.cl\/chicureo\/wp-content\/uploads\/sites\/46\/2022\/06\/70-1.jpg","width":836,"height":523},{"@type":"BreadcrumbList","@id":"https:\/\/www.pumahue.cl\/chicureo\/noticias\/apoderados-campur-de-basica-despiden-ultimo-dia-de-clases\/#breadcrumb","itemListElement":[{"@type":"ListItem","position":1,"name":"Home","item":"https:\/\/www.pumahue.cl\/chicureo\/"},{"@type":"ListItem","position":2,"name":"Apoderados CAMPUR de B\u00e1sica despiden \u00faltimo d\u00eda de clases"}]},{"@type":"WebSite","@id":"https:\/\/www.pumahue.cl\/chicureo\/#website","url":"https:\/\/www.pumahue.cl\/chicureo\/","name":"Colegio Pumahue Chicureo","description":"Parte de Cognita Schools","potentialAction":[{"@type":"SearchAction","target":{"@type":"EntryPoint","urlTemplate":"https:\/\/www.pumahue.cl\/chicureo\/?s={search_term_string}"},"query-input":{"@type":"PropertyValueSpecification","valueRequired":true,"valueName":"search_term_string"}}],"inLanguage":"es"},{"@type":"Person","@id":"https:\/\/www.pumahue.cl\/chicureo\/#\/schema\/person\/0debeea140e397b5d490ee7e553255d8","name":"jorgedelcampo","image":{"@type":"ImageObject","inLanguage":"es","@id":"https:\/\/www.pumahue.cl\/chicureo\/#\/schema\/person\/image\/","url":"https:\/\/secure.gravatar.com\/avatar\/4a315f521213b2dc91dbda9bf799f711c8a98ab6f5606ec42cf5b33d1e762e8a?s=96&d=mm&r=g","contentUrl":"https:\/\/secure.gravatar.com\/avatar\/4a315f521213b2dc91dbda9bf799f711c8a98ab6f5606ec42cf5b33d1e762e8a?s=96&d=mm&r=g","caption":"jorgedelcampo"}}]}},"jetpack_featured_media_url":"https:\/\/www.pumahue.cl\/chicureo\/wp-content\/uploads\/sites\/46\/2022\/06\/70-1.jpg","previous_post_ID":16590,"previous_post_title":"Pumahue Chicureo recibe la visita de representantes de Cambridge International Education","previous_post_excerpt":"Miss Andrea Correa, Rectora de Pumahue Chicureo junto a Miss Tatiana Bustos, Directora de Biling\u00fcismo de Cognita Chile, recibieron en el colegio a la ejecutiva de Desarrollo Regional para Cambridge International Education &#8211; Am\u00e9rica Latina, Miss Anik Blanchard, quien en compa\u00f1\u00eda de la Sra. Marcela Moya y el Sr. Eduardo V\u00e1squez tuvieron la oportunidad de [&hellip;]","previous_post_link":"https:\/\/www.pumahue.cl\/chicureo\/noticias\/pumahue-chicureo-recibe-la-visita-de-representantes-de-cambridge-international-education\/","previous_post_class":["post-16590","post","type-post","status-publish","format-standard","has-post-thumbnail","hentry","category-vida-escolar"],"next_post_ID":16635,"next_post_title":"Celebraci\u00f3n Padre e Hijo","next_post_excerpt":"Con motivo de la celebraci\u00f3n del d\u00eda del padre, el ciclo de Educaci\u00f3n Parvularia realiz\u00f3 una actividad para que los ni\u00f1os y ni\u00f1as pudieran compartir un momento con sus pap\u00e1s. Agradecemos la participaci\u00f3n de cada uno de los padres asistentes y compartimos con ustedes las fotograf\u00edas tomadas en los cursos. #PumahueChicureo #CognitaWay [multimedia id=&#8221;1&#8243;]","next_post_link":"https:\/\/www.pumahue.cl\/chicureo\/noticias\/celebracion-padre-e-hijo\/","next_post_class":["post-16635","post","type-post","status-publish","format-standard","has-post-thumbnail","hentry","category-vida-escolar"],"jetpack_sharing_enabled":true,"_links":{"self":[{"href":"https:\/\/www.pumahue.cl\/chicureo\/wp-json\/wp\/v2\/posts\/16594","targetHints":{"allow":["GET"]}}],"collection":[{"href":"https:\/\/www.pumahue.cl\/chicureo\/wp-json\/wp\/v2\/posts"}],"about":[{"href":"https:\/\/www.pumahue.cl\/chicureo\/wp-json\/wp\/v2\/types\/post"}],"author":[{"embeddable":true,"href":"https:\/\/www.pumahue.cl\/chicureo\/wp-json\/wp\/v2\/users\/14"}],"replies":[{"embeddable":true,"href":"https:\/\/www.pumahue.cl\/chicureo\/wp-json\/wp\/v2\/comments?post=16594"}],"version-history":[{"count":0,"href":"https:\/\/www.pumahue.cl\/chicureo\/wp-json\/wp\/v2\/posts\/16594\/revisions"}],"wp:featuredmedia":[{"embeddable":true,"href":"https:\/\/www.pumahue.cl\/chicureo\/wp-json\/wp\/v2\/media\/16596"}],"wp:attachment":[{"href":"https:\/\/www.pumahue.cl\/chicureo\/wp-json\/wp\/v2\/media?parent=16594"}],"wp:term":[{"taxonomy":"category","embeddable":true,"href":"https:\/\/www.pumahue.cl\/chicureo\/wp-json\/wp\/v2\/categories?post=16594"},{"taxonomy":"post_tag","embeddable":true,"href":"https:\/\/www.pumahue.cl\/chicureo\/wp-json\/wp\/v2\/tags?post=16594"}],"curies":[{"name":"wp","href":"https:\/\/api.w.org\/{rel}","templated":true}]}}