{"id":17035,"date":"2022-08-01T12:00:41","date_gmt":"2022-08-01T16:00:41","guid":{"rendered":"http:\/\/pumahue.cl\/chicureo\/?p=17035"},"modified":"2022-08-01T12:00:41","modified_gmt":"2022-08-01T16:00:41","slug":"celebracion-dia-del-nino-y-nina","status":"publish","type":"post","link":"https:\/\/www.pumahue.cl\/chicureo\/noticias\/celebracion-dia-del-nino-y-nina\/","title":{"rendered":"Celebraci\u00f3n d\u00eda del ni\u00f1o y ni\u00f1a"},"content":{"rendered":"<h2 style=\"text-align: center\">CAMPUR GENERAL ALUMNOS invita a todoslos ni\u00f1os y ni\u00f1as a celebrar su d\u00eda<br \/>\n<strong>en pijamas con su peluche favorito. <\/strong><\/h2>\n<h2><\/h2>\n<h2 style=\"text-align: center\"><strong>\u00a1Los esperamos!<\/strong><\/h2>\n<p>&nbsp;<\/p>\n"},"excerpt":{"rendered":"<p>CAMPUR GENERAL ALUMNOS invita a todoslos ni\u00f1os y ni\u00f1as a celebrar su d\u00eda en pijamas con su peluche favorito. \u00a1Los esperamos! &nbsp;<\/p>\n","protected":false},"author":14,"featured_media":17036,"comment_status":"open","ping_status":"open","sticky":false,"template":"","format":"standard","meta":{"_acf_changed":false,"content-type":"","_jetpack_memberships_contains_paid_content":false,"footnotes":""},"categories":[1],"tags":[],"class_list":["post-17035","post","type-post","status-publish","format-standard","has-post-thumbnail","hentry","category-vida-escolar"],"acf":[],"yoast_head":"<!-- This site is optimized with the Yoast SEO plugin v27.1.1 - https:\/\/yoast.com\/product\/yoast-seo-wordpress\/ -->\n<title>Celebraci\u00f3n d\u00eda del ni\u00f1o y ni\u00f1a - Colegio Pumahue Chicureo<\/title>\n<meta name=\"robots\" content=\"index, follow, max-snippet:-1, max-image-preview:large, max-video-preview:-1\" \/>\n<link rel=\"canonical\" href=\"https:\/\/www.pumahue.cl\/chicureo\/noticias\/celebracion-dia-del-nino-y-nina\/\" \/>\n<meta property=\"og:locale\" content=\"es_ES\" \/>\n<meta property=\"og:type\" content=\"article\" \/>\n<meta property=\"og:title\" content=\"Celebraci\u00f3n d\u00eda del ni\u00f1o y ni\u00f1a - Colegio Pumahue Chicureo\" \/>\n<meta property=\"og:description\" content=\"CAMPUR GENERAL ALUMNOS invita a todoslos ni\u00f1os y ni\u00f1as a celebrar su d\u00eda en pijamas con su peluche favorito. \u00a1Los esperamos! &nbsp;\" \/>\n<meta property=\"og:url\" content=\"https:\/\/www.pumahue.cl\/chicureo\/noticias\/celebracion-dia-del-nino-y-nina\/\" \/>\n<meta property=\"og:site_name\" content=\"Colegio Pumahue Chicureo\" \/>\n<meta property=\"article:published_time\" content=\"2022-08-01T16:00:41+00:00\" \/>\n<meta property=\"og:image\" content=\"https:\/\/www.pumahue.cl\/chicureo\/wp-content\/uploads\/sites\/46\/2022\/07\/Academias-Talleres-1.jpg\" \/>\n\t<meta property=\"og:image:width\" content=\"836\" \/>\n\t<meta property=\"og:image:height\" content=\"523\" \/>\n\t<meta property=\"og:image:type\" content=\"image\/jpeg\" \/>\n<meta name=\"author\" content=\"jorgedelcampo\" \/>\n<meta name=\"twitter:card\" content=\"summary_large_image\" \/>\n<meta name=\"twitter:label1\" content=\"Escrito por\" \/>\n\t<meta name=\"twitter:data1\" content=\"jorgedelcampo\" \/>\n<script type=\"application\/ld+json\" class=\"yoast-schema-graph\">{\"@context\":\"https:\/\/schema.org\",\"@graph\":[{\"@type\":\"Article\",\"@id\":\"https:\/\/www.pumahue.cl\/chicureo\/noticias\/celebracion-dia-del-nino-y-nina\/#article\",\"isPartOf\":{\"@id\":\"https:\/\/www.pumahue.cl\/chicureo\/noticias\/celebracion-dia-del-nino-y-nina\/\"},\"author\":{\"name\":\"jorgedelcampo\",\"@id\":\"https:\/\/www.pumahue.cl\/chicureo\/#\/schema\/person\/0debeea140e397b5d490ee7e553255d8\"},\"headline\":\"Celebraci\u00f3n d\u00eda del ni\u00f1o y ni\u00f1a\",\"datePublished\":\"2022-08-01T16:00:41+00:00\",\"mainEntityOfPage\":{\"@id\":\"https:\/\/www.pumahue.cl\/chicureo\/noticias\/celebracion-dia-del-nino-y-nina\/\"},\"wordCount\":35,\"commentCount\":0,\"image\":{\"@id\":\"https:\/\/www.pumahue.cl\/chicureo\/noticias\/celebracion-dia-del-nino-y-nina\/#primaryimage\"},\"thumbnailUrl\":\"https:\/\/www.pumahue.cl\/chicureo\/wp-content\/uploads\/sites\/46\/2022\/07\/Academias-Talleres-1.jpg\",\"articleSection\":[\"Vida escolar\"],\"inLanguage\":\"es\",\"potentialAction\":[{\"@type\":\"CommentAction\",\"name\":\"Comment\",\"target\":[\"https:\/\/www.pumahue.cl\/chicureo\/noticias\/celebracion-dia-del-nino-y-nina\/#respond\"]}]},{\"@type\":\"WebPage\",\"@id\":\"https:\/\/www.pumahue.cl\/chicureo\/noticias\/celebracion-dia-del-nino-y-nina\/\",\"url\":\"https:\/\/www.pumahue.cl\/chicureo\/noticias\/celebracion-dia-del-nino-y-nina\/\",\"name\":\"Celebraci\u00f3n d\u00eda del ni\u00f1o y ni\u00f1a - Colegio Pumahue Chicureo\",\"isPartOf\":{\"@id\":\"https:\/\/www.pumahue.cl\/chicureo\/#website\"},\"primaryImageOfPage\":{\"@id\":\"https:\/\/www.pumahue.cl\/chicureo\/noticias\/celebracion-dia-del-nino-y-nina\/#primaryimage\"},\"image\":{\"@id\":\"https:\/\/www.pumahue.cl\/chicureo\/noticias\/celebracion-dia-del-nino-y-nina\/#primaryimage\"},\"thumbnailUrl\":\"https:\/\/www.pumahue.cl\/chicureo\/wp-content\/uploads\/sites\/46\/2022\/07\/Academias-Talleres-1.jpg\",\"datePublished\":\"2022-08-01T16:00:41+00:00\",\"author\":{\"@id\":\"https:\/\/www.pumahue.cl\/chicureo\/#\/schema\/person\/0debeea140e397b5d490ee7e553255d8\"},\"breadcrumb\":{\"@id\":\"https:\/\/www.pumahue.cl\/chicureo\/noticias\/celebracion-dia-del-nino-y-nina\/#breadcrumb\"},\"inLanguage\":\"es\",\"potentialAction\":[{\"@type\":\"ReadAction\",\"target\":[\"https:\/\/www.pumahue.cl\/chicureo\/noticias\/celebracion-dia-del-nino-y-nina\/\"]}]},{\"@type\":\"ImageObject\",\"inLanguage\":\"es\",\"@id\":\"https:\/\/www.pumahue.cl\/chicureo\/noticias\/celebracion-dia-del-nino-y-nina\/#primaryimage\",\"url\":\"https:\/\/www.pumahue.cl\/chicureo\/wp-content\/uploads\/sites\/46\/2022\/07\/Academias-Talleres-1.jpg\",\"contentUrl\":\"https:\/\/www.pumahue.cl\/chicureo\/wp-content\/uploads\/sites\/46\/2022\/07\/Academias-Talleres-1.jpg\",\"width\":836,\"height\":523},{\"@type\":\"BreadcrumbList\",\"@id\":\"https:\/\/www.pumahue.cl\/chicureo\/noticias\/celebracion-dia-del-nino-y-nina\/#breadcrumb\",\"itemListElement\":[{\"@type\":\"ListItem\",\"position\":1,\"name\":\"Home\",\"item\":\"https:\/\/www.pumahue.cl\/chicureo\/\"},{\"@type\":\"ListItem\",\"position\":2,\"name\":\"Celebraci\u00f3n d\u00eda del ni\u00f1o y ni\u00f1a\"}]},{\"@type\":\"WebSite\",\"@id\":\"https:\/\/www.pumahue.cl\/chicureo\/#website\",\"url\":\"https:\/\/www.pumahue.cl\/chicureo\/\",\"name\":\"Colegio Pumahue Chicureo\",\"description\":\"Parte de Cognita Schools\",\"potentialAction\":[{\"@type\":\"SearchAction\",\"target\":{\"@type\":\"EntryPoint\",\"urlTemplate\":\"https:\/\/www.pumahue.cl\/chicureo\/?s={search_term_string}\"},\"query-input\":{\"@type\":\"PropertyValueSpecification\",\"valueRequired\":true,\"valueName\":\"search_term_string\"}}],\"inLanguage\":\"es\"},{\"@type\":\"Person\",\"@id\":\"https:\/\/www.pumahue.cl\/chicureo\/#\/schema\/person\/0debeea140e397b5d490ee7e553255d8\",\"name\":\"jorgedelcampo\",\"image\":{\"@type\":\"ImageObject\",\"inLanguage\":\"es\",\"@id\":\"https:\/\/www.pumahue.cl\/chicureo\/#\/schema\/person\/image\/\",\"url\":\"https:\/\/secure.gravatar.com\/avatar\/4a315f521213b2dc91dbda9bf799f711c8a98ab6f5606ec42cf5b33d1e762e8a?s=96&d=mm&r=g\",\"contentUrl\":\"https:\/\/secure.gravatar.com\/avatar\/4a315f521213b2dc91dbda9bf799f711c8a98ab6f5606ec42cf5b33d1e762e8a?s=96&d=mm&r=g\",\"caption\":\"jorgedelcampo\"}}]}<\/script>\n<!-- \/ Yoast SEO plugin. -->","yoast_head_json":{"title":"Celebraci\u00f3n d\u00eda del ni\u00f1o y ni\u00f1a - Colegio Pumahue Chicureo","robots":{"index":"index","follow":"follow","max-snippet":"max-snippet:-1","max-image-preview":"max-image-preview:large","max-video-preview":"max-video-preview:-1"},"canonical":"https:\/\/www.pumahue.cl\/chicureo\/noticias\/celebracion-dia-del-nino-y-nina\/","og_locale":"es_ES","og_type":"article","og_title":"Celebraci\u00f3n d\u00eda del ni\u00f1o y ni\u00f1a - Colegio Pumahue Chicureo","og_description":"CAMPUR GENERAL ALUMNOS invita a todoslos ni\u00f1os y ni\u00f1as a celebrar su d\u00eda en pijamas con su peluche favorito. \u00a1Los esperamos! &nbsp;","og_url":"https:\/\/www.pumahue.cl\/chicureo\/noticias\/celebracion-dia-del-nino-y-nina\/","og_site_name":"Colegio Pumahue Chicureo","article_published_time":"2022-08-01T16:00:41+00:00","og_image":[{"width":836,"height":523,"url":"https:\/\/www.pumahue.cl\/chicureo\/wp-content\/uploads\/sites\/46\/2022\/07\/Academias-Talleres-1.jpg","type":"image\/jpeg"}],"author":"jorgedelcampo","twitter_card":"summary_large_image","twitter_misc":{"Escrito por":"jorgedelcampo"},"schema":{"@context":"https:\/\/schema.org","@graph":[{"@type":"Article","@id":"https:\/\/www.pumahue.cl\/chicureo\/noticias\/celebracion-dia-del-nino-y-nina\/#article","isPartOf":{"@id":"https:\/\/www.pumahue.cl\/chicureo\/noticias\/celebracion-dia-del-nino-y-nina\/"},"author":{"name":"jorgedelcampo","@id":"https:\/\/www.pumahue.cl\/chicureo\/#\/schema\/person\/0debeea140e397b5d490ee7e553255d8"},"headline":"Celebraci\u00f3n d\u00eda del ni\u00f1o y ni\u00f1a","datePublished":"2022-08-01T16:00:41+00:00","mainEntityOfPage":{"@id":"https:\/\/www.pumahue.cl\/chicureo\/noticias\/celebracion-dia-del-nino-y-nina\/"},"wordCount":35,"commentCount":0,"image":{"@id":"https:\/\/www.pumahue.cl\/chicureo\/noticias\/celebracion-dia-del-nino-y-nina\/#primaryimage"},"thumbnailUrl":"https:\/\/www.pumahue.cl\/chicureo\/wp-content\/uploads\/sites\/46\/2022\/07\/Academias-Talleres-1.jpg","articleSection":["Vida escolar"],"inLanguage":"es","potentialAction":[{"@type":"CommentAction","name":"Comment","target":["https:\/\/www.pumahue.cl\/chicureo\/noticias\/celebracion-dia-del-nino-y-nina\/#respond"]}]},{"@type":"WebPage","@id":"https:\/\/www.pumahue.cl\/chicureo\/noticias\/celebracion-dia-del-nino-y-nina\/","url":"https:\/\/www.pumahue.cl\/chicureo\/noticias\/celebracion-dia-del-nino-y-nina\/","name":"Celebraci\u00f3n d\u00eda del ni\u00f1o y ni\u00f1a - Colegio Pumahue Chicureo","isPartOf":{"@id":"https:\/\/www.pumahue.cl\/chicureo\/#website"},"primaryImageOfPage":{"@id":"https:\/\/www.pumahue.cl\/chicureo\/noticias\/celebracion-dia-del-nino-y-nina\/#primaryimage"},"image":{"@id":"https:\/\/www.pumahue.cl\/chicureo\/noticias\/celebracion-dia-del-nino-y-nina\/#primaryimage"},"thumbnailUrl":"https:\/\/www.pumahue.cl\/chicureo\/wp-content\/uploads\/sites\/46\/2022\/07\/Academias-Talleres-1.jpg","datePublished":"2022-08-01T16:00:41+00:00","author":{"@id":"https:\/\/www.pumahue.cl\/chicureo\/#\/schema\/person\/0debeea140e397b5d490ee7e553255d8"},"breadcrumb":{"@id":"https:\/\/www.pumahue.cl\/chicureo\/noticias\/celebracion-dia-del-nino-y-nina\/#breadcrumb"},"inLanguage":"es","potentialAction":[{"@type":"ReadAction","target":["https:\/\/www.pumahue.cl\/chicureo\/noticias\/celebracion-dia-del-nino-y-nina\/"]}]},{"@type":"ImageObject","inLanguage":"es","@id":"https:\/\/www.pumahue.cl\/chicureo\/noticias\/celebracion-dia-del-nino-y-nina\/#primaryimage","url":"https:\/\/www.pumahue.cl\/chicureo\/wp-content\/uploads\/sites\/46\/2022\/07\/Academias-Talleres-1.jpg","contentUrl":"https:\/\/www.pumahue.cl\/chicureo\/wp-content\/uploads\/sites\/46\/2022\/07\/Academias-Talleres-1.jpg","width":836,"height":523},{"@type":"BreadcrumbList","@id":"https:\/\/www.pumahue.cl\/chicureo\/noticias\/celebracion-dia-del-nino-y-nina\/#breadcrumb","itemListElement":[{"@type":"ListItem","position":1,"name":"Home","item":"https:\/\/www.pumahue.cl\/chicureo\/"},{"@type":"ListItem","position":2,"name":"Celebraci\u00f3n d\u00eda del ni\u00f1o y ni\u00f1a"}]},{"@type":"WebSite","@id":"https:\/\/www.pumahue.cl\/chicureo\/#website","url":"https:\/\/www.pumahue.cl\/chicureo\/","name":"Colegio Pumahue Chicureo","description":"Parte de Cognita Schools","potentialAction":[{"@type":"SearchAction","target":{"@type":"EntryPoint","urlTemplate":"https:\/\/www.pumahue.cl\/chicureo\/?s={search_term_string}"},"query-input":{"@type":"PropertyValueSpecification","valueRequired":true,"valueName":"search_term_string"}}],"inLanguage":"es"},{"@type":"Person","@id":"https:\/\/www.pumahue.cl\/chicureo\/#\/schema\/person\/0debeea140e397b5d490ee7e553255d8","name":"jorgedelcampo","image":{"@type":"ImageObject","inLanguage":"es","@id":"https:\/\/www.pumahue.cl\/chicureo\/#\/schema\/person\/image\/","url":"https:\/\/secure.gravatar.com\/avatar\/4a315f521213b2dc91dbda9bf799f711c8a98ab6f5606ec42cf5b33d1e762e8a?s=96&d=mm&r=g","contentUrl":"https:\/\/secure.gravatar.com\/avatar\/4a315f521213b2dc91dbda9bf799f711c8a98ab6f5606ec42cf5b33d1e762e8a?s=96&d=mm&r=g","caption":"jorgedelcampo"}}]}},"jetpack_featured_media_url":"https:\/\/www.pumahue.cl\/chicureo\/wp-content\/uploads\/sites\/46\/2022\/07\/Academias-Talleres-1.jpg","previous_post_ID":17062,"previous_post_title":"D\u00eda de la Ciudadan\u00eda Digital","previous_post_excerpt":"En el marco de nuestro programa EDTech, se celebr\u00f3 el pasado viernes 29 de julio el d\u00eda de la Ciudadan\u00eda Digital. Nuestros Digital Champions &#8211; Miss Daniela Quintric\u00f3n, Mr. Gabriel Astorga y Mr. Ismael Vergara realizaron diversas actividades junto a los estudiantes. Sin embargo, la que m\u00e1s dio frutos es el Museo de la Tecnolog\u00eda, [&hellip;]","previous_post_link":"https:\/\/www.pumahue.cl\/chicureo\/noticias\/dia-de-la-ciudadania-digital\/","previous_post_class":["post-17062","post","type-post","status-publish","format-standard","has-post-thumbnail","hentry","category-vida-escolar"],"next_post_ID":17363,"next_post_title":"Nuevo recurso de aprendizaje digital: Reading Progress","next_post_excerpt":"Este segundo semestre nuestros estudiantes de Kinder a 6\u00b0 b\u00e1sico reforzar\u00e1n y fomentar\u00e1n su lectura con la herramienta digital de la App TEAMS de Microsoft, Reading Progress. A trav\u00e9s de \u00e9sta los estudiantes realizar\u00e1n lecturas en voz alta pudiendo identificar errores en su calidad lectora, con el objetivo de progresar. &nbsp; Reading Progress es unaherramientagratuita [&hellip;]","next_post_link":"https:\/\/www.pumahue.cl\/chicureo\/noticias\/nuevo-recurso-de-aprendizaje-digital-reading-progress\/","next_post_class":["post-17363","post","type-post","status-publish","format-standard","has-post-thumbnail","hentry","category-vida-escolar"],"jetpack_sharing_enabled":true,"_links":{"self":[{"href":"https:\/\/www.pumahue.cl\/chicureo\/wp-json\/wp\/v2\/posts\/17035","targetHints":{"allow":["GET"]}}],"collection":[{"href":"https:\/\/www.pumahue.cl\/chicureo\/wp-json\/wp\/v2\/posts"}],"about":[{"href":"https:\/\/www.pumahue.cl\/chicureo\/wp-json\/wp\/v2\/types\/post"}],"author":[{"embeddable":true,"href":"https:\/\/www.pumahue.cl\/chicureo\/wp-json\/wp\/v2\/users\/14"}],"replies":[{"embeddable":true,"href":"https:\/\/www.pumahue.cl\/chicureo\/wp-json\/wp\/v2\/comments?post=17035"}],"version-history":[{"count":0,"href":"https:\/\/www.pumahue.cl\/chicureo\/wp-json\/wp\/v2\/posts\/17035\/revisions"}],"wp:featuredmedia":[{"embeddable":true,"href":"https:\/\/www.pumahue.cl\/chicureo\/wp-json\/wp\/v2\/media\/17036"}],"wp:attachment":[{"href":"https:\/\/www.pumahue.cl\/chicureo\/wp-json\/wp\/v2\/media?parent=17035"}],"wp:term":[{"taxonomy":"category","embeddable":true,"href":"https:\/\/www.pumahue.cl\/chicureo\/wp-json\/wp\/v2\/categories?post=17035"},{"taxonomy":"post_tag","embeddable":true,"href":"https:\/\/www.pumahue.cl\/chicureo\/wp-json\/wp\/v2\/tags?post=17035"}],"curies":[{"name":"wp","href":"https:\/\/api.w.org\/{rel}","templated":true}]}}