{"id":17062,"date":"2022-08-01T09:51:36","date_gmt":"2022-08-01T13:51:36","guid":{"rendered":"http:\/\/pumahue.cl\/chicureo\/?p=17062"},"modified":"2022-08-01T09:51:36","modified_gmt":"2022-08-01T13:51:36","slug":"dia-de-la-ciudadania-digital","status":"publish","type":"post","link":"https:\/\/www.pumahue.cl\/chicureo\/noticias\/dia-de-la-ciudadania-digital\/","title":{"rendered":"D\u00eda de la Ciudadan\u00eda Digital"},"content":{"rendered":"<p>En el marco de nuestro programa EDTech, se celebr\u00f3 el pasado viernes 29 de julio el d\u00eda de la Ciudadan\u00eda Digital. Nuestros Digital Champions &#8211; Miss Daniela Quintric\u00f3n, Mr. Gabriel Astorga y Mr. Ismael Vergara realizaron diversas actividades junto a los estudiantes.<br \/>\nSin embargo, la que m\u00e1s dio frutos es el Museo de la Tecnolog\u00eda, donde todos los alumnos participaron compartiendo diversos equipos como cassette, cd, radio, tel\u00e9fonos, celulares, etc.<\/p>\n<p style=\"text-align: center\"><strong>\u00a1Felicitamos a toda nuestra comunidad por su activa participaci\u00f3n!<\/strong><\/p>\n<p>[multimedia id=&#8221;1&#8243;]<\/p>\n"},"excerpt":{"rendered":"<p>En el marco de nuestro programa EDTech, se celebr\u00f3 el pasado viernes 29 de julio el d\u00eda de la Ciudadan\u00eda Digital. Nuestros Digital Champions &#8211; Miss Daniela Quintric\u00f3n, Mr. Gabriel Astorga y Mr. Ismael Vergara realizaron diversas actividades junto a los estudiantes. Sin embargo, la que m\u00e1s dio frutos es el Museo de la Tecnolog\u00eda, [&hellip;]<\/p>\n","protected":false},"author":14,"featured_media":17109,"comment_status":"open","ping_status":"open","sticky":false,"template":"","format":"standard","meta":{"_acf_changed":false,"content-type":"","_jetpack_memberships_contains_paid_content":false,"footnotes":""},"categories":[1],"tags":[],"class_list":["post-17062","post","type-post","status-publish","format-standard","has-post-thumbnail","hentry","category-vida-escolar"],"acf":[],"yoast_head":"<!-- This site is optimized with the Yoast SEO plugin v27.1.1 - https:\/\/yoast.com\/product\/yoast-seo-wordpress\/ -->\n<title>D\u00eda de la Ciudadan\u00eda Digital - Colegio Pumahue Chicureo<\/title>\n<meta name=\"robots\" content=\"index, follow, max-snippet:-1, max-image-preview:large, max-video-preview:-1\" \/>\n<link rel=\"canonical\" href=\"https:\/\/www.pumahue.cl\/chicureo\/noticias\/dia-de-la-ciudadania-digital\/\" \/>\n<meta property=\"og:locale\" content=\"es_ES\" \/>\n<meta property=\"og:type\" content=\"article\" \/>\n<meta property=\"og:title\" content=\"D\u00eda de la Ciudadan\u00eda Digital - Colegio Pumahue Chicureo\" \/>\n<meta property=\"og:description\" content=\"En el marco de nuestro programa EDTech, se celebr\u00f3 el pasado viernes 29 de julio el d\u00eda de la Ciudadan\u00eda Digital. Nuestros Digital Champions &#8211; Miss Daniela Quintric\u00f3n, Mr. Gabriel Astorga y Mr. Ismael Vergara realizaron diversas actividades junto a los estudiantes. Sin embargo, la que m\u00e1s dio frutos es el Museo de la Tecnolog\u00eda, [&hellip;]\" \/>\n<meta property=\"og:url\" content=\"https:\/\/www.pumahue.cl\/chicureo\/noticias\/dia-de-la-ciudadania-digital\/\" \/>\n<meta property=\"og:site_name\" content=\"Colegio Pumahue Chicureo\" \/>\n<meta property=\"article:published_time\" content=\"2022-08-01T13:51:36+00:00\" \/>\n<meta property=\"og:image\" content=\"https:\/\/www.pumahue.cl\/chicureo\/wp-content\/uploads\/sites\/46\/2022\/08\/75.jpg\" \/>\n\t<meta property=\"og:image:width\" content=\"836\" \/>\n\t<meta property=\"og:image:height\" content=\"523\" \/>\n\t<meta property=\"og:image:type\" content=\"image\/jpeg\" \/>\n<meta name=\"author\" content=\"jorgedelcampo\" \/>\n<meta name=\"twitter:card\" content=\"summary_large_image\" \/>\n<meta name=\"twitter:label1\" content=\"Escrito por\" \/>\n\t<meta name=\"twitter:data1\" content=\"jorgedelcampo\" \/>\n<script type=\"application\/ld+json\" class=\"yoast-schema-graph\">{\"@context\":\"https:\/\/schema.org\",\"@graph\":[{\"@type\":\"Article\",\"@id\":\"https:\/\/www.pumahue.cl\/chicureo\/noticias\/dia-de-la-ciudadania-digital\/#article\",\"isPartOf\":{\"@id\":\"https:\/\/www.pumahue.cl\/chicureo\/noticias\/dia-de-la-ciudadania-digital\/\"},\"author\":{\"name\":\"jorgedelcampo\",\"@id\":\"https:\/\/www.pumahue.cl\/chicureo\/#\/schema\/person\/0debeea140e397b5d490ee7e553255d8\"},\"headline\":\"D\u00eda de la Ciudadan\u00eda Digital\",\"datePublished\":\"2022-08-01T13:51:36+00:00\",\"mainEntityOfPage\":{\"@id\":\"https:\/\/www.pumahue.cl\/chicureo\/noticias\/dia-de-la-ciudadania-digital\/\"},\"wordCount\":94,\"commentCount\":0,\"image\":{\"@id\":\"https:\/\/www.pumahue.cl\/chicureo\/noticias\/dia-de-la-ciudadania-digital\/#primaryimage\"},\"thumbnailUrl\":\"https:\/\/www.pumahue.cl\/chicureo\/wp-content\/uploads\/sites\/46\/2022\/08\/75.jpg\",\"articleSection\":[\"Vida escolar\"],\"inLanguage\":\"es\",\"potentialAction\":[{\"@type\":\"CommentAction\",\"name\":\"Comment\",\"target\":[\"https:\/\/www.pumahue.cl\/chicureo\/noticias\/dia-de-la-ciudadania-digital\/#respond\"]}]},{\"@type\":\"WebPage\",\"@id\":\"https:\/\/www.pumahue.cl\/chicureo\/noticias\/dia-de-la-ciudadania-digital\/\",\"url\":\"https:\/\/www.pumahue.cl\/chicureo\/noticias\/dia-de-la-ciudadania-digital\/\",\"name\":\"D\u00eda de la Ciudadan\u00eda Digital - Colegio Pumahue Chicureo\",\"isPartOf\":{\"@id\":\"https:\/\/www.pumahue.cl\/chicureo\/#website\"},\"primaryImageOfPage\":{\"@id\":\"https:\/\/www.pumahue.cl\/chicureo\/noticias\/dia-de-la-ciudadania-digital\/#primaryimage\"},\"image\":{\"@id\":\"https:\/\/www.pumahue.cl\/chicureo\/noticias\/dia-de-la-ciudadania-digital\/#primaryimage\"},\"thumbnailUrl\":\"https:\/\/www.pumahue.cl\/chicureo\/wp-content\/uploads\/sites\/46\/2022\/08\/75.jpg\",\"datePublished\":\"2022-08-01T13:51:36+00:00\",\"author\":{\"@id\":\"https:\/\/www.pumahue.cl\/chicureo\/#\/schema\/person\/0debeea140e397b5d490ee7e553255d8\"},\"breadcrumb\":{\"@id\":\"https:\/\/www.pumahue.cl\/chicureo\/noticias\/dia-de-la-ciudadania-digital\/#breadcrumb\"},\"inLanguage\":\"es\",\"potentialAction\":[{\"@type\":\"ReadAction\",\"target\":[\"https:\/\/www.pumahue.cl\/chicureo\/noticias\/dia-de-la-ciudadania-digital\/\"]}]},{\"@type\":\"ImageObject\",\"inLanguage\":\"es\",\"@id\":\"https:\/\/www.pumahue.cl\/chicureo\/noticias\/dia-de-la-ciudadania-digital\/#primaryimage\",\"url\":\"https:\/\/www.pumahue.cl\/chicureo\/wp-content\/uploads\/sites\/46\/2022\/08\/75.jpg\",\"contentUrl\":\"https:\/\/www.pumahue.cl\/chicureo\/wp-content\/uploads\/sites\/46\/2022\/08\/75.jpg\",\"width\":836,\"height\":523},{\"@type\":\"BreadcrumbList\",\"@id\":\"https:\/\/www.pumahue.cl\/chicureo\/noticias\/dia-de-la-ciudadania-digital\/#breadcrumb\",\"itemListElement\":[{\"@type\":\"ListItem\",\"position\":1,\"name\":\"Home\",\"item\":\"https:\/\/www.pumahue.cl\/chicureo\/\"},{\"@type\":\"ListItem\",\"position\":2,\"name\":\"D\u00eda de la Ciudadan\u00eda Digital\"}]},{\"@type\":\"WebSite\",\"@id\":\"https:\/\/www.pumahue.cl\/chicureo\/#website\",\"url\":\"https:\/\/www.pumahue.cl\/chicureo\/\",\"name\":\"Colegio Pumahue Chicureo\",\"description\":\"Parte de Cognita Schools\",\"potentialAction\":[{\"@type\":\"SearchAction\",\"target\":{\"@type\":\"EntryPoint\",\"urlTemplate\":\"https:\/\/www.pumahue.cl\/chicureo\/?s={search_term_string}\"},\"query-input\":{\"@type\":\"PropertyValueSpecification\",\"valueRequired\":true,\"valueName\":\"search_term_string\"}}],\"inLanguage\":\"es\"},{\"@type\":\"Person\",\"@id\":\"https:\/\/www.pumahue.cl\/chicureo\/#\/schema\/person\/0debeea140e397b5d490ee7e553255d8\",\"name\":\"jorgedelcampo\",\"image\":{\"@type\":\"ImageObject\",\"inLanguage\":\"es\",\"@id\":\"https:\/\/www.pumahue.cl\/chicureo\/#\/schema\/person\/image\/\",\"url\":\"https:\/\/secure.gravatar.com\/avatar\/4a315f521213b2dc91dbda9bf799f711c8a98ab6f5606ec42cf5b33d1e762e8a?s=96&d=mm&r=g\",\"contentUrl\":\"https:\/\/secure.gravatar.com\/avatar\/4a315f521213b2dc91dbda9bf799f711c8a98ab6f5606ec42cf5b33d1e762e8a?s=96&d=mm&r=g\",\"caption\":\"jorgedelcampo\"}}]}<\/script>\n<!-- \/ Yoast SEO plugin. -->","yoast_head_json":{"title":"D\u00eda de la Ciudadan\u00eda Digital - Colegio Pumahue Chicureo","robots":{"index":"index","follow":"follow","max-snippet":"max-snippet:-1","max-image-preview":"max-image-preview:large","max-video-preview":"max-video-preview:-1"},"canonical":"https:\/\/www.pumahue.cl\/chicureo\/noticias\/dia-de-la-ciudadania-digital\/","og_locale":"es_ES","og_type":"article","og_title":"D\u00eda de la Ciudadan\u00eda Digital - Colegio Pumahue Chicureo","og_description":"En el marco de nuestro programa EDTech, se celebr\u00f3 el pasado viernes 29 de julio el d\u00eda de la Ciudadan\u00eda Digital. Nuestros Digital Champions &#8211; Miss Daniela Quintric\u00f3n, Mr. Gabriel Astorga y Mr. Ismael Vergara realizaron diversas actividades junto a los estudiantes. Sin embargo, la que m\u00e1s dio frutos es el Museo de la Tecnolog\u00eda, [&hellip;]","og_url":"https:\/\/www.pumahue.cl\/chicureo\/noticias\/dia-de-la-ciudadania-digital\/","og_site_name":"Colegio Pumahue Chicureo","article_published_time":"2022-08-01T13:51:36+00:00","og_image":[{"width":836,"height":523,"url":"https:\/\/www.pumahue.cl\/chicureo\/wp-content\/uploads\/sites\/46\/2022\/08\/75.jpg","type":"image\/jpeg"}],"author":"jorgedelcampo","twitter_card":"summary_large_image","twitter_misc":{"Escrito por":"jorgedelcampo"},"schema":{"@context":"https:\/\/schema.org","@graph":[{"@type":"Article","@id":"https:\/\/www.pumahue.cl\/chicureo\/noticias\/dia-de-la-ciudadania-digital\/#article","isPartOf":{"@id":"https:\/\/www.pumahue.cl\/chicureo\/noticias\/dia-de-la-ciudadania-digital\/"},"author":{"name":"jorgedelcampo","@id":"https:\/\/www.pumahue.cl\/chicureo\/#\/schema\/person\/0debeea140e397b5d490ee7e553255d8"},"headline":"D\u00eda de la Ciudadan\u00eda Digital","datePublished":"2022-08-01T13:51:36+00:00","mainEntityOfPage":{"@id":"https:\/\/www.pumahue.cl\/chicureo\/noticias\/dia-de-la-ciudadania-digital\/"},"wordCount":94,"commentCount":0,"image":{"@id":"https:\/\/www.pumahue.cl\/chicureo\/noticias\/dia-de-la-ciudadania-digital\/#primaryimage"},"thumbnailUrl":"https:\/\/www.pumahue.cl\/chicureo\/wp-content\/uploads\/sites\/46\/2022\/08\/75.jpg","articleSection":["Vida escolar"],"inLanguage":"es","potentialAction":[{"@type":"CommentAction","name":"Comment","target":["https:\/\/www.pumahue.cl\/chicureo\/noticias\/dia-de-la-ciudadania-digital\/#respond"]}]},{"@type":"WebPage","@id":"https:\/\/www.pumahue.cl\/chicureo\/noticias\/dia-de-la-ciudadania-digital\/","url":"https:\/\/www.pumahue.cl\/chicureo\/noticias\/dia-de-la-ciudadania-digital\/","name":"D\u00eda de la Ciudadan\u00eda Digital - Colegio Pumahue Chicureo","isPartOf":{"@id":"https:\/\/www.pumahue.cl\/chicureo\/#website"},"primaryImageOfPage":{"@id":"https:\/\/www.pumahue.cl\/chicureo\/noticias\/dia-de-la-ciudadania-digital\/#primaryimage"},"image":{"@id":"https:\/\/www.pumahue.cl\/chicureo\/noticias\/dia-de-la-ciudadania-digital\/#primaryimage"},"thumbnailUrl":"https:\/\/www.pumahue.cl\/chicureo\/wp-content\/uploads\/sites\/46\/2022\/08\/75.jpg","datePublished":"2022-08-01T13:51:36+00:00","author":{"@id":"https:\/\/www.pumahue.cl\/chicureo\/#\/schema\/person\/0debeea140e397b5d490ee7e553255d8"},"breadcrumb":{"@id":"https:\/\/www.pumahue.cl\/chicureo\/noticias\/dia-de-la-ciudadania-digital\/#breadcrumb"},"inLanguage":"es","potentialAction":[{"@type":"ReadAction","target":["https:\/\/www.pumahue.cl\/chicureo\/noticias\/dia-de-la-ciudadania-digital\/"]}]},{"@type":"ImageObject","inLanguage":"es","@id":"https:\/\/www.pumahue.cl\/chicureo\/noticias\/dia-de-la-ciudadania-digital\/#primaryimage","url":"https:\/\/www.pumahue.cl\/chicureo\/wp-content\/uploads\/sites\/46\/2022\/08\/75.jpg","contentUrl":"https:\/\/www.pumahue.cl\/chicureo\/wp-content\/uploads\/sites\/46\/2022\/08\/75.jpg","width":836,"height":523},{"@type":"BreadcrumbList","@id":"https:\/\/www.pumahue.cl\/chicureo\/noticias\/dia-de-la-ciudadania-digital\/#breadcrumb","itemListElement":[{"@type":"ListItem","position":1,"name":"Home","item":"https:\/\/www.pumahue.cl\/chicureo\/"},{"@type":"ListItem","position":2,"name":"D\u00eda de la Ciudadan\u00eda Digital"}]},{"@type":"WebSite","@id":"https:\/\/www.pumahue.cl\/chicureo\/#website","url":"https:\/\/www.pumahue.cl\/chicureo\/","name":"Colegio Pumahue Chicureo","description":"Parte de Cognita Schools","potentialAction":[{"@type":"SearchAction","target":{"@type":"EntryPoint","urlTemplate":"https:\/\/www.pumahue.cl\/chicureo\/?s={search_term_string}"},"query-input":{"@type":"PropertyValueSpecification","valueRequired":true,"valueName":"search_term_string"}}],"inLanguage":"es"},{"@type":"Person","@id":"https:\/\/www.pumahue.cl\/chicureo\/#\/schema\/person\/0debeea140e397b5d490ee7e553255d8","name":"jorgedelcampo","image":{"@type":"ImageObject","inLanguage":"es","@id":"https:\/\/www.pumahue.cl\/chicureo\/#\/schema\/person\/image\/","url":"https:\/\/secure.gravatar.com\/avatar\/4a315f521213b2dc91dbda9bf799f711c8a98ab6f5606ec42cf5b33d1e762e8a?s=96&d=mm&r=g","contentUrl":"https:\/\/secure.gravatar.com\/avatar\/4a315f521213b2dc91dbda9bf799f711c8a98ab6f5606ec42cf5b33d1e762e8a?s=96&d=mm&r=g","caption":"jorgedelcampo"}}]}},"jetpack_featured_media_url":"https:\/\/www.pumahue.cl\/chicureo\/wp-content\/uploads\/sites\/46\/2022\/08\/75.jpg","previous_post_ID":17059,"previous_post_title":"Graduaci\u00f3n Familias Nuevas - Ciclo Educaci\u00f3n B\u00e1sica","previous_post_excerpt":"Porque para nuestro colegio es importante reconocer y agradecer la confianza depositada en nosotros, celebramos con las familias nuevas del a\u00f1o 2022 del ciclo de Educaci\u00f3n B\u00e1sica en una ceremonia dedicada especialmente para ellos. El martes 26 de julio se invit\u00f3 a todos los padres y madres que ingresaron este a\u00f1o 2022 a celebrar &#8220;My [&hellip;]","previous_post_link":"https:\/\/www.pumahue.cl\/chicureo\/noticias\/graduacion-familias-nuevas-ciclo-educacion-basica\/","previous_post_class":["post-17059","post","type-post","status-publish","format-standard","has-post-thumbnail","hentry","category-vida-escolar"],"next_post_ID":17035,"next_post_title":"Celebraci\u00f3n d\u00eda del ni\u00f1o y ni\u00f1a","next_post_excerpt":"CAMPUR GENERAL ALUMNOS invita a todoslos ni\u00f1os y ni\u00f1as a celebrar su d\u00eda en pijamas con su peluche favorito. \u00a1Los esperamos! &nbsp;","next_post_link":"https:\/\/www.pumahue.cl\/chicureo\/noticias\/celebracion-dia-del-nino-y-nina\/","next_post_class":["post-17035","post","type-post","status-publish","format-standard","has-post-thumbnail","hentry","category-vida-escolar"],"jetpack_sharing_enabled":true,"_links":{"self":[{"href":"https:\/\/www.pumahue.cl\/chicureo\/wp-json\/wp\/v2\/posts\/17062","targetHints":{"allow":["GET"]}}],"collection":[{"href":"https:\/\/www.pumahue.cl\/chicureo\/wp-json\/wp\/v2\/posts"}],"about":[{"href":"https:\/\/www.pumahue.cl\/chicureo\/wp-json\/wp\/v2\/types\/post"}],"author":[{"embeddable":true,"href":"https:\/\/www.pumahue.cl\/chicureo\/wp-json\/wp\/v2\/users\/14"}],"replies":[{"embeddable":true,"href":"https:\/\/www.pumahue.cl\/chicureo\/wp-json\/wp\/v2\/comments?post=17062"}],"version-history":[{"count":0,"href":"https:\/\/www.pumahue.cl\/chicureo\/wp-json\/wp\/v2\/posts\/17062\/revisions"}],"wp:featuredmedia":[{"embeddable":true,"href":"https:\/\/www.pumahue.cl\/chicureo\/wp-json\/wp\/v2\/media\/17109"}],"wp:attachment":[{"href":"https:\/\/www.pumahue.cl\/chicureo\/wp-json\/wp\/v2\/media?parent=17062"}],"wp:term":[{"taxonomy":"category","embeddable":true,"href":"https:\/\/www.pumahue.cl\/chicureo\/wp-json\/wp\/v2\/categories?post=17062"},{"taxonomy":"post_tag","embeddable":true,"href":"https:\/\/www.pumahue.cl\/chicureo\/wp-json\/wp\/v2\/tags?post=17062"}],"curies":[{"name":"wp","href":"https:\/\/api.w.org\/{rel}","templated":true}]}}