{"id":17420,"date":"2022-08-27T18:08:29","date_gmt":"2022-08-27T22:08:29","guid":{"rendered":"http:\/\/pumahue.cl\/chicureo\/?p=17420"},"modified":"2022-08-27T18:08:29","modified_gmt":"2022-08-27T22:08:29","slug":"eco-feria-pumahuina","status":"publish","type":"post","link":"https:\/\/www.pumahue.cl\/chicureo\/noticias\/eco-feria-pumahuina\/","title":{"rendered":"Eco Feria Pumahuina"},"content":{"rendered":"<p>Este s\u00e1bado se llev\u00f3 a cabo una incre\u00edble Eco Feria en nuestro colegio, con bellos emprendimientos, muy interesantes y entretenidos talleres, rica comida, actividades para todas las edades, partidos de f\u00fatbol y \u00a1mucho m\u00e1s!<\/p>\n<p>Queremos agradecer a todas las mam\u00e1s CAMPUR que hicieron posible esta incre\u00edble ECO FERIA PUMAHUINA y tambi\u00e9n a todos los emprendedores que nos acompa\u00f1aron y a quienes participaron con exposiciones y talleres.<\/p>\n<p>\u00a1Y por supuesto a nuestra incre\u00edble comunidad Pumahuina que estuvo presente una vez m\u00e1s!<\/p>\n<p>&nbsp;<\/p>\n<p>[multimedia id=&#8221;1&#8243;]<\/p>\n"},"excerpt":{"rendered":"<p>Este s\u00e1bado se llev\u00f3 a cabo una incre\u00edble Eco Feria en nuestro colegio, con bellos emprendimientos, muy interesantes y entretenidos talleres, rica comida, actividades para todas las edades, partidos de f\u00fatbol y \u00a1mucho m\u00e1s! Queremos agradecer a todas las mam\u00e1s CAMPUR que hicieron posible esta incre\u00edble ECO FERIA PUMAHUINA y tambi\u00e9n a todos los emprendedores [&hellip;]<\/p>\n","protected":false},"author":14,"featured_media":17438,"comment_status":"open","ping_status":"open","sticky":false,"template":"","format":"standard","meta":{"_acf_changed":false,"content-type":"","_jetpack_memberships_contains_paid_content":false,"footnotes":""},"categories":[1],"tags":[],"class_list":["post-17420","post","type-post","status-publish","format-standard","has-post-thumbnail","hentry","category-vida-escolar"],"acf":[],"yoast_head":"<!-- This site is optimized with the Yoast SEO plugin v27.1.1 - https:\/\/yoast.com\/product\/yoast-seo-wordpress\/ -->\n<title>Eco Feria Pumahuina - Colegio Pumahue Chicureo<\/title>\n<meta name=\"robots\" content=\"index, follow, max-snippet:-1, max-image-preview:large, max-video-preview:-1\" \/>\n<link rel=\"canonical\" href=\"https:\/\/www.pumahue.cl\/chicureo\/noticias\/eco-feria-pumahuina\/\" \/>\n<meta property=\"og:locale\" content=\"es_ES\" \/>\n<meta property=\"og:type\" content=\"article\" \/>\n<meta property=\"og:title\" content=\"Eco Feria Pumahuina - Colegio Pumahue Chicureo\" \/>\n<meta property=\"og:description\" content=\"Este s\u00e1bado se llev\u00f3 a cabo una incre\u00edble Eco Feria en nuestro colegio, con bellos emprendimientos, muy interesantes y entretenidos talleres, rica comida, actividades para todas las edades, partidos de f\u00fatbol y \u00a1mucho m\u00e1s! Queremos agradecer a todas las mam\u00e1s CAMPUR que hicieron posible esta incre\u00edble ECO FERIA PUMAHUINA y tambi\u00e9n a todos los emprendedores [&hellip;]\" \/>\n<meta property=\"og:url\" content=\"https:\/\/www.pumahue.cl\/chicureo\/noticias\/eco-feria-pumahuina\/\" \/>\n<meta property=\"og:site_name\" content=\"Colegio Pumahue Chicureo\" \/>\n<meta property=\"article:published_time\" content=\"2022-08-27T22:08:29+00:00\" \/>\n<meta property=\"og:image\" content=\"https:\/\/www.pumahue.cl\/chicureo\/wp-content\/uploads\/sites\/46\/2022\/09\/ecoferia-pumahuina-chicureo-18.jpg\" \/>\n\t<meta property=\"og:image:width\" content=\"836\" \/>\n\t<meta property=\"og:image:height\" content=\"523\" \/>\n\t<meta property=\"og:image:type\" content=\"image\/jpeg\" \/>\n<meta name=\"author\" content=\"jorgedelcampo\" \/>\n<meta name=\"twitter:card\" content=\"summary_large_image\" \/>\n<meta name=\"twitter:label1\" content=\"Escrito por\" \/>\n\t<meta name=\"twitter:data1\" content=\"jorgedelcampo\" \/>\n<script type=\"application\/ld+json\" class=\"yoast-schema-graph\">{\"@context\":\"https:\/\/schema.org\",\"@graph\":[{\"@type\":\"Article\",\"@id\":\"https:\/\/www.pumahue.cl\/chicureo\/noticias\/eco-feria-pumahuina\/#article\",\"isPartOf\":{\"@id\":\"https:\/\/www.pumahue.cl\/chicureo\/noticias\/eco-feria-pumahuina\/\"},\"author\":{\"name\":\"jorgedelcampo\",\"@id\":\"https:\/\/www.pumahue.cl\/chicureo\/#\/schema\/person\/0debeea140e397b5d490ee7e553255d8\"},\"headline\":\"Eco Feria Pumahuina\",\"datePublished\":\"2022-08-27T22:08:29+00:00\",\"mainEntityOfPage\":{\"@id\":\"https:\/\/www.pumahue.cl\/chicureo\/noticias\/eco-feria-pumahuina\/\"},\"wordCount\":96,\"commentCount\":0,\"image\":{\"@id\":\"https:\/\/www.pumahue.cl\/chicureo\/noticias\/eco-feria-pumahuina\/#primaryimage\"},\"thumbnailUrl\":\"https:\/\/www.pumahue.cl\/chicureo\/wp-content\/uploads\/sites\/46\/2022\/09\/ecoferia-pumahuina-chicureo-18.jpg\",\"articleSection\":[\"Vida escolar\"],\"inLanguage\":\"es\",\"potentialAction\":[{\"@type\":\"CommentAction\",\"name\":\"Comment\",\"target\":[\"https:\/\/www.pumahue.cl\/chicureo\/noticias\/eco-feria-pumahuina\/#respond\"]}]},{\"@type\":\"WebPage\",\"@id\":\"https:\/\/www.pumahue.cl\/chicureo\/noticias\/eco-feria-pumahuina\/\",\"url\":\"https:\/\/www.pumahue.cl\/chicureo\/noticias\/eco-feria-pumahuina\/\",\"name\":\"Eco Feria Pumahuina - Colegio Pumahue Chicureo\",\"isPartOf\":{\"@id\":\"https:\/\/www.pumahue.cl\/chicureo\/#website\"},\"primaryImageOfPage\":{\"@id\":\"https:\/\/www.pumahue.cl\/chicureo\/noticias\/eco-feria-pumahuina\/#primaryimage\"},\"image\":{\"@id\":\"https:\/\/www.pumahue.cl\/chicureo\/noticias\/eco-feria-pumahuina\/#primaryimage\"},\"thumbnailUrl\":\"https:\/\/www.pumahue.cl\/chicureo\/wp-content\/uploads\/sites\/46\/2022\/09\/ecoferia-pumahuina-chicureo-18.jpg\",\"datePublished\":\"2022-08-27T22:08:29+00:00\",\"author\":{\"@id\":\"https:\/\/www.pumahue.cl\/chicureo\/#\/schema\/person\/0debeea140e397b5d490ee7e553255d8\"},\"breadcrumb\":{\"@id\":\"https:\/\/www.pumahue.cl\/chicureo\/noticias\/eco-feria-pumahuina\/#breadcrumb\"},\"inLanguage\":\"es\",\"potentialAction\":[{\"@type\":\"ReadAction\",\"target\":[\"https:\/\/www.pumahue.cl\/chicureo\/noticias\/eco-feria-pumahuina\/\"]}]},{\"@type\":\"ImageObject\",\"inLanguage\":\"es\",\"@id\":\"https:\/\/www.pumahue.cl\/chicureo\/noticias\/eco-feria-pumahuina\/#primaryimage\",\"url\":\"https:\/\/www.pumahue.cl\/chicureo\/wp-content\/uploads\/sites\/46\/2022\/09\/ecoferia-pumahuina-chicureo-18.jpg\",\"contentUrl\":\"https:\/\/www.pumahue.cl\/chicureo\/wp-content\/uploads\/sites\/46\/2022\/09\/ecoferia-pumahuina-chicureo-18.jpg\",\"width\":836,\"height\":523},{\"@type\":\"BreadcrumbList\",\"@id\":\"https:\/\/www.pumahue.cl\/chicureo\/noticias\/eco-feria-pumahuina\/#breadcrumb\",\"itemListElement\":[{\"@type\":\"ListItem\",\"position\":1,\"name\":\"Home\",\"item\":\"https:\/\/www.pumahue.cl\/chicureo\/\"},{\"@type\":\"ListItem\",\"position\":2,\"name\":\"Eco Feria Pumahuina\"}]},{\"@type\":\"WebSite\",\"@id\":\"https:\/\/www.pumahue.cl\/chicureo\/#website\",\"url\":\"https:\/\/www.pumahue.cl\/chicureo\/\",\"name\":\"Colegio Pumahue Chicureo\",\"description\":\"Parte de Cognita Schools\",\"potentialAction\":[{\"@type\":\"SearchAction\",\"target\":{\"@type\":\"EntryPoint\",\"urlTemplate\":\"https:\/\/www.pumahue.cl\/chicureo\/?s={search_term_string}\"},\"query-input\":{\"@type\":\"PropertyValueSpecification\",\"valueRequired\":true,\"valueName\":\"search_term_string\"}}],\"inLanguage\":\"es\"},{\"@type\":\"Person\",\"@id\":\"https:\/\/www.pumahue.cl\/chicureo\/#\/schema\/person\/0debeea140e397b5d490ee7e553255d8\",\"name\":\"jorgedelcampo\",\"image\":{\"@type\":\"ImageObject\",\"inLanguage\":\"es\",\"@id\":\"https:\/\/www.pumahue.cl\/chicureo\/#\/schema\/person\/image\/\",\"url\":\"https:\/\/secure.gravatar.com\/avatar\/4a315f521213b2dc91dbda9bf799f711c8a98ab6f5606ec42cf5b33d1e762e8a?s=96&d=mm&r=g\",\"contentUrl\":\"https:\/\/secure.gravatar.com\/avatar\/4a315f521213b2dc91dbda9bf799f711c8a98ab6f5606ec42cf5b33d1e762e8a?s=96&d=mm&r=g\",\"caption\":\"jorgedelcampo\"}}]}<\/script>\n<!-- \/ Yoast SEO plugin. -->","yoast_head_json":{"title":"Eco Feria Pumahuina - Colegio Pumahue Chicureo","robots":{"index":"index","follow":"follow","max-snippet":"max-snippet:-1","max-image-preview":"max-image-preview:large","max-video-preview":"max-video-preview:-1"},"canonical":"https:\/\/www.pumahue.cl\/chicureo\/noticias\/eco-feria-pumahuina\/","og_locale":"es_ES","og_type":"article","og_title":"Eco Feria Pumahuina - Colegio Pumahue Chicureo","og_description":"Este s\u00e1bado se llev\u00f3 a cabo una incre\u00edble Eco Feria en nuestro colegio, con bellos emprendimientos, muy interesantes y entretenidos talleres, rica comida, actividades para todas las edades, partidos de f\u00fatbol y \u00a1mucho m\u00e1s! Queremos agradecer a todas las mam\u00e1s CAMPUR que hicieron posible esta incre\u00edble ECO FERIA PUMAHUINA y tambi\u00e9n a todos los emprendedores [&hellip;]","og_url":"https:\/\/www.pumahue.cl\/chicureo\/noticias\/eco-feria-pumahuina\/","og_site_name":"Colegio Pumahue Chicureo","article_published_time":"2022-08-27T22:08:29+00:00","og_image":[{"width":836,"height":523,"url":"https:\/\/www.pumahue.cl\/chicureo\/wp-content\/uploads\/sites\/46\/2022\/09\/ecoferia-pumahuina-chicureo-18.jpg","type":"image\/jpeg"}],"author":"jorgedelcampo","twitter_card":"summary_large_image","twitter_misc":{"Escrito por":"jorgedelcampo"},"schema":{"@context":"https:\/\/schema.org","@graph":[{"@type":"Article","@id":"https:\/\/www.pumahue.cl\/chicureo\/noticias\/eco-feria-pumahuina\/#article","isPartOf":{"@id":"https:\/\/www.pumahue.cl\/chicureo\/noticias\/eco-feria-pumahuina\/"},"author":{"name":"jorgedelcampo","@id":"https:\/\/www.pumahue.cl\/chicureo\/#\/schema\/person\/0debeea140e397b5d490ee7e553255d8"},"headline":"Eco Feria Pumahuina","datePublished":"2022-08-27T22:08:29+00:00","mainEntityOfPage":{"@id":"https:\/\/www.pumahue.cl\/chicureo\/noticias\/eco-feria-pumahuina\/"},"wordCount":96,"commentCount":0,"image":{"@id":"https:\/\/www.pumahue.cl\/chicureo\/noticias\/eco-feria-pumahuina\/#primaryimage"},"thumbnailUrl":"https:\/\/www.pumahue.cl\/chicureo\/wp-content\/uploads\/sites\/46\/2022\/09\/ecoferia-pumahuina-chicureo-18.jpg","articleSection":["Vida escolar"],"inLanguage":"es","potentialAction":[{"@type":"CommentAction","name":"Comment","target":["https:\/\/www.pumahue.cl\/chicureo\/noticias\/eco-feria-pumahuina\/#respond"]}]},{"@type":"WebPage","@id":"https:\/\/www.pumahue.cl\/chicureo\/noticias\/eco-feria-pumahuina\/","url":"https:\/\/www.pumahue.cl\/chicureo\/noticias\/eco-feria-pumahuina\/","name":"Eco Feria Pumahuina - Colegio Pumahue Chicureo","isPartOf":{"@id":"https:\/\/www.pumahue.cl\/chicureo\/#website"},"primaryImageOfPage":{"@id":"https:\/\/www.pumahue.cl\/chicureo\/noticias\/eco-feria-pumahuina\/#primaryimage"},"image":{"@id":"https:\/\/www.pumahue.cl\/chicureo\/noticias\/eco-feria-pumahuina\/#primaryimage"},"thumbnailUrl":"https:\/\/www.pumahue.cl\/chicureo\/wp-content\/uploads\/sites\/46\/2022\/09\/ecoferia-pumahuina-chicureo-18.jpg","datePublished":"2022-08-27T22:08:29+00:00","author":{"@id":"https:\/\/www.pumahue.cl\/chicureo\/#\/schema\/person\/0debeea140e397b5d490ee7e553255d8"},"breadcrumb":{"@id":"https:\/\/www.pumahue.cl\/chicureo\/noticias\/eco-feria-pumahuina\/#breadcrumb"},"inLanguage":"es","potentialAction":[{"@type":"ReadAction","target":["https:\/\/www.pumahue.cl\/chicureo\/noticias\/eco-feria-pumahuina\/"]}]},{"@type":"ImageObject","inLanguage":"es","@id":"https:\/\/www.pumahue.cl\/chicureo\/noticias\/eco-feria-pumahuina\/#primaryimage","url":"https:\/\/www.pumahue.cl\/chicureo\/wp-content\/uploads\/sites\/46\/2022\/09\/ecoferia-pumahuina-chicureo-18.jpg","contentUrl":"https:\/\/www.pumahue.cl\/chicureo\/wp-content\/uploads\/sites\/46\/2022\/09\/ecoferia-pumahuina-chicureo-18.jpg","width":836,"height":523},{"@type":"BreadcrumbList","@id":"https:\/\/www.pumahue.cl\/chicureo\/noticias\/eco-feria-pumahuina\/#breadcrumb","itemListElement":[{"@type":"ListItem","position":1,"name":"Home","item":"https:\/\/www.pumahue.cl\/chicureo\/"},{"@type":"ListItem","position":2,"name":"Eco Feria Pumahuina"}]},{"@type":"WebSite","@id":"https:\/\/www.pumahue.cl\/chicureo\/#website","url":"https:\/\/www.pumahue.cl\/chicureo\/","name":"Colegio Pumahue Chicureo","description":"Parte de Cognita Schools","potentialAction":[{"@type":"SearchAction","target":{"@type":"EntryPoint","urlTemplate":"https:\/\/www.pumahue.cl\/chicureo\/?s={search_term_string}"},"query-input":{"@type":"PropertyValueSpecification","valueRequired":true,"valueName":"search_term_string"}}],"inLanguage":"es"},{"@type":"Person","@id":"https:\/\/www.pumahue.cl\/chicureo\/#\/schema\/person\/0debeea140e397b5d490ee7e553255d8","name":"jorgedelcampo","image":{"@type":"ImageObject","inLanguage":"es","@id":"https:\/\/www.pumahue.cl\/chicureo\/#\/schema\/person\/image\/","url":"https:\/\/secure.gravatar.com\/avatar\/4a315f521213b2dc91dbda9bf799f711c8a98ab6f5606ec42cf5b33d1e762e8a?s=96&d=mm&r=g","contentUrl":"https:\/\/secure.gravatar.com\/avatar\/4a315f521213b2dc91dbda9bf799f711c8a98ab6f5606ec42cf5b33d1e762e8a?s=96&d=mm&r=g","caption":"jorgedelcampo"}}]}},"jetpack_featured_media_url":"https:\/\/www.pumahue.cl\/chicureo\/wp-content\/uploads\/sites\/46\/2022\/09\/ecoferia-pumahuina-chicureo-18.jpg","previous_post_ID":17412,"previous_post_title":"\u00a1Antonia Pailamilla obtuvo el 5\u00b0 lugar a nivel nacional en el all around!","previous_post_excerpt":"Queremos felicitar a Antonia Pailamilla, querida estudiante de II Medio B, por su participaci\u00f3n y gran logro en el all around este fin de semana. Antonia obtuvo el5\u00b0 lugar a nivel nacional en la competencia. &nbsp; \u00a1Felicitaciones por este gran logro que enorgullece al colegio!","previous_post_link":"https:\/\/www.pumahue.cl\/chicureo\/noticias\/antonia-pailamilla-obtuvo-el-5-lugar-a-nivel-nacional-en-el-all-around\/","previous_post_class":["post-17412","post","type-post","status-publish","format-standard","has-post-thumbnail","hentry","category-vida-escolar"],"next_post_ID":17270,"next_post_title":"Nueva campa\u00f1a de Salvaguarda","next_post_excerpt":"Esta semana se realiz\u00f3 la instalaci\u00f3n de la campa\u00f1a \u201cLa violencia no tiene g\u00e9nero\u201d\u009d, organizada por los equipos piscoeducativos y de Salvaguarda de Cognita Chile, la cual se inici\u00f3 el pasado viernes 19 de agosto, con la conmemoraci\u00f3n del D\u00eda Escolar por la Paz y la No Violencia. El origen y nombre de esta campa\u00f1a [&hellip;]","next_post_link":"https:\/\/www.pumahue.cl\/chicureo\/noticias\/nueva-campana-de-salvaguarda\/","next_post_class":["post-17270","post","type-post","status-publish","format-standard","has-post-thumbnail","hentry","category-vida-escolar"],"jetpack_sharing_enabled":true,"_links":{"self":[{"href":"https:\/\/www.pumahue.cl\/chicureo\/wp-json\/wp\/v2\/posts\/17420","targetHints":{"allow":["GET"]}}],"collection":[{"href":"https:\/\/www.pumahue.cl\/chicureo\/wp-json\/wp\/v2\/posts"}],"about":[{"href":"https:\/\/www.pumahue.cl\/chicureo\/wp-json\/wp\/v2\/types\/post"}],"author":[{"embeddable":true,"href":"https:\/\/www.pumahue.cl\/chicureo\/wp-json\/wp\/v2\/users\/14"}],"replies":[{"embeddable":true,"href":"https:\/\/www.pumahue.cl\/chicureo\/wp-json\/wp\/v2\/comments?post=17420"}],"version-history":[{"count":0,"href":"https:\/\/www.pumahue.cl\/chicureo\/wp-json\/wp\/v2\/posts\/17420\/revisions"}],"wp:featuredmedia":[{"embeddable":true,"href":"https:\/\/www.pumahue.cl\/chicureo\/wp-json\/wp\/v2\/media\/17438"}],"wp:attachment":[{"href":"https:\/\/www.pumahue.cl\/chicureo\/wp-json\/wp\/v2\/media?parent=17420"}],"wp:term":[{"taxonomy":"category","embeddable":true,"href":"https:\/\/www.pumahue.cl\/chicureo\/wp-json\/wp\/v2\/categories?post=17420"},{"taxonomy":"post_tag","embeddable":true,"href":"https:\/\/www.pumahue.cl\/chicureo\/wp-json\/wp\/v2\/tags?post=17420"}],"curies":[{"name":"wp","href":"https:\/\/api.w.org\/{rel}","templated":true}]}}