{"id":21359,"date":"2023-09-20T15:16:15","date_gmt":"2023-09-20T18:16:15","guid":{"rendered":"https:\/\/www.pumahue.cl\/chicureo\/?p=21359"},"modified":"2023-09-20T15:16:15","modified_gmt":"2023-09-20T18:16:15","slug":"emocionante-feria-patrimonial-destaca-nuestra-historia-y-patrimonio","status":"publish","type":"post","link":"https:\/\/www.pumahue.cl\/chicureo\/noticias\/emocionante-feria-patrimonial-destaca-nuestra-historia-y-patrimonio\/","title":{"rendered":"Emocionante &#8220;Feria Patrimonial&#8221; Destaca Nuestra Historia y Patrimonio"},"content":{"rendered":"\n<p>El Departamento de Educaci\u00f3n Media y el Departamento de Historia presentaron la &#8220;Feria Patrimonial&#8221;. Este evento se ha convertido en una aut\u00e9ntica celebraci\u00f3n de nuestra rica historia y patrimonio.<\/p>\n\n\n\n<p>Nuestros talentosos estudiantes montaron sus presentaciones en la nueva construcci\u00f3n, y el resultado fue simplemente impresionante. \ud83c\udff0 Desde exposiciones hist\u00f3ricas hasta proyectos de investigaci\u00f3n, cada rinc\u00f3n de la feria fue un fascinante viaje en el tiempo que ha dejado a todos asombrados.<\/p>\n\n\n\n<p>La nueva construcci\u00f3n se ha convirti\u00f3 en el escenario perfecto para resaltar nuestra invaluable herencia cultural y educativa. Estamos emocionados de ver c\u00f3mo nuestros estudiantes se involucran activamente en la preservaci\u00f3n y promoci\u00f3n de nuestro patrimonio.<\/p>\n\n\n\n<p>Esta &#8220;Feria Patrimonial&#8221; no solo enriquece nuestro conocimiento hist\u00f3rico, sino que tambi\u00e9n refleja el compromiso de nuestra comunidad educativa con la valoraci\u00f3n y preservaci\u00f3n de nuestra identidad cultural. \ud83c\udf1f<\/p>\n\n\n\n<p>[multimedia id=&#8221;1\u00ba&#8221;]<\/p>\n"},"excerpt":{"rendered":"<p>El Departamento de Educaci\u00f3n Media y el Departamento de Historia presentaron la &#8220;Feria Patrimonial&#8221;. Este evento se ha convertido en una aut\u00e9ntica celebraci\u00f3n de nuestra rica historia y patrimonio. Nuestros talentosos estudiantes montaron sus presentaciones en la nueva construcci\u00f3n, y el resultado fue simplemente impresionante. \ud83c\udff0 Desde exposiciones hist\u00f3ricas hasta proyectos de investigaci\u00f3n, cada rinc\u00f3n [&hellip;]<\/p>\n","protected":false},"author":14,"featured_media":21370,"comment_status":"open","ping_status":"open","sticky":false,"template":"","format":"standard","meta":{"_acf_changed":false,"content-type":"","_jetpack_memberships_contains_paid_content":false,"footnotes":""},"categories":[1],"tags":[],"class_list":["post-21359","post","type-post","status-publish","format-standard","has-post-thumbnail","hentry","category-vida-escolar"],"acf":[],"yoast_head":"<!-- This site is optimized with the Yoast SEO plugin v27.1.1 - https:\/\/yoast.com\/product\/yoast-seo-wordpress\/ -->\n<title>Emocionante &quot;Feria Patrimonial&quot; Destaca Nuestra Historia y Patrimonio - Colegio Pumahue Chicureo<\/title>\n<meta name=\"robots\" content=\"index, follow, max-snippet:-1, max-image-preview:large, max-video-preview:-1\" \/>\n<link rel=\"canonical\" href=\"https:\/\/www.pumahue.cl\/chicureo\/noticias\/emocionante-feria-patrimonial-destaca-nuestra-historia-y-patrimonio\/\" \/>\n<meta property=\"og:locale\" content=\"es_ES\" \/>\n<meta property=\"og:type\" content=\"article\" \/>\n<meta property=\"og:title\" content=\"Emocionante &quot;Feria Patrimonial&quot; Destaca Nuestra Historia y Patrimonio - Colegio Pumahue Chicureo\" \/>\n<meta property=\"og:description\" content=\"El Departamento de Educaci\u00f3n Media y el Departamento de Historia presentaron la &#8220;Feria Patrimonial&#8221;. Este evento se ha convertido en una aut\u00e9ntica celebraci\u00f3n de nuestra rica historia y patrimonio. Nuestros talentosos estudiantes montaron sus presentaciones en la nueva construcci\u00f3n, y el resultado fue simplemente impresionante. \ud83c\udff0 Desde exposiciones hist\u00f3ricas hasta proyectos de investigaci\u00f3n, cada rinc\u00f3n [&hellip;]\" \/>\n<meta property=\"og:url\" content=\"https:\/\/www.pumahue.cl\/chicureo\/noticias\/emocionante-feria-patrimonial-destaca-nuestra-historia-y-patrimonio\/\" \/>\n<meta property=\"og:site_name\" content=\"Colegio Pumahue Chicureo\" \/>\n<meta property=\"article:published_time\" content=\"2023-09-20T18:16:15+00:00\" \/>\n<meta property=\"og:image\" content=\"https:\/\/www.pumahue.cl\/chicureo\/wp-content\/uploads\/sites\/46\/2023\/09\/Untitled-design-2023-09-20T151713.559.png\" \/>\n\t<meta property=\"og:image:width\" content=\"836\" \/>\n\t<meta property=\"og:image:height\" content=\"523\" \/>\n\t<meta property=\"og:image:type\" content=\"image\/png\" \/>\n<meta name=\"author\" content=\"jorgedelcampo\" \/>\n<meta name=\"twitter:card\" content=\"summary_large_image\" \/>\n<meta name=\"twitter:label1\" content=\"Escrito por\" \/>\n\t<meta name=\"twitter:data1\" content=\"jorgedelcampo\" \/>\n\t<meta name=\"twitter:label2\" content=\"Tiempo de lectura\" \/>\n\t<meta name=\"twitter:data2\" content=\"1 minuto\" \/>\n<script type=\"application\/ld+json\" class=\"yoast-schema-graph\">{\"@context\":\"https:\/\/schema.org\",\"@graph\":[{\"@type\":\"Article\",\"@id\":\"https:\/\/www.pumahue.cl\/chicureo\/noticias\/emocionante-feria-patrimonial-destaca-nuestra-historia-y-patrimonio\/#article\",\"isPartOf\":{\"@id\":\"https:\/\/www.pumahue.cl\/chicureo\/noticias\/emocionante-feria-patrimonial-destaca-nuestra-historia-y-patrimonio\/\"},\"author\":{\"name\":\"jorgedelcampo\",\"@id\":\"https:\/\/www.pumahue.cl\/chicureo\/#\/schema\/person\/0debeea140e397b5d490ee7e553255d8\"},\"headline\":\"Emocionante &#8220;Feria Patrimonial&#8221; Destaca Nuestra Historia y Patrimonio\",\"datePublished\":\"2023-09-20T18:16:15+00:00\",\"mainEntityOfPage\":{\"@id\":\"https:\/\/www.pumahue.cl\/chicureo\/noticias\/emocionante-feria-patrimonial-destaca-nuestra-historia-y-patrimonio\/\"},\"wordCount\":159,\"commentCount\":0,\"image\":{\"@id\":\"https:\/\/www.pumahue.cl\/chicureo\/noticias\/emocionante-feria-patrimonial-destaca-nuestra-historia-y-patrimonio\/#primaryimage\"},\"thumbnailUrl\":\"https:\/\/www.pumahue.cl\/chicureo\/wp-content\/uploads\/sites\/46\/2023\/09\/Untitled-design-2023-09-20T151713.559.png\",\"articleSection\":[\"Vida escolar\"],\"inLanguage\":\"es\",\"potentialAction\":[{\"@type\":\"CommentAction\",\"name\":\"Comment\",\"target\":[\"https:\/\/www.pumahue.cl\/chicureo\/noticias\/emocionante-feria-patrimonial-destaca-nuestra-historia-y-patrimonio\/#respond\"]}]},{\"@type\":\"WebPage\",\"@id\":\"https:\/\/www.pumahue.cl\/chicureo\/noticias\/emocionante-feria-patrimonial-destaca-nuestra-historia-y-patrimonio\/\",\"url\":\"https:\/\/www.pumahue.cl\/chicureo\/noticias\/emocionante-feria-patrimonial-destaca-nuestra-historia-y-patrimonio\/\",\"name\":\"Emocionante \\\"Feria Patrimonial\\\" Destaca Nuestra Historia y Patrimonio - Colegio Pumahue Chicureo\",\"isPartOf\":{\"@id\":\"https:\/\/www.pumahue.cl\/chicureo\/#website\"},\"primaryImageOfPage\":{\"@id\":\"https:\/\/www.pumahue.cl\/chicureo\/noticias\/emocionante-feria-patrimonial-destaca-nuestra-historia-y-patrimonio\/#primaryimage\"},\"image\":{\"@id\":\"https:\/\/www.pumahue.cl\/chicureo\/noticias\/emocionante-feria-patrimonial-destaca-nuestra-historia-y-patrimonio\/#primaryimage\"},\"thumbnailUrl\":\"https:\/\/www.pumahue.cl\/chicureo\/wp-content\/uploads\/sites\/46\/2023\/09\/Untitled-design-2023-09-20T151713.559.png\",\"datePublished\":\"2023-09-20T18:16:15+00:00\",\"author\":{\"@id\":\"https:\/\/www.pumahue.cl\/chicureo\/#\/schema\/person\/0debeea140e397b5d490ee7e553255d8\"},\"breadcrumb\":{\"@id\":\"https:\/\/www.pumahue.cl\/chicureo\/noticias\/emocionante-feria-patrimonial-destaca-nuestra-historia-y-patrimonio\/#breadcrumb\"},\"inLanguage\":\"es\",\"potentialAction\":[{\"@type\":\"ReadAction\",\"target\":[\"https:\/\/www.pumahue.cl\/chicureo\/noticias\/emocionante-feria-patrimonial-destaca-nuestra-historia-y-patrimonio\/\"]}]},{\"@type\":\"ImageObject\",\"inLanguage\":\"es\",\"@id\":\"https:\/\/www.pumahue.cl\/chicureo\/noticias\/emocionante-feria-patrimonial-destaca-nuestra-historia-y-patrimonio\/#primaryimage\",\"url\":\"https:\/\/www.pumahue.cl\/chicureo\/wp-content\/uploads\/sites\/46\/2023\/09\/Untitled-design-2023-09-20T151713.559.png\",\"contentUrl\":\"https:\/\/www.pumahue.cl\/chicureo\/wp-content\/uploads\/sites\/46\/2023\/09\/Untitled-design-2023-09-20T151713.559.png\",\"width\":836,\"height\":523},{\"@type\":\"BreadcrumbList\",\"@id\":\"https:\/\/www.pumahue.cl\/chicureo\/noticias\/emocionante-feria-patrimonial-destaca-nuestra-historia-y-patrimonio\/#breadcrumb\",\"itemListElement\":[{\"@type\":\"ListItem\",\"position\":1,\"name\":\"Home\",\"item\":\"https:\/\/www.pumahue.cl\/chicureo\/\"},{\"@type\":\"ListItem\",\"position\":2,\"name\":\"Emocionante &#8220;Feria Patrimonial&#8221; Destaca Nuestra Historia y Patrimonio\"}]},{\"@type\":\"WebSite\",\"@id\":\"https:\/\/www.pumahue.cl\/chicureo\/#website\",\"url\":\"https:\/\/www.pumahue.cl\/chicureo\/\",\"name\":\"Colegio Pumahue Chicureo\",\"description\":\"Parte de Cognita Schools\",\"potentialAction\":[{\"@type\":\"SearchAction\",\"target\":{\"@type\":\"EntryPoint\",\"urlTemplate\":\"https:\/\/www.pumahue.cl\/chicureo\/?s={search_term_string}\"},\"query-input\":{\"@type\":\"PropertyValueSpecification\",\"valueRequired\":true,\"valueName\":\"search_term_string\"}}],\"inLanguage\":\"es\"},{\"@type\":\"Person\",\"@id\":\"https:\/\/www.pumahue.cl\/chicureo\/#\/schema\/person\/0debeea140e397b5d490ee7e553255d8\",\"name\":\"jorgedelcampo\",\"image\":{\"@type\":\"ImageObject\",\"inLanguage\":\"es\",\"@id\":\"https:\/\/www.pumahue.cl\/chicureo\/#\/schema\/person\/image\/\",\"url\":\"https:\/\/secure.gravatar.com\/avatar\/4a315f521213b2dc91dbda9bf799f711c8a98ab6f5606ec42cf5b33d1e762e8a?s=96&d=mm&r=g\",\"contentUrl\":\"https:\/\/secure.gravatar.com\/avatar\/4a315f521213b2dc91dbda9bf799f711c8a98ab6f5606ec42cf5b33d1e762e8a?s=96&d=mm&r=g\",\"caption\":\"jorgedelcampo\"}}]}<\/script>\n<!-- \/ Yoast SEO plugin. -->","yoast_head_json":{"title":"Emocionante \"Feria Patrimonial\" Destaca Nuestra Historia y Patrimonio - Colegio Pumahue Chicureo","robots":{"index":"index","follow":"follow","max-snippet":"max-snippet:-1","max-image-preview":"max-image-preview:large","max-video-preview":"max-video-preview:-1"},"canonical":"https:\/\/www.pumahue.cl\/chicureo\/noticias\/emocionante-feria-patrimonial-destaca-nuestra-historia-y-patrimonio\/","og_locale":"es_ES","og_type":"article","og_title":"Emocionante \"Feria Patrimonial\" Destaca Nuestra Historia y Patrimonio - Colegio Pumahue Chicureo","og_description":"El Departamento de Educaci\u00f3n Media y el Departamento de Historia presentaron la &#8220;Feria Patrimonial&#8221;. Este evento se ha convertido en una aut\u00e9ntica celebraci\u00f3n de nuestra rica historia y patrimonio. Nuestros talentosos estudiantes montaron sus presentaciones en la nueva construcci\u00f3n, y el resultado fue simplemente impresionante. \ud83c\udff0 Desde exposiciones hist\u00f3ricas hasta proyectos de investigaci\u00f3n, cada rinc\u00f3n [&hellip;]","og_url":"https:\/\/www.pumahue.cl\/chicureo\/noticias\/emocionante-feria-patrimonial-destaca-nuestra-historia-y-patrimonio\/","og_site_name":"Colegio Pumahue Chicureo","article_published_time":"2023-09-20T18:16:15+00:00","og_image":[{"width":836,"height":523,"url":"https:\/\/www.pumahue.cl\/chicureo\/wp-content\/uploads\/sites\/46\/2023\/09\/Untitled-design-2023-09-20T151713.559.png","type":"image\/png"}],"author":"jorgedelcampo","twitter_card":"summary_large_image","twitter_misc":{"Escrito por":"jorgedelcampo","Tiempo de lectura":"1 minuto"},"schema":{"@context":"https:\/\/schema.org","@graph":[{"@type":"Article","@id":"https:\/\/www.pumahue.cl\/chicureo\/noticias\/emocionante-feria-patrimonial-destaca-nuestra-historia-y-patrimonio\/#article","isPartOf":{"@id":"https:\/\/www.pumahue.cl\/chicureo\/noticias\/emocionante-feria-patrimonial-destaca-nuestra-historia-y-patrimonio\/"},"author":{"name":"jorgedelcampo","@id":"https:\/\/www.pumahue.cl\/chicureo\/#\/schema\/person\/0debeea140e397b5d490ee7e553255d8"},"headline":"Emocionante &#8220;Feria Patrimonial&#8221; Destaca Nuestra Historia y Patrimonio","datePublished":"2023-09-20T18:16:15+00:00","mainEntityOfPage":{"@id":"https:\/\/www.pumahue.cl\/chicureo\/noticias\/emocionante-feria-patrimonial-destaca-nuestra-historia-y-patrimonio\/"},"wordCount":159,"commentCount":0,"image":{"@id":"https:\/\/www.pumahue.cl\/chicureo\/noticias\/emocionante-feria-patrimonial-destaca-nuestra-historia-y-patrimonio\/#primaryimage"},"thumbnailUrl":"https:\/\/www.pumahue.cl\/chicureo\/wp-content\/uploads\/sites\/46\/2023\/09\/Untitled-design-2023-09-20T151713.559.png","articleSection":["Vida escolar"],"inLanguage":"es","potentialAction":[{"@type":"CommentAction","name":"Comment","target":["https:\/\/www.pumahue.cl\/chicureo\/noticias\/emocionante-feria-patrimonial-destaca-nuestra-historia-y-patrimonio\/#respond"]}]},{"@type":"WebPage","@id":"https:\/\/www.pumahue.cl\/chicureo\/noticias\/emocionante-feria-patrimonial-destaca-nuestra-historia-y-patrimonio\/","url":"https:\/\/www.pumahue.cl\/chicureo\/noticias\/emocionante-feria-patrimonial-destaca-nuestra-historia-y-patrimonio\/","name":"Emocionante \"Feria Patrimonial\" Destaca Nuestra Historia y Patrimonio - Colegio Pumahue Chicureo","isPartOf":{"@id":"https:\/\/www.pumahue.cl\/chicureo\/#website"},"primaryImageOfPage":{"@id":"https:\/\/www.pumahue.cl\/chicureo\/noticias\/emocionante-feria-patrimonial-destaca-nuestra-historia-y-patrimonio\/#primaryimage"},"image":{"@id":"https:\/\/www.pumahue.cl\/chicureo\/noticias\/emocionante-feria-patrimonial-destaca-nuestra-historia-y-patrimonio\/#primaryimage"},"thumbnailUrl":"https:\/\/www.pumahue.cl\/chicureo\/wp-content\/uploads\/sites\/46\/2023\/09\/Untitled-design-2023-09-20T151713.559.png","datePublished":"2023-09-20T18:16:15+00:00","author":{"@id":"https:\/\/www.pumahue.cl\/chicureo\/#\/schema\/person\/0debeea140e397b5d490ee7e553255d8"},"breadcrumb":{"@id":"https:\/\/www.pumahue.cl\/chicureo\/noticias\/emocionante-feria-patrimonial-destaca-nuestra-historia-y-patrimonio\/#breadcrumb"},"inLanguage":"es","potentialAction":[{"@type":"ReadAction","target":["https:\/\/www.pumahue.cl\/chicureo\/noticias\/emocionante-feria-patrimonial-destaca-nuestra-historia-y-patrimonio\/"]}]},{"@type":"ImageObject","inLanguage":"es","@id":"https:\/\/www.pumahue.cl\/chicureo\/noticias\/emocionante-feria-patrimonial-destaca-nuestra-historia-y-patrimonio\/#primaryimage","url":"https:\/\/www.pumahue.cl\/chicureo\/wp-content\/uploads\/sites\/46\/2023\/09\/Untitled-design-2023-09-20T151713.559.png","contentUrl":"https:\/\/www.pumahue.cl\/chicureo\/wp-content\/uploads\/sites\/46\/2023\/09\/Untitled-design-2023-09-20T151713.559.png","width":836,"height":523},{"@type":"BreadcrumbList","@id":"https:\/\/www.pumahue.cl\/chicureo\/noticias\/emocionante-feria-patrimonial-destaca-nuestra-historia-y-patrimonio\/#breadcrumb","itemListElement":[{"@type":"ListItem","position":1,"name":"Home","item":"https:\/\/www.pumahue.cl\/chicureo\/"},{"@type":"ListItem","position":2,"name":"Emocionante &#8220;Feria Patrimonial&#8221; Destaca Nuestra Historia y Patrimonio"}]},{"@type":"WebSite","@id":"https:\/\/www.pumahue.cl\/chicureo\/#website","url":"https:\/\/www.pumahue.cl\/chicureo\/","name":"Colegio Pumahue Chicureo","description":"Parte de Cognita Schools","potentialAction":[{"@type":"SearchAction","target":{"@type":"EntryPoint","urlTemplate":"https:\/\/www.pumahue.cl\/chicureo\/?s={search_term_string}"},"query-input":{"@type":"PropertyValueSpecification","valueRequired":true,"valueName":"search_term_string"}}],"inLanguage":"es"},{"@type":"Person","@id":"https:\/\/www.pumahue.cl\/chicureo\/#\/schema\/person\/0debeea140e397b5d490ee7e553255d8","name":"jorgedelcampo","image":{"@type":"ImageObject","inLanguage":"es","@id":"https:\/\/www.pumahue.cl\/chicureo\/#\/schema\/person\/image\/","url":"https:\/\/secure.gravatar.com\/avatar\/4a315f521213b2dc91dbda9bf799f711c8a98ab6f5606ec42cf5b33d1e762e8a?s=96&d=mm&r=g","contentUrl":"https:\/\/secure.gravatar.com\/avatar\/4a315f521213b2dc91dbda9bf799f711c8a98ab6f5606ec42cf5b33d1e762e8a?s=96&d=mm&r=g","caption":"jorgedelcampo"}}]}},"jetpack_featured_media_url":"https:\/\/www.pumahue.cl\/chicureo\/wp-content\/uploads\/sites\/46\/2023\/09\/Untitled-design-2023-09-20T151713.559.png","previous_post_ID":21349,"previous_post_title":"\ud83c\udfa9 \u00a1MAD HATS ON! \ud83c\udfa9","previous_post_excerpt":"Los cursos 5 D y 5 C del programa biling\u00fce brillaron con una actividad art\u00edstica \u00fanica: \u00a1&#8221;MAD HATS ON!&#8221;! Bajo la direcci\u00f3n creativa de la profesora Claudia N\u00fa\u00f1ez, nuestros estudiantes se convirtieron en dise\u00f1adores de sombreros y nos sumergieron en un mundo de arte excepcional. La premisa era simple pero genial: \u00a1invitar a todos los [&hellip;]","previous_post_link":"https:\/\/www.pumahue.cl\/chicureo\/noticias\/%f0%9f%8e%a9-mad-hats-on-%f0%9f%8e%a9\/","previous_post_class":["post-21349","post","type-post","status-publish","format-standard","has-post-thumbnail","hentry","category-vida-escolar"],"next_post_ID":21372,"next_post_title":"\u00a1Felicitaciones a nuestra Star Pupil Ignacia Ramos de II medio B!","next_post_excerpt":"Con mucha alegr\u00eda y un especial cari\u00f1o, queremos compartir con nuestra comunidad que Ignacia Ramos, ha sido la ganadora de este a\u00f1o del\u00a0Star Pupil Award 2023 (Premio al Alumno Estrella), que anualmente premia a los estudiantes m\u00e1s destacados de los colegios Cognita Chile, reconociendo su destacada trayectoria en nuestro colegio, reflejando en su historial escolar [&hellip;]","next_post_link":"https:\/\/www.pumahue.cl\/chicureo\/noticias\/felicitaciones-a-nuestra-star-pupil-ignacia-ramos-de-ii-medio-b\/","next_post_class":["post-21372","post","type-post","status-publish","format-standard","has-post-thumbnail","hentry","category-vida-escolar"],"jetpack_sharing_enabled":true,"_links":{"self":[{"href":"https:\/\/www.pumahue.cl\/chicureo\/wp-json\/wp\/v2\/posts\/21359","targetHints":{"allow":["GET"]}}],"collection":[{"href":"https:\/\/www.pumahue.cl\/chicureo\/wp-json\/wp\/v2\/posts"}],"about":[{"href":"https:\/\/www.pumahue.cl\/chicureo\/wp-json\/wp\/v2\/types\/post"}],"author":[{"embeddable":true,"href":"https:\/\/www.pumahue.cl\/chicureo\/wp-json\/wp\/v2\/users\/14"}],"replies":[{"embeddable":true,"href":"https:\/\/www.pumahue.cl\/chicureo\/wp-json\/wp\/v2\/comments?post=21359"}],"version-history":[{"count":0,"href":"https:\/\/www.pumahue.cl\/chicureo\/wp-json\/wp\/v2\/posts\/21359\/revisions"}],"wp:featuredmedia":[{"embeddable":true,"href":"https:\/\/www.pumahue.cl\/chicureo\/wp-json\/wp\/v2\/media\/21370"}],"wp:attachment":[{"href":"https:\/\/www.pumahue.cl\/chicureo\/wp-json\/wp\/v2\/media?parent=21359"}],"wp:term":[{"taxonomy":"category","embeddable":true,"href":"https:\/\/www.pumahue.cl\/chicureo\/wp-json\/wp\/v2\/categories?post=21359"},{"taxonomy":"post_tag","embeddable":true,"href":"https:\/\/www.pumahue.cl\/chicureo\/wp-json\/wp\/v2\/tags?post=21359"}],"curies":[{"name":"wp","href":"https:\/\/api.w.org\/{rel}","templated":true}]}}