{"id":10991,"date":"2022-03-01T13:10:45","date_gmt":"2022-03-01T16:10:45","guid":{"rendered":"http:\/\/pumahue.cl\/curauma\/?p=10991"},"modified":"2022-03-01T13:10:45","modified_gmt":"2022-03-01T16:10:45","slug":"first-day-2022-educacion-media-%f0%9f%8e%93%f0%9f%8c%9f","status":"publish","type":"post","link":"https:\/\/www.pumahue.cl\/curauma\/noticias\/first-day-2022-educacion-media-%f0%9f%8e%93%f0%9f%8c%9f\/","title":{"rendered":"First Day 2022 &#8211; Educaci\u00f3n Media"},"content":{"rendered":"<p>Hoy martes 01 de marzo, iniciaron sus clases nuestros estudiantes del Ciclo Media, quienes fueron recibidos por nuestro Rector, Antonio Reyes y la Directora de Ciclo de Educaci\u00f3n Parvularia, Katherine Toro. Esperamos que haya sido un lindo reencuentro con sus profesores y compa\u00f1eros.<\/p>\n<p>\u00a1Bienvenidos a un nuevo a\u00f1o escolar 2022!<\/p>\n"},"excerpt":{"rendered":"<p>Hoy martes 01 de marzo, iniciaron sus clases nuestros estudiantes del Ciclo Media, quienes fueron recibidos por nuestro Rector, Antonio Reyes y la Directora de Ciclo de Educaci\u00f3n Parvularia, Katherine Toro. Esperamos que haya sido un lindo reencuentro con sus profesores y compa\u00f1eros. \u00a1Bienvenidos a un nuevo a\u00f1o escolar 2022!<\/p>\n","protected":false},"author":14,"featured_media":11009,"comment_status":"open","ping_status":"open","sticky":false,"template":"","format":"standard","meta":{"_acf_changed":false,"content-type":"","_jetpack_memberships_contains_paid_content":false,"footnotes":""},"categories":[1],"tags":[],"class_list":["post-10991","post","type-post","status-publish","format-standard","has-post-thumbnail","hentry","category-vida-escolar"],"acf":[],"yoast_head":"<!-- This site is optimized with the Yoast SEO plugin v27.1.1 - https:\/\/yoast.com\/product\/yoast-seo-wordpress\/ -->\n<title>First Day 2022 - Educaci\u00f3n Media - Colegio Pumahue Curauma<\/title>\n<meta name=\"robots\" content=\"index, follow, max-snippet:-1, max-image-preview:large, max-video-preview:-1\" \/>\n<link rel=\"canonical\" href=\"https:\/\/www.pumahue.cl\/curauma\/noticias\/first-day-2022-educacion-media-\ud83c\udf93\ud83c\udf1f\/\" \/>\n<meta property=\"og:locale\" content=\"es_ES\" \/>\n<meta property=\"og:type\" content=\"article\" \/>\n<meta property=\"og:title\" content=\"First Day 2022 - Educaci\u00f3n Media - Colegio Pumahue Curauma\" \/>\n<meta property=\"og:description\" content=\"Hoy martes 01 de marzo, iniciaron sus clases nuestros estudiantes del Ciclo Media, quienes fueron recibidos por nuestro Rector, Antonio Reyes y la Directora de Ciclo de Educaci\u00f3n Parvularia, Katherine Toro. Esperamos que haya sido un lindo reencuentro con sus profesores y compa\u00f1eros. \u00a1Bienvenidos a un nuevo a\u00f1o escolar 2022!\" \/>\n<meta property=\"og:url\" content=\"https:\/\/www.pumahue.cl\/curauma\/noticias\/first-day-2022-educacion-media-\ud83c\udf93\ud83c\udf1f\/\" \/>\n<meta property=\"og:site_name\" content=\"Colegio Pumahue Curauma\" \/>\n<meta property=\"article:publisher\" content=\"http:\/\/www.facebook.com\/ColegiosPumahue\" \/>\n<meta property=\"article:published_time\" content=\"2022-03-01T16:10:45+00:00\" \/>\n<meta property=\"og:image\" content=\"https:\/\/www.pumahue.cl\/curauma\/wp-content\/uploads\/sites\/48\/2025\/02\/cropped-logo_Pumahue_.png\" \/>\n\t<meta property=\"og:image:width\" content=\"512\" \/>\n\t<meta property=\"og:image:height\" content=\"512\" \/>\n\t<meta property=\"og:image:type\" content=\"image\/png\" \/>\n<meta name=\"author\" content=\"jorgedelcampo\" \/>\n<meta name=\"twitter:card\" content=\"summary_large_image\" \/>\n<meta name=\"twitter:label1\" content=\"Escrito por\" \/>\n\t<meta name=\"twitter:data1\" content=\"jorgedelcampo\" \/>\n<script type=\"application\/ld+json\" class=\"yoast-schema-graph\">{\"@context\":\"https:\/\/schema.org\",\"@graph\":[{\"@type\":\"Article\",\"@id\":\"https:\/\/www.pumahue.cl\/curauma\/noticias\/first-day-2022-educacion-media-%f0%9f%8e%93%f0%9f%8c%9f\/#article\",\"isPartOf\":{\"@id\":\"https:\/\/www.pumahue.cl\/curauma\/noticias\/first-day-2022-educacion-media-%f0%9f%8e%93%f0%9f%8c%9f\/\"},\"author\":{\"name\":\"jorgedelcampo\",\"@id\":\"https:\/\/www.pumahue.cl\/curauma\/#\/schema\/person\/0debeea140e397b5d490ee7e553255d8\"},\"headline\":\"First Day 2022 &#8211; Educaci\u00f3n Media\",\"datePublished\":\"2022-03-01T16:10:45+00:00\",\"mainEntityOfPage\":{\"@id\":\"https:\/\/www.pumahue.cl\/curauma\/noticias\/first-day-2022-educacion-media-%f0%9f%8e%93%f0%9f%8c%9f\/\"},\"wordCount\":57,\"commentCount\":0,\"publisher\":{\"@id\":\"https:\/\/www.pumahue.cl\/curauma\/#organization\"},\"image\":{\"@id\":\"https:\/\/www.pumahue.cl\/curauma\/noticias\/first-day-2022-educacion-media-%f0%9f%8e%93%f0%9f%8c%9f\/#primaryimage\"},\"thumbnailUrl\":\"https:\/\/www.pumahue.cl\/curauma\/wp-content\/uploads\/sites\/48\/2022\/03\/Firstday_Curauma1.jpg\",\"articleSection\":[\"Vida escolar\"],\"inLanguage\":\"es\",\"potentialAction\":[{\"@type\":\"CommentAction\",\"name\":\"Comment\",\"target\":[\"https:\/\/www.pumahue.cl\/curauma\/noticias\/first-day-2022-educacion-media-%f0%9f%8e%93%f0%9f%8c%9f\/#respond\"]}]},{\"@type\":\"WebPage\",\"@id\":\"https:\/\/www.pumahue.cl\/curauma\/noticias\/first-day-2022-educacion-media-%f0%9f%8e%93%f0%9f%8c%9f\/\",\"url\":\"https:\/\/www.pumahue.cl\/curauma\/noticias\/first-day-2022-educacion-media-%f0%9f%8e%93%f0%9f%8c%9f\/\",\"name\":\"First Day 2022 - Educaci\u00f3n Media - Colegio Pumahue Curauma\",\"isPartOf\":{\"@id\":\"https:\/\/www.pumahue.cl\/curauma\/#website\"},\"primaryImageOfPage\":{\"@id\":\"https:\/\/www.pumahue.cl\/curauma\/noticias\/first-day-2022-educacion-media-%f0%9f%8e%93%f0%9f%8c%9f\/#primaryimage\"},\"image\":{\"@id\":\"https:\/\/www.pumahue.cl\/curauma\/noticias\/first-day-2022-educacion-media-%f0%9f%8e%93%f0%9f%8c%9f\/#primaryimage\"},\"thumbnailUrl\":\"https:\/\/www.pumahue.cl\/curauma\/wp-content\/uploads\/sites\/48\/2022\/03\/Firstday_Curauma1.jpg\",\"datePublished\":\"2022-03-01T16:10:45+00:00\",\"breadcrumb\":{\"@id\":\"https:\/\/www.pumahue.cl\/curauma\/noticias\/first-day-2022-educacion-media-%f0%9f%8e%93%f0%9f%8c%9f\/#breadcrumb\"},\"inLanguage\":\"es\",\"potentialAction\":[{\"@type\":\"ReadAction\",\"target\":[\"https:\/\/www.pumahue.cl\/curauma\/noticias\/first-day-2022-educacion-media-%f0%9f%8e%93%f0%9f%8c%9f\/\"]}]},{\"@type\":\"ImageObject\",\"inLanguage\":\"es\",\"@id\":\"https:\/\/www.pumahue.cl\/curauma\/noticias\/first-day-2022-educacion-media-%f0%9f%8e%93%f0%9f%8c%9f\/#primaryimage\",\"url\":\"https:\/\/www.pumahue.cl\/curauma\/wp-content\/uploads\/sites\/48\/2022\/03\/Firstday_Curauma1.jpg\",\"contentUrl\":\"https:\/\/www.pumahue.cl\/curauma\/wp-content\/uploads\/sites\/48\/2022\/03\/Firstday_Curauma1.jpg\",\"width\":836,\"height\":523},{\"@type\":\"BreadcrumbList\",\"@id\":\"https:\/\/www.pumahue.cl\/curauma\/noticias\/first-day-2022-educacion-media-%f0%9f%8e%93%f0%9f%8c%9f\/#breadcrumb\",\"itemListElement\":[{\"@type\":\"ListItem\",\"position\":1,\"name\":\"Home\",\"item\":\"https:\/\/www.pumahue.cl\/curauma\/\"},{\"@type\":\"ListItem\",\"position\":2,\"name\":\"First Day 2022 &#8211; Educaci\u00f3n Media\"}]},{\"@type\":\"WebSite\",\"@id\":\"https:\/\/www.pumahue.cl\/curauma\/#website\",\"url\":\"https:\/\/www.pumahue.cl\/curauma\/\",\"name\":\"Colegio Pumahue Curauma\",\"description\":\"Parte de Cognita Schools\",\"publisher\":{\"@id\":\"https:\/\/www.pumahue.cl\/curauma\/#organization\"},\"potentialAction\":[{\"@type\":\"SearchAction\",\"target\":{\"@type\":\"EntryPoint\",\"urlTemplate\":\"https:\/\/www.pumahue.cl\/curauma\/?s={search_term_string}\"},\"query-input\":{\"@type\":\"PropertyValueSpecification\",\"valueRequired\":true,\"valueName\":\"search_term_string\"}}],\"inLanguage\":\"es\"},{\"@type\":\"Organization\",\"@id\":\"https:\/\/www.pumahue.cl\/curauma\/#organization\",\"name\":\"Colegio Pumahue Curauma\",\"url\":\"https:\/\/www.pumahue.cl\/curauma\/\",\"logo\":{\"@type\":\"ImageObject\",\"inLanguage\":\"es\",\"@id\":\"https:\/\/www.pumahue.cl\/curauma\/#\/schema\/logo\/image\/\",\"url\":\"https:\/\/www.pumahue.cl\/curauma\/wp-content\/uploads\/sites\/48\/2025\/02\/cropped-logo_Pumahue_.png\",\"contentUrl\":\"https:\/\/www.pumahue.cl\/curauma\/wp-content\/uploads\/sites\/48\/2025\/02\/cropped-logo_Pumahue_.png\",\"width\":512,\"height\":512,\"caption\":\"Colegio Pumahue Curauma\"},\"image\":{\"@id\":\"https:\/\/www.pumahue.cl\/curauma\/#\/schema\/logo\/image\/\"},\"sameAs\":[\"http:\/\/www.facebook.com\/ColegiosPumahue\",\"https:\/\/www.youtube.com\/@CognitaChile\"]},{\"@type\":\"Person\",\"@id\":\"https:\/\/www.pumahue.cl\/curauma\/#\/schema\/person\/0debeea140e397b5d490ee7e553255d8\",\"name\":\"jorgedelcampo\",\"image\":{\"@type\":\"ImageObject\",\"inLanguage\":\"es\",\"@id\":\"https:\/\/www.pumahue.cl\/curauma\/#\/schema\/person\/image\/\",\"url\":\"https:\/\/secure.gravatar.com\/avatar\/4a315f521213b2dc91dbda9bf799f711c8a98ab6f5606ec42cf5b33d1e762e8a?s=96&d=mm&r=g\",\"contentUrl\":\"https:\/\/secure.gravatar.com\/avatar\/4a315f521213b2dc91dbda9bf799f711c8a98ab6f5606ec42cf5b33d1e762e8a?s=96&d=mm&r=g\",\"caption\":\"jorgedelcampo\"}}]}<\/script>\n<!-- \/ Yoast SEO plugin. -->","yoast_head_json":{"title":"First Day 2022 - Educaci\u00f3n Media - Colegio Pumahue Curauma","robots":{"index":"index","follow":"follow","max-snippet":"max-snippet:-1","max-image-preview":"max-image-preview:large","max-video-preview":"max-video-preview:-1"},"canonical":"https:\/\/www.pumahue.cl\/curauma\/noticias\/first-day-2022-educacion-media-\ud83c\udf93\ud83c\udf1f\/","og_locale":"es_ES","og_type":"article","og_title":"First Day 2022 - Educaci\u00f3n Media - Colegio Pumahue Curauma","og_description":"Hoy martes 01 de marzo, iniciaron sus clases nuestros estudiantes del Ciclo Media, quienes fueron recibidos por nuestro Rector, Antonio Reyes y la Directora de Ciclo de Educaci\u00f3n Parvularia, Katherine Toro. Esperamos que haya sido un lindo reencuentro con sus profesores y compa\u00f1eros. \u00a1Bienvenidos a un nuevo a\u00f1o escolar 2022!","og_url":"https:\/\/www.pumahue.cl\/curauma\/noticias\/first-day-2022-educacion-media-\ud83c\udf93\ud83c\udf1f\/","og_site_name":"Colegio Pumahue Curauma","article_publisher":"http:\/\/www.facebook.com\/ColegiosPumahue","article_published_time":"2022-03-01T16:10:45+00:00","og_image":[{"width":512,"height":512,"url":"https:\/\/www.pumahue.cl\/curauma\/wp-content\/uploads\/sites\/48\/2025\/02\/cropped-logo_Pumahue_.png","type":"image\/png"}],"author":"jorgedelcampo","twitter_card":"summary_large_image","twitter_misc":{"Escrito por":"jorgedelcampo"},"schema":{"@context":"https:\/\/schema.org","@graph":[{"@type":"Article","@id":"https:\/\/www.pumahue.cl\/curauma\/noticias\/first-day-2022-educacion-media-%f0%9f%8e%93%f0%9f%8c%9f\/#article","isPartOf":{"@id":"https:\/\/www.pumahue.cl\/curauma\/noticias\/first-day-2022-educacion-media-%f0%9f%8e%93%f0%9f%8c%9f\/"},"author":{"name":"jorgedelcampo","@id":"https:\/\/www.pumahue.cl\/curauma\/#\/schema\/person\/0debeea140e397b5d490ee7e553255d8"},"headline":"First Day 2022 &#8211; Educaci\u00f3n Media","datePublished":"2022-03-01T16:10:45+00:00","mainEntityOfPage":{"@id":"https:\/\/www.pumahue.cl\/curauma\/noticias\/first-day-2022-educacion-media-%f0%9f%8e%93%f0%9f%8c%9f\/"},"wordCount":57,"commentCount":0,"publisher":{"@id":"https:\/\/www.pumahue.cl\/curauma\/#organization"},"image":{"@id":"https:\/\/www.pumahue.cl\/curauma\/noticias\/first-day-2022-educacion-media-%f0%9f%8e%93%f0%9f%8c%9f\/#primaryimage"},"thumbnailUrl":"https:\/\/www.pumahue.cl\/curauma\/wp-content\/uploads\/sites\/48\/2022\/03\/Firstday_Curauma1.jpg","articleSection":["Vida escolar"],"inLanguage":"es","potentialAction":[{"@type":"CommentAction","name":"Comment","target":["https:\/\/www.pumahue.cl\/curauma\/noticias\/first-day-2022-educacion-media-%f0%9f%8e%93%f0%9f%8c%9f\/#respond"]}]},{"@type":"WebPage","@id":"https:\/\/www.pumahue.cl\/curauma\/noticias\/first-day-2022-educacion-media-%f0%9f%8e%93%f0%9f%8c%9f\/","url":"https:\/\/www.pumahue.cl\/curauma\/noticias\/first-day-2022-educacion-media-%f0%9f%8e%93%f0%9f%8c%9f\/","name":"First Day 2022 - Educaci\u00f3n Media - Colegio Pumahue Curauma","isPartOf":{"@id":"https:\/\/www.pumahue.cl\/curauma\/#website"},"primaryImageOfPage":{"@id":"https:\/\/www.pumahue.cl\/curauma\/noticias\/first-day-2022-educacion-media-%f0%9f%8e%93%f0%9f%8c%9f\/#primaryimage"},"image":{"@id":"https:\/\/www.pumahue.cl\/curauma\/noticias\/first-day-2022-educacion-media-%f0%9f%8e%93%f0%9f%8c%9f\/#primaryimage"},"thumbnailUrl":"https:\/\/www.pumahue.cl\/curauma\/wp-content\/uploads\/sites\/48\/2022\/03\/Firstday_Curauma1.jpg","datePublished":"2022-03-01T16:10:45+00:00","breadcrumb":{"@id":"https:\/\/www.pumahue.cl\/curauma\/noticias\/first-day-2022-educacion-media-%f0%9f%8e%93%f0%9f%8c%9f\/#breadcrumb"},"inLanguage":"es","potentialAction":[{"@type":"ReadAction","target":["https:\/\/www.pumahue.cl\/curauma\/noticias\/first-day-2022-educacion-media-%f0%9f%8e%93%f0%9f%8c%9f\/"]}]},{"@type":"ImageObject","inLanguage":"es","@id":"https:\/\/www.pumahue.cl\/curauma\/noticias\/first-day-2022-educacion-media-%f0%9f%8e%93%f0%9f%8c%9f\/#primaryimage","url":"https:\/\/www.pumahue.cl\/curauma\/wp-content\/uploads\/sites\/48\/2022\/03\/Firstday_Curauma1.jpg","contentUrl":"https:\/\/www.pumahue.cl\/curauma\/wp-content\/uploads\/sites\/48\/2022\/03\/Firstday_Curauma1.jpg","width":836,"height":523},{"@type":"BreadcrumbList","@id":"https:\/\/www.pumahue.cl\/curauma\/noticias\/first-day-2022-educacion-media-%f0%9f%8e%93%f0%9f%8c%9f\/#breadcrumb","itemListElement":[{"@type":"ListItem","position":1,"name":"Home","item":"https:\/\/www.pumahue.cl\/curauma\/"},{"@type":"ListItem","position":2,"name":"First Day 2022 &#8211; Educaci\u00f3n Media"}]},{"@type":"WebSite","@id":"https:\/\/www.pumahue.cl\/curauma\/#website","url":"https:\/\/www.pumahue.cl\/curauma\/","name":"Colegio Pumahue Curauma","description":"Parte de Cognita Schools","publisher":{"@id":"https:\/\/www.pumahue.cl\/curauma\/#organization"},"potentialAction":[{"@type":"SearchAction","target":{"@type":"EntryPoint","urlTemplate":"https:\/\/www.pumahue.cl\/curauma\/?s={search_term_string}"},"query-input":{"@type":"PropertyValueSpecification","valueRequired":true,"valueName":"search_term_string"}}],"inLanguage":"es"},{"@type":"Organization","@id":"https:\/\/www.pumahue.cl\/curauma\/#organization","name":"Colegio Pumahue Curauma","url":"https:\/\/www.pumahue.cl\/curauma\/","logo":{"@type":"ImageObject","inLanguage":"es","@id":"https:\/\/www.pumahue.cl\/curauma\/#\/schema\/logo\/image\/","url":"https:\/\/www.pumahue.cl\/curauma\/wp-content\/uploads\/sites\/48\/2025\/02\/cropped-logo_Pumahue_.png","contentUrl":"https:\/\/www.pumahue.cl\/curauma\/wp-content\/uploads\/sites\/48\/2025\/02\/cropped-logo_Pumahue_.png","width":512,"height":512,"caption":"Colegio Pumahue Curauma"},"image":{"@id":"https:\/\/www.pumahue.cl\/curauma\/#\/schema\/logo\/image\/"},"sameAs":["http:\/\/www.facebook.com\/ColegiosPumahue","https:\/\/www.youtube.com\/@CognitaChile"]},{"@type":"Person","@id":"https:\/\/www.pumahue.cl\/curauma\/#\/schema\/person\/0debeea140e397b5d490ee7e553255d8","name":"jorgedelcampo","image":{"@type":"ImageObject","inLanguage":"es","@id":"https:\/\/www.pumahue.cl\/curauma\/#\/schema\/person\/image\/","url":"https:\/\/secure.gravatar.com\/avatar\/4a315f521213b2dc91dbda9bf799f711c8a98ab6f5606ec42cf5b33d1e762e8a?s=96&d=mm&r=g","contentUrl":"https:\/\/secure.gravatar.com\/avatar\/4a315f521213b2dc91dbda9bf799f711c8a98ab6f5606ec42cf5b33d1e762e8a?s=96&d=mm&r=g","caption":"jorgedelcampo"}}]}},"jetpack_featured_media_url":"https:\/\/www.pumahue.cl\/curauma\/wp-content\/uploads\/sites\/48\/2022\/03\/Firstday_Curauma1.jpg","previous_post_ID":10955,"previous_post_title":"Celebraci\u00f3n del Open House 2022 cont\u00f3 con alto n\u00famero de familias y sorpresas \u2122","previous_post_excerpt":"Con un alto n\u00famero de participaci\u00f3n de nuestras familias, ayer lunes 28 celebramos nuestro gran &#8220;Open House&#8221;. Durante la festividad, las familias disfrutaron de las diferentes actividades l\u00fadicas que nuestro colegio Pumahue Curauma hab\u00eda preparado como sorpresa: show de m\u00fasica, magia y concursos para nuestros ni\u00f1os y ni\u00f1as. Adem\u00e1s, la comunidad pudo compartir con nuestro [&hellip;]","previous_post_link":"https:\/\/www.pumahue.cl\/curauma\/noticias\/celebracion-del-open-house-2022-conto-con-alto-numero-de-familias-y-sorpresas-%f0%9f%8e%8a%e2%9c%a8%f0%9f%99%8c%f0%9f%8f%bb\/","previous_post_class":["post-10955","post","type-post","status-publish","format-standard","has-post-thumbnail","hentry","category-vida-escolar"],"next_post_ID":11022,"next_post_title":"Inicio Programa SELP \u00a4","next_post_excerpt":"Dando inicio a un nuevo a\u00f1o escolar y entreg\u00e1ndoles una bienvenida a la incorporaci\u00f3n al Programa Biling\u00fce, el d\u00eda de hoy Miss Denisse Torres, recibi\u00f3 a los y las estudiantes que se suman por primera vez a nuestro colegio Pumahue Curauma y al curr\u00edculum biling\u00fce, a trav\u00e9s del programa de nivelaci\u00f3n SELP\u00a0(Programa de Aprendizaje de [&hellip;]","next_post_link":"https:\/\/www.pumahue.cl\/curauma\/noticias\/inicio-programa-selp-%f0%9f%a4%93%e2%9c%8f%ef%b8%8f\/","next_post_class":["post-11022","post","type-post","status-publish","format-standard","has-post-thumbnail","hentry","category-vida-escolar"],"jetpack_sharing_enabled":true,"_links":{"self":[{"href":"https:\/\/www.pumahue.cl\/curauma\/wp-json\/wp\/v2\/posts\/10991","targetHints":{"allow":["GET"]}}],"collection":[{"href":"https:\/\/www.pumahue.cl\/curauma\/wp-json\/wp\/v2\/posts"}],"about":[{"href":"https:\/\/www.pumahue.cl\/curauma\/wp-json\/wp\/v2\/types\/post"}],"author":[{"embeddable":true,"href":"https:\/\/www.pumahue.cl\/curauma\/wp-json\/wp\/v2\/users\/14"}],"replies":[{"embeddable":true,"href":"https:\/\/www.pumahue.cl\/curauma\/wp-json\/wp\/v2\/comments?post=10991"}],"version-history":[{"count":0,"href":"https:\/\/www.pumahue.cl\/curauma\/wp-json\/wp\/v2\/posts\/10991\/revisions"}],"wp:featuredmedia":[{"embeddable":true,"href":"https:\/\/www.pumahue.cl\/curauma\/wp-json\/wp\/v2\/media\/11009"}],"wp:attachment":[{"href":"https:\/\/www.pumahue.cl\/curauma\/wp-json\/wp\/v2\/media?parent=10991"}],"wp:term":[{"taxonomy":"category","embeddable":true,"href":"https:\/\/www.pumahue.cl\/curauma\/wp-json\/wp\/v2\/categories?post=10991"},{"taxonomy":"post_tag","embeddable":true,"href":"https:\/\/www.pumahue.cl\/curauma\/wp-json\/wp\/v2\/tags?post=10991"}],"curies":[{"name":"wp","href":"https:\/\/api.w.org\/{rel}","templated":true}]}}