{"id":11022,"date":"2022-03-01T14:49:39","date_gmt":"2022-03-01T17:49:39","guid":{"rendered":"http:\/\/pumahue.cl\/curauma\/?p=11022"},"modified":"2022-03-01T14:49:39","modified_gmt":"2022-03-01T17:49:39","slug":"inicio-programa-selp-%f0%9f%a4%93%e2%9c%8f%ef%b8%8f","status":"publish","type":"post","link":"https:\/\/www.pumahue.cl\/curauma\/noticias\/inicio-programa-selp-%f0%9f%a4%93%e2%9c%8f%ef%b8%8f\/","title":{"rendered":"Inicio Programa SELP \u00a4"},"content":{"rendered":"<p>Dando inicio a un nuevo a\u00f1o escolar y entreg\u00e1ndoles una bienvenida a la incorporaci\u00f3n al Programa Biling\u00fce, el d\u00eda de hoy Miss Denisse Torres, recibi\u00f3 a los y las estudiantes que se suman por primera vez a nuestro colegio Pumahue Curauma y al curr\u00edculum biling\u00fce, a trav\u00e9s del programa de nivelaci\u00f3n SELP\u00a0(Programa de Aprendizaje de Ingl\u00e9s Protegido).<\/p>\n<p>Durante todo el transcurso del a\u00f1o 2022, nuestros estudiantes tendr\u00e1n clases de reforzamiento y as\u00ed adquirir\u00e1n las herramientas necesarias para tener \u00e9xito en su formaci\u00f3n educativa.<\/p>\n<p><strong>We are very happy to have you in the bilingual programme!!<\/strong><\/p>\n<p>&nbsp;<\/p>\n"},"excerpt":{"rendered":"<p>Dando inicio a un nuevo a\u00f1o escolar y entreg\u00e1ndoles una bienvenida a la incorporaci\u00f3n al Programa Biling\u00fce, el d\u00eda de hoy Miss Denisse Torres, recibi\u00f3 a los y las estudiantes que se suman por primera vez a nuestro colegio Pumahue Curauma y al curr\u00edculum biling\u00fce, a trav\u00e9s del programa de nivelaci\u00f3n SELP\u00a0(Programa de Aprendizaje de [&hellip;]<\/p>\n","protected":false},"author":14,"featured_media":11025,"comment_status":"open","ping_status":"open","sticky":false,"template":"","format":"standard","meta":{"_acf_changed":false,"content-type":"","_jetpack_memberships_contains_paid_content":false,"footnotes":""},"categories":[1],"tags":[],"class_list":["post-11022","post","type-post","status-publish","format-standard","has-post-thumbnail","hentry","category-vida-escolar"],"acf":[],"yoast_head":"<!-- This site is optimized with the Yoast SEO plugin v27.1.1 - https:\/\/yoast.com\/product\/yoast-seo-wordpress\/ -->\n<title>Inicio Programa SELP \u00a4 - Colegio Pumahue Curauma<\/title>\n<meta name=\"robots\" content=\"index, follow, max-snippet:-1, max-image-preview:large, max-video-preview:-1\" \/>\n<link rel=\"canonical\" href=\"https:\/\/www.pumahue.cl\/curauma\/noticias\/inicio-programa-selp-\ud83e\udd13\u270f\ufe0f\/\" \/>\n<meta property=\"og:locale\" content=\"es_ES\" \/>\n<meta property=\"og:type\" content=\"article\" \/>\n<meta property=\"og:title\" content=\"Inicio Programa SELP \u00a4 - Colegio Pumahue Curauma\" \/>\n<meta property=\"og:description\" content=\"Dando inicio a un nuevo a\u00f1o escolar y entreg\u00e1ndoles una bienvenida a la incorporaci\u00f3n al Programa Biling\u00fce, el d\u00eda de hoy Miss Denisse Torres, recibi\u00f3 a los y las estudiantes que se suman por primera vez a nuestro colegio Pumahue Curauma y al curr\u00edculum biling\u00fce, a trav\u00e9s del programa de nivelaci\u00f3n SELP\u00a0(Programa de Aprendizaje de [&hellip;]\" \/>\n<meta property=\"og:url\" content=\"https:\/\/www.pumahue.cl\/curauma\/noticias\/inicio-programa-selp-\ud83e\udd13\u270f\ufe0f\/\" \/>\n<meta property=\"og:site_name\" content=\"Colegio Pumahue Curauma\" \/>\n<meta property=\"article:publisher\" content=\"http:\/\/www.facebook.com\/ColegiosPumahue\" \/>\n<meta property=\"article:published_time\" content=\"2022-03-01T17:49:39+00:00\" \/>\n<meta property=\"og:image\" content=\"https:\/\/www.pumahue.cl\/curauma\/wp-content\/uploads\/sites\/48\/2025\/02\/cropped-logo_Pumahue_.png\" \/>\n\t<meta property=\"og:image:width\" content=\"512\" \/>\n\t<meta property=\"og:image:height\" content=\"512\" \/>\n\t<meta property=\"og:image:type\" content=\"image\/png\" \/>\n<meta name=\"author\" content=\"jorgedelcampo\" \/>\n<meta name=\"twitter:card\" content=\"summary_large_image\" \/>\n<meta name=\"twitter:label1\" content=\"Escrito por\" \/>\n\t<meta name=\"twitter:data1\" content=\"jorgedelcampo\" \/>\n\t<meta name=\"twitter:label2\" content=\"Tiempo de lectura\" \/>\n\t<meta name=\"twitter:data2\" content=\"1 minuto\" \/>\n<script type=\"application\/ld+json\" class=\"yoast-schema-graph\">{\"@context\":\"https:\/\/schema.org\",\"@graph\":[{\"@type\":\"Article\",\"@id\":\"https:\/\/www.pumahue.cl\/curauma\/noticias\/inicio-programa-selp-%f0%9f%a4%93%e2%9c%8f%ef%b8%8f\/#article\",\"isPartOf\":{\"@id\":\"https:\/\/www.pumahue.cl\/curauma\/noticias\/inicio-programa-selp-%f0%9f%a4%93%e2%9c%8f%ef%b8%8f\/\"},\"author\":{\"name\":\"jorgedelcampo\",\"@id\":\"https:\/\/www.pumahue.cl\/curauma\/#\/schema\/person\/0debeea140e397b5d490ee7e553255d8\"},\"headline\":\"Inicio Programa SELP \u00a4\",\"datePublished\":\"2022-03-01T17:49:39+00:00\",\"mainEntityOfPage\":{\"@id\":\"https:\/\/www.pumahue.cl\/curauma\/noticias\/inicio-programa-selp-%f0%9f%a4%93%e2%9c%8f%ef%b8%8f\/\"},\"wordCount\":112,\"commentCount\":0,\"publisher\":{\"@id\":\"https:\/\/www.pumahue.cl\/curauma\/#organization\"},\"image\":{\"@id\":\"https:\/\/www.pumahue.cl\/curauma\/noticias\/inicio-programa-selp-%f0%9f%a4%93%e2%9c%8f%ef%b8%8f\/#primaryimage\"},\"thumbnailUrl\":\"https:\/\/www.pumahue.cl\/curauma\/wp-content\/uploads\/sites\/48\/2022\/03\/Selp_Curauma3.jpg\",\"articleSection\":[\"Vida escolar\"],\"inLanguage\":\"es\",\"potentialAction\":[{\"@type\":\"CommentAction\",\"name\":\"Comment\",\"target\":[\"https:\/\/www.pumahue.cl\/curauma\/noticias\/inicio-programa-selp-%f0%9f%a4%93%e2%9c%8f%ef%b8%8f\/#respond\"]}]},{\"@type\":\"WebPage\",\"@id\":\"https:\/\/www.pumahue.cl\/curauma\/noticias\/inicio-programa-selp-%f0%9f%a4%93%e2%9c%8f%ef%b8%8f\/\",\"url\":\"https:\/\/www.pumahue.cl\/curauma\/noticias\/inicio-programa-selp-%f0%9f%a4%93%e2%9c%8f%ef%b8%8f\/\",\"name\":\"Inicio Programa SELP \u00a4 - Colegio Pumahue Curauma\",\"isPartOf\":{\"@id\":\"https:\/\/www.pumahue.cl\/curauma\/#website\"},\"primaryImageOfPage\":{\"@id\":\"https:\/\/www.pumahue.cl\/curauma\/noticias\/inicio-programa-selp-%f0%9f%a4%93%e2%9c%8f%ef%b8%8f\/#primaryimage\"},\"image\":{\"@id\":\"https:\/\/www.pumahue.cl\/curauma\/noticias\/inicio-programa-selp-%f0%9f%a4%93%e2%9c%8f%ef%b8%8f\/#primaryimage\"},\"thumbnailUrl\":\"https:\/\/www.pumahue.cl\/curauma\/wp-content\/uploads\/sites\/48\/2022\/03\/Selp_Curauma3.jpg\",\"datePublished\":\"2022-03-01T17:49:39+00:00\",\"breadcrumb\":{\"@id\":\"https:\/\/www.pumahue.cl\/curauma\/noticias\/inicio-programa-selp-%f0%9f%a4%93%e2%9c%8f%ef%b8%8f\/#breadcrumb\"},\"inLanguage\":\"es\",\"potentialAction\":[{\"@type\":\"ReadAction\",\"target\":[\"https:\/\/www.pumahue.cl\/curauma\/noticias\/inicio-programa-selp-%f0%9f%a4%93%e2%9c%8f%ef%b8%8f\/\"]}]},{\"@type\":\"ImageObject\",\"inLanguage\":\"es\",\"@id\":\"https:\/\/www.pumahue.cl\/curauma\/noticias\/inicio-programa-selp-%f0%9f%a4%93%e2%9c%8f%ef%b8%8f\/#primaryimage\",\"url\":\"https:\/\/www.pumahue.cl\/curauma\/wp-content\/uploads\/sites\/48\/2022\/03\/Selp_Curauma3.jpg\",\"contentUrl\":\"https:\/\/www.pumahue.cl\/curauma\/wp-content\/uploads\/sites\/48\/2022\/03\/Selp_Curauma3.jpg\",\"width\":836,\"height\":523},{\"@type\":\"BreadcrumbList\",\"@id\":\"https:\/\/www.pumahue.cl\/curauma\/noticias\/inicio-programa-selp-%f0%9f%a4%93%e2%9c%8f%ef%b8%8f\/#breadcrumb\",\"itemListElement\":[{\"@type\":\"ListItem\",\"position\":1,\"name\":\"Home\",\"item\":\"https:\/\/www.pumahue.cl\/curauma\/\"},{\"@type\":\"ListItem\",\"position\":2,\"name\":\"Inicio Programa SELP \u00a4\"}]},{\"@type\":\"WebSite\",\"@id\":\"https:\/\/www.pumahue.cl\/curauma\/#website\",\"url\":\"https:\/\/www.pumahue.cl\/curauma\/\",\"name\":\"Colegio Pumahue Curauma\",\"description\":\"Parte de Cognita Schools\",\"publisher\":{\"@id\":\"https:\/\/www.pumahue.cl\/curauma\/#organization\"},\"potentialAction\":[{\"@type\":\"SearchAction\",\"target\":{\"@type\":\"EntryPoint\",\"urlTemplate\":\"https:\/\/www.pumahue.cl\/curauma\/?s={search_term_string}\"},\"query-input\":{\"@type\":\"PropertyValueSpecification\",\"valueRequired\":true,\"valueName\":\"search_term_string\"}}],\"inLanguage\":\"es\"},{\"@type\":\"Organization\",\"@id\":\"https:\/\/www.pumahue.cl\/curauma\/#organization\",\"name\":\"Colegio Pumahue Curauma\",\"url\":\"https:\/\/www.pumahue.cl\/curauma\/\",\"logo\":{\"@type\":\"ImageObject\",\"inLanguage\":\"es\",\"@id\":\"https:\/\/www.pumahue.cl\/curauma\/#\/schema\/logo\/image\/\",\"url\":\"https:\/\/www.pumahue.cl\/curauma\/wp-content\/uploads\/sites\/48\/2025\/02\/cropped-logo_Pumahue_.png\",\"contentUrl\":\"https:\/\/www.pumahue.cl\/curauma\/wp-content\/uploads\/sites\/48\/2025\/02\/cropped-logo_Pumahue_.png\",\"width\":512,\"height\":512,\"caption\":\"Colegio Pumahue Curauma\"},\"image\":{\"@id\":\"https:\/\/www.pumahue.cl\/curauma\/#\/schema\/logo\/image\/\"},\"sameAs\":[\"http:\/\/www.facebook.com\/ColegiosPumahue\",\"https:\/\/www.youtube.com\/@CognitaChile\"]},{\"@type\":\"Person\",\"@id\":\"https:\/\/www.pumahue.cl\/curauma\/#\/schema\/person\/0debeea140e397b5d490ee7e553255d8\",\"name\":\"jorgedelcampo\",\"image\":{\"@type\":\"ImageObject\",\"inLanguage\":\"es\",\"@id\":\"https:\/\/www.pumahue.cl\/curauma\/#\/schema\/person\/image\/\",\"url\":\"https:\/\/secure.gravatar.com\/avatar\/4a315f521213b2dc91dbda9bf799f711c8a98ab6f5606ec42cf5b33d1e762e8a?s=96&d=mm&r=g\",\"contentUrl\":\"https:\/\/secure.gravatar.com\/avatar\/4a315f521213b2dc91dbda9bf799f711c8a98ab6f5606ec42cf5b33d1e762e8a?s=96&d=mm&r=g\",\"caption\":\"jorgedelcampo\"}}]}<\/script>\n<!-- \/ Yoast SEO plugin. -->","yoast_head_json":{"title":"Inicio Programa SELP \u00a4 - Colegio Pumahue Curauma","robots":{"index":"index","follow":"follow","max-snippet":"max-snippet:-1","max-image-preview":"max-image-preview:large","max-video-preview":"max-video-preview:-1"},"canonical":"https:\/\/www.pumahue.cl\/curauma\/noticias\/inicio-programa-selp-\ud83e\udd13\u270f\ufe0f\/","og_locale":"es_ES","og_type":"article","og_title":"Inicio Programa SELP \u00a4 - Colegio Pumahue Curauma","og_description":"Dando inicio a un nuevo a\u00f1o escolar y entreg\u00e1ndoles una bienvenida a la incorporaci\u00f3n al Programa Biling\u00fce, el d\u00eda de hoy Miss Denisse Torres, recibi\u00f3 a los y las estudiantes que se suman por primera vez a nuestro colegio Pumahue Curauma y al curr\u00edculum biling\u00fce, a trav\u00e9s del programa de nivelaci\u00f3n SELP\u00a0(Programa de Aprendizaje de [&hellip;]","og_url":"https:\/\/www.pumahue.cl\/curauma\/noticias\/inicio-programa-selp-\ud83e\udd13\u270f\ufe0f\/","og_site_name":"Colegio Pumahue Curauma","article_publisher":"http:\/\/www.facebook.com\/ColegiosPumahue","article_published_time":"2022-03-01T17:49:39+00:00","og_image":[{"width":512,"height":512,"url":"https:\/\/www.pumahue.cl\/curauma\/wp-content\/uploads\/sites\/48\/2025\/02\/cropped-logo_Pumahue_.png","type":"image\/png"}],"author":"jorgedelcampo","twitter_card":"summary_large_image","twitter_misc":{"Escrito por":"jorgedelcampo","Tiempo de lectura":"1 minuto"},"schema":{"@context":"https:\/\/schema.org","@graph":[{"@type":"Article","@id":"https:\/\/www.pumahue.cl\/curauma\/noticias\/inicio-programa-selp-%f0%9f%a4%93%e2%9c%8f%ef%b8%8f\/#article","isPartOf":{"@id":"https:\/\/www.pumahue.cl\/curauma\/noticias\/inicio-programa-selp-%f0%9f%a4%93%e2%9c%8f%ef%b8%8f\/"},"author":{"name":"jorgedelcampo","@id":"https:\/\/www.pumahue.cl\/curauma\/#\/schema\/person\/0debeea140e397b5d490ee7e553255d8"},"headline":"Inicio Programa SELP \u00a4","datePublished":"2022-03-01T17:49:39+00:00","mainEntityOfPage":{"@id":"https:\/\/www.pumahue.cl\/curauma\/noticias\/inicio-programa-selp-%f0%9f%a4%93%e2%9c%8f%ef%b8%8f\/"},"wordCount":112,"commentCount":0,"publisher":{"@id":"https:\/\/www.pumahue.cl\/curauma\/#organization"},"image":{"@id":"https:\/\/www.pumahue.cl\/curauma\/noticias\/inicio-programa-selp-%f0%9f%a4%93%e2%9c%8f%ef%b8%8f\/#primaryimage"},"thumbnailUrl":"https:\/\/www.pumahue.cl\/curauma\/wp-content\/uploads\/sites\/48\/2022\/03\/Selp_Curauma3.jpg","articleSection":["Vida escolar"],"inLanguage":"es","potentialAction":[{"@type":"CommentAction","name":"Comment","target":["https:\/\/www.pumahue.cl\/curauma\/noticias\/inicio-programa-selp-%f0%9f%a4%93%e2%9c%8f%ef%b8%8f\/#respond"]}]},{"@type":"WebPage","@id":"https:\/\/www.pumahue.cl\/curauma\/noticias\/inicio-programa-selp-%f0%9f%a4%93%e2%9c%8f%ef%b8%8f\/","url":"https:\/\/www.pumahue.cl\/curauma\/noticias\/inicio-programa-selp-%f0%9f%a4%93%e2%9c%8f%ef%b8%8f\/","name":"Inicio Programa SELP \u00a4 - Colegio Pumahue Curauma","isPartOf":{"@id":"https:\/\/www.pumahue.cl\/curauma\/#website"},"primaryImageOfPage":{"@id":"https:\/\/www.pumahue.cl\/curauma\/noticias\/inicio-programa-selp-%f0%9f%a4%93%e2%9c%8f%ef%b8%8f\/#primaryimage"},"image":{"@id":"https:\/\/www.pumahue.cl\/curauma\/noticias\/inicio-programa-selp-%f0%9f%a4%93%e2%9c%8f%ef%b8%8f\/#primaryimage"},"thumbnailUrl":"https:\/\/www.pumahue.cl\/curauma\/wp-content\/uploads\/sites\/48\/2022\/03\/Selp_Curauma3.jpg","datePublished":"2022-03-01T17:49:39+00:00","breadcrumb":{"@id":"https:\/\/www.pumahue.cl\/curauma\/noticias\/inicio-programa-selp-%f0%9f%a4%93%e2%9c%8f%ef%b8%8f\/#breadcrumb"},"inLanguage":"es","potentialAction":[{"@type":"ReadAction","target":["https:\/\/www.pumahue.cl\/curauma\/noticias\/inicio-programa-selp-%f0%9f%a4%93%e2%9c%8f%ef%b8%8f\/"]}]},{"@type":"ImageObject","inLanguage":"es","@id":"https:\/\/www.pumahue.cl\/curauma\/noticias\/inicio-programa-selp-%f0%9f%a4%93%e2%9c%8f%ef%b8%8f\/#primaryimage","url":"https:\/\/www.pumahue.cl\/curauma\/wp-content\/uploads\/sites\/48\/2022\/03\/Selp_Curauma3.jpg","contentUrl":"https:\/\/www.pumahue.cl\/curauma\/wp-content\/uploads\/sites\/48\/2022\/03\/Selp_Curauma3.jpg","width":836,"height":523},{"@type":"BreadcrumbList","@id":"https:\/\/www.pumahue.cl\/curauma\/noticias\/inicio-programa-selp-%f0%9f%a4%93%e2%9c%8f%ef%b8%8f\/#breadcrumb","itemListElement":[{"@type":"ListItem","position":1,"name":"Home","item":"https:\/\/www.pumahue.cl\/curauma\/"},{"@type":"ListItem","position":2,"name":"Inicio Programa SELP \u00a4"}]},{"@type":"WebSite","@id":"https:\/\/www.pumahue.cl\/curauma\/#website","url":"https:\/\/www.pumahue.cl\/curauma\/","name":"Colegio Pumahue Curauma","description":"Parte de Cognita Schools","publisher":{"@id":"https:\/\/www.pumahue.cl\/curauma\/#organization"},"potentialAction":[{"@type":"SearchAction","target":{"@type":"EntryPoint","urlTemplate":"https:\/\/www.pumahue.cl\/curauma\/?s={search_term_string}"},"query-input":{"@type":"PropertyValueSpecification","valueRequired":true,"valueName":"search_term_string"}}],"inLanguage":"es"},{"@type":"Organization","@id":"https:\/\/www.pumahue.cl\/curauma\/#organization","name":"Colegio Pumahue Curauma","url":"https:\/\/www.pumahue.cl\/curauma\/","logo":{"@type":"ImageObject","inLanguage":"es","@id":"https:\/\/www.pumahue.cl\/curauma\/#\/schema\/logo\/image\/","url":"https:\/\/www.pumahue.cl\/curauma\/wp-content\/uploads\/sites\/48\/2025\/02\/cropped-logo_Pumahue_.png","contentUrl":"https:\/\/www.pumahue.cl\/curauma\/wp-content\/uploads\/sites\/48\/2025\/02\/cropped-logo_Pumahue_.png","width":512,"height":512,"caption":"Colegio Pumahue Curauma"},"image":{"@id":"https:\/\/www.pumahue.cl\/curauma\/#\/schema\/logo\/image\/"},"sameAs":["http:\/\/www.facebook.com\/ColegiosPumahue","https:\/\/www.youtube.com\/@CognitaChile"]},{"@type":"Person","@id":"https:\/\/www.pumahue.cl\/curauma\/#\/schema\/person\/0debeea140e397b5d490ee7e553255d8","name":"jorgedelcampo","image":{"@type":"ImageObject","inLanguage":"es","@id":"https:\/\/www.pumahue.cl\/curauma\/#\/schema\/person\/image\/","url":"https:\/\/secure.gravatar.com\/avatar\/4a315f521213b2dc91dbda9bf799f711c8a98ab6f5606ec42cf5b33d1e762e8a?s=96&d=mm&r=g","contentUrl":"https:\/\/secure.gravatar.com\/avatar\/4a315f521213b2dc91dbda9bf799f711c8a98ab6f5606ec42cf5b33d1e762e8a?s=96&d=mm&r=g","caption":"jorgedelcampo"}}]}},"jetpack_featured_media_url":"https:\/\/www.pumahue.cl\/curauma\/wp-content\/uploads\/sites\/48\/2022\/03\/Selp_Curauma3.jpg","previous_post_ID":10991,"previous_post_title":"First Day 2022 - Educaci\u00f3n Media","previous_post_excerpt":"Hoy martes 01 de marzo, iniciaron sus clases nuestros estudiantes del Ciclo Media, quienes fueron recibidos por nuestro Rector, Antonio Reyes y la Directora de Ciclo de Educaci\u00f3n Parvularia, Katherine Toro. Esperamos que haya sido un lindo reencuentro con sus profesores y compa\u00f1eros. \u00a1Bienvenidos a un nuevo a\u00f1o escolar 2022!","previous_post_link":"https:\/\/www.pumahue.cl\/curauma\/noticias\/first-day-2022-educacion-media-%f0%9f%8e%93%f0%9f%8c%9f\/","previous_post_class":["post-10991","post","type-post","status-publish","format-standard","has-post-thumbnail","hentry","category-vida-escolar"],"next_post_ID":11031,"next_post_title":"After School 2022: \u00a1Ya hemos iniciado proceso de matr\u00edculas! \u00b0","next_post_excerpt":"Informamos que el proceso de admisi\u00f3n\u00a0del\u00a0After School 2022\u00a0se realizar\u00e1 a partir del d\u00eda Jueves 03 de Marzo. Para agendar una cita deben ingresar en el siguiente link:\u00a0 https:\/\/outlook.office365.com\/owa\/calendar\/Admisin20211@cognita.com\/bookings\/ La firma del contrato debe\u00a0realizarse de forma presencial en nuestro colegio, mientras que el pago debe ser realizado por transferencia a la siguiente cuenta: SERVICIOS EDUCACIONALES S.A. [&hellip;]","next_post_link":"https:\/\/www.pumahue.cl\/curauma\/noticias\/after-school-2022-ya-hemos-iniciado-proceso-de-matriculas-%f0%9f%8f%b0%e2%9c%a8\/","next_post_class":["post-11031","post","type-post","status-publish","format-standard","has-post-thumbnail","hentry","category-vida-escolar"],"jetpack_sharing_enabled":true,"_links":{"self":[{"href":"https:\/\/www.pumahue.cl\/curauma\/wp-json\/wp\/v2\/posts\/11022","targetHints":{"allow":["GET"]}}],"collection":[{"href":"https:\/\/www.pumahue.cl\/curauma\/wp-json\/wp\/v2\/posts"}],"about":[{"href":"https:\/\/www.pumahue.cl\/curauma\/wp-json\/wp\/v2\/types\/post"}],"author":[{"embeddable":true,"href":"https:\/\/www.pumahue.cl\/curauma\/wp-json\/wp\/v2\/users\/14"}],"replies":[{"embeddable":true,"href":"https:\/\/www.pumahue.cl\/curauma\/wp-json\/wp\/v2\/comments?post=11022"}],"version-history":[{"count":0,"href":"https:\/\/www.pumahue.cl\/curauma\/wp-json\/wp\/v2\/posts\/11022\/revisions"}],"wp:featuredmedia":[{"embeddable":true,"href":"https:\/\/www.pumahue.cl\/curauma\/wp-json\/wp\/v2\/media\/11025"}],"wp:attachment":[{"href":"https:\/\/www.pumahue.cl\/curauma\/wp-json\/wp\/v2\/media?parent=11022"}],"wp:term":[{"taxonomy":"category","embeddable":true,"href":"https:\/\/www.pumahue.cl\/curauma\/wp-json\/wp\/v2\/categories?post=11022"},{"taxonomy":"post_tag","embeddable":true,"href":"https:\/\/www.pumahue.cl\/curauma\/wp-json\/wp\/v2\/tags?post=11022"}],"curies":[{"name":"wp","href":"https:\/\/api.w.org\/{rel}","templated":true}]}}