{"id":11066,"date":"2022-03-03T17:41:21","date_gmt":"2022-03-03T20:41:21","guid":{"rendered":"http:\/\/pumahue.cl\/curauma\/?p=11066"},"modified":"2022-03-03T17:41:21","modified_gmt":"2022-03-03T20:41:21","slug":"first-day-2022-jardin-infantil-%f0%9f%8e%a0%f0%9f%8c%9f","status":"publish","type":"post","link":"https:\/\/www.pumahue.cl\/curauma\/noticias\/first-day-2022-jardin-infantil-%f0%9f%8e%a0%f0%9f%8c%9f\/","title":{"rendered":"First Day 2022 \u201d Jard\u00edn Infantil \u00a0"},"content":{"rendered":"<p>Hoy disfrutaron de su primer d\u00eda de clases nuestros alumnos m\u00e1s peque\u00f1itos de Jard\u00edn Infantil, tradicional y biling\u00fce, quienes fueron recibidos por nuestro Rector, Antonio Reyes y su Directora de Ciclo, Katherine Toro. Durante el transcurso de la ma\u00f1ana realizaron distintas actividades entretenidas y compartieron con sus nuevos compa\u00f1eros y misses. Adem\u00e1s, pudieron conocer a Pumahuita, nuestra mascota.<\/p>\n<p>\u00a1Les deseamos una c\u00e1lida bienvenida a nuestros pumitas!<\/p>\n"},"excerpt":{"rendered":"<p>Hoy disfrutaron de su primer d\u00eda de clases nuestros alumnos m\u00e1s peque\u00f1itos de Jard\u00edn Infantil, tradicional y biling\u00fce, quienes fueron recibidos por nuestro Rector, Antonio Reyes y su Directora de Ciclo, Katherine Toro. Durante el transcurso de la ma\u00f1ana realizaron distintas actividades entretenidas y compartieron con sus nuevos compa\u00f1eros y misses. Adem\u00e1s, pudieron conocer a [&hellip;]<\/p>\n","protected":false},"author":14,"featured_media":11081,"comment_status":"open","ping_status":"open","sticky":false,"template":"","format":"standard","meta":{"_acf_changed":false,"content-type":"","_jetpack_memberships_contains_paid_content":false,"footnotes":""},"categories":[1],"tags":[],"class_list":["post-11066","post","type-post","status-publish","format-standard","has-post-thumbnail","hentry","category-vida-escolar"],"acf":[],"yoast_head":"<!-- This site is optimized with the Yoast SEO plugin v27.1.1 - https:\/\/yoast.com\/product\/yoast-seo-wordpress\/ -->\n<title>First Day 2022 \u201d Jard\u00edn Infantil \u00a0 - Colegio Pumahue Curauma<\/title>\n<meta name=\"robots\" content=\"index, follow, max-snippet:-1, max-image-preview:large, max-video-preview:-1\" \/>\n<link rel=\"canonical\" href=\"https:\/\/www.pumahue.cl\/curauma\/noticias\/first-day-2022-jardin-infantil-\ud83c\udfa0\ud83c\udf1f\/\" \/>\n<meta property=\"og:locale\" content=\"es_ES\" \/>\n<meta property=\"og:type\" content=\"article\" \/>\n<meta property=\"og:title\" content=\"First Day 2022 \u201d Jard\u00edn Infantil \u00a0 - Colegio Pumahue Curauma\" \/>\n<meta property=\"og:description\" content=\"Hoy disfrutaron de su primer d\u00eda de clases nuestros alumnos m\u00e1s peque\u00f1itos de Jard\u00edn Infantil, tradicional y biling\u00fce, quienes fueron recibidos por nuestro Rector, Antonio Reyes y su Directora de Ciclo, Katherine Toro. Durante el transcurso de la ma\u00f1ana realizaron distintas actividades entretenidas y compartieron con sus nuevos compa\u00f1eros y misses. Adem\u00e1s, pudieron conocer a [&hellip;]\" \/>\n<meta property=\"og:url\" content=\"https:\/\/www.pumahue.cl\/curauma\/noticias\/first-day-2022-jardin-infantil-\ud83c\udfa0\ud83c\udf1f\/\" \/>\n<meta property=\"og:site_name\" content=\"Colegio Pumahue Curauma\" \/>\n<meta property=\"article:publisher\" content=\"http:\/\/www.facebook.com\/ColegiosPumahue\" \/>\n<meta property=\"article:published_time\" content=\"2022-03-03T20:41:21+00:00\" \/>\n<meta property=\"og:image\" content=\"https:\/\/www.pumahue.cl\/curauma\/wp-content\/uploads\/sites\/48\/2025\/02\/cropped-logo_Pumahue_.png\" \/>\n\t<meta property=\"og:image:width\" content=\"512\" \/>\n\t<meta property=\"og:image:height\" content=\"512\" \/>\n\t<meta property=\"og:image:type\" content=\"image\/png\" \/>\n<meta name=\"author\" content=\"jorgedelcampo\" \/>\n<meta name=\"twitter:card\" content=\"summary_large_image\" \/>\n<meta name=\"twitter:label1\" content=\"Escrito por\" \/>\n\t<meta name=\"twitter:data1\" content=\"jorgedelcampo\" \/>\n<script type=\"application\/ld+json\" class=\"yoast-schema-graph\">{\"@context\":\"https:\/\/schema.org\",\"@graph\":[{\"@type\":\"Article\",\"@id\":\"https:\/\/www.pumahue.cl\/curauma\/noticias\/first-day-2022-jardin-infantil-%f0%9f%8e%a0%f0%9f%8c%9f\/#article\",\"isPartOf\":{\"@id\":\"https:\/\/www.pumahue.cl\/curauma\/noticias\/first-day-2022-jardin-infantil-%f0%9f%8e%a0%f0%9f%8c%9f\/\"},\"author\":{\"name\":\"jorgedelcampo\",\"@id\":\"https:\/\/www.pumahue.cl\/curauma\/#\/schema\/person\/0debeea140e397b5d490ee7e553255d8\"},\"headline\":\"First Day 2022 \u201d Jard\u00edn Infantil \u00a0\",\"datePublished\":\"2022-03-03T20:41:21+00:00\",\"mainEntityOfPage\":{\"@id\":\"https:\/\/www.pumahue.cl\/curauma\/noticias\/first-day-2022-jardin-infantil-%f0%9f%8e%a0%f0%9f%8c%9f\/\"},\"wordCount\":80,\"commentCount\":0,\"publisher\":{\"@id\":\"https:\/\/www.pumahue.cl\/curauma\/#organization\"},\"image\":{\"@id\":\"https:\/\/www.pumahue.cl\/curauma\/noticias\/first-day-2022-jardin-infantil-%f0%9f%8e%a0%f0%9f%8c%9f\/#primaryimage\"},\"thumbnailUrl\":\"\",\"articleSection\":[\"Vida escolar\"],\"inLanguage\":\"es\",\"potentialAction\":[{\"@type\":\"CommentAction\",\"name\":\"Comment\",\"target\":[\"https:\/\/www.pumahue.cl\/curauma\/noticias\/first-day-2022-jardin-infantil-%f0%9f%8e%a0%f0%9f%8c%9f\/#respond\"]}]},{\"@type\":\"WebPage\",\"@id\":\"https:\/\/www.pumahue.cl\/curauma\/noticias\/first-day-2022-jardin-infantil-%f0%9f%8e%a0%f0%9f%8c%9f\/\",\"url\":\"https:\/\/www.pumahue.cl\/curauma\/noticias\/first-day-2022-jardin-infantil-%f0%9f%8e%a0%f0%9f%8c%9f\/\",\"name\":\"First Day 2022 \u201d Jard\u00edn Infantil \u00a0 - Colegio Pumahue Curauma\",\"isPartOf\":{\"@id\":\"https:\/\/www.pumahue.cl\/curauma\/#website\"},\"primaryImageOfPage\":{\"@id\":\"https:\/\/www.pumahue.cl\/curauma\/noticias\/first-day-2022-jardin-infantil-%f0%9f%8e%a0%f0%9f%8c%9f\/#primaryimage\"},\"image\":{\"@id\":\"https:\/\/www.pumahue.cl\/curauma\/noticias\/first-day-2022-jardin-infantil-%f0%9f%8e%a0%f0%9f%8c%9f\/#primaryimage\"},\"thumbnailUrl\":\"\",\"datePublished\":\"2022-03-03T20:41:21+00:00\",\"breadcrumb\":{\"@id\":\"https:\/\/www.pumahue.cl\/curauma\/noticias\/first-day-2022-jardin-infantil-%f0%9f%8e%a0%f0%9f%8c%9f\/#breadcrumb\"},\"inLanguage\":\"es\",\"potentialAction\":[{\"@type\":\"ReadAction\",\"target\":[\"https:\/\/www.pumahue.cl\/curauma\/noticias\/first-day-2022-jardin-infantil-%f0%9f%8e%a0%f0%9f%8c%9f\/\"]}]},{\"@type\":\"ImageObject\",\"inLanguage\":\"es\",\"@id\":\"https:\/\/www.pumahue.cl\/curauma\/noticias\/first-day-2022-jardin-infantil-%f0%9f%8e%a0%f0%9f%8c%9f\/#primaryimage\",\"url\":\"\",\"contentUrl\":\"\"},{\"@type\":\"BreadcrumbList\",\"@id\":\"https:\/\/www.pumahue.cl\/curauma\/noticias\/first-day-2022-jardin-infantil-%f0%9f%8e%a0%f0%9f%8c%9f\/#breadcrumb\",\"itemListElement\":[{\"@type\":\"ListItem\",\"position\":1,\"name\":\"Home\",\"item\":\"https:\/\/www.pumahue.cl\/curauma\/\"},{\"@type\":\"ListItem\",\"position\":2,\"name\":\"First Day 2022 \u201d Jard\u00edn Infantil \u00a0\"}]},{\"@type\":\"WebSite\",\"@id\":\"https:\/\/www.pumahue.cl\/curauma\/#website\",\"url\":\"https:\/\/www.pumahue.cl\/curauma\/\",\"name\":\"Colegio Pumahue Curauma\",\"description\":\"Parte de Cognita Schools\",\"publisher\":{\"@id\":\"https:\/\/www.pumahue.cl\/curauma\/#organization\"},\"potentialAction\":[{\"@type\":\"SearchAction\",\"target\":{\"@type\":\"EntryPoint\",\"urlTemplate\":\"https:\/\/www.pumahue.cl\/curauma\/?s={search_term_string}\"},\"query-input\":{\"@type\":\"PropertyValueSpecification\",\"valueRequired\":true,\"valueName\":\"search_term_string\"}}],\"inLanguage\":\"es\"},{\"@type\":\"Organization\",\"@id\":\"https:\/\/www.pumahue.cl\/curauma\/#organization\",\"name\":\"Colegio Pumahue Curauma\",\"url\":\"https:\/\/www.pumahue.cl\/curauma\/\",\"logo\":{\"@type\":\"ImageObject\",\"inLanguage\":\"es\",\"@id\":\"https:\/\/www.pumahue.cl\/curauma\/#\/schema\/logo\/image\/\",\"url\":\"https:\/\/www.pumahue.cl\/curauma\/wp-content\/uploads\/sites\/48\/2025\/02\/cropped-logo_Pumahue_.png\",\"contentUrl\":\"https:\/\/www.pumahue.cl\/curauma\/wp-content\/uploads\/sites\/48\/2025\/02\/cropped-logo_Pumahue_.png\",\"width\":512,\"height\":512,\"caption\":\"Colegio Pumahue Curauma\"},\"image\":{\"@id\":\"https:\/\/www.pumahue.cl\/curauma\/#\/schema\/logo\/image\/\"},\"sameAs\":[\"http:\/\/www.facebook.com\/ColegiosPumahue\",\"https:\/\/www.youtube.com\/@CognitaChile\"]},{\"@type\":\"Person\",\"@id\":\"https:\/\/www.pumahue.cl\/curauma\/#\/schema\/person\/0debeea140e397b5d490ee7e553255d8\",\"name\":\"jorgedelcampo\",\"image\":{\"@type\":\"ImageObject\",\"inLanguage\":\"es\",\"@id\":\"https:\/\/www.pumahue.cl\/curauma\/#\/schema\/person\/image\/\",\"url\":\"https:\/\/secure.gravatar.com\/avatar\/4a315f521213b2dc91dbda9bf799f711c8a98ab6f5606ec42cf5b33d1e762e8a?s=96&d=mm&r=g\",\"contentUrl\":\"https:\/\/secure.gravatar.com\/avatar\/4a315f521213b2dc91dbda9bf799f711c8a98ab6f5606ec42cf5b33d1e762e8a?s=96&d=mm&r=g\",\"caption\":\"jorgedelcampo\"}}]}<\/script>\n<!-- \/ Yoast SEO plugin. -->","yoast_head_json":{"title":"First Day 2022 \u201d Jard\u00edn Infantil \u00a0 - Colegio Pumahue Curauma","robots":{"index":"index","follow":"follow","max-snippet":"max-snippet:-1","max-image-preview":"max-image-preview:large","max-video-preview":"max-video-preview:-1"},"canonical":"https:\/\/www.pumahue.cl\/curauma\/noticias\/first-day-2022-jardin-infantil-\ud83c\udfa0\ud83c\udf1f\/","og_locale":"es_ES","og_type":"article","og_title":"First Day 2022 \u201d Jard\u00edn Infantil \u00a0 - Colegio Pumahue Curauma","og_description":"Hoy disfrutaron de su primer d\u00eda de clases nuestros alumnos m\u00e1s peque\u00f1itos de Jard\u00edn Infantil, tradicional y biling\u00fce, quienes fueron recibidos por nuestro Rector, Antonio Reyes y su Directora de Ciclo, Katherine Toro. Durante el transcurso de la ma\u00f1ana realizaron distintas actividades entretenidas y compartieron con sus nuevos compa\u00f1eros y misses. Adem\u00e1s, pudieron conocer a [&hellip;]","og_url":"https:\/\/www.pumahue.cl\/curauma\/noticias\/first-day-2022-jardin-infantil-\ud83c\udfa0\ud83c\udf1f\/","og_site_name":"Colegio Pumahue Curauma","article_publisher":"http:\/\/www.facebook.com\/ColegiosPumahue","article_published_time":"2022-03-03T20:41:21+00:00","og_image":[{"width":512,"height":512,"url":"https:\/\/www.pumahue.cl\/curauma\/wp-content\/uploads\/sites\/48\/2025\/02\/cropped-logo_Pumahue_.png","type":"image\/png"}],"author":"jorgedelcampo","twitter_card":"summary_large_image","twitter_misc":{"Escrito por":"jorgedelcampo"},"schema":{"@context":"https:\/\/schema.org","@graph":[{"@type":"Article","@id":"https:\/\/www.pumahue.cl\/curauma\/noticias\/first-day-2022-jardin-infantil-%f0%9f%8e%a0%f0%9f%8c%9f\/#article","isPartOf":{"@id":"https:\/\/www.pumahue.cl\/curauma\/noticias\/first-day-2022-jardin-infantil-%f0%9f%8e%a0%f0%9f%8c%9f\/"},"author":{"name":"jorgedelcampo","@id":"https:\/\/www.pumahue.cl\/curauma\/#\/schema\/person\/0debeea140e397b5d490ee7e553255d8"},"headline":"First Day 2022 \u201d Jard\u00edn Infantil \u00a0","datePublished":"2022-03-03T20:41:21+00:00","mainEntityOfPage":{"@id":"https:\/\/www.pumahue.cl\/curauma\/noticias\/first-day-2022-jardin-infantil-%f0%9f%8e%a0%f0%9f%8c%9f\/"},"wordCount":80,"commentCount":0,"publisher":{"@id":"https:\/\/www.pumahue.cl\/curauma\/#organization"},"image":{"@id":"https:\/\/www.pumahue.cl\/curauma\/noticias\/first-day-2022-jardin-infantil-%f0%9f%8e%a0%f0%9f%8c%9f\/#primaryimage"},"thumbnailUrl":"","articleSection":["Vida escolar"],"inLanguage":"es","potentialAction":[{"@type":"CommentAction","name":"Comment","target":["https:\/\/www.pumahue.cl\/curauma\/noticias\/first-day-2022-jardin-infantil-%f0%9f%8e%a0%f0%9f%8c%9f\/#respond"]}]},{"@type":"WebPage","@id":"https:\/\/www.pumahue.cl\/curauma\/noticias\/first-day-2022-jardin-infantil-%f0%9f%8e%a0%f0%9f%8c%9f\/","url":"https:\/\/www.pumahue.cl\/curauma\/noticias\/first-day-2022-jardin-infantil-%f0%9f%8e%a0%f0%9f%8c%9f\/","name":"First Day 2022 \u201d Jard\u00edn Infantil \u00a0 - Colegio Pumahue Curauma","isPartOf":{"@id":"https:\/\/www.pumahue.cl\/curauma\/#website"},"primaryImageOfPage":{"@id":"https:\/\/www.pumahue.cl\/curauma\/noticias\/first-day-2022-jardin-infantil-%f0%9f%8e%a0%f0%9f%8c%9f\/#primaryimage"},"image":{"@id":"https:\/\/www.pumahue.cl\/curauma\/noticias\/first-day-2022-jardin-infantil-%f0%9f%8e%a0%f0%9f%8c%9f\/#primaryimage"},"thumbnailUrl":"","datePublished":"2022-03-03T20:41:21+00:00","breadcrumb":{"@id":"https:\/\/www.pumahue.cl\/curauma\/noticias\/first-day-2022-jardin-infantil-%f0%9f%8e%a0%f0%9f%8c%9f\/#breadcrumb"},"inLanguage":"es","potentialAction":[{"@type":"ReadAction","target":["https:\/\/www.pumahue.cl\/curauma\/noticias\/first-day-2022-jardin-infantil-%f0%9f%8e%a0%f0%9f%8c%9f\/"]}]},{"@type":"ImageObject","inLanguage":"es","@id":"https:\/\/www.pumahue.cl\/curauma\/noticias\/first-day-2022-jardin-infantil-%f0%9f%8e%a0%f0%9f%8c%9f\/#primaryimage","url":"","contentUrl":""},{"@type":"BreadcrumbList","@id":"https:\/\/www.pumahue.cl\/curauma\/noticias\/first-day-2022-jardin-infantil-%f0%9f%8e%a0%f0%9f%8c%9f\/#breadcrumb","itemListElement":[{"@type":"ListItem","position":1,"name":"Home","item":"https:\/\/www.pumahue.cl\/curauma\/"},{"@type":"ListItem","position":2,"name":"First Day 2022 \u201d Jard\u00edn Infantil \u00a0"}]},{"@type":"WebSite","@id":"https:\/\/www.pumahue.cl\/curauma\/#website","url":"https:\/\/www.pumahue.cl\/curauma\/","name":"Colegio Pumahue Curauma","description":"Parte de Cognita Schools","publisher":{"@id":"https:\/\/www.pumahue.cl\/curauma\/#organization"},"potentialAction":[{"@type":"SearchAction","target":{"@type":"EntryPoint","urlTemplate":"https:\/\/www.pumahue.cl\/curauma\/?s={search_term_string}"},"query-input":{"@type":"PropertyValueSpecification","valueRequired":true,"valueName":"search_term_string"}}],"inLanguage":"es"},{"@type":"Organization","@id":"https:\/\/www.pumahue.cl\/curauma\/#organization","name":"Colegio Pumahue Curauma","url":"https:\/\/www.pumahue.cl\/curauma\/","logo":{"@type":"ImageObject","inLanguage":"es","@id":"https:\/\/www.pumahue.cl\/curauma\/#\/schema\/logo\/image\/","url":"https:\/\/www.pumahue.cl\/curauma\/wp-content\/uploads\/sites\/48\/2025\/02\/cropped-logo_Pumahue_.png","contentUrl":"https:\/\/www.pumahue.cl\/curauma\/wp-content\/uploads\/sites\/48\/2025\/02\/cropped-logo_Pumahue_.png","width":512,"height":512,"caption":"Colegio Pumahue Curauma"},"image":{"@id":"https:\/\/www.pumahue.cl\/curauma\/#\/schema\/logo\/image\/"},"sameAs":["http:\/\/www.facebook.com\/ColegiosPumahue","https:\/\/www.youtube.com\/@CognitaChile"]},{"@type":"Person","@id":"https:\/\/www.pumahue.cl\/curauma\/#\/schema\/person\/0debeea140e397b5d490ee7e553255d8","name":"jorgedelcampo","image":{"@type":"ImageObject","inLanguage":"es","@id":"https:\/\/www.pumahue.cl\/curauma\/#\/schema\/person\/image\/","url":"https:\/\/secure.gravatar.com\/avatar\/4a315f521213b2dc91dbda9bf799f711c8a98ab6f5606ec42cf5b33d1e762e8a?s=96&d=mm&r=g","contentUrl":"https:\/\/secure.gravatar.com\/avatar\/4a315f521213b2dc91dbda9bf799f711c8a98ab6f5606ec42cf5b33d1e762e8a?s=96&d=mm&r=g","caption":"jorgedelcampo"}}]}},"jetpack_featured_media_url":"","previous_post_ID":11045,"previous_post_title":"Informaci\u00f3n Casino 2022","previous_post_excerpt":"Informamos que este a\u00f1o nuestro Colegio Pumahue Curauma, contar\u00e1 con el proveedor Coan Chile para la prestaci\u00f3n del servicio de almuerzo. Este ya se encuentra operativo para que nuestros estudiantes puedan utilizarlo si as\u00ed lo requieren. La informaci\u00f3n va detallada en la imagen: Para mayores informaciones, contactar al encargado Pablo S\u00e1nchez Trincado &#8211;\u00a0pablo.sanchez@coanchile.cl Tel\u00e9fonos:\u00a0 +56 [&hellip;]","previous_post_link":"https:\/\/www.pumahue.cl\/curauma\/noticias\/informacion-casino-2022-%f0%9f%8d%8e\/","previous_post_class":["post-11045","post","type-post","status-publish","format-standard","has-post-thumbnail","hentry","category-vida-escolar"],"next_post_ID":11092,"next_post_title":"\u00a1Ciberseguridad para todos !","next_post_excerpt":"El colegio se ha sumado a una campa\u00f1a de ciberseguridad creada por el departamento de tecnolog\u00eda de Cognita Chile. En los \u00faltimos d\u00edas, los centros nacionales de seguridad cibern\u00e9tica de todo el mundo han emitido alertas por el aumento de amenazas cibern\u00e9ticas, y como resultado de esto se ha definido compartir algunas recomendaciones de ciberseguridad [&hellip;]","next_post_link":"https:\/\/www.pumahue.cl\/curauma\/noticias\/ciberseguridad-para-todos-%f0%9f%91%be\/","next_post_class":["post-11092","post","type-post","status-publish","format-standard","has-post-thumbnail","hentry","category-vida-escolar"],"jetpack_sharing_enabled":true,"_links":{"self":[{"href":"https:\/\/www.pumahue.cl\/curauma\/wp-json\/wp\/v2\/posts\/11066","targetHints":{"allow":["GET"]}}],"collection":[{"href":"https:\/\/www.pumahue.cl\/curauma\/wp-json\/wp\/v2\/posts"}],"about":[{"href":"https:\/\/www.pumahue.cl\/curauma\/wp-json\/wp\/v2\/types\/post"}],"author":[{"embeddable":true,"href":"https:\/\/www.pumahue.cl\/curauma\/wp-json\/wp\/v2\/users\/14"}],"replies":[{"embeddable":true,"href":"https:\/\/www.pumahue.cl\/curauma\/wp-json\/wp\/v2\/comments?post=11066"}],"version-history":[{"count":0,"href":"https:\/\/www.pumahue.cl\/curauma\/wp-json\/wp\/v2\/posts\/11066\/revisions"}],"wp:featuredmedia":[{"embeddable":true,"href":"https:\/\/www.pumahue.cl\/curauma\/wp-json\/"}],"wp:attachment":[{"href":"https:\/\/www.pumahue.cl\/curauma\/wp-json\/wp\/v2\/media?parent=11066"}],"wp:term":[{"taxonomy":"category","embeddable":true,"href":"https:\/\/www.pumahue.cl\/curauma\/wp-json\/wp\/v2\/categories?post=11066"},{"taxonomy":"post_tag","embeddable":true,"href":"https:\/\/www.pumahue.cl\/curauma\/wp-json\/wp\/v2\/tags?post=11066"}],"curies":[{"name":"wp","href":"https:\/\/api.w.org\/{rel}","templated":true}]}}