{"id":11169,"date":"2022-03-09T17:04:27","date_gmt":"2022-03-09T20:04:27","guid":{"rendered":"http:\/\/pumahue.cl\/curauma\/?p=11169"},"modified":"2022-03-09T17:04:27","modified_gmt":"2022-03-09T20:04:27","slug":"revisa-nuestros-cambios-en-infraestructura-para-este-nuevo-ano-escolar-%f0%9f%8f%97%ef%b8%8f%f0%9f%8f%9a%ef%b8%8f%f0%9f%a4%a9","status":"publish","type":"post","link":"https:\/\/www.pumahue.cl\/curauma\/noticias\/revisa-nuestros-cambios-en-infraestructura-para-este-nuevo-ano-escolar-%f0%9f%8f%97%ef%b8%8f%f0%9f%8f%9a%ef%b8%8f%f0%9f%a4%a9\/","title":{"rendered":"\u00a1Revisa nuestros cambios en infraestructura para este nuevo a\u00f1o escolar! \u2014\u00a4"},"content":{"rendered":"<p>Con el objetivo de seguir mejorando los espacios de nuestro colegio para que nuestros alumnos puedan disfrutar mejor, este a\u00f1o durante vacaciones de verano implementamos diversos cambios en nuestra infraestructura. Algunos de ellos fueron:<\/p>\n<ul>\n<li>Nuevos juegos para Educaci\u00f3n Parvularia<\/li>\n<li>Pintura exterior de los edificios de clases<\/li>\n<li>Pintura interior de salas de clases<\/li>\n<li>Instalaci\u00f3n de toldos para alumnos de b\u00e1sica y media (patio continuo gimnasio)<\/li>\n<li>Pasto sint\u00e9tico patios de p\u00e1rvulo<\/li>\n<li>Instalaci\u00f3n de piso seguro multicancha deportiva<\/li>\n<li>Instalaci\u00f3n letras entrada p\u00e1rvulo<\/li>\n<\/ul>\n<p>Estamos muy felices de estos avances, los cuales motivan el desarrollo de nuestros ni\u00f1os y ni\u00f1as, entreg\u00e1ndoles adem\u00e1s mayor seguridad.<\/p>\n<p>&nbsp;<\/p>\n"},"excerpt":{"rendered":"<p>Con el objetivo de seguir mejorando los espacios de nuestro colegio para que nuestros alumnos puedan disfrutar mejor, este a\u00f1o durante vacaciones de verano implementamos diversos cambios en nuestra infraestructura. Algunos de ellos fueron: Nuevos juegos para Educaci\u00f3n Parvularia Pintura exterior de los edificios de clases Pintura interior de salas de clases Instalaci\u00f3n de toldos [&hellip;]<\/p>\n","protected":false},"author":14,"featured_media":11176,"comment_status":"open","ping_status":"open","sticky":false,"template":"","format":"standard","meta":{"_acf_changed":false,"content-type":"","_jetpack_memberships_contains_paid_content":false,"footnotes":""},"categories":[1],"tags":[],"class_list":["post-11169","post","type-post","status-publish","format-standard","has-post-thumbnail","hentry","category-vida-escolar"],"acf":[],"yoast_head":"<!-- This site is optimized with the Yoast SEO plugin v27.1.1 - https:\/\/yoast.com\/product\/yoast-seo-wordpress\/ -->\n<title>\u00a1Revisa nuestros cambios en infraestructura para este nuevo a\u00f1o escolar! \u2014\u00a4 - Colegio Pumahue Curauma<\/title>\n<meta name=\"robots\" content=\"index, follow, max-snippet:-1, max-image-preview:large, max-video-preview:-1\" \/>\n<link rel=\"canonical\" href=\"https:\/\/www.pumahue.cl\/curauma\/noticias\/revisa-nuestros-cambios-en-infraestructura-para-este-nuevo-ano-escolar-\ud83c\udfd7\ufe0f\ud83c\udfda\ufe0f\ud83e\udd29\/\" \/>\n<meta property=\"og:locale\" content=\"es_ES\" \/>\n<meta property=\"og:type\" content=\"article\" \/>\n<meta property=\"og:title\" content=\"\u00a1Revisa nuestros cambios en infraestructura para este nuevo a\u00f1o escolar! \u2014\u00a4 - Colegio Pumahue Curauma\" \/>\n<meta property=\"og:description\" content=\"Con el objetivo de seguir mejorando los espacios de nuestro colegio para que nuestros alumnos puedan disfrutar mejor, este a\u00f1o durante vacaciones de verano implementamos diversos cambios en nuestra infraestructura. Algunos de ellos fueron: Nuevos juegos para Educaci\u00f3n Parvularia Pintura exterior de los edificios de clases Pintura interior de salas de clases Instalaci\u00f3n de toldos [&hellip;]\" \/>\n<meta property=\"og:url\" content=\"https:\/\/www.pumahue.cl\/curauma\/noticias\/revisa-nuestros-cambios-en-infraestructura-para-este-nuevo-ano-escolar-\ud83c\udfd7\ufe0f\ud83c\udfda\ufe0f\ud83e\udd29\/\" \/>\n<meta property=\"og:site_name\" content=\"Colegio Pumahue Curauma\" \/>\n<meta property=\"article:publisher\" content=\"http:\/\/www.facebook.com\/ColegiosPumahue\" \/>\n<meta property=\"article:published_time\" content=\"2022-03-09T20:04:27+00:00\" \/>\n<meta property=\"og:image\" content=\"https:\/\/www.pumahue.cl\/curauma\/wp-content\/uploads\/sites\/48\/2025\/02\/cropped-logo_Pumahue_.png\" \/>\n\t<meta property=\"og:image:width\" content=\"512\" \/>\n\t<meta property=\"og:image:height\" content=\"512\" \/>\n\t<meta property=\"og:image:type\" content=\"image\/png\" \/>\n<meta name=\"author\" content=\"jorgedelcampo\" \/>\n<meta name=\"twitter:card\" content=\"summary_large_image\" \/>\n<meta name=\"twitter:label1\" content=\"Escrito por\" \/>\n\t<meta name=\"twitter:data1\" content=\"jorgedelcampo\" \/>\n\t<meta name=\"twitter:label2\" content=\"Tiempo de lectura\" \/>\n\t<meta name=\"twitter:data2\" content=\"1 minuto\" \/>\n<script type=\"application\/ld+json\" class=\"yoast-schema-graph\">{\"@context\":\"https:\/\/schema.org\",\"@graph\":[{\"@type\":\"Article\",\"@id\":\"https:\/\/www.pumahue.cl\/curauma\/noticias\/revisa-nuestros-cambios-en-infraestructura-para-este-nuevo-ano-escolar-%f0%9f%8f%97%ef%b8%8f%f0%9f%8f%9a%ef%b8%8f%f0%9f%a4%a9\/#article\",\"isPartOf\":{\"@id\":\"https:\/\/www.pumahue.cl\/curauma\/noticias\/revisa-nuestros-cambios-en-infraestructura-para-este-nuevo-ano-escolar-%f0%9f%8f%97%ef%b8%8f%f0%9f%8f%9a%ef%b8%8f%f0%9f%a4%a9\/\"},\"author\":{\"name\":\"jorgedelcampo\",\"@id\":\"https:\/\/www.pumahue.cl\/curauma\/#\/schema\/person\/0debeea140e397b5d490ee7e553255d8\"},\"headline\":\"\u00a1Revisa nuestros cambios en infraestructura para este nuevo a\u00f1o escolar! \u2014\u00a4\",\"datePublished\":\"2022-03-09T20:04:27+00:00\",\"mainEntityOfPage\":{\"@id\":\"https:\/\/www.pumahue.cl\/curauma\/noticias\/revisa-nuestros-cambios-en-infraestructura-para-este-nuevo-ano-escolar-%f0%9f%8f%97%ef%b8%8f%f0%9f%8f%9a%ef%b8%8f%f0%9f%a4%a9\/\"},\"wordCount\":124,\"commentCount\":0,\"publisher\":{\"@id\":\"https:\/\/www.pumahue.cl\/curauma\/#organization\"},\"image\":{\"@id\":\"https:\/\/www.pumahue.cl\/curauma\/noticias\/revisa-nuestros-cambios-en-infraestructura-para-este-nuevo-ano-escolar-%f0%9f%8f%97%ef%b8%8f%f0%9f%8f%9a%ef%b8%8f%f0%9f%a4%a9\/#primaryimage\"},\"thumbnailUrl\":\"https:\/\/www.pumahue.cl\/curauma\/wp-content\/uploads\/sites\/48\/2022\/03\/Cambios_PumahueCurauma7.jpg\",\"articleSection\":[\"Vida escolar\"],\"inLanguage\":\"es\",\"potentialAction\":[{\"@type\":\"CommentAction\",\"name\":\"Comment\",\"target\":[\"https:\/\/www.pumahue.cl\/curauma\/noticias\/revisa-nuestros-cambios-en-infraestructura-para-este-nuevo-ano-escolar-%f0%9f%8f%97%ef%b8%8f%f0%9f%8f%9a%ef%b8%8f%f0%9f%a4%a9\/#respond\"]}]},{\"@type\":\"WebPage\",\"@id\":\"https:\/\/www.pumahue.cl\/curauma\/noticias\/revisa-nuestros-cambios-en-infraestructura-para-este-nuevo-ano-escolar-%f0%9f%8f%97%ef%b8%8f%f0%9f%8f%9a%ef%b8%8f%f0%9f%a4%a9\/\",\"url\":\"https:\/\/www.pumahue.cl\/curauma\/noticias\/revisa-nuestros-cambios-en-infraestructura-para-este-nuevo-ano-escolar-%f0%9f%8f%97%ef%b8%8f%f0%9f%8f%9a%ef%b8%8f%f0%9f%a4%a9\/\",\"name\":\"\u00a1Revisa nuestros cambios en infraestructura para este nuevo a\u00f1o escolar! \u2014\u00a4 - Colegio Pumahue Curauma\",\"isPartOf\":{\"@id\":\"https:\/\/www.pumahue.cl\/curauma\/#website\"},\"primaryImageOfPage\":{\"@id\":\"https:\/\/www.pumahue.cl\/curauma\/noticias\/revisa-nuestros-cambios-en-infraestructura-para-este-nuevo-ano-escolar-%f0%9f%8f%97%ef%b8%8f%f0%9f%8f%9a%ef%b8%8f%f0%9f%a4%a9\/#primaryimage\"},\"image\":{\"@id\":\"https:\/\/www.pumahue.cl\/curauma\/noticias\/revisa-nuestros-cambios-en-infraestructura-para-este-nuevo-ano-escolar-%f0%9f%8f%97%ef%b8%8f%f0%9f%8f%9a%ef%b8%8f%f0%9f%a4%a9\/#primaryimage\"},\"thumbnailUrl\":\"https:\/\/www.pumahue.cl\/curauma\/wp-content\/uploads\/sites\/48\/2022\/03\/Cambios_PumahueCurauma7.jpg\",\"datePublished\":\"2022-03-09T20:04:27+00:00\",\"breadcrumb\":{\"@id\":\"https:\/\/www.pumahue.cl\/curauma\/noticias\/revisa-nuestros-cambios-en-infraestructura-para-este-nuevo-ano-escolar-%f0%9f%8f%97%ef%b8%8f%f0%9f%8f%9a%ef%b8%8f%f0%9f%a4%a9\/#breadcrumb\"},\"inLanguage\":\"es\",\"potentialAction\":[{\"@type\":\"ReadAction\",\"target\":[\"https:\/\/www.pumahue.cl\/curauma\/noticias\/revisa-nuestros-cambios-en-infraestructura-para-este-nuevo-ano-escolar-%f0%9f%8f%97%ef%b8%8f%f0%9f%8f%9a%ef%b8%8f%f0%9f%a4%a9\/\"]}]},{\"@type\":\"ImageObject\",\"inLanguage\":\"es\",\"@id\":\"https:\/\/www.pumahue.cl\/curauma\/noticias\/revisa-nuestros-cambios-en-infraestructura-para-este-nuevo-ano-escolar-%f0%9f%8f%97%ef%b8%8f%f0%9f%8f%9a%ef%b8%8f%f0%9f%a4%a9\/#primaryimage\",\"url\":\"https:\/\/www.pumahue.cl\/curauma\/wp-content\/uploads\/sites\/48\/2022\/03\/Cambios_PumahueCurauma7.jpg\",\"contentUrl\":\"https:\/\/www.pumahue.cl\/curauma\/wp-content\/uploads\/sites\/48\/2022\/03\/Cambios_PumahueCurauma7.jpg\",\"width\":836,\"height\":523},{\"@type\":\"BreadcrumbList\",\"@id\":\"https:\/\/www.pumahue.cl\/curauma\/noticias\/revisa-nuestros-cambios-en-infraestructura-para-este-nuevo-ano-escolar-%f0%9f%8f%97%ef%b8%8f%f0%9f%8f%9a%ef%b8%8f%f0%9f%a4%a9\/#breadcrumb\",\"itemListElement\":[{\"@type\":\"ListItem\",\"position\":1,\"name\":\"Home\",\"item\":\"https:\/\/www.pumahue.cl\/curauma\/\"},{\"@type\":\"ListItem\",\"position\":2,\"name\":\"\u00a1Revisa nuestros cambios en infraestructura para este nuevo a\u00f1o escolar! \u2014\u00a4\"}]},{\"@type\":\"WebSite\",\"@id\":\"https:\/\/www.pumahue.cl\/curauma\/#website\",\"url\":\"https:\/\/www.pumahue.cl\/curauma\/\",\"name\":\"Colegio Pumahue Curauma\",\"description\":\"Parte de Cognita Schools\",\"publisher\":{\"@id\":\"https:\/\/www.pumahue.cl\/curauma\/#organization\"},\"potentialAction\":[{\"@type\":\"SearchAction\",\"target\":{\"@type\":\"EntryPoint\",\"urlTemplate\":\"https:\/\/www.pumahue.cl\/curauma\/?s={search_term_string}\"},\"query-input\":{\"@type\":\"PropertyValueSpecification\",\"valueRequired\":true,\"valueName\":\"search_term_string\"}}],\"inLanguage\":\"es\"},{\"@type\":\"Organization\",\"@id\":\"https:\/\/www.pumahue.cl\/curauma\/#organization\",\"name\":\"Colegio Pumahue Curauma\",\"url\":\"https:\/\/www.pumahue.cl\/curauma\/\",\"logo\":{\"@type\":\"ImageObject\",\"inLanguage\":\"es\",\"@id\":\"https:\/\/www.pumahue.cl\/curauma\/#\/schema\/logo\/image\/\",\"url\":\"https:\/\/www.pumahue.cl\/curauma\/wp-content\/uploads\/sites\/48\/2025\/02\/cropped-logo_Pumahue_.png\",\"contentUrl\":\"https:\/\/www.pumahue.cl\/curauma\/wp-content\/uploads\/sites\/48\/2025\/02\/cropped-logo_Pumahue_.png\",\"width\":512,\"height\":512,\"caption\":\"Colegio Pumahue Curauma\"},\"image\":{\"@id\":\"https:\/\/www.pumahue.cl\/curauma\/#\/schema\/logo\/image\/\"},\"sameAs\":[\"http:\/\/www.facebook.com\/ColegiosPumahue\",\"https:\/\/www.youtube.com\/@CognitaChile\"]},{\"@type\":\"Person\",\"@id\":\"https:\/\/www.pumahue.cl\/curauma\/#\/schema\/person\/0debeea140e397b5d490ee7e553255d8\",\"name\":\"jorgedelcampo\",\"image\":{\"@type\":\"ImageObject\",\"inLanguage\":\"es\",\"@id\":\"https:\/\/www.pumahue.cl\/curauma\/#\/schema\/person\/image\/\",\"url\":\"https:\/\/secure.gravatar.com\/avatar\/4a315f521213b2dc91dbda9bf799f711c8a98ab6f5606ec42cf5b33d1e762e8a?s=96&d=mm&r=g\",\"contentUrl\":\"https:\/\/secure.gravatar.com\/avatar\/4a315f521213b2dc91dbda9bf799f711c8a98ab6f5606ec42cf5b33d1e762e8a?s=96&d=mm&r=g\",\"caption\":\"jorgedelcampo\"}}]}<\/script>\n<!-- \/ Yoast SEO plugin. -->","yoast_head_json":{"title":"\u00a1Revisa nuestros cambios en infraestructura para este nuevo a\u00f1o escolar! \u2014\u00a4 - Colegio Pumahue Curauma","robots":{"index":"index","follow":"follow","max-snippet":"max-snippet:-1","max-image-preview":"max-image-preview:large","max-video-preview":"max-video-preview:-1"},"canonical":"https:\/\/www.pumahue.cl\/curauma\/noticias\/revisa-nuestros-cambios-en-infraestructura-para-este-nuevo-ano-escolar-\ud83c\udfd7\ufe0f\ud83c\udfda\ufe0f\ud83e\udd29\/","og_locale":"es_ES","og_type":"article","og_title":"\u00a1Revisa nuestros cambios en infraestructura para este nuevo a\u00f1o escolar! \u2014\u00a4 - Colegio Pumahue Curauma","og_description":"Con el objetivo de seguir mejorando los espacios de nuestro colegio para que nuestros alumnos puedan disfrutar mejor, este a\u00f1o durante vacaciones de verano implementamos diversos cambios en nuestra infraestructura. Algunos de ellos fueron: Nuevos juegos para Educaci\u00f3n Parvularia Pintura exterior de los edificios de clases Pintura interior de salas de clases Instalaci\u00f3n de toldos [&hellip;]","og_url":"https:\/\/www.pumahue.cl\/curauma\/noticias\/revisa-nuestros-cambios-en-infraestructura-para-este-nuevo-ano-escolar-\ud83c\udfd7\ufe0f\ud83c\udfda\ufe0f\ud83e\udd29\/","og_site_name":"Colegio Pumahue Curauma","article_publisher":"http:\/\/www.facebook.com\/ColegiosPumahue","article_published_time":"2022-03-09T20:04:27+00:00","og_image":[{"width":512,"height":512,"url":"https:\/\/www.pumahue.cl\/curauma\/wp-content\/uploads\/sites\/48\/2025\/02\/cropped-logo_Pumahue_.png","type":"image\/png"}],"author":"jorgedelcampo","twitter_card":"summary_large_image","twitter_misc":{"Escrito por":"jorgedelcampo","Tiempo de lectura":"1 minuto"},"schema":{"@context":"https:\/\/schema.org","@graph":[{"@type":"Article","@id":"https:\/\/www.pumahue.cl\/curauma\/noticias\/revisa-nuestros-cambios-en-infraestructura-para-este-nuevo-ano-escolar-%f0%9f%8f%97%ef%b8%8f%f0%9f%8f%9a%ef%b8%8f%f0%9f%a4%a9\/#article","isPartOf":{"@id":"https:\/\/www.pumahue.cl\/curauma\/noticias\/revisa-nuestros-cambios-en-infraestructura-para-este-nuevo-ano-escolar-%f0%9f%8f%97%ef%b8%8f%f0%9f%8f%9a%ef%b8%8f%f0%9f%a4%a9\/"},"author":{"name":"jorgedelcampo","@id":"https:\/\/www.pumahue.cl\/curauma\/#\/schema\/person\/0debeea140e397b5d490ee7e553255d8"},"headline":"\u00a1Revisa nuestros cambios en infraestructura para este nuevo a\u00f1o escolar! \u2014\u00a4","datePublished":"2022-03-09T20:04:27+00:00","mainEntityOfPage":{"@id":"https:\/\/www.pumahue.cl\/curauma\/noticias\/revisa-nuestros-cambios-en-infraestructura-para-este-nuevo-ano-escolar-%f0%9f%8f%97%ef%b8%8f%f0%9f%8f%9a%ef%b8%8f%f0%9f%a4%a9\/"},"wordCount":124,"commentCount":0,"publisher":{"@id":"https:\/\/www.pumahue.cl\/curauma\/#organization"},"image":{"@id":"https:\/\/www.pumahue.cl\/curauma\/noticias\/revisa-nuestros-cambios-en-infraestructura-para-este-nuevo-ano-escolar-%f0%9f%8f%97%ef%b8%8f%f0%9f%8f%9a%ef%b8%8f%f0%9f%a4%a9\/#primaryimage"},"thumbnailUrl":"https:\/\/www.pumahue.cl\/curauma\/wp-content\/uploads\/sites\/48\/2022\/03\/Cambios_PumahueCurauma7.jpg","articleSection":["Vida escolar"],"inLanguage":"es","potentialAction":[{"@type":"CommentAction","name":"Comment","target":["https:\/\/www.pumahue.cl\/curauma\/noticias\/revisa-nuestros-cambios-en-infraestructura-para-este-nuevo-ano-escolar-%f0%9f%8f%97%ef%b8%8f%f0%9f%8f%9a%ef%b8%8f%f0%9f%a4%a9\/#respond"]}]},{"@type":"WebPage","@id":"https:\/\/www.pumahue.cl\/curauma\/noticias\/revisa-nuestros-cambios-en-infraestructura-para-este-nuevo-ano-escolar-%f0%9f%8f%97%ef%b8%8f%f0%9f%8f%9a%ef%b8%8f%f0%9f%a4%a9\/","url":"https:\/\/www.pumahue.cl\/curauma\/noticias\/revisa-nuestros-cambios-en-infraestructura-para-este-nuevo-ano-escolar-%f0%9f%8f%97%ef%b8%8f%f0%9f%8f%9a%ef%b8%8f%f0%9f%a4%a9\/","name":"\u00a1Revisa nuestros cambios en infraestructura para este nuevo a\u00f1o escolar! \u2014\u00a4 - Colegio Pumahue Curauma","isPartOf":{"@id":"https:\/\/www.pumahue.cl\/curauma\/#website"},"primaryImageOfPage":{"@id":"https:\/\/www.pumahue.cl\/curauma\/noticias\/revisa-nuestros-cambios-en-infraestructura-para-este-nuevo-ano-escolar-%f0%9f%8f%97%ef%b8%8f%f0%9f%8f%9a%ef%b8%8f%f0%9f%a4%a9\/#primaryimage"},"image":{"@id":"https:\/\/www.pumahue.cl\/curauma\/noticias\/revisa-nuestros-cambios-en-infraestructura-para-este-nuevo-ano-escolar-%f0%9f%8f%97%ef%b8%8f%f0%9f%8f%9a%ef%b8%8f%f0%9f%a4%a9\/#primaryimage"},"thumbnailUrl":"https:\/\/www.pumahue.cl\/curauma\/wp-content\/uploads\/sites\/48\/2022\/03\/Cambios_PumahueCurauma7.jpg","datePublished":"2022-03-09T20:04:27+00:00","breadcrumb":{"@id":"https:\/\/www.pumahue.cl\/curauma\/noticias\/revisa-nuestros-cambios-en-infraestructura-para-este-nuevo-ano-escolar-%f0%9f%8f%97%ef%b8%8f%f0%9f%8f%9a%ef%b8%8f%f0%9f%a4%a9\/#breadcrumb"},"inLanguage":"es","potentialAction":[{"@type":"ReadAction","target":["https:\/\/www.pumahue.cl\/curauma\/noticias\/revisa-nuestros-cambios-en-infraestructura-para-este-nuevo-ano-escolar-%f0%9f%8f%97%ef%b8%8f%f0%9f%8f%9a%ef%b8%8f%f0%9f%a4%a9\/"]}]},{"@type":"ImageObject","inLanguage":"es","@id":"https:\/\/www.pumahue.cl\/curauma\/noticias\/revisa-nuestros-cambios-en-infraestructura-para-este-nuevo-ano-escolar-%f0%9f%8f%97%ef%b8%8f%f0%9f%8f%9a%ef%b8%8f%f0%9f%a4%a9\/#primaryimage","url":"https:\/\/www.pumahue.cl\/curauma\/wp-content\/uploads\/sites\/48\/2022\/03\/Cambios_PumahueCurauma7.jpg","contentUrl":"https:\/\/www.pumahue.cl\/curauma\/wp-content\/uploads\/sites\/48\/2022\/03\/Cambios_PumahueCurauma7.jpg","width":836,"height":523},{"@type":"BreadcrumbList","@id":"https:\/\/www.pumahue.cl\/curauma\/noticias\/revisa-nuestros-cambios-en-infraestructura-para-este-nuevo-ano-escolar-%f0%9f%8f%97%ef%b8%8f%f0%9f%8f%9a%ef%b8%8f%f0%9f%a4%a9\/#breadcrumb","itemListElement":[{"@type":"ListItem","position":1,"name":"Home","item":"https:\/\/www.pumahue.cl\/curauma\/"},{"@type":"ListItem","position":2,"name":"\u00a1Revisa nuestros cambios en infraestructura para este nuevo a\u00f1o escolar! \u2014\u00a4"}]},{"@type":"WebSite","@id":"https:\/\/www.pumahue.cl\/curauma\/#website","url":"https:\/\/www.pumahue.cl\/curauma\/","name":"Colegio Pumahue Curauma","description":"Parte de Cognita Schools","publisher":{"@id":"https:\/\/www.pumahue.cl\/curauma\/#organization"},"potentialAction":[{"@type":"SearchAction","target":{"@type":"EntryPoint","urlTemplate":"https:\/\/www.pumahue.cl\/curauma\/?s={search_term_string}"},"query-input":{"@type":"PropertyValueSpecification","valueRequired":true,"valueName":"search_term_string"}}],"inLanguage":"es"},{"@type":"Organization","@id":"https:\/\/www.pumahue.cl\/curauma\/#organization","name":"Colegio Pumahue Curauma","url":"https:\/\/www.pumahue.cl\/curauma\/","logo":{"@type":"ImageObject","inLanguage":"es","@id":"https:\/\/www.pumahue.cl\/curauma\/#\/schema\/logo\/image\/","url":"https:\/\/www.pumahue.cl\/curauma\/wp-content\/uploads\/sites\/48\/2025\/02\/cropped-logo_Pumahue_.png","contentUrl":"https:\/\/www.pumahue.cl\/curauma\/wp-content\/uploads\/sites\/48\/2025\/02\/cropped-logo_Pumahue_.png","width":512,"height":512,"caption":"Colegio Pumahue Curauma"},"image":{"@id":"https:\/\/www.pumahue.cl\/curauma\/#\/schema\/logo\/image\/"},"sameAs":["http:\/\/www.facebook.com\/ColegiosPumahue","https:\/\/www.youtube.com\/@CognitaChile"]},{"@type":"Person","@id":"https:\/\/www.pumahue.cl\/curauma\/#\/schema\/person\/0debeea140e397b5d490ee7e553255d8","name":"jorgedelcampo","image":{"@type":"ImageObject","inLanguage":"es","@id":"https:\/\/www.pumahue.cl\/curauma\/#\/schema\/person\/image\/","url":"https:\/\/secure.gravatar.com\/avatar\/4a315f521213b2dc91dbda9bf799f711c8a98ab6f5606ec42cf5b33d1e762e8a?s=96&d=mm&r=g","contentUrl":"https:\/\/secure.gravatar.com\/avatar\/4a315f521213b2dc91dbda9bf799f711c8a98ab6f5606ec42cf5b33d1e762e8a?s=96&d=mm&r=g","caption":"jorgedelcampo"}}]}},"jetpack_featured_media_url":"https:\/\/www.pumahue.cl\/curauma\/wp-content\/uploads\/sites\/48\/2022\/03\/Cambios_PumahueCurauma7.jpg","previous_post_ID":11163,"previous_post_title":"Informativo Sistema Schoolnet \u00b2","previous_post_excerpt":"Este a\u00f1o hemos instaurado la plataforma acad\u00e9mica de Schoolnet para nuestros padres y apoderados. Aqu\u00ed algunas indicaciones al respecto que pueden servir de ayuda: \u00bfNecesitas crear una firma electr\u00f3nica? En el siguiente link podr\u00e1s encontrar un tutorial\u00a0PUMAHUE_FIRMA ELECTR\u00d3NICA \u00bfNo tienes tu clave de acceso? Apoderado nuevo: Revisa en tu casilla de correos el mail:\u00a0&#8220;Datos de [&hellip;]","previous_post_link":"https:\/\/www.pumahue.cl\/curauma\/noticias\/informativo-sistema-schoolnet-%f0%9f%93%b2\/","previous_post_class":["post-11163","post","type-post","status-publish","format-standard","has-post-thumbnail","hentry","category-vida-escolar"],"next_post_ID":11188,"next_post_title":"Importante: Situaci\u00f3n Clases viernes 11","next_post_excerpt":"Informamos a nuestra comunidad pumahuina que\u00a0nuestras clases se mantendr\u00e1n en horario normal el d\u00eda de ma\u00f1ana, viernes 11. Ciclo B\u00e1sica y Media: 8:15 a 15:45 horas Ciclo P\u00e1rvulo: 8:15 a 11:00 horas\u00a0 De todas maneras, les sugerimos tomar resguardo a la hora de ingreso y salida, ya que seg\u00fan lo informado por Carabineros, Subida Santos [&hellip;]","next_post_link":"https:\/\/www.pumahue.cl\/curauma\/noticias\/importante-situacion-clases-viernes-11-%f0%9f%93%9a\/","next_post_class":["post-11188","post","type-post","status-publish","format-standard","has-post-thumbnail","hentry","category-vida-escolar"],"jetpack_sharing_enabled":true,"_links":{"self":[{"href":"https:\/\/www.pumahue.cl\/curauma\/wp-json\/wp\/v2\/posts\/11169","targetHints":{"allow":["GET"]}}],"collection":[{"href":"https:\/\/www.pumahue.cl\/curauma\/wp-json\/wp\/v2\/posts"}],"about":[{"href":"https:\/\/www.pumahue.cl\/curauma\/wp-json\/wp\/v2\/types\/post"}],"author":[{"embeddable":true,"href":"https:\/\/www.pumahue.cl\/curauma\/wp-json\/wp\/v2\/users\/14"}],"replies":[{"embeddable":true,"href":"https:\/\/www.pumahue.cl\/curauma\/wp-json\/wp\/v2\/comments?post=11169"}],"version-history":[{"count":0,"href":"https:\/\/www.pumahue.cl\/curauma\/wp-json\/wp\/v2\/posts\/11169\/revisions"}],"wp:featuredmedia":[{"embeddable":true,"href":"https:\/\/www.pumahue.cl\/curauma\/wp-json\/wp\/v2\/media\/11176"}],"wp:attachment":[{"href":"https:\/\/www.pumahue.cl\/curauma\/wp-json\/wp\/v2\/media?parent=11169"}],"wp:term":[{"taxonomy":"category","embeddable":true,"href":"https:\/\/www.pumahue.cl\/curauma\/wp-json\/wp\/v2\/categories?post=11169"},{"taxonomy":"post_tag","embeddable":true,"href":"https:\/\/www.pumahue.cl\/curauma\/wp-json\/wp\/v2\/tags?post=11169"}],"curies":[{"name":"wp","href":"https:\/\/api.w.org\/{rel}","templated":true}]}}