{"id":11191,"date":"2022-03-11T16:18:15","date_gmt":"2022-03-11T19:18:15","guid":{"rendered":"http:\/\/pumahue.cl\/curauma\/?p=11191"},"modified":"2022-03-11T16:18:15","modified_gmt":"2022-03-11T19:18:15","slug":"lets-watch-the-class-contract-of-the-bilingual-students-from-grade-1-%f0%9f%91%a9%f0%9f%8f%bb%f0%9f%8f%ab%e2%9c%8d%f0%9f%8f%bb%e2%9c%a8","status":"publish","type":"post","link":"https:\/\/www.pumahue.cl\/curauma\/noticias\/lets-watch-the-class-contract-of-the-bilingual-students-from-grade-1-%f0%9f%91%a9%f0%9f%8f%bb%f0%9f%8f%ab%e2%9c%8d%f0%9f%8f%bb%e2%9c%a8\/","title":{"rendered":"Let&#8217;s watch the Class Contract of the Bilingual students from Grade 1! \u00ab"},"content":{"rendered":"<p>Esta semana nuestro colegio celebr\u00f3 la primera Jornada de Comunidades de Curso, cuya actividad principal fue la creaci\u00f3n del Contrato de Curso, el cual es elaborado en mutuo acuerdo entre docentes y estudiantes.<\/p>\n<p>Let&#8217;s listen to our First Grade students, from the the Bilingual\u00a0Programme,\u00a0reading their Class Contract!<\/p>\n<div id=\"post-body\" class=\"metabox-holder columns-2\">\n<div id=\"postbox-container-2\" class=\"postbox-container\">\n<div id=\"normal-sortables\" class=\"meta-box-sortables ui-sortable\">\n<div id=\"acf-group_5919c54c40278\" class=\"postbox acf-postbox\">\n<div class=\"inside acf-fields -top\">\n<div class=\"acf-field acf-field-flexible-content acf-field-5919c644437dd\">\n<div class=\"acf-input\">\n<div class=\"acf-flexible-content\">\n<div class=\"values\">\n<div class=\"layout\">\n<div class=\"acf-fields \">\n<div class=\"acf-field acf-field-oembed acf-field-5919c69c437df\">\n<div class=\"acf-input\">\n<div class=\"acf-oembed has-value\">\n<div class=\"canvas\">\n<div class=\"canvas-media\">[youtube https:\/\/www.youtube.com\/watch?v=TIZc2nQF6LQ?feature=oembed]<\/div>\n<\/div>\n<\/div>\n<\/div>\n<\/div>\n<\/div>\n<\/div>\n<\/div>\n<\/div>\n<\/div>\n<\/div>\n<\/div>\n<\/div>\n<\/div>\n<div id=\"advanced-sortables\" class=\"meta-box-sortables ui-sortable\">\n<div id=\"sharing_meta\" class=\"postbox \">\n<div class=\"inside\">\n<p>&nbsp;<\/p>\n<\/div>\n<\/div>\n<\/div>\n<\/div>\n<\/div>\n"},"excerpt":{"rendered":"<p>Esta semana nuestro colegio celebr\u00f3 la primera Jornada de Comunidades de Curso, cuya actividad principal fue la creaci\u00f3n del Contrato de Curso, el cual es elaborado en mutuo acuerdo entre docentes y estudiantes. Let&#8217;s listen to our First Grade students, from the the Bilingual\u00a0Programme,\u00a0reading their Class Contract! [youtube https:\/\/www.youtube.com\/watch?v=TIZc2nQF6LQ?feature=oembed] &nbsp;<\/p>\n","protected":false},"author":14,"featured_media":11193,"comment_status":"open","ping_status":"open","sticky":false,"template":"","format":"standard","meta":{"_acf_changed":false,"content-type":"","_jetpack_memberships_contains_paid_content":false,"footnotes":""},"categories":[1],"tags":[],"class_list":["post-11191","post","type-post","status-publish","format-standard","has-post-thumbnail","hentry","category-vida-escolar"],"acf":[],"yoast_head":"<!-- This site is optimized with the Yoast SEO plugin v27.1.1 - https:\/\/yoast.com\/product\/yoast-seo-wordpress\/ -->\n<title>Let&#039;s watch the Class Contract of the Bilingual students from Grade 1! \u00ab - Colegio Pumahue Curauma<\/title>\n<meta name=\"robots\" content=\"index, follow, max-snippet:-1, max-image-preview:large, max-video-preview:-1\" \/>\n<link rel=\"canonical\" href=\"https:\/\/www.pumahue.cl\/curauma\/noticias\/lets-watch-the-class-contract-of-the-bilingual-students-from-grade-1-\ud83d\udc69\ud83c\udffb\ud83c\udfeb\u270d\ud83c\udffb\u2728\/\" \/>\n<meta property=\"og:locale\" content=\"es_ES\" \/>\n<meta property=\"og:type\" content=\"article\" \/>\n<meta property=\"og:title\" content=\"Let&#039;s watch the Class Contract of the Bilingual students from Grade 1! \u00ab - Colegio Pumahue Curauma\" \/>\n<meta property=\"og:description\" content=\"Esta semana nuestro colegio celebr\u00f3 la primera Jornada de Comunidades de Curso, cuya actividad principal fue la creaci\u00f3n del Contrato de Curso, el cual es elaborado en mutuo acuerdo entre docentes y estudiantes. Let&#8217;s listen to our First Grade students, from the the Bilingual\u00a0Programme,\u00a0reading their Class Contract! [youtube https:\/\/www.youtube.com\/watch?v=TIZc2nQF6LQ?feature=oembed] &nbsp;\" \/>\n<meta property=\"og:url\" content=\"https:\/\/www.pumahue.cl\/curauma\/noticias\/lets-watch-the-class-contract-of-the-bilingual-students-from-grade-1-\ud83d\udc69\ud83c\udffb\ud83c\udfeb\u270d\ud83c\udffb\u2728\/\" \/>\n<meta property=\"og:site_name\" content=\"Colegio Pumahue Curauma\" \/>\n<meta property=\"article:publisher\" content=\"http:\/\/www.facebook.com\/ColegiosPumahue\" \/>\n<meta property=\"article:published_time\" content=\"2022-03-11T19:18:15+00:00\" \/>\n<meta property=\"og:image\" content=\"https:\/\/www.pumahue.cl\/curauma\/wp-content\/uploads\/sites\/48\/2025\/02\/cropped-logo_Pumahue_.png\" \/>\n\t<meta property=\"og:image:width\" content=\"512\" \/>\n\t<meta property=\"og:image:height\" content=\"512\" \/>\n\t<meta property=\"og:image:type\" content=\"image\/png\" \/>\n<meta name=\"author\" content=\"jorgedelcampo\" \/>\n<meta name=\"twitter:card\" content=\"summary_large_image\" \/>\n<meta name=\"twitter:label1\" content=\"Escrito por\" \/>\n\t<meta name=\"twitter:data1\" content=\"jorgedelcampo\" \/>\n<script type=\"application\/ld+json\" class=\"yoast-schema-graph\">{\"@context\":\"https:\/\/schema.org\",\"@graph\":[{\"@type\":\"Article\",\"@id\":\"https:\/\/www.pumahue.cl\/curauma\/noticias\/lets-watch-the-class-contract-of-the-bilingual-students-from-grade-1-%f0%9f%91%a9%f0%9f%8f%bb%f0%9f%8f%ab%e2%9c%8d%f0%9f%8f%bb%e2%9c%a8\/#article\",\"isPartOf\":{\"@id\":\"https:\/\/www.pumahue.cl\/curauma\/noticias\/lets-watch-the-class-contract-of-the-bilingual-students-from-grade-1-%f0%9f%91%a9%f0%9f%8f%bb%f0%9f%8f%ab%e2%9c%8d%f0%9f%8f%bb%e2%9c%a8\/\"},\"author\":{\"name\":\"jorgedelcampo\",\"@id\":\"https:\/\/www.pumahue.cl\/curauma\/#\/schema\/person\/0debeea140e397b5d490ee7e553255d8\"},\"headline\":\"Let&#8217;s watch the Class Contract of the Bilingual students from Grade 1! \u00ab\",\"datePublished\":\"2022-03-11T19:18:15+00:00\",\"mainEntityOfPage\":{\"@id\":\"https:\/\/www.pumahue.cl\/curauma\/noticias\/lets-watch-the-class-contract-of-the-bilingual-students-from-grade-1-%f0%9f%91%a9%f0%9f%8f%bb%f0%9f%8f%ab%e2%9c%8d%f0%9f%8f%bb%e2%9c%a8\/\"},\"wordCount\":76,\"commentCount\":0,\"publisher\":{\"@id\":\"https:\/\/www.pumahue.cl\/curauma\/#organization\"},\"image\":{\"@id\":\"https:\/\/www.pumahue.cl\/curauma\/noticias\/lets-watch-the-class-contract-of-the-bilingual-students-from-grade-1-%f0%9f%91%a9%f0%9f%8f%bb%f0%9f%8f%ab%e2%9c%8d%f0%9f%8f%bb%e2%9c%a8\/#primaryimage\"},\"thumbnailUrl\":\"https:\/\/www.pumahue.cl\/curauma\/wp-content\/uploads\/sites\/48\/2022\/03\/Classcontract_PumahueCurauma.png\",\"articleSection\":[\"Vida escolar\"],\"inLanguage\":\"es\",\"potentialAction\":[{\"@type\":\"CommentAction\",\"name\":\"Comment\",\"target\":[\"https:\/\/www.pumahue.cl\/curauma\/noticias\/lets-watch-the-class-contract-of-the-bilingual-students-from-grade-1-%f0%9f%91%a9%f0%9f%8f%bb%f0%9f%8f%ab%e2%9c%8d%f0%9f%8f%bb%e2%9c%a8\/#respond\"]}]},{\"@type\":\"WebPage\",\"@id\":\"https:\/\/www.pumahue.cl\/curauma\/noticias\/lets-watch-the-class-contract-of-the-bilingual-students-from-grade-1-%f0%9f%91%a9%f0%9f%8f%bb%f0%9f%8f%ab%e2%9c%8d%f0%9f%8f%bb%e2%9c%a8\/\",\"url\":\"https:\/\/www.pumahue.cl\/curauma\/noticias\/lets-watch-the-class-contract-of-the-bilingual-students-from-grade-1-%f0%9f%91%a9%f0%9f%8f%bb%f0%9f%8f%ab%e2%9c%8d%f0%9f%8f%bb%e2%9c%a8\/\",\"name\":\"Let's watch the Class Contract of the Bilingual students from Grade 1! \u00ab - Colegio Pumahue Curauma\",\"isPartOf\":{\"@id\":\"https:\/\/www.pumahue.cl\/curauma\/#website\"},\"primaryImageOfPage\":{\"@id\":\"https:\/\/www.pumahue.cl\/curauma\/noticias\/lets-watch-the-class-contract-of-the-bilingual-students-from-grade-1-%f0%9f%91%a9%f0%9f%8f%bb%f0%9f%8f%ab%e2%9c%8d%f0%9f%8f%bb%e2%9c%a8\/#primaryimage\"},\"image\":{\"@id\":\"https:\/\/www.pumahue.cl\/curauma\/noticias\/lets-watch-the-class-contract-of-the-bilingual-students-from-grade-1-%f0%9f%91%a9%f0%9f%8f%bb%f0%9f%8f%ab%e2%9c%8d%f0%9f%8f%bb%e2%9c%a8\/#primaryimage\"},\"thumbnailUrl\":\"https:\/\/www.pumahue.cl\/curauma\/wp-content\/uploads\/sites\/48\/2022\/03\/Classcontract_PumahueCurauma.png\",\"datePublished\":\"2022-03-11T19:18:15+00:00\",\"breadcrumb\":{\"@id\":\"https:\/\/www.pumahue.cl\/curauma\/noticias\/lets-watch-the-class-contract-of-the-bilingual-students-from-grade-1-%f0%9f%91%a9%f0%9f%8f%bb%f0%9f%8f%ab%e2%9c%8d%f0%9f%8f%bb%e2%9c%a8\/#breadcrumb\"},\"inLanguage\":\"es\",\"potentialAction\":[{\"@type\":\"ReadAction\",\"target\":[\"https:\/\/www.pumahue.cl\/curauma\/noticias\/lets-watch-the-class-contract-of-the-bilingual-students-from-grade-1-%f0%9f%91%a9%f0%9f%8f%bb%f0%9f%8f%ab%e2%9c%8d%f0%9f%8f%bb%e2%9c%a8\/\"]}]},{\"@type\":\"ImageObject\",\"inLanguage\":\"es\",\"@id\":\"https:\/\/www.pumahue.cl\/curauma\/noticias\/lets-watch-the-class-contract-of-the-bilingual-students-from-grade-1-%f0%9f%91%a9%f0%9f%8f%bb%f0%9f%8f%ab%e2%9c%8d%f0%9f%8f%bb%e2%9c%a8\/#primaryimage\",\"url\":\"https:\/\/www.pumahue.cl\/curauma\/wp-content\/uploads\/sites\/48\/2022\/03\/Classcontract_PumahueCurauma.png\",\"contentUrl\":\"https:\/\/www.pumahue.cl\/curauma\/wp-content\/uploads\/sites\/48\/2022\/03\/Classcontract_PumahueCurauma.png\",\"width\":836,\"height\":523},{\"@type\":\"BreadcrumbList\",\"@id\":\"https:\/\/www.pumahue.cl\/curauma\/noticias\/lets-watch-the-class-contract-of-the-bilingual-students-from-grade-1-%f0%9f%91%a9%f0%9f%8f%bb%f0%9f%8f%ab%e2%9c%8d%f0%9f%8f%bb%e2%9c%a8\/#breadcrumb\",\"itemListElement\":[{\"@type\":\"ListItem\",\"position\":1,\"name\":\"Home\",\"item\":\"https:\/\/www.pumahue.cl\/curauma\/\"},{\"@type\":\"ListItem\",\"position\":2,\"name\":\"Let&#8217;s watch the Class Contract of the Bilingual students from Grade 1! \u00ab\"}]},{\"@type\":\"WebSite\",\"@id\":\"https:\/\/www.pumahue.cl\/curauma\/#website\",\"url\":\"https:\/\/www.pumahue.cl\/curauma\/\",\"name\":\"Colegio Pumahue Curauma\",\"description\":\"Parte de Cognita Schools\",\"publisher\":{\"@id\":\"https:\/\/www.pumahue.cl\/curauma\/#organization\"},\"potentialAction\":[{\"@type\":\"SearchAction\",\"target\":{\"@type\":\"EntryPoint\",\"urlTemplate\":\"https:\/\/www.pumahue.cl\/curauma\/?s={search_term_string}\"},\"query-input\":{\"@type\":\"PropertyValueSpecification\",\"valueRequired\":true,\"valueName\":\"search_term_string\"}}],\"inLanguage\":\"es\"},{\"@type\":\"Organization\",\"@id\":\"https:\/\/www.pumahue.cl\/curauma\/#organization\",\"name\":\"Colegio Pumahue Curauma\",\"url\":\"https:\/\/www.pumahue.cl\/curauma\/\",\"logo\":{\"@type\":\"ImageObject\",\"inLanguage\":\"es\",\"@id\":\"https:\/\/www.pumahue.cl\/curauma\/#\/schema\/logo\/image\/\",\"url\":\"https:\/\/www.pumahue.cl\/curauma\/wp-content\/uploads\/sites\/48\/2025\/02\/cropped-logo_Pumahue_.png\",\"contentUrl\":\"https:\/\/www.pumahue.cl\/curauma\/wp-content\/uploads\/sites\/48\/2025\/02\/cropped-logo_Pumahue_.png\",\"width\":512,\"height\":512,\"caption\":\"Colegio Pumahue Curauma\"},\"image\":{\"@id\":\"https:\/\/www.pumahue.cl\/curauma\/#\/schema\/logo\/image\/\"},\"sameAs\":[\"http:\/\/www.facebook.com\/ColegiosPumahue\",\"https:\/\/www.youtube.com\/@CognitaChile\"]},{\"@type\":\"Person\",\"@id\":\"https:\/\/www.pumahue.cl\/curauma\/#\/schema\/person\/0debeea140e397b5d490ee7e553255d8\",\"name\":\"jorgedelcampo\",\"image\":{\"@type\":\"ImageObject\",\"inLanguage\":\"es\",\"@id\":\"https:\/\/www.pumahue.cl\/curauma\/#\/schema\/person\/image\/\",\"url\":\"https:\/\/secure.gravatar.com\/avatar\/4a315f521213b2dc91dbda9bf799f711c8a98ab6f5606ec42cf5b33d1e762e8a?s=96&d=mm&r=g\",\"contentUrl\":\"https:\/\/secure.gravatar.com\/avatar\/4a315f521213b2dc91dbda9bf799f711c8a98ab6f5606ec42cf5b33d1e762e8a?s=96&d=mm&r=g\",\"caption\":\"jorgedelcampo\"}}]}<\/script>\n<!-- \/ Yoast SEO plugin. -->","yoast_head_json":{"title":"Let's watch the Class Contract of the Bilingual students from Grade 1! \u00ab - Colegio Pumahue Curauma","robots":{"index":"index","follow":"follow","max-snippet":"max-snippet:-1","max-image-preview":"max-image-preview:large","max-video-preview":"max-video-preview:-1"},"canonical":"https:\/\/www.pumahue.cl\/curauma\/noticias\/lets-watch-the-class-contract-of-the-bilingual-students-from-grade-1-\ud83d\udc69\ud83c\udffb\ud83c\udfeb\u270d\ud83c\udffb\u2728\/","og_locale":"es_ES","og_type":"article","og_title":"Let's watch the Class Contract of the Bilingual students from Grade 1! \u00ab - Colegio Pumahue Curauma","og_description":"Esta semana nuestro colegio celebr\u00f3 la primera Jornada de Comunidades de Curso, cuya actividad principal fue la creaci\u00f3n del Contrato de Curso, el cual es elaborado en mutuo acuerdo entre docentes y estudiantes. Let&#8217;s listen to our First Grade students, from the the Bilingual\u00a0Programme,\u00a0reading their Class Contract! [youtube https:\/\/www.youtube.com\/watch?v=TIZc2nQF6LQ?feature=oembed] &nbsp;","og_url":"https:\/\/www.pumahue.cl\/curauma\/noticias\/lets-watch-the-class-contract-of-the-bilingual-students-from-grade-1-\ud83d\udc69\ud83c\udffb\ud83c\udfeb\u270d\ud83c\udffb\u2728\/","og_site_name":"Colegio Pumahue Curauma","article_publisher":"http:\/\/www.facebook.com\/ColegiosPumahue","article_published_time":"2022-03-11T19:18:15+00:00","og_image":[{"width":512,"height":512,"url":"https:\/\/www.pumahue.cl\/curauma\/wp-content\/uploads\/sites\/48\/2025\/02\/cropped-logo_Pumahue_.png","type":"image\/png"}],"author":"jorgedelcampo","twitter_card":"summary_large_image","twitter_misc":{"Escrito por":"jorgedelcampo"},"schema":{"@context":"https:\/\/schema.org","@graph":[{"@type":"Article","@id":"https:\/\/www.pumahue.cl\/curauma\/noticias\/lets-watch-the-class-contract-of-the-bilingual-students-from-grade-1-%f0%9f%91%a9%f0%9f%8f%bb%f0%9f%8f%ab%e2%9c%8d%f0%9f%8f%bb%e2%9c%a8\/#article","isPartOf":{"@id":"https:\/\/www.pumahue.cl\/curauma\/noticias\/lets-watch-the-class-contract-of-the-bilingual-students-from-grade-1-%f0%9f%91%a9%f0%9f%8f%bb%f0%9f%8f%ab%e2%9c%8d%f0%9f%8f%bb%e2%9c%a8\/"},"author":{"name":"jorgedelcampo","@id":"https:\/\/www.pumahue.cl\/curauma\/#\/schema\/person\/0debeea140e397b5d490ee7e553255d8"},"headline":"Let&#8217;s watch the Class Contract of the Bilingual students from Grade 1! \u00ab","datePublished":"2022-03-11T19:18:15+00:00","mainEntityOfPage":{"@id":"https:\/\/www.pumahue.cl\/curauma\/noticias\/lets-watch-the-class-contract-of-the-bilingual-students-from-grade-1-%f0%9f%91%a9%f0%9f%8f%bb%f0%9f%8f%ab%e2%9c%8d%f0%9f%8f%bb%e2%9c%a8\/"},"wordCount":76,"commentCount":0,"publisher":{"@id":"https:\/\/www.pumahue.cl\/curauma\/#organization"},"image":{"@id":"https:\/\/www.pumahue.cl\/curauma\/noticias\/lets-watch-the-class-contract-of-the-bilingual-students-from-grade-1-%f0%9f%91%a9%f0%9f%8f%bb%f0%9f%8f%ab%e2%9c%8d%f0%9f%8f%bb%e2%9c%a8\/#primaryimage"},"thumbnailUrl":"https:\/\/www.pumahue.cl\/curauma\/wp-content\/uploads\/sites\/48\/2022\/03\/Classcontract_PumahueCurauma.png","articleSection":["Vida escolar"],"inLanguage":"es","potentialAction":[{"@type":"CommentAction","name":"Comment","target":["https:\/\/www.pumahue.cl\/curauma\/noticias\/lets-watch-the-class-contract-of-the-bilingual-students-from-grade-1-%f0%9f%91%a9%f0%9f%8f%bb%f0%9f%8f%ab%e2%9c%8d%f0%9f%8f%bb%e2%9c%a8\/#respond"]}]},{"@type":"WebPage","@id":"https:\/\/www.pumahue.cl\/curauma\/noticias\/lets-watch-the-class-contract-of-the-bilingual-students-from-grade-1-%f0%9f%91%a9%f0%9f%8f%bb%f0%9f%8f%ab%e2%9c%8d%f0%9f%8f%bb%e2%9c%a8\/","url":"https:\/\/www.pumahue.cl\/curauma\/noticias\/lets-watch-the-class-contract-of-the-bilingual-students-from-grade-1-%f0%9f%91%a9%f0%9f%8f%bb%f0%9f%8f%ab%e2%9c%8d%f0%9f%8f%bb%e2%9c%a8\/","name":"Let's watch the Class Contract of the Bilingual students from Grade 1! \u00ab - Colegio Pumahue Curauma","isPartOf":{"@id":"https:\/\/www.pumahue.cl\/curauma\/#website"},"primaryImageOfPage":{"@id":"https:\/\/www.pumahue.cl\/curauma\/noticias\/lets-watch-the-class-contract-of-the-bilingual-students-from-grade-1-%f0%9f%91%a9%f0%9f%8f%bb%f0%9f%8f%ab%e2%9c%8d%f0%9f%8f%bb%e2%9c%a8\/#primaryimage"},"image":{"@id":"https:\/\/www.pumahue.cl\/curauma\/noticias\/lets-watch-the-class-contract-of-the-bilingual-students-from-grade-1-%f0%9f%91%a9%f0%9f%8f%bb%f0%9f%8f%ab%e2%9c%8d%f0%9f%8f%bb%e2%9c%a8\/#primaryimage"},"thumbnailUrl":"https:\/\/www.pumahue.cl\/curauma\/wp-content\/uploads\/sites\/48\/2022\/03\/Classcontract_PumahueCurauma.png","datePublished":"2022-03-11T19:18:15+00:00","breadcrumb":{"@id":"https:\/\/www.pumahue.cl\/curauma\/noticias\/lets-watch-the-class-contract-of-the-bilingual-students-from-grade-1-%f0%9f%91%a9%f0%9f%8f%bb%f0%9f%8f%ab%e2%9c%8d%f0%9f%8f%bb%e2%9c%a8\/#breadcrumb"},"inLanguage":"es","potentialAction":[{"@type":"ReadAction","target":["https:\/\/www.pumahue.cl\/curauma\/noticias\/lets-watch-the-class-contract-of-the-bilingual-students-from-grade-1-%f0%9f%91%a9%f0%9f%8f%bb%f0%9f%8f%ab%e2%9c%8d%f0%9f%8f%bb%e2%9c%a8\/"]}]},{"@type":"ImageObject","inLanguage":"es","@id":"https:\/\/www.pumahue.cl\/curauma\/noticias\/lets-watch-the-class-contract-of-the-bilingual-students-from-grade-1-%f0%9f%91%a9%f0%9f%8f%bb%f0%9f%8f%ab%e2%9c%8d%f0%9f%8f%bb%e2%9c%a8\/#primaryimage","url":"https:\/\/www.pumahue.cl\/curauma\/wp-content\/uploads\/sites\/48\/2022\/03\/Classcontract_PumahueCurauma.png","contentUrl":"https:\/\/www.pumahue.cl\/curauma\/wp-content\/uploads\/sites\/48\/2022\/03\/Classcontract_PumahueCurauma.png","width":836,"height":523},{"@type":"BreadcrumbList","@id":"https:\/\/www.pumahue.cl\/curauma\/noticias\/lets-watch-the-class-contract-of-the-bilingual-students-from-grade-1-%f0%9f%91%a9%f0%9f%8f%bb%f0%9f%8f%ab%e2%9c%8d%f0%9f%8f%bb%e2%9c%a8\/#breadcrumb","itemListElement":[{"@type":"ListItem","position":1,"name":"Home","item":"https:\/\/www.pumahue.cl\/curauma\/"},{"@type":"ListItem","position":2,"name":"Let&#8217;s watch the Class Contract of the Bilingual students from Grade 1! \u00ab"}]},{"@type":"WebSite","@id":"https:\/\/www.pumahue.cl\/curauma\/#website","url":"https:\/\/www.pumahue.cl\/curauma\/","name":"Colegio Pumahue Curauma","description":"Parte de Cognita Schools","publisher":{"@id":"https:\/\/www.pumahue.cl\/curauma\/#organization"},"potentialAction":[{"@type":"SearchAction","target":{"@type":"EntryPoint","urlTemplate":"https:\/\/www.pumahue.cl\/curauma\/?s={search_term_string}"},"query-input":{"@type":"PropertyValueSpecification","valueRequired":true,"valueName":"search_term_string"}}],"inLanguage":"es"},{"@type":"Organization","@id":"https:\/\/www.pumahue.cl\/curauma\/#organization","name":"Colegio Pumahue Curauma","url":"https:\/\/www.pumahue.cl\/curauma\/","logo":{"@type":"ImageObject","inLanguage":"es","@id":"https:\/\/www.pumahue.cl\/curauma\/#\/schema\/logo\/image\/","url":"https:\/\/www.pumahue.cl\/curauma\/wp-content\/uploads\/sites\/48\/2025\/02\/cropped-logo_Pumahue_.png","contentUrl":"https:\/\/www.pumahue.cl\/curauma\/wp-content\/uploads\/sites\/48\/2025\/02\/cropped-logo_Pumahue_.png","width":512,"height":512,"caption":"Colegio Pumahue Curauma"},"image":{"@id":"https:\/\/www.pumahue.cl\/curauma\/#\/schema\/logo\/image\/"},"sameAs":["http:\/\/www.facebook.com\/ColegiosPumahue","https:\/\/www.youtube.com\/@CognitaChile"]},{"@type":"Person","@id":"https:\/\/www.pumahue.cl\/curauma\/#\/schema\/person\/0debeea140e397b5d490ee7e553255d8","name":"jorgedelcampo","image":{"@type":"ImageObject","inLanguage":"es","@id":"https:\/\/www.pumahue.cl\/curauma\/#\/schema\/person\/image\/","url":"https:\/\/secure.gravatar.com\/avatar\/4a315f521213b2dc91dbda9bf799f711c8a98ab6f5606ec42cf5b33d1e762e8a?s=96&d=mm&r=g","contentUrl":"https:\/\/secure.gravatar.com\/avatar\/4a315f521213b2dc91dbda9bf799f711c8a98ab6f5606ec42cf5b33d1e762e8a?s=96&d=mm&r=g","caption":"jorgedelcampo"}}]}},"jetpack_featured_media_url":"https:\/\/www.pumahue.cl\/curauma\/wp-content\/uploads\/sites\/48\/2022\/03\/Classcontract_PumahueCurauma.png","previous_post_ID":11188,"previous_post_title":"Importante: Situaci\u00f3n Clases viernes 11","previous_post_excerpt":"Informamos a nuestra comunidad pumahuina que\u00a0nuestras clases se mantendr\u00e1n en horario normal el d\u00eda de ma\u00f1ana, viernes 11. Ciclo B\u00e1sica y Media: 8:15 a 15:45 horas Ciclo P\u00e1rvulo: 8:15 a 11:00 horas\u00a0 De todas maneras, les sugerimos tomar resguardo a la hora de ingreso y salida, ya que seg\u00fan lo informado por Carabineros, Subida Santos [&hellip;]","previous_post_link":"https:\/\/www.pumahue.cl\/curauma\/noticias\/importante-situacion-clases-viernes-11-%f0%9f%93%9a\/","previous_post_class":["post-11188","post","type-post","status-publish","format-standard","has-post-thumbnail","hentry","category-vida-escolar"],"next_post_ID":11199,"next_post_title":"Necesitamos donadores de sangre para nuestro ex alumno","next_post_excerpt":"Invitamos a nuestra comunidad Pumahue Curauma a sumarse a la ayuda que requiere en estos momentos, nuestro ex alumno Mart\u00edn Pulgar. Se necesita donadores de sangre de cualquier tipo a nombre de Mart\u00edn Pulgar 19.773.499-K Puede ser en cualquier banco de sangre o en lugares que reciban donadores de sangre. Deseamos su pronta mejora y [&hellip;]","next_post_link":"https:\/\/www.pumahue.cl\/curauma\/noticias\/necesitamos-donadores-de-sangre-para-nuestro-ex-alumno\/","next_post_class":["post-11199","post","type-post","status-publish","format-standard","has-post-thumbnail","hentry","category-vida-escolar"],"jetpack_sharing_enabled":true,"_links":{"self":[{"href":"https:\/\/www.pumahue.cl\/curauma\/wp-json\/wp\/v2\/posts\/11191","targetHints":{"allow":["GET"]}}],"collection":[{"href":"https:\/\/www.pumahue.cl\/curauma\/wp-json\/wp\/v2\/posts"}],"about":[{"href":"https:\/\/www.pumahue.cl\/curauma\/wp-json\/wp\/v2\/types\/post"}],"author":[{"embeddable":true,"href":"https:\/\/www.pumahue.cl\/curauma\/wp-json\/wp\/v2\/users\/14"}],"replies":[{"embeddable":true,"href":"https:\/\/www.pumahue.cl\/curauma\/wp-json\/wp\/v2\/comments?post=11191"}],"version-history":[{"count":0,"href":"https:\/\/www.pumahue.cl\/curauma\/wp-json\/wp\/v2\/posts\/11191\/revisions"}],"wp:featuredmedia":[{"embeddable":true,"href":"https:\/\/www.pumahue.cl\/curauma\/wp-json\/wp\/v2\/media\/11193"}],"wp:attachment":[{"href":"https:\/\/www.pumahue.cl\/curauma\/wp-json\/wp\/v2\/media?parent=11191"}],"wp:term":[{"taxonomy":"category","embeddable":true,"href":"https:\/\/www.pumahue.cl\/curauma\/wp-json\/wp\/v2\/categories?post=11191"},{"taxonomy":"post_tag","embeddable":true,"href":"https:\/\/www.pumahue.cl\/curauma\/wp-json\/wp\/v2\/tags?post=11191"}],"curies":[{"name":"wp","href":"https:\/\/api.w.org\/{rel}","templated":true}]}}