{"id":12884,"date":"2022-06-07T15:42:28","date_gmt":"2022-06-07T19:42:28","guid":{"rendered":"http:\/\/pumahue.cl\/curauma\/?p=12884"},"modified":"2022-06-07T15:42:28","modified_gmt":"2022-06-07T19:42:28","slug":"proyecto-campur-jardin-a-y-b-exposicion-del-mes-del-mar","status":"publish","type":"post","link":"https:\/\/www.pumahue.cl\/curauma\/noticias\/proyecto-campur-jardin-a-y-b-exposicion-del-mes-del-mar\/","title":{"rendered":"Proyecto CAMPUR Jard\u00edn A y B: \u00a1Exposici\u00f3n del Mes del Mar \u00a0\u2122\u00a1!"},"content":{"rendered":"<p>Los ni\u00f1os y ni\u00f1as de los cursos m\u00e1s peque\u00f1os del ciclo de Educaci\u00f3n Parvularia (Jard\u00edn infantil), dieron vida a una exposici\u00f3n llena de creatividad y magia. Durante todo el mes de mayo, prepararon en equipo y junto a sus profesoras Miss Joanna, Miss Fernanda, Miss Daniela y Miss Nadia, una serie de criaturas marinas utilizando distintas t\u00e9cnicas, formas, tama\u00f1os y colores; las cuales utilizaron al finalizar el mes, para simular el fondo marino y sus misterios. Todos los ni\u00f1os y ni\u00f1as del ciclo de Educaci\u00f3n Parvularia pudieron visitar esta exposici\u00f3n como cierre del mes del mar, para luego asistir a su acto formal.<\/p>\n<p><strong> \u00a1Felicitaciones por la enorme creatividad de nuestros peque\u00f1os que llevaron el fondo marino a sus salas!\u00a0<\/strong><\/p>\n"},"excerpt":{"rendered":"<p>Los ni\u00f1os y ni\u00f1as de los cursos m\u00e1s peque\u00f1os del ciclo de Educaci\u00f3n Parvularia (Jard\u00edn infantil), dieron vida a una exposici\u00f3n llena de creatividad y magia. Durante todo el mes de mayo, prepararon en equipo y junto a sus profesoras Miss Joanna, Miss Fernanda, Miss Daniela y Miss Nadia, una serie de criaturas marinas utilizando [&hellip;]<\/p>\n","protected":false},"author":14,"featured_media":12898,"comment_status":"open","ping_status":"open","sticky":false,"template":"","format":"standard","meta":{"_acf_changed":false,"content-type":"","_jetpack_memberships_contains_paid_content":false,"footnotes":""},"categories":[1],"tags":[],"class_list":["post-12884","post","type-post","status-publish","format-standard","has-post-thumbnail","hentry","category-vida-escolar"],"acf":[],"yoast_head":"<!-- This site is optimized with the Yoast SEO plugin v27.1.1 - https:\/\/yoast.com\/product\/yoast-seo-wordpress\/ -->\n<title>Proyecto CAMPUR Jard\u00edn A y B: \u00a1Exposici\u00f3n del Mes del Mar \u00a0\u2122\u00a1! - Colegio Pumahue Curauma<\/title>\n<meta name=\"robots\" content=\"index, follow, max-snippet:-1, max-image-preview:large, max-video-preview:-1\" \/>\n<link rel=\"canonical\" href=\"https:\/\/www.pumahue.cl\/curauma\/noticias\/proyecto-campur-jardin-a-y-b-exposicion-del-mes-del-mar\/\" \/>\n<meta property=\"og:locale\" content=\"es_ES\" \/>\n<meta property=\"og:type\" content=\"article\" \/>\n<meta property=\"og:title\" content=\"Proyecto CAMPUR Jard\u00edn A y B: \u00a1Exposici\u00f3n del Mes del Mar \u00a0\u2122\u00a1! - Colegio Pumahue Curauma\" \/>\n<meta property=\"og:description\" content=\"Los ni\u00f1os y ni\u00f1as de los cursos m\u00e1s peque\u00f1os del ciclo de Educaci\u00f3n Parvularia (Jard\u00edn infantil), dieron vida a una exposici\u00f3n llena de creatividad y magia. Durante todo el mes de mayo, prepararon en equipo y junto a sus profesoras Miss Joanna, Miss Fernanda, Miss Daniela y Miss Nadia, una serie de criaturas marinas utilizando [&hellip;]\" \/>\n<meta property=\"og:url\" content=\"https:\/\/www.pumahue.cl\/curauma\/noticias\/proyecto-campur-jardin-a-y-b-exposicion-del-mes-del-mar\/\" \/>\n<meta property=\"og:site_name\" content=\"Colegio Pumahue Curauma\" \/>\n<meta property=\"article:publisher\" content=\"http:\/\/www.facebook.com\/ColegiosPumahue\" \/>\n<meta property=\"article:published_time\" content=\"2022-06-07T19:42:28+00:00\" \/>\n<meta property=\"og:image\" content=\"https:\/\/www.pumahue.cl\/curauma\/wp-content\/uploads\/sites\/48\/2025\/02\/cropped-logo_Pumahue_.png\" \/>\n\t<meta property=\"og:image:width\" content=\"512\" \/>\n\t<meta property=\"og:image:height\" content=\"512\" \/>\n\t<meta property=\"og:image:type\" content=\"image\/png\" \/>\n<meta name=\"author\" content=\"jorgedelcampo\" \/>\n<meta name=\"twitter:card\" content=\"summary_large_image\" \/>\n<meta name=\"twitter:label1\" content=\"Escrito por\" \/>\n\t<meta name=\"twitter:data1\" content=\"jorgedelcampo\" \/>\n\t<meta name=\"twitter:label2\" content=\"Tiempo de lectura\" \/>\n\t<meta name=\"twitter:data2\" content=\"1 minuto\" \/>\n<script type=\"application\/ld+json\" class=\"yoast-schema-graph\">{\"@context\":\"https:\/\/schema.org\",\"@graph\":[{\"@type\":\"Article\",\"@id\":\"https:\/\/www.pumahue.cl\/curauma\/noticias\/proyecto-campur-jardin-a-y-b-exposicion-del-mes-del-mar\/#article\",\"isPartOf\":{\"@id\":\"https:\/\/www.pumahue.cl\/curauma\/noticias\/proyecto-campur-jardin-a-y-b-exposicion-del-mes-del-mar\/\"},\"author\":{\"name\":\"jorgedelcampo\",\"@id\":\"https:\/\/www.pumahue.cl\/curauma\/#\/schema\/person\/0debeea140e397b5d490ee7e553255d8\"},\"headline\":\"Proyecto CAMPUR Jard\u00edn A y B: \u00a1Exposici\u00f3n del Mes del Mar \u00a0\u2122\u00a1!\",\"datePublished\":\"2022-06-07T19:42:28+00:00\",\"mainEntityOfPage\":{\"@id\":\"https:\/\/www.pumahue.cl\/curauma\/noticias\/proyecto-campur-jardin-a-y-b-exposicion-del-mes-del-mar\/\"},\"wordCount\":146,\"commentCount\":0,\"publisher\":{\"@id\":\"https:\/\/www.pumahue.cl\/curauma\/#organization\"},\"image\":{\"@id\":\"https:\/\/www.pumahue.cl\/curauma\/noticias\/proyecto-campur-jardin-a-y-b-exposicion-del-mes-del-mar\/#primaryimage\"},\"thumbnailUrl\":\"https:\/\/www.pumahue.cl\/curauma\/wp-content\/uploads\/sites\/48\/2022\/06\/marparvulocurauma5.jpg\",\"articleSection\":[\"Vida escolar\"],\"inLanguage\":\"es\",\"potentialAction\":[{\"@type\":\"CommentAction\",\"name\":\"Comment\",\"target\":[\"https:\/\/www.pumahue.cl\/curauma\/noticias\/proyecto-campur-jardin-a-y-b-exposicion-del-mes-del-mar\/#respond\"]}]},{\"@type\":\"WebPage\",\"@id\":\"https:\/\/www.pumahue.cl\/curauma\/noticias\/proyecto-campur-jardin-a-y-b-exposicion-del-mes-del-mar\/\",\"url\":\"https:\/\/www.pumahue.cl\/curauma\/noticias\/proyecto-campur-jardin-a-y-b-exposicion-del-mes-del-mar\/\",\"name\":\"Proyecto CAMPUR Jard\u00edn A y B: \u00a1Exposici\u00f3n del Mes del Mar \u00a0\u2122\u00a1! - Colegio Pumahue Curauma\",\"isPartOf\":{\"@id\":\"https:\/\/www.pumahue.cl\/curauma\/#website\"},\"primaryImageOfPage\":{\"@id\":\"https:\/\/www.pumahue.cl\/curauma\/noticias\/proyecto-campur-jardin-a-y-b-exposicion-del-mes-del-mar\/#primaryimage\"},\"image\":{\"@id\":\"https:\/\/www.pumahue.cl\/curauma\/noticias\/proyecto-campur-jardin-a-y-b-exposicion-del-mes-del-mar\/#primaryimage\"},\"thumbnailUrl\":\"https:\/\/www.pumahue.cl\/curauma\/wp-content\/uploads\/sites\/48\/2022\/06\/marparvulocurauma5.jpg\",\"datePublished\":\"2022-06-07T19:42:28+00:00\",\"breadcrumb\":{\"@id\":\"https:\/\/www.pumahue.cl\/curauma\/noticias\/proyecto-campur-jardin-a-y-b-exposicion-del-mes-del-mar\/#breadcrumb\"},\"inLanguage\":\"es\",\"potentialAction\":[{\"@type\":\"ReadAction\",\"target\":[\"https:\/\/www.pumahue.cl\/curauma\/noticias\/proyecto-campur-jardin-a-y-b-exposicion-del-mes-del-mar\/\"]}]},{\"@type\":\"ImageObject\",\"inLanguage\":\"es\",\"@id\":\"https:\/\/www.pumahue.cl\/curauma\/noticias\/proyecto-campur-jardin-a-y-b-exposicion-del-mes-del-mar\/#primaryimage\",\"url\":\"https:\/\/www.pumahue.cl\/curauma\/wp-content\/uploads\/sites\/48\/2022\/06\/marparvulocurauma5.jpg\",\"contentUrl\":\"https:\/\/www.pumahue.cl\/curauma\/wp-content\/uploads\/sites\/48\/2022\/06\/marparvulocurauma5.jpg\",\"width\":836,\"height\":523},{\"@type\":\"BreadcrumbList\",\"@id\":\"https:\/\/www.pumahue.cl\/curauma\/noticias\/proyecto-campur-jardin-a-y-b-exposicion-del-mes-del-mar\/#breadcrumb\",\"itemListElement\":[{\"@type\":\"ListItem\",\"position\":1,\"name\":\"Home\",\"item\":\"https:\/\/www.pumahue.cl\/curauma\/\"},{\"@type\":\"ListItem\",\"position\":2,\"name\":\"Proyecto CAMPUR Jard\u00edn A y B: \u00a1Exposici\u00f3n del Mes del Mar \u00a0\u2122\u00a1!\"}]},{\"@type\":\"WebSite\",\"@id\":\"https:\/\/www.pumahue.cl\/curauma\/#website\",\"url\":\"https:\/\/www.pumahue.cl\/curauma\/\",\"name\":\"Colegio Pumahue Curauma\",\"description\":\"Parte de Cognita Schools\",\"publisher\":{\"@id\":\"https:\/\/www.pumahue.cl\/curauma\/#organization\"},\"potentialAction\":[{\"@type\":\"SearchAction\",\"target\":{\"@type\":\"EntryPoint\",\"urlTemplate\":\"https:\/\/www.pumahue.cl\/curauma\/?s={search_term_string}\"},\"query-input\":{\"@type\":\"PropertyValueSpecification\",\"valueRequired\":true,\"valueName\":\"search_term_string\"}}],\"inLanguage\":\"es\"},{\"@type\":\"Organization\",\"@id\":\"https:\/\/www.pumahue.cl\/curauma\/#organization\",\"name\":\"Colegio Pumahue Curauma\",\"url\":\"https:\/\/www.pumahue.cl\/curauma\/\",\"logo\":{\"@type\":\"ImageObject\",\"inLanguage\":\"es\",\"@id\":\"https:\/\/www.pumahue.cl\/curauma\/#\/schema\/logo\/image\/\",\"url\":\"https:\/\/www.pumahue.cl\/curauma\/wp-content\/uploads\/sites\/48\/2025\/02\/cropped-logo_Pumahue_.png\",\"contentUrl\":\"https:\/\/www.pumahue.cl\/curauma\/wp-content\/uploads\/sites\/48\/2025\/02\/cropped-logo_Pumahue_.png\",\"width\":512,\"height\":512,\"caption\":\"Colegio Pumahue Curauma\"},\"image\":{\"@id\":\"https:\/\/www.pumahue.cl\/curauma\/#\/schema\/logo\/image\/\"},\"sameAs\":[\"http:\/\/www.facebook.com\/ColegiosPumahue\",\"https:\/\/www.youtube.com\/@CognitaChile\"]},{\"@type\":\"Person\",\"@id\":\"https:\/\/www.pumahue.cl\/curauma\/#\/schema\/person\/0debeea140e397b5d490ee7e553255d8\",\"name\":\"jorgedelcampo\",\"image\":{\"@type\":\"ImageObject\",\"inLanguage\":\"es\",\"@id\":\"https:\/\/www.pumahue.cl\/curauma\/#\/schema\/person\/image\/\",\"url\":\"https:\/\/secure.gravatar.com\/avatar\/4a315f521213b2dc91dbda9bf799f711c8a98ab6f5606ec42cf5b33d1e762e8a?s=96&d=mm&r=g\",\"contentUrl\":\"https:\/\/secure.gravatar.com\/avatar\/4a315f521213b2dc91dbda9bf799f711c8a98ab6f5606ec42cf5b33d1e762e8a?s=96&d=mm&r=g\",\"caption\":\"jorgedelcampo\"}}]}<\/script>\n<!-- \/ Yoast SEO plugin. -->","yoast_head_json":{"title":"Proyecto CAMPUR Jard\u00edn A y B: \u00a1Exposici\u00f3n del Mes del Mar \u00a0\u2122\u00a1! - Colegio Pumahue Curauma","robots":{"index":"index","follow":"follow","max-snippet":"max-snippet:-1","max-image-preview":"max-image-preview:large","max-video-preview":"max-video-preview:-1"},"canonical":"https:\/\/www.pumahue.cl\/curauma\/noticias\/proyecto-campur-jardin-a-y-b-exposicion-del-mes-del-mar\/","og_locale":"es_ES","og_type":"article","og_title":"Proyecto CAMPUR Jard\u00edn A y B: \u00a1Exposici\u00f3n del Mes del Mar \u00a0\u2122\u00a1! - Colegio Pumahue Curauma","og_description":"Los ni\u00f1os y ni\u00f1as de los cursos m\u00e1s peque\u00f1os del ciclo de Educaci\u00f3n Parvularia (Jard\u00edn infantil), dieron vida a una exposici\u00f3n llena de creatividad y magia. Durante todo el mes de mayo, prepararon en equipo y junto a sus profesoras Miss Joanna, Miss Fernanda, Miss Daniela y Miss Nadia, una serie de criaturas marinas utilizando [&hellip;]","og_url":"https:\/\/www.pumahue.cl\/curauma\/noticias\/proyecto-campur-jardin-a-y-b-exposicion-del-mes-del-mar\/","og_site_name":"Colegio Pumahue Curauma","article_publisher":"http:\/\/www.facebook.com\/ColegiosPumahue","article_published_time":"2022-06-07T19:42:28+00:00","og_image":[{"width":512,"height":512,"url":"https:\/\/www.pumahue.cl\/curauma\/wp-content\/uploads\/sites\/48\/2025\/02\/cropped-logo_Pumahue_.png","type":"image\/png"}],"author":"jorgedelcampo","twitter_card":"summary_large_image","twitter_misc":{"Escrito por":"jorgedelcampo","Tiempo de lectura":"1 minuto"},"schema":{"@context":"https:\/\/schema.org","@graph":[{"@type":"Article","@id":"https:\/\/www.pumahue.cl\/curauma\/noticias\/proyecto-campur-jardin-a-y-b-exposicion-del-mes-del-mar\/#article","isPartOf":{"@id":"https:\/\/www.pumahue.cl\/curauma\/noticias\/proyecto-campur-jardin-a-y-b-exposicion-del-mes-del-mar\/"},"author":{"name":"jorgedelcampo","@id":"https:\/\/www.pumahue.cl\/curauma\/#\/schema\/person\/0debeea140e397b5d490ee7e553255d8"},"headline":"Proyecto CAMPUR Jard\u00edn A y B: \u00a1Exposici\u00f3n del Mes del Mar \u00a0\u2122\u00a1!","datePublished":"2022-06-07T19:42:28+00:00","mainEntityOfPage":{"@id":"https:\/\/www.pumahue.cl\/curauma\/noticias\/proyecto-campur-jardin-a-y-b-exposicion-del-mes-del-mar\/"},"wordCount":146,"commentCount":0,"publisher":{"@id":"https:\/\/www.pumahue.cl\/curauma\/#organization"},"image":{"@id":"https:\/\/www.pumahue.cl\/curauma\/noticias\/proyecto-campur-jardin-a-y-b-exposicion-del-mes-del-mar\/#primaryimage"},"thumbnailUrl":"https:\/\/www.pumahue.cl\/curauma\/wp-content\/uploads\/sites\/48\/2022\/06\/marparvulocurauma5.jpg","articleSection":["Vida escolar"],"inLanguage":"es","potentialAction":[{"@type":"CommentAction","name":"Comment","target":["https:\/\/www.pumahue.cl\/curauma\/noticias\/proyecto-campur-jardin-a-y-b-exposicion-del-mes-del-mar\/#respond"]}]},{"@type":"WebPage","@id":"https:\/\/www.pumahue.cl\/curauma\/noticias\/proyecto-campur-jardin-a-y-b-exposicion-del-mes-del-mar\/","url":"https:\/\/www.pumahue.cl\/curauma\/noticias\/proyecto-campur-jardin-a-y-b-exposicion-del-mes-del-mar\/","name":"Proyecto CAMPUR Jard\u00edn A y B: \u00a1Exposici\u00f3n del Mes del Mar \u00a0\u2122\u00a1! - Colegio Pumahue Curauma","isPartOf":{"@id":"https:\/\/www.pumahue.cl\/curauma\/#website"},"primaryImageOfPage":{"@id":"https:\/\/www.pumahue.cl\/curauma\/noticias\/proyecto-campur-jardin-a-y-b-exposicion-del-mes-del-mar\/#primaryimage"},"image":{"@id":"https:\/\/www.pumahue.cl\/curauma\/noticias\/proyecto-campur-jardin-a-y-b-exposicion-del-mes-del-mar\/#primaryimage"},"thumbnailUrl":"https:\/\/www.pumahue.cl\/curauma\/wp-content\/uploads\/sites\/48\/2022\/06\/marparvulocurauma5.jpg","datePublished":"2022-06-07T19:42:28+00:00","breadcrumb":{"@id":"https:\/\/www.pumahue.cl\/curauma\/noticias\/proyecto-campur-jardin-a-y-b-exposicion-del-mes-del-mar\/#breadcrumb"},"inLanguage":"es","potentialAction":[{"@type":"ReadAction","target":["https:\/\/www.pumahue.cl\/curauma\/noticias\/proyecto-campur-jardin-a-y-b-exposicion-del-mes-del-mar\/"]}]},{"@type":"ImageObject","inLanguage":"es","@id":"https:\/\/www.pumahue.cl\/curauma\/noticias\/proyecto-campur-jardin-a-y-b-exposicion-del-mes-del-mar\/#primaryimage","url":"https:\/\/www.pumahue.cl\/curauma\/wp-content\/uploads\/sites\/48\/2022\/06\/marparvulocurauma5.jpg","contentUrl":"https:\/\/www.pumahue.cl\/curauma\/wp-content\/uploads\/sites\/48\/2022\/06\/marparvulocurauma5.jpg","width":836,"height":523},{"@type":"BreadcrumbList","@id":"https:\/\/www.pumahue.cl\/curauma\/noticias\/proyecto-campur-jardin-a-y-b-exposicion-del-mes-del-mar\/#breadcrumb","itemListElement":[{"@type":"ListItem","position":1,"name":"Home","item":"https:\/\/www.pumahue.cl\/curauma\/"},{"@type":"ListItem","position":2,"name":"Proyecto CAMPUR Jard\u00edn A y B: \u00a1Exposici\u00f3n del Mes del Mar \u00a0\u2122\u00a1!"}]},{"@type":"WebSite","@id":"https:\/\/www.pumahue.cl\/curauma\/#website","url":"https:\/\/www.pumahue.cl\/curauma\/","name":"Colegio Pumahue Curauma","description":"Parte de Cognita Schools","publisher":{"@id":"https:\/\/www.pumahue.cl\/curauma\/#organization"},"potentialAction":[{"@type":"SearchAction","target":{"@type":"EntryPoint","urlTemplate":"https:\/\/www.pumahue.cl\/curauma\/?s={search_term_string}"},"query-input":{"@type":"PropertyValueSpecification","valueRequired":true,"valueName":"search_term_string"}}],"inLanguage":"es"},{"@type":"Organization","@id":"https:\/\/www.pumahue.cl\/curauma\/#organization","name":"Colegio Pumahue Curauma","url":"https:\/\/www.pumahue.cl\/curauma\/","logo":{"@type":"ImageObject","inLanguage":"es","@id":"https:\/\/www.pumahue.cl\/curauma\/#\/schema\/logo\/image\/","url":"https:\/\/www.pumahue.cl\/curauma\/wp-content\/uploads\/sites\/48\/2025\/02\/cropped-logo_Pumahue_.png","contentUrl":"https:\/\/www.pumahue.cl\/curauma\/wp-content\/uploads\/sites\/48\/2025\/02\/cropped-logo_Pumahue_.png","width":512,"height":512,"caption":"Colegio Pumahue Curauma"},"image":{"@id":"https:\/\/www.pumahue.cl\/curauma\/#\/schema\/logo\/image\/"},"sameAs":["http:\/\/www.facebook.com\/ColegiosPumahue","https:\/\/www.youtube.com\/@CognitaChile"]},{"@type":"Person","@id":"https:\/\/www.pumahue.cl\/curauma\/#\/schema\/person\/0debeea140e397b5d490ee7e553255d8","name":"jorgedelcampo","image":{"@type":"ImageObject","inLanguage":"es","@id":"https:\/\/www.pumahue.cl\/curauma\/#\/schema\/person\/image\/","url":"https:\/\/secure.gravatar.com\/avatar\/4a315f521213b2dc91dbda9bf799f711c8a98ab6f5606ec42cf5b33d1e762e8a?s=96&d=mm&r=g","contentUrl":"https:\/\/secure.gravatar.com\/avatar\/4a315f521213b2dc91dbda9bf799f711c8a98ab6f5606ec42cf5b33d1e762e8a?s=96&d=mm&r=g","caption":"jorgedelcampo"}}]}},"jetpack_featured_media_url":"https:\/\/www.pumahue.cl\/curauma\/wp-content\/uploads\/sites\/48\/2022\/06\/marparvulocurauma5.jpg","previous_post_ID":12856,"previous_post_title":"#MesdelaSeguridad: \u00a1Bomberos visita nuestro colegio! \u2019\u00a4","previous_post_excerpt":"En el marco de las diversas actividades celebradas en torno al Mes de la Seguridad, recibimos la visita de las 9a y 13a Compa\u00f1\u00edas de Bomberos de Placilla, Valpara\u00edso. Durante su estad\u00eda en nuestro Colegio Pumahue Curauma, las brigadas compartieron sus conocimientos con estudiantes de Educaci\u00f3n B\u00e1sica y Media. Adem\u00e1s, los invitaron a conocer los [&hellip;]","previous_post_link":"https:\/\/www.pumahue.cl\/curauma\/noticias\/bomberos-visita-nuestro-colegio\/","previous_post_class":["post-12856","post","type-post","status-publish","format-standard","has-post-thumbnail","hentry","category-vida-escolar"],"next_post_ID":12904,"next_post_title":"Acto del D\u00eda del Mar","next_post_excerpt":"Como cierre del Mes del Mar y en conmemoraci\u00f3n de la importancia de reconocer nuestros recursos naturales, los ni\u00f1os y ni\u00f1as de Educaci\u00f3n Parvularia celebraron un acto protocolar enmarcado en esta celebraci\u00f3n.\u00a0En esta instancia, cantaron los himnos m\u00e1s importantes y escucharon los poemas que algunos de ellos\/as prepararon con cari\u00f1o. Destacamos a Vicente Cepeda PKA, [&hellip;]","next_post_link":"https:\/\/www.pumahue.cl\/curauma\/noticias\/acto-del-dia-del-mar-%e2%9a%93\/","next_post_class":["post-12904","post","type-post","status-publish","format-standard","has-post-thumbnail","hentry","category-vida-escolar"],"jetpack_sharing_enabled":true,"_links":{"self":[{"href":"https:\/\/www.pumahue.cl\/curauma\/wp-json\/wp\/v2\/posts\/12884","targetHints":{"allow":["GET"]}}],"collection":[{"href":"https:\/\/www.pumahue.cl\/curauma\/wp-json\/wp\/v2\/posts"}],"about":[{"href":"https:\/\/www.pumahue.cl\/curauma\/wp-json\/wp\/v2\/types\/post"}],"author":[{"embeddable":true,"href":"https:\/\/www.pumahue.cl\/curauma\/wp-json\/wp\/v2\/users\/14"}],"replies":[{"embeddable":true,"href":"https:\/\/www.pumahue.cl\/curauma\/wp-json\/wp\/v2\/comments?post=12884"}],"version-history":[{"count":0,"href":"https:\/\/www.pumahue.cl\/curauma\/wp-json\/wp\/v2\/posts\/12884\/revisions"}],"wp:featuredmedia":[{"embeddable":true,"href":"https:\/\/www.pumahue.cl\/curauma\/wp-json\/wp\/v2\/media\/12898"}],"wp:attachment":[{"href":"https:\/\/www.pumahue.cl\/curauma\/wp-json\/wp\/v2\/media?parent=12884"}],"wp:term":[{"taxonomy":"category","embeddable":true,"href":"https:\/\/www.pumahue.cl\/curauma\/wp-json\/wp\/v2\/categories?post=12884"},{"taxonomy":"post_tag","embeddable":true,"href":"https:\/\/www.pumahue.cl\/curauma\/wp-json\/wp\/v2\/tags?post=12884"}],"curies":[{"name":"wp","href":"https:\/\/api.w.org\/{rel}","templated":true}]}}