{"id":13340,"date":"2022-07-04T11:17:57","date_gmt":"2022-07-04T15:17:57","guid":{"rendered":"http:\/\/pumahue.cl\/curauma\/?p=13340"},"modified":"2022-07-04T11:17:57","modified_gmt":"2022-07-04T15:17:57","slug":"horario-de-atencion-a-publico-periodo-vacaciones-de-invierno","status":"publish","type":"post","link":"https:\/\/www.pumahue.cl\/curauma\/noticias\/horario-de-atencion-a-publico-periodo-vacaciones-de-invierno\/","title":{"rendered":"Horario de atenci\u00f3n a p\u00fablico \u201d Per\u00edodo vacaciones de invierno"},"content":{"rendered":"<p>Informamos a nuestra comunidad que durante el per\u00edodo de vacaciones de invierno, nuestras oficinas administrativas se encontrar\u00e1n operativas en el siguiente horario:<\/p>\n<p><strong>A\u00a0partir del lunes 4 de julio hasta el viernes 22 de julio\u00a0<u>el horario\u00a0de atenci\u00f3n a p\u00fablico ser\u00e1 de 9:00 a 16:00 horas.<\/u><\/strong><\/p>\n<p>En el caso de Admisi\u00f3n, por favor, pedir cita en el siguiente link:\u00a0<a href=\"https:\/\/outlook.office365.com\/owa\/calendar\/Admisin20211@cognita.com\/bookings\/\">https:\/\/outlook.office365.com\/owa\/calendar\/Admisin20211@cognita.com\/bookings\/\u00a0<\/a><\/p>\n"},"excerpt":{"rendered":"<p>Informamos a nuestra comunidad que durante el per\u00edodo de vacaciones de invierno, nuestras oficinas administrativas se encontrar\u00e1n operativas en el siguiente horario: A\u00a0partir del lunes 4 de julio hasta el viernes 22 de julio\u00a0el horario\u00a0de atenci\u00f3n a p\u00fablico ser\u00e1 de 9:00 a 16:00 horas. En el caso de Admisi\u00f3n, por favor, pedir cita en el [&hellip;]<\/p>\n","protected":false},"author":14,"featured_media":13341,"comment_status":"open","ping_status":"open","sticky":false,"template":"","format":"standard","meta":{"_acf_changed":false,"content-type":"","_jetpack_memberships_contains_paid_content":false,"footnotes":""},"categories":[1],"tags":[],"class_list":["post-13340","post","type-post","status-publish","format-standard","has-post-thumbnail","hentry","category-vida-escolar"],"acf":[],"yoast_head":"<!-- This site is optimized with the Yoast SEO plugin v27.1.1 - https:\/\/yoast.com\/product\/yoast-seo-wordpress\/ -->\n<title>Horario de atenci\u00f3n a p\u00fablico \u201d Per\u00edodo vacaciones de invierno - Colegio Pumahue Curauma<\/title>\n<meta name=\"robots\" content=\"index, follow, max-snippet:-1, max-image-preview:large, max-video-preview:-1\" \/>\n<link rel=\"canonical\" href=\"https:\/\/www.pumahue.cl\/curauma\/noticias\/horario-de-atencion-a-publico-periodo-vacaciones-de-invierno\/\" \/>\n<meta property=\"og:locale\" content=\"es_ES\" \/>\n<meta property=\"og:type\" content=\"article\" \/>\n<meta property=\"og:title\" content=\"Horario de atenci\u00f3n a p\u00fablico \u201d Per\u00edodo vacaciones de invierno - Colegio Pumahue Curauma\" \/>\n<meta property=\"og:description\" content=\"Informamos a nuestra comunidad que durante el per\u00edodo de vacaciones de invierno, nuestras oficinas administrativas se encontrar\u00e1n operativas en el siguiente horario: A\u00a0partir del lunes 4 de julio hasta el viernes 22 de julio\u00a0el horario\u00a0de atenci\u00f3n a p\u00fablico ser\u00e1 de 9:00 a 16:00 horas. En el caso de Admisi\u00f3n, por favor, pedir cita en el [&hellip;]\" \/>\n<meta property=\"og:url\" content=\"https:\/\/www.pumahue.cl\/curauma\/noticias\/horario-de-atencion-a-publico-periodo-vacaciones-de-invierno\/\" \/>\n<meta property=\"og:site_name\" content=\"Colegio Pumahue Curauma\" \/>\n<meta property=\"article:publisher\" content=\"http:\/\/www.facebook.com\/ColegiosPumahue\" \/>\n<meta property=\"article:published_time\" content=\"2022-07-04T15:17:57+00:00\" \/>\n<meta property=\"og:image\" content=\"https:\/\/www.pumahue.cl\/curauma\/wp-content\/uploads\/sites\/48\/2025\/02\/cropped-logo_Pumahue_.png\" \/>\n\t<meta property=\"og:image:width\" content=\"512\" \/>\n\t<meta property=\"og:image:height\" content=\"512\" \/>\n\t<meta property=\"og:image:type\" content=\"image\/png\" \/>\n<meta name=\"author\" content=\"jorgedelcampo\" \/>\n<meta name=\"twitter:card\" content=\"summary_large_image\" \/>\n<meta name=\"twitter:label1\" content=\"Escrito por\" \/>\n\t<meta name=\"twitter:data1\" content=\"jorgedelcampo\" \/>\n<script type=\"application\/ld+json\" class=\"yoast-schema-graph\">{\"@context\":\"https:\/\/schema.org\",\"@graph\":[{\"@type\":\"Article\",\"@id\":\"https:\/\/www.pumahue.cl\/curauma\/noticias\/horario-de-atencion-a-publico-periodo-vacaciones-de-invierno\/#article\",\"isPartOf\":{\"@id\":\"https:\/\/www.pumahue.cl\/curauma\/noticias\/horario-de-atencion-a-publico-periodo-vacaciones-de-invierno\/\"},\"author\":{\"name\":\"jorgedelcampo\",\"@id\":\"https:\/\/www.pumahue.cl\/curauma\/#\/schema\/person\/0debeea140e397b5d490ee7e553255d8\"},\"headline\":\"Horario de atenci\u00f3n a p\u00fablico \u201d Per\u00edodo vacaciones de invierno\",\"datePublished\":\"2022-07-04T15:17:57+00:00\",\"mainEntityOfPage\":{\"@id\":\"https:\/\/www.pumahue.cl\/curauma\/noticias\/horario-de-atencion-a-publico-periodo-vacaciones-de-invierno\/\"},\"wordCount\":83,\"commentCount\":0,\"publisher\":{\"@id\":\"https:\/\/www.pumahue.cl\/curauma\/#organization\"},\"image\":{\"@id\":\"https:\/\/www.pumahue.cl\/curauma\/noticias\/horario-de-atencion-a-publico-periodo-vacaciones-de-invierno\/#primaryimage\"},\"thumbnailUrl\":\"\",\"articleSection\":[\"Vida escolar\"],\"inLanguage\":\"es\",\"potentialAction\":[{\"@type\":\"CommentAction\",\"name\":\"Comment\",\"target\":[\"https:\/\/www.pumahue.cl\/curauma\/noticias\/horario-de-atencion-a-publico-periodo-vacaciones-de-invierno\/#respond\"]}]},{\"@type\":\"WebPage\",\"@id\":\"https:\/\/www.pumahue.cl\/curauma\/noticias\/horario-de-atencion-a-publico-periodo-vacaciones-de-invierno\/\",\"url\":\"https:\/\/www.pumahue.cl\/curauma\/noticias\/horario-de-atencion-a-publico-periodo-vacaciones-de-invierno\/\",\"name\":\"Horario de atenci\u00f3n a p\u00fablico \u201d Per\u00edodo vacaciones de invierno - Colegio Pumahue Curauma\",\"isPartOf\":{\"@id\":\"https:\/\/www.pumahue.cl\/curauma\/#website\"},\"primaryImageOfPage\":{\"@id\":\"https:\/\/www.pumahue.cl\/curauma\/noticias\/horario-de-atencion-a-publico-periodo-vacaciones-de-invierno\/#primaryimage\"},\"image\":{\"@id\":\"https:\/\/www.pumahue.cl\/curauma\/noticias\/horario-de-atencion-a-publico-periodo-vacaciones-de-invierno\/#primaryimage\"},\"thumbnailUrl\":\"\",\"datePublished\":\"2022-07-04T15:17:57+00:00\",\"breadcrumb\":{\"@id\":\"https:\/\/www.pumahue.cl\/curauma\/noticias\/horario-de-atencion-a-publico-periodo-vacaciones-de-invierno\/#breadcrumb\"},\"inLanguage\":\"es\",\"potentialAction\":[{\"@type\":\"ReadAction\",\"target\":[\"https:\/\/www.pumahue.cl\/curauma\/noticias\/horario-de-atencion-a-publico-periodo-vacaciones-de-invierno\/\"]}]},{\"@type\":\"ImageObject\",\"inLanguage\":\"es\",\"@id\":\"https:\/\/www.pumahue.cl\/curauma\/noticias\/horario-de-atencion-a-publico-periodo-vacaciones-de-invierno\/#primaryimage\",\"url\":\"\",\"contentUrl\":\"\"},{\"@type\":\"BreadcrumbList\",\"@id\":\"https:\/\/www.pumahue.cl\/curauma\/noticias\/horario-de-atencion-a-publico-periodo-vacaciones-de-invierno\/#breadcrumb\",\"itemListElement\":[{\"@type\":\"ListItem\",\"position\":1,\"name\":\"Home\",\"item\":\"https:\/\/www.pumahue.cl\/curauma\/\"},{\"@type\":\"ListItem\",\"position\":2,\"name\":\"Horario de atenci\u00f3n a p\u00fablico \u201d Per\u00edodo vacaciones de invierno\"}]},{\"@type\":\"WebSite\",\"@id\":\"https:\/\/www.pumahue.cl\/curauma\/#website\",\"url\":\"https:\/\/www.pumahue.cl\/curauma\/\",\"name\":\"Colegio Pumahue Curauma\",\"description\":\"Parte de Cognita Schools\",\"publisher\":{\"@id\":\"https:\/\/www.pumahue.cl\/curauma\/#organization\"},\"potentialAction\":[{\"@type\":\"SearchAction\",\"target\":{\"@type\":\"EntryPoint\",\"urlTemplate\":\"https:\/\/www.pumahue.cl\/curauma\/?s={search_term_string}\"},\"query-input\":{\"@type\":\"PropertyValueSpecification\",\"valueRequired\":true,\"valueName\":\"search_term_string\"}}],\"inLanguage\":\"es\"},{\"@type\":\"Organization\",\"@id\":\"https:\/\/www.pumahue.cl\/curauma\/#organization\",\"name\":\"Colegio Pumahue Curauma\",\"url\":\"https:\/\/www.pumahue.cl\/curauma\/\",\"logo\":{\"@type\":\"ImageObject\",\"inLanguage\":\"es\",\"@id\":\"https:\/\/www.pumahue.cl\/curauma\/#\/schema\/logo\/image\/\",\"url\":\"https:\/\/www.pumahue.cl\/curauma\/wp-content\/uploads\/sites\/48\/2025\/02\/cropped-logo_Pumahue_.png\",\"contentUrl\":\"https:\/\/www.pumahue.cl\/curauma\/wp-content\/uploads\/sites\/48\/2025\/02\/cropped-logo_Pumahue_.png\",\"width\":512,\"height\":512,\"caption\":\"Colegio Pumahue Curauma\"},\"image\":{\"@id\":\"https:\/\/www.pumahue.cl\/curauma\/#\/schema\/logo\/image\/\"},\"sameAs\":[\"http:\/\/www.facebook.com\/ColegiosPumahue\",\"https:\/\/www.youtube.com\/@CognitaChile\"]},{\"@type\":\"Person\",\"@id\":\"https:\/\/www.pumahue.cl\/curauma\/#\/schema\/person\/0debeea140e397b5d490ee7e553255d8\",\"name\":\"jorgedelcampo\",\"image\":{\"@type\":\"ImageObject\",\"inLanguage\":\"es\",\"@id\":\"https:\/\/www.pumahue.cl\/curauma\/#\/schema\/person\/image\/\",\"url\":\"https:\/\/secure.gravatar.com\/avatar\/4a315f521213b2dc91dbda9bf799f711c8a98ab6f5606ec42cf5b33d1e762e8a?s=96&d=mm&r=g\",\"contentUrl\":\"https:\/\/secure.gravatar.com\/avatar\/4a315f521213b2dc91dbda9bf799f711c8a98ab6f5606ec42cf5b33d1e762e8a?s=96&d=mm&r=g\",\"caption\":\"jorgedelcampo\"}}]}<\/script>\n<!-- \/ Yoast SEO plugin. -->","yoast_head_json":{"title":"Horario de atenci\u00f3n a p\u00fablico \u201d Per\u00edodo vacaciones de invierno - Colegio Pumahue Curauma","robots":{"index":"index","follow":"follow","max-snippet":"max-snippet:-1","max-image-preview":"max-image-preview:large","max-video-preview":"max-video-preview:-1"},"canonical":"https:\/\/www.pumahue.cl\/curauma\/noticias\/horario-de-atencion-a-publico-periodo-vacaciones-de-invierno\/","og_locale":"es_ES","og_type":"article","og_title":"Horario de atenci\u00f3n a p\u00fablico \u201d Per\u00edodo vacaciones de invierno - Colegio Pumahue Curauma","og_description":"Informamos a nuestra comunidad que durante el per\u00edodo de vacaciones de invierno, nuestras oficinas administrativas se encontrar\u00e1n operativas en el siguiente horario: A\u00a0partir del lunes 4 de julio hasta el viernes 22 de julio\u00a0el horario\u00a0de atenci\u00f3n a p\u00fablico ser\u00e1 de 9:00 a 16:00 horas. En el caso de Admisi\u00f3n, por favor, pedir cita en el [&hellip;]","og_url":"https:\/\/www.pumahue.cl\/curauma\/noticias\/horario-de-atencion-a-publico-periodo-vacaciones-de-invierno\/","og_site_name":"Colegio Pumahue Curauma","article_publisher":"http:\/\/www.facebook.com\/ColegiosPumahue","article_published_time":"2022-07-04T15:17:57+00:00","og_image":[{"width":512,"height":512,"url":"https:\/\/www.pumahue.cl\/curauma\/wp-content\/uploads\/sites\/48\/2025\/02\/cropped-logo_Pumahue_.png","type":"image\/png"}],"author":"jorgedelcampo","twitter_card":"summary_large_image","twitter_misc":{"Escrito por":"jorgedelcampo"},"schema":{"@context":"https:\/\/schema.org","@graph":[{"@type":"Article","@id":"https:\/\/www.pumahue.cl\/curauma\/noticias\/horario-de-atencion-a-publico-periodo-vacaciones-de-invierno\/#article","isPartOf":{"@id":"https:\/\/www.pumahue.cl\/curauma\/noticias\/horario-de-atencion-a-publico-periodo-vacaciones-de-invierno\/"},"author":{"name":"jorgedelcampo","@id":"https:\/\/www.pumahue.cl\/curauma\/#\/schema\/person\/0debeea140e397b5d490ee7e553255d8"},"headline":"Horario de atenci\u00f3n a p\u00fablico \u201d Per\u00edodo vacaciones de invierno","datePublished":"2022-07-04T15:17:57+00:00","mainEntityOfPage":{"@id":"https:\/\/www.pumahue.cl\/curauma\/noticias\/horario-de-atencion-a-publico-periodo-vacaciones-de-invierno\/"},"wordCount":83,"commentCount":0,"publisher":{"@id":"https:\/\/www.pumahue.cl\/curauma\/#organization"},"image":{"@id":"https:\/\/www.pumahue.cl\/curauma\/noticias\/horario-de-atencion-a-publico-periodo-vacaciones-de-invierno\/#primaryimage"},"thumbnailUrl":"","articleSection":["Vida escolar"],"inLanguage":"es","potentialAction":[{"@type":"CommentAction","name":"Comment","target":["https:\/\/www.pumahue.cl\/curauma\/noticias\/horario-de-atencion-a-publico-periodo-vacaciones-de-invierno\/#respond"]}]},{"@type":"WebPage","@id":"https:\/\/www.pumahue.cl\/curauma\/noticias\/horario-de-atencion-a-publico-periodo-vacaciones-de-invierno\/","url":"https:\/\/www.pumahue.cl\/curauma\/noticias\/horario-de-atencion-a-publico-periodo-vacaciones-de-invierno\/","name":"Horario de atenci\u00f3n a p\u00fablico \u201d Per\u00edodo vacaciones de invierno - Colegio Pumahue Curauma","isPartOf":{"@id":"https:\/\/www.pumahue.cl\/curauma\/#website"},"primaryImageOfPage":{"@id":"https:\/\/www.pumahue.cl\/curauma\/noticias\/horario-de-atencion-a-publico-periodo-vacaciones-de-invierno\/#primaryimage"},"image":{"@id":"https:\/\/www.pumahue.cl\/curauma\/noticias\/horario-de-atencion-a-publico-periodo-vacaciones-de-invierno\/#primaryimage"},"thumbnailUrl":"","datePublished":"2022-07-04T15:17:57+00:00","breadcrumb":{"@id":"https:\/\/www.pumahue.cl\/curauma\/noticias\/horario-de-atencion-a-publico-periodo-vacaciones-de-invierno\/#breadcrumb"},"inLanguage":"es","potentialAction":[{"@type":"ReadAction","target":["https:\/\/www.pumahue.cl\/curauma\/noticias\/horario-de-atencion-a-publico-periodo-vacaciones-de-invierno\/"]}]},{"@type":"ImageObject","inLanguage":"es","@id":"https:\/\/www.pumahue.cl\/curauma\/noticias\/horario-de-atencion-a-publico-periodo-vacaciones-de-invierno\/#primaryimage","url":"","contentUrl":""},{"@type":"BreadcrumbList","@id":"https:\/\/www.pumahue.cl\/curauma\/noticias\/horario-de-atencion-a-publico-periodo-vacaciones-de-invierno\/#breadcrumb","itemListElement":[{"@type":"ListItem","position":1,"name":"Home","item":"https:\/\/www.pumahue.cl\/curauma\/"},{"@type":"ListItem","position":2,"name":"Horario de atenci\u00f3n a p\u00fablico \u201d Per\u00edodo vacaciones de invierno"}]},{"@type":"WebSite","@id":"https:\/\/www.pumahue.cl\/curauma\/#website","url":"https:\/\/www.pumahue.cl\/curauma\/","name":"Colegio Pumahue Curauma","description":"Parte de Cognita Schools","publisher":{"@id":"https:\/\/www.pumahue.cl\/curauma\/#organization"},"potentialAction":[{"@type":"SearchAction","target":{"@type":"EntryPoint","urlTemplate":"https:\/\/www.pumahue.cl\/curauma\/?s={search_term_string}"},"query-input":{"@type":"PropertyValueSpecification","valueRequired":true,"valueName":"search_term_string"}}],"inLanguage":"es"},{"@type":"Organization","@id":"https:\/\/www.pumahue.cl\/curauma\/#organization","name":"Colegio Pumahue Curauma","url":"https:\/\/www.pumahue.cl\/curauma\/","logo":{"@type":"ImageObject","inLanguage":"es","@id":"https:\/\/www.pumahue.cl\/curauma\/#\/schema\/logo\/image\/","url":"https:\/\/www.pumahue.cl\/curauma\/wp-content\/uploads\/sites\/48\/2025\/02\/cropped-logo_Pumahue_.png","contentUrl":"https:\/\/www.pumahue.cl\/curauma\/wp-content\/uploads\/sites\/48\/2025\/02\/cropped-logo_Pumahue_.png","width":512,"height":512,"caption":"Colegio Pumahue Curauma"},"image":{"@id":"https:\/\/www.pumahue.cl\/curauma\/#\/schema\/logo\/image\/"},"sameAs":["http:\/\/www.facebook.com\/ColegiosPumahue","https:\/\/www.youtube.com\/@CognitaChile"]},{"@type":"Person","@id":"https:\/\/www.pumahue.cl\/curauma\/#\/schema\/person\/0debeea140e397b5d490ee7e553255d8","name":"jorgedelcampo","image":{"@type":"ImageObject","inLanguage":"es","@id":"https:\/\/www.pumahue.cl\/curauma\/#\/schema\/person\/image\/","url":"https:\/\/secure.gravatar.com\/avatar\/4a315f521213b2dc91dbda9bf799f711c8a98ab6f5606ec42cf5b33d1e762e8a?s=96&d=mm&r=g","contentUrl":"https:\/\/secure.gravatar.com\/avatar\/4a315f521213b2dc91dbda9bf799f711c8a98ab6f5606ec42cf5b33d1e762e8a?s=96&d=mm&r=g","caption":"jorgedelcampo"}}]}},"jetpack_featured_media_url":"","previous_post_ID":13326,"previous_post_title":"Colegio Pumahue Curauma recibi\u00f3 Certificaci\u00f3n Ambiental de Excelencia del Ministerio del Medio Ambiente","previous_post_excerpt":"Durante una ceremonia realizada en el Palacio Rioja de Vi\u00f1a del Mar, nuestro Colegio Pumahue Curauma recibi\u00f3 la entrega de la certificaci\u00f3n de excelencia ambiental que otorga el Ministerio del Medio Ambiente. Este importante reconocimiento fue entregado por las Serem\u00edas Regionales de Medio Ambiente y Educaci\u00f3n a nuestras representantes, Miss Alejandra Guti\u00e9rrez, Directora de Educaci\u00f3n [&hellip;]","previous_post_link":"https:\/\/www.pumahue.cl\/curauma\/noticias\/colegio-pumahue-curauma-recibio-certificacion-ambiental-de-excelencia-del-ministerio-del-medio-ambiente\/","previous_post_class":["post-13326","post","type-post","status-publish","format-standard","has-post-thumbnail","hentry","category-vida-escolar"],"next_post_ID":13343,"next_post_title":"\u00a1Revisa nuestras ceremonias de cierre de la academia Craft and\u00a0Cooking!","next_post_excerpt":"Durante el primer semestre, nuestros peque\u00f1os y peque\u00f1as chefs de la academia Craft and Cooking, desarrollaron diferentes recetas deliciosas para compartir con sus pares y familias. Es por ello que para dar cierre a esta entretenida clase de cocina, brindaron una exhibici\u00f3n con sus mejores platos para sus padres y madres. Algunos de los platos [&hellip;]","next_post_link":"https:\/\/www.pumahue.cl\/curauma\/noticias\/revisa-nuestras-ceremonias-de-cierre-de-la-academia-craft-and-cooking\/","next_post_class":["post-13343","post","type-post","status-publish","format-standard","has-post-thumbnail","hentry","category-vida-escolar"],"jetpack_sharing_enabled":true,"_links":{"self":[{"href":"https:\/\/www.pumahue.cl\/curauma\/wp-json\/wp\/v2\/posts\/13340","targetHints":{"allow":["GET"]}}],"collection":[{"href":"https:\/\/www.pumahue.cl\/curauma\/wp-json\/wp\/v2\/posts"}],"about":[{"href":"https:\/\/www.pumahue.cl\/curauma\/wp-json\/wp\/v2\/types\/post"}],"author":[{"embeddable":true,"href":"https:\/\/www.pumahue.cl\/curauma\/wp-json\/wp\/v2\/users\/14"}],"replies":[{"embeddable":true,"href":"https:\/\/www.pumahue.cl\/curauma\/wp-json\/wp\/v2\/comments?post=13340"}],"version-history":[{"count":0,"href":"https:\/\/www.pumahue.cl\/curauma\/wp-json\/wp\/v2\/posts\/13340\/revisions"}],"wp:featuredmedia":[{"embeddable":true,"href":"https:\/\/www.pumahue.cl\/curauma\/wp-json\/"}],"wp:attachment":[{"href":"https:\/\/www.pumahue.cl\/curauma\/wp-json\/wp\/v2\/media?parent=13340"}],"wp:term":[{"taxonomy":"category","embeddable":true,"href":"https:\/\/www.pumahue.cl\/curauma\/wp-json\/wp\/v2\/categories?post=13340"},{"taxonomy":"post_tag","embeddable":true,"href":"https:\/\/www.pumahue.cl\/curauma\/wp-json\/wp\/v2\/tags?post=13340"}],"curies":[{"name":"wp","href":"https:\/\/api.w.org\/{rel}","templated":true}]}}