{"id":13343,"date":"2022-07-04T16:04:24","date_gmt":"2022-07-04T20:04:24","guid":{"rendered":"http:\/\/pumahue.cl\/curauma\/?p=13343"},"modified":"2022-07-04T16:04:24","modified_gmt":"2022-07-04T20:04:24","slug":"revisa-nuestras-ceremonias-de-cierre-de-la-academia-craft-and-cooking","status":"publish","type":"post","link":"https:\/\/www.pumahue.cl\/curauma\/noticias\/revisa-nuestras-ceremonias-de-cierre-de-la-academia-craft-and-cooking\/","title":{"rendered":"\u00a1Revisa nuestras ceremonias de cierre de la academia Craft and\u00a0Cooking!"},"content":{"rendered":"<p>Durante el primer semestre, nuestros peque\u00f1os y peque\u00f1as chefs de la academia Craft and Cooking, desarrollaron diferentes recetas deliciosas para compartir con sus pares y familias. Es por ello que para dar cierre a esta entretenida clase de cocina, brindaron una exhibici\u00f3n con sus mejores platos para sus padres y madres.<\/p>\n<p>Algunos de los platos en escena fueron cupcakes, waffles dulces, sushi balls y rollitos dulces de pl\u00e1tano. Adem\u00e1s, para destacar su aprendizaje y participaci\u00f3n durante el semestre, Miss Estefani Giraldo dio entrega de diplomas &#8220;Little Chefs&#8221;.<\/p>\n<p><strong>\u00a1Felicitaciones a nuestras y nuestros cocineros y agradecemos el apoyo de sus familias y Miss Estefi en esta l\u00fadica actividad!\u00a0<\/strong><\/p>\n<p class=\"x_elementToProof\">\n"},"excerpt":{"rendered":"<p>Durante el primer semestre, nuestros peque\u00f1os y peque\u00f1as chefs de la academia Craft and Cooking, desarrollaron diferentes recetas deliciosas para compartir con sus pares y familias. Es por ello que para dar cierre a esta entretenida clase de cocina, brindaron una exhibici\u00f3n con sus mejores platos para sus padres y madres. Algunos de los platos [&hellip;]<\/p>\n","protected":false},"author":14,"featured_media":13358,"comment_status":"open","ping_status":"open","sticky":false,"template":"","format":"standard","meta":{"_acf_changed":false,"content-type":"","_jetpack_memberships_contains_paid_content":false,"footnotes":""},"categories":[1],"tags":[],"class_list":["post-13343","post","type-post","status-publish","format-standard","has-post-thumbnail","hentry","category-vida-escolar"],"acf":[],"yoast_head":"<!-- This site is optimized with the Yoast SEO plugin v27.1.1 - https:\/\/yoast.com\/product\/yoast-seo-wordpress\/ -->\n<title>\u00a1Revisa nuestras ceremonias de cierre de la academia Craft and\u00a0Cooking! - Colegio Pumahue Curauma<\/title>\n<meta name=\"robots\" content=\"index, follow, max-snippet:-1, max-image-preview:large, max-video-preview:-1\" \/>\n<link rel=\"canonical\" href=\"https:\/\/www.pumahue.cl\/curauma\/noticias\/revisa-nuestras-ceremonias-de-cierre-de-la-academia-craft-and-cooking\/\" \/>\n<meta property=\"og:locale\" content=\"es_ES\" \/>\n<meta property=\"og:type\" content=\"article\" \/>\n<meta property=\"og:title\" content=\"\u00a1Revisa nuestras ceremonias de cierre de la academia Craft and\u00a0Cooking! - Colegio Pumahue Curauma\" \/>\n<meta property=\"og:description\" content=\"Durante el primer semestre, nuestros peque\u00f1os y peque\u00f1as chefs de la academia Craft and Cooking, desarrollaron diferentes recetas deliciosas para compartir con sus pares y familias. Es por ello que para dar cierre a esta entretenida clase de cocina, brindaron una exhibici\u00f3n con sus mejores platos para sus padres y madres. Algunos de los platos [&hellip;]\" \/>\n<meta property=\"og:url\" content=\"https:\/\/www.pumahue.cl\/curauma\/noticias\/revisa-nuestras-ceremonias-de-cierre-de-la-academia-craft-and-cooking\/\" \/>\n<meta property=\"og:site_name\" content=\"Colegio Pumahue Curauma\" \/>\n<meta property=\"article:publisher\" content=\"http:\/\/www.facebook.com\/ColegiosPumahue\" \/>\n<meta property=\"article:published_time\" content=\"2022-07-04T20:04:24+00:00\" \/>\n<meta property=\"og:image\" content=\"https:\/\/www.pumahue.cl\/curauma\/wp-content\/uploads\/sites\/48\/2025\/02\/cropped-logo_Pumahue_.png\" \/>\n\t<meta property=\"og:image:width\" content=\"512\" \/>\n\t<meta property=\"og:image:height\" content=\"512\" \/>\n\t<meta property=\"og:image:type\" content=\"image\/png\" \/>\n<meta name=\"author\" content=\"jorgedelcampo\" \/>\n<meta name=\"twitter:card\" content=\"summary_large_image\" \/>\n<meta name=\"twitter:label1\" content=\"Escrito por\" \/>\n\t<meta name=\"twitter:data1\" content=\"jorgedelcampo\" \/>\n\t<meta name=\"twitter:label2\" content=\"Tiempo de lectura\" \/>\n\t<meta name=\"twitter:data2\" content=\"1 minuto\" \/>\n<script type=\"application\/ld+json\" class=\"yoast-schema-graph\">{\"@context\":\"https:\/\/schema.org\",\"@graph\":[{\"@type\":\"Article\",\"@id\":\"https:\/\/www.pumahue.cl\/curauma\/noticias\/revisa-nuestras-ceremonias-de-cierre-de-la-academia-craft-and-cooking\/#article\",\"isPartOf\":{\"@id\":\"https:\/\/www.pumahue.cl\/curauma\/noticias\/revisa-nuestras-ceremonias-de-cierre-de-la-academia-craft-and-cooking\/\"},\"author\":{\"name\":\"jorgedelcampo\",\"@id\":\"https:\/\/www.pumahue.cl\/curauma\/#\/schema\/person\/0debeea140e397b5d490ee7e553255d8\"},\"headline\":\"\u00a1Revisa nuestras ceremonias de cierre de la academia Craft and\u00a0Cooking!\",\"datePublished\":\"2022-07-04T20:04:24+00:00\",\"mainEntityOfPage\":{\"@id\":\"https:\/\/www.pumahue.cl\/curauma\/noticias\/revisa-nuestras-ceremonias-de-cierre-de-la-academia-craft-and-cooking\/\"},\"wordCount\":125,\"commentCount\":0,\"publisher\":{\"@id\":\"https:\/\/www.pumahue.cl\/curauma\/#organization\"},\"image\":{\"@id\":\"https:\/\/www.pumahue.cl\/curauma\/noticias\/revisa-nuestras-ceremonias-de-cierre-de-la-academia-craft-and-cooking\/#primaryimage\"},\"thumbnailUrl\":\"https:\/\/www.pumahue.cl\/curauma\/wp-content\/uploads\/sites\/48\/2022\/07\/foodacademy27.png\",\"articleSection\":[\"Vida escolar\"],\"inLanguage\":\"es\",\"potentialAction\":[{\"@type\":\"CommentAction\",\"name\":\"Comment\",\"target\":[\"https:\/\/www.pumahue.cl\/curauma\/noticias\/revisa-nuestras-ceremonias-de-cierre-de-la-academia-craft-and-cooking\/#respond\"]}]},{\"@type\":\"WebPage\",\"@id\":\"https:\/\/www.pumahue.cl\/curauma\/noticias\/revisa-nuestras-ceremonias-de-cierre-de-la-academia-craft-and-cooking\/\",\"url\":\"https:\/\/www.pumahue.cl\/curauma\/noticias\/revisa-nuestras-ceremonias-de-cierre-de-la-academia-craft-and-cooking\/\",\"name\":\"\u00a1Revisa nuestras ceremonias de cierre de la academia Craft and\u00a0Cooking! - Colegio Pumahue Curauma\",\"isPartOf\":{\"@id\":\"https:\/\/www.pumahue.cl\/curauma\/#website\"},\"primaryImageOfPage\":{\"@id\":\"https:\/\/www.pumahue.cl\/curauma\/noticias\/revisa-nuestras-ceremonias-de-cierre-de-la-academia-craft-and-cooking\/#primaryimage\"},\"image\":{\"@id\":\"https:\/\/www.pumahue.cl\/curauma\/noticias\/revisa-nuestras-ceremonias-de-cierre-de-la-academia-craft-and-cooking\/#primaryimage\"},\"thumbnailUrl\":\"https:\/\/www.pumahue.cl\/curauma\/wp-content\/uploads\/sites\/48\/2022\/07\/foodacademy27.png\",\"datePublished\":\"2022-07-04T20:04:24+00:00\",\"breadcrumb\":{\"@id\":\"https:\/\/www.pumahue.cl\/curauma\/noticias\/revisa-nuestras-ceremonias-de-cierre-de-la-academia-craft-and-cooking\/#breadcrumb\"},\"inLanguage\":\"es\",\"potentialAction\":[{\"@type\":\"ReadAction\",\"target\":[\"https:\/\/www.pumahue.cl\/curauma\/noticias\/revisa-nuestras-ceremonias-de-cierre-de-la-academia-craft-and-cooking\/\"]}]},{\"@type\":\"ImageObject\",\"inLanguage\":\"es\",\"@id\":\"https:\/\/www.pumahue.cl\/curauma\/noticias\/revisa-nuestras-ceremonias-de-cierre-de-la-academia-craft-and-cooking\/#primaryimage\",\"url\":\"https:\/\/www.pumahue.cl\/curauma\/wp-content\/uploads\/sites\/48\/2022\/07\/foodacademy27.png\",\"contentUrl\":\"https:\/\/www.pumahue.cl\/curauma\/wp-content\/uploads\/sites\/48\/2022\/07\/foodacademy27.png\",\"width\":836,\"height\":523},{\"@type\":\"BreadcrumbList\",\"@id\":\"https:\/\/www.pumahue.cl\/curauma\/noticias\/revisa-nuestras-ceremonias-de-cierre-de-la-academia-craft-and-cooking\/#breadcrumb\",\"itemListElement\":[{\"@type\":\"ListItem\",\"position\":1,\"name\":\"Home\",\"item\":\"https:\/\/www.pumahue.cl\/curauma\/\"},{\"@type\":\"ListItem\",\"position\":2,\"name\":\"\u00a1Revisa nuestras ceremonias de cierre de la academia Craft and\u00a0Cooking!\"}]},{\"@type\":\"WebSite\",\"@id\":\"https:\/\/www.pumahue.cl\/curauma\/#website\",\"url\":\"https:\/\/www.pumahue.cl\/curauma\/\",\"name\":\"Colegio Pumahue Curauma\",\"description\":\"Parte de Cognita Schools\",\"publisher\":{\"@id\":\"https:\/\/www.pumahue.cl\/curauma\/#organization\"},\"potentialAction\":[{\"@type\":\"SearchAction\",\"target\":{\"@type\":\"EntryPoint\",\"urlTemplate\":\"https:\/\/www.pumahue.cl\/curauma\/?s={search_term_string}\"},\"query-input\":{\"@type\":\"PropertyValueSpecification\",\"valueRequired\":true,\"valueName\":\"search_term_string\"}}],\"inLanguage\":\"es\"},{\"@type\":\"Organization\",\"@id\":\"https:\/\/www.pumahue.cl\/curauma\/#organization\",\"name\":\"Colegio Pumahue Curauma\",\"url\":\"https:\/\/www.pumahue.cl\/curauma\/\",\"logo\":{\"@type\":\"ImageObject\",\"inLanguage\":\"es\",\"@id\":\"https:\/\/www.pumahue.cl\/curauma\/#\/schema\/logo\/image\/\",\"url\":\"https:\/\/www.pumahue.cl\/curauma\/wp-content\/uploads\/sites\/48\/2025\/02\/cropped-logo_Pumahue_.png\",\"contentUrl\":\"https:\/\/www.pumahue.cl\/curauma\/wp-content\/uploads\/sites\/48\/2025\/02\/cropped-logo_Pumahue_.png\",\"width\":512,\"height\":512,\"caption\":\"Colegio Pumahue Curauma\"},\"image\":{\"@id\":\"https:\/\/www.pumahue.cl\/curauma\/#\/schema\/logo\/image\/\"},\"sameAs\":[\"http:\/\/www.facebook.com\/ColegiosPumahue\",\"https:\/\/www.youtube.com\/@CognitaChile\"]},{\"@type\":\"Person\",\"@id\":\"https:\/\/www.pumahue.cl\/curauma\/#\/schema\/person\/0debeea140e397b5d490ee7e553255d8\",\"name\":\"jorgedelcampo\",\"image\":{\"@type\":\"ImageObject\",\"inLanguage\":\"es\",\"@id\":\"https:\/\/www.pumahue.cl\/curauma\/#\/schema\/person\/image\/\",\"url\":\"https:\/\/secure.gravatar.com\/avatar\/4a315f521213b2dc91dbda9bf799f711c8a98ab6f5606ec42cf5b33d1e762e8a?s=96&d=mm&r=g\",\"contentUrl\":\"https:\/\/secure.gravatar.com\/avatar\/4a315f521213b2dc91dbda9bf799f711c8a98ab6f5606ec42cf5b33d1e762e8a?s=96&d=mm&r=g\",\"caption\":\"jorgedelcampo\"}}]}<\/script>\n<!-- \/ Yoast SEO plugin. -->","yoast_head_json":{"title":"\u00a1Revisa nuestras ceremonias de cierre de la academia Craft and\u00a0Cooking! - Colegio Pumahue Curauma","robots":{"index":"index","follow":"follow","max-snippet":"max-snippet:-1","max-image-preview":"max-image-preview:large","max-video-preview":"max-video-preview:-1"},"canonical":"https:\/\/www.pumahue.cl\/curauma\/noticias\/revisa-nuestras-ceremonias-de-cierre-de-la-academia-craft-and-cooking\/","og_locale":"es_ES","og_type":"article","og_title":"\u00a1Revisa nuestras ceremonias de cierre de la academia Craft and\u00a0Cooking! - Colegio Pumahue Curauma","og_description":"Durante el primer semestre, nuestros peque\u00f1os y peque\u00f1as chefs de la academia Craft and Cooking, desarrollaron diferentes recetas deliciosas para compartir con sus pares y familias. Es por ello que para dar cierre a esta entretenida clase de cocina, brindaron una exhibici\u00f3n con sus mejores platos para sus padres y madres. Algunos de los platos [&hellip;]","og_url":"https:\/\/www.pumahue.cl\/curauma\/noticias\/revisa-nuestras-ceremonias-de-cierre-de-la-academia-craft-and-cooking\/","og_site_name":"Colegio Pumahue Curauma","article_publisher":"http:\/\/www.facebook.com\/ColegiosPumahue","article_published_time":"2022-07-04T20:04:24+00:00","og_image":[{"width":512,"height":512,"url":"https:\/\/www.pumahue.cl\/curauma\/wp-content\/uploads\/sites\/48\/2025\/02\/cropped-logo_Pumahue_.png","type":"image\/png"}],"author":"jorgedelcampo","twitter_card":"summary_large_image","twitter_misc":{"Escrito por":"jorgedelcampo","Tiempo de lectura":"1 minuto"},"schema":{"@context":"https:\/\/schema.org","@graph":[{"@type":"Article","@id":"https:\/\/www.pumahue.cl\/curauma\/noticias\/revisa-nuestras-ceremonias-de-cierre-de-la-academia-craft-and-cooking\/#article","isPartOf":{"@id":"https:\/\/www.pumahue.cl\/curauma\/noticias\/revisa-nuestras-ceremonias-de-cierre-de-la-academia-craft-and-cooking\/"},"author":{"name":"jorgedelcampo","@id":"https:\/\/www.pumahue.cl\/curauma\/#\/schema\/person\/0debeea140e397b5d490ee7e553255d8"},"headline":"\u00a1Revisa nuestras ceremonias de cierre de la academia Craft and\u00a0Cooking!","datePublished":"2022-07-04T20:04:24+00:00","mainEntityOfPage":{"@id":"https:\/\/www.pumahue.cl\/curauma\/noticias\/revisa-nuestras-ceremonias-de-cierre-de-la-academia-craft-and-cooking\/"},"wordCount":125,"commentCount":0,"publisher":{"@id":"https:\/\/www.pumahue.cl\/curauma\/#organization"},"image":{"@id":"https:\/\/www.pumahue.cl\/curauma\/noticias\/revisa-nuestras-ceremonias-de-cierre-de-la-academia-craft-and-cooking\/#primaryimage"},"thumbnailUrl":"https:\/\/www.pumahue.cl\/curauma\/wp-content\/uploads\/sites\/48\/2022\/07\/foodacademy27.png","articleSection":["Vida escolar"],"inLanguage":"es","potentialAction":[{"@type":"CommentAction","name":"Comment","target":["https:\/\/www.pumahue.cl\/curauma\/noticias\/revisa-nuestras-ceremonias-de-cierre-de-la-academia-craft-and-cooking\/#respond"]}]},{"@type":"WebPage","@id":"https:\/\/www.pumahue.cl\/curauma\/noticias\/revisa-nuestras-ceremonias-de-cierre-de-la-academia-craft-and-cooking\/","url":"https:\/\/www.pumahue.cl\/curauma\/noticias\/revisa-nuestras-ceremonias-de-cierre-de-la-academia-craft-and-cooking\/","name":"\u00a1Revisa nuestras ceremonias de cierre de la academia Craft and\u00a0Cooking! - Colegio Pumahue Curauma","isPartOf":{"@id":"https:\/\/www.pumahue.cl\/curauma\/#website"},"primaryImageOfPage":{"@id":"https:\/\/www.pumahue.cl\/curauma\/noticias\/revisa-nuestras-ceremonias-de-cierre-de-la-academia-craft-and-cooking\/#primaryimage"},"image":{"@id":"https:\/\/www.pumahue.cl\/curauma\/noticias\/revisa-nuestras-ceremonias-de-cierre-de-la-academia-craft-and-cooking\/#primaryimage"},"thumbnailUrl":"https:\/\/www.pumahue.cl\/curauma\/wp-content\/uploads\/sites\/48\/2022\/07\/foodacademy27.png","datePublished":"2022-07-04T20:04:24+00:00","breadcrumb":{"@id":"https:\/\/www.pumahue.cl\/curauma\/noticias\/revisa-nuestras-ceremonias-de-cierre-de-la-academia-craft-and-cooking\/#breadcrumb"},"inLanguage":"es","potentialAction":[{"@type":"ReadAction","target":["https:\/\/www.pumahue.cl\/curauma\/noticias\/revisa-nuestras-ceremonias-de-cierre-de-la-academia-craft-and-cooking\/"]}]},{"@type":"ImageObject","inLanguage":"es","@id":"https:\/\/www.pumahue.cl\/curauma\/noticias\/revisa-nuestras-ceremonias-de-cierre-de-la-academia-craft-and-cooking\/#primaryimage","url":"https:\/\/www.pumahue.cl\/curauma\/wp-content\/uploads\/sites\/48\/2022\/07\/foodacademy27.png","contentUrl":"https:\/\/www.pumahue.cl\/curauma\/wp-content\/uploads\/sites\/48\/2022\/07\/foodacademy27.png","width":836,"height":523},{"@type":"BreadcrumbList","@id":"https:\/\/www.pumahue.cl\/curauma\/noticias\/revisa-nuestras-ceremonias-de-cierre-de-la-academia-craft-and-cooking\/#breadcrumb","itemListElement":[{"@type":"ListItem","position":1,"name":"Home","item":"https:\/\/www.pumahue.cl\/curauma\/"},{"@type":"ListItem","position":2,"name":"\u00a1Revisa nuestras ceremonias de cierre de la academia Craft and\u00a0Cooking!"}]},{"@type":"WebSite","@id":"https:\/\/www.pumahue.cl\/curauma\/#website","url":"https:\/\/www.pumahue.cl\/curauma\/","name":"Colegio Pumahue Curauma","description":"Parte de Cognita Schools","publisher":{"@id":"https:\/\/www.pumahue.cl\/curauma\/#organization"},"potentialAction":[{"@type":"SearchAction","target":{"@type":"EntryPoint","urlTemplate":"https:\/\/www.pumahue.cl\/curauma\/?s={search_term_string}"},"query-input":{"@type":"PropertyValueSpecification","valueRequired":true,"valueName":"search_term_string"}}],"inLanguage":"es"},{"@type":"Organization","@id":"https:\/\/www.pumahue.cl\/curauma\/#organization","name":"Colegio Pumahue Curauma","url":"https:\/\/www.pumahue.cl\/curauma\/","logo":{"@type":"ImageObject","inLanguage":"es","@id":"https:\/\/www.pumahue.cl\/curauma\/#\/schema\/logo\/image\/","url":"https:\/\/www.pumahue.cl\/curauma\/wp-content\/uploads\/sites\/48\/2025\/02\/cropped-logo_Pumahue_.png","contentUrl":"https:\/\/www.pumahue.cl\/curauma\/wp-content\/uploads\/sites\/48\/2025\/02\/cropped-logo_Pumahue_.png","width":512,"height":512,"caption":"Colegio Pumahue Curauma"},"image":{"@id":"https:\/\/www.pumahue.cl\/curauma\/#\/schema\/logo\/image\/"},"sameAs":["http:\/\/www.facebook.com\/ColegiosPumahue","https:\/\/www.youtube.com\/@CognitaChile"]},{"@type":"Person","@id":"https:\/\/www.pumahue.cl\/curauma\/#\/schema\/person\/0debeea140e397b5d490ee7e553255d8","name":"jorgedelcampo","image":{"@type":"ImageObject","inLanguage":"es","@id":"https:\/\/www.pumahue.cl\/curauma\/#\/schema\/person\/image\/","url":"https:\/\/secure.gravatar.com\/avatar\/4a315f521213b2dc91dbda9bf799f711c8a98ab6f5606ec42cf5b33d1e762e8a?s=96&d=mm&r=g","contentUrl":"https:\/\/secure.gravatar.com\/avatar\/4a315f521213b2dc91dbda9bf799f711c8a98ab6f5606ec42cf5b33d1e762e8a?s=96&d=mm&r=g","caption":"jorgedelcampo"}}]}},"jetpack_featured_media_url":"https:\/\/www.pumahue.cl\/curauma\/wp-content\/uploads\/sites\/48\/2022\/07\/foodacademy27.png","previous_post_ID":13340,"previous_post_title":"Horario de atenci\u00f3n a p\u00fablico \u201d Per\u00edodo vacaciones de invierno","previous_post_excerpt":"Informamos a nuestra comunidad que durante el per\u00edodo de vacaciones de invierno, nuestras oficinas administrativas se encontrar\u00e1n operativas en el siguiente horario: A\u00a0partir del lunes 4 de julio hasta el viernes 22 de julio\u00a0el horario\u00a0de atenci\u00f3n a p\u00fablico ser\u00e1 de 9:00 a 16:00 horas. En el caso de Admisi\u00f3n, por favor, pedir cita en el [&hellip;]","previous_post_link":"https:\/\/www.pumahue.cl\/curauma\/noticias\/horario-de-atencion-a-publico-periodo-vacaciones-de-invierno\/","previous_post_class":["post-13340","post","type-post","status-publish","format-standard","has-post-thumbnail","hentry","category-vida-escolar"],"next_post_ID":13394,"next_post_title":"Proyecto CAMPUR Prek\u00ednder A: Biblioteca m\u00f3vil","next_post_excerpt":"Como proyecto Campur de Prek\u00ednder A, nuestros estudiantes dieron vida a una biblioteca m\u00f3vil. A trav\u00e9s de\u00a0la recolecci\u00f3n de cuentos y luego una venta de juguetes para todo el ciclo, los ni\u00f1os\/as de ese curso finalmente inauguraron este espacio literario\u00a0que ocupar\u00e1 un espacio especial en nuestro patio techado, como un rinc\u00f3n que fomenta la lectura [&hellip;]","next_post_link":"https:\/\/www.pumahue.cl\/curauma\/noticias\/proyecto-campur-prekinder-a-biblioteca-movil\/","next_post_class":["post-13394","post","type-post","status-publish","format-standard","has-post-thumbnail","hentry","category-vida-escolar"],"jetpack_sharing_enabled":true,"_links":{"self":[{"href":"https:\/\/www.pumahue.cl\/curauma\/wp-json\/wp\/v2\/posts\/13343","targetHints":{"allow":["GET"]}}],"collection":[{"href":"https:\/\/www.pumahue.cl\/curauma\/wp-json\/wp\/v2\/posts"}],"about":[{"href":"https:\/\/www.pumahue.cl\/curauma\/wp-json\/wp\/v2\/types\/post"}],"author":[{"embeddable":true,"href":"https:\/\/www.pumahue.cl\/curauma\/wp-json\/wp\/v2\/users\/14"}],"replies":[{"embeddable":true,"href":"https:\/\/www.pumahue.cl\/curauma\/wp-json\/wp\/v2\/comments?post=13343"}],"version-history":[{"count":0,"href":"https:\/\/www.pumahue.cl\/curauma\/wp-json\/wp\/v2\/posts\/13343\/revisions"}],"wp:featuredmedia":[{"embeddable":true,"href":"https:\/\/www.pumahue.cl\/curauma\/wp-json\/wp\/v2\/media\/13358"}],"wp:attachment":[{"href":"https:\/\/www.pumahue.cl\/curauma\/wp-json\/wp\/v2\/media?parent=13343"}],"wp:term":[{"taxonomy":"category","embeddable":true,"href":"https:\/\/www.pumahue.cl\/curauma\/wp-json\/wp\/v2\/categories?post=13343"},{"taxonomy":"post_tag","embeddable":true,"href":"https:\/\/www.pumahue.cl\/curauma\/wp-json\/wp\/v2\/tags?post=13343"}],"curies":[{"name":"wp","href":"https:\/\/api.w.org\/{rel}","templated":true}]}}