{"id":15889,"date":"2022-12-22T09:39:27","date_gmt":"2022-12-22T12:39:27","guid":{"rendered":"http:\/\/pumahue.cl\/curauma\/?p=15889"},"modified":"2022-12-22T09:39:27","modified_gmt":"2022-12-22T12:39:27","slug":"proyecto-campur-campana-techo-para-chile","status":"publish","type":"post","link":"https:\/\/www.pumahue.cl\/curauma\/noticias\/proyecto-campur-campana-techo-para-chile\/","title":{"rendered":"Proyecto CAMPUR: campa\u00f1a Techo para Chile"},"content":{"rendered":"<p>Para dar cierre a los proyectos CAMPUR impulsados por nuestros estudiantes y docentes, nuestros estudiantes de Educaci\u00f3n Media realizaron una campa\u00f1a solidaria junto a Techo para Chile para apoyar en la colecta nacional para recaudar fondos para mejorar el \u00e1rea de viviendas a nivel pa\u00eds.<\/p>\n<p>\u00a1Felicitamos a nuestros estudiantes por impulsar estos proyectos!<\/p>\n"},"excerpt":{"rendered":"<p>Para dar cierre a los proyectos CAMPUR impulsados por nuestros estudiantes y docentes, nuestros estudiantes de Educaci\u00f3n Media realizaron una campa\u00f1a solidaria junto a Techo para Chile para apoyar en la colecta nacional para recaudar fondos para mejorar el \u00e1rea de viviendas a nivel pa\u00eds. \u00a1Felicitamos a nuestros estudiantes por impulsar estos proyectos!<\/p>\n","protected":false},"author":14,"featured_media":15891,"comment_status":"open","ping_status":"open","sticky":false,"template":"","format":"standard","meta":{"_acf_changed":false,"content-type":"","_jetpack_memberships_contains_paid_content":false,"footnotes":""},"categories":[1],"tags":[],"class_list":["post-15889","post","type-post","status-publish","format-standard","has-post-thumbnail","hentry","category-vida-escolar"],"acf":[],"yoast_head":"<!-- This site is optimized with the Yoast SEO plugin v27.1.1 - https:\/\/yoast.com\/product\/yoast-seo-wordpress\/ -->\n<title>Proyecto CAMPUR: campa\u00f1a Techo para Chile - Colegio Pumahue Curauma<\/title>\n<meta name=\"robots\" content=\"index, follow, max-snippet:-1, max-image-preview:large, max-video-preview:-1\" \/>\n<link rel=\"canonical\" href=\"https:\/\/www.pumahue.cl\/curauma\/noticias\/proyecto-campur-campana-techo-para-chile\/\" \/>\n<meta property=\"og:locale\" content=\"es_ES\" \/>\n<meta property=\"og:type\" content=\"article\" \/>\n<meta property=\"og:title\" content=\"Proyecto CAMPUR: campa\u00f1a Techo para Chile - Colegio Pumahue Curauma\" \/>\n<meta property=\"og:description\" content=\"Para dar cierre a los proyectos CAMPUR impulsados por nuestros estudiantes y docentes, nuestros estudiantes de Educaci\u00f3n Media realizaron una campa\u00f1a solidaria junto a Techo para Chile para apoyar en la colecta nacional para recaudar fondos para mejorar el \u00e1rea de viviendas a nivel pa\u00eds. \u00a1Felicitamos a nuestros estudiantes por impulsar estos proyectos!\" \/>\n<meta property=\"og:url\" content=\"https:\/\/www.pumahue.cl\/curauma\/noticias\/proyecto-campur-campana-techo-para-chile\/\" \/>\n<meta property=\"og:site_name\" content=\"Colegio Pumahue Curauma\" \/>\n<meta property=\"article:publisher\" content=\"http:\/\/www.facebook.com\/ColegiosPumahue\" \/>\n<meta property=\"article:published_time\" content=\"2022-12-22T12:39:27+00:00\" \/>\n<meta property=\"og:image\" content=\"https:\/\/www.pumahue.cl\/curauma\/wp-content\/uploads\/sites\/48\/2025\/02\/cropped-logo_Pumahue_.png\" \/>\n\t<meta property=\"og:image:width\" content=\"512\" \/>\n\t<meta property=\"og:image:height\" content=\"512\" \/>\n\t<meta property=\"og:image:type\" content=\"image\/png\" \/>\n<meta name=\"author\" content=\"jorgedelcampo\" \/>\n<meta name=\"twitter:card\" content=\"summary_large_image\" \/>\n<meta name=\"twitter:label1\" content=\"Escrito por\" \/>\n\t<meta name=\"twitter:data1\" content=\"jorgedelcampo\" \/>\n<script type=\"application\/ld+json\" class=\"yoast-schema-graph\">{\"@context\":\"https:\/\/schema.org\",\"@graph\":[{\"@type\":\"Article\",\"@id\":\"https:\/\/www.pumahue.cl\/curauma\/noticias\/proyecto-campur-campana-techo-para-chile\/#article\",\"isPartOf\":{\"@id\":\"https:\/\/www.pumahue.cl\/curauma\/noticias\/proyecto-campur-campana-techo-para-chile\/\"},\"author\":{\"name\":\"jorgedelcampo\",\"@id\":\"https:\/\/www.pumahue.cl\/curauma\/#\/schema\/person\/0debeea140e397b5d490ee7e553255d8\"},\"headline\":\"Proyecto CAMPUR: campa\u00f1a Techo para Chile\",\"datePublished\":\"2022-12-22T12:39:27+00:00\",\"mainEntityOfPage\":{\"@id\":\"https:\/\/www.pumahue.cl\/curauma\/noticias\/proyecto-campur-campana-techo-para-chile\/\"},\"wordCount\":63,\"commentCount\":0,\"publisher\":{\"@id\":\"https:\/\/www.pumahue.cl\/curauma\/#organization\"},\"image\":{\"@id\":\"https:\/\/www.pumahue.cl\/curauma\/noticias\/proyecto-campur-campana-techo-para-chile\/#primaryimage\"},\"thumbnailUrl\":\"https:\/\/www.pumahue.cl\/curauma\/wp-content\/uploads\/sites\/48\/2022\/12\/techo_cur4.png\",\"articleSection\":[\"Vida escolar\"],\"inLanguage\":\"es\",\"potentialAction\":[{\"@type\":\"CommentAction\",\"name\":\"Comment\",\"target\":[\"https:\/\/www.pumahue.cl\/curauma\/noticias\/proyecto-campur-campana-techo-para-chile\/#respond\"]}]},{\"@type\":\"WebPage\",\"@id\":\"https:\/\/www.pumahue.cl\/curauma\/noticias\/proyecto-campur-campana-techo-para-chile\/\",\"url\":\"https:\/\/www.pumahue.cl\/curauma\/noticias\/proyecto-campur-campana-techo-para-chile\/\",\"name\":\"Proyecto CAMPUR: campa\u00f1a Techo para Chile - Colegio Pumahue Curauma\",\"isPartOf\":{\"@id\":\"https:\/\/www.pumahue.cl\/curauma\/#website\"},\"primaryImageOfPage\":{\"@id\":\"https:\/\/www.pumahue.cl\/curauma\/noticias\/proyecto-campur-campana-techo-para-chile\/#primaryimage\"},\"image\":{\"@id\":\"https:\/\/www.pumahue.cl\/curauma\/noticias\/proyecto-campur-campana-techo-para-chile\/#primaryimage\"},\"thumbnailUrl\":\"https:\/\/www.pumahue.cl\/curauma\/wp-content\/uploads\/sites\/48\/2022\/12\/techo_cur4.png\",\"datePublished\":\"2022-12-22T12:39:27+00:00\",\"breadcrumb\":{\"@id\":\"https:\/\/www.pumahue.cl\/curauma\/noticias\/proyecto-campur-campana-techo-para-chile\/#breadcrumb\"},\"inLanguage\":\"es\",\"potentialAction\":[{\"@type\":\"ReadAction\",\"target\":[\"https:\/\/www.pumahue.cl\/curauma\/noticias\/proyecto-campur-campana-techo-para-chile\/\"]}]},{\"@type\":\"ImageObject\",\"inLanguage\":\"es\",\"@id\":\"https:\/\/www.pumahue.cl\/curauma\/noticias\/proyecto-campur-campana-techo-para-chile\/#primaryimage\",\"url\":\"https:\/\/www.pumahue.cl\/curauma\/wp-content\/uploads\/sites\/48\/2022\/12\/techo_cur4.png\",\"contentUrl\":\"https:\/\/www.pumahue.cl\/curauma\/wp-content\/uploads\/sites\/48\/2022\/12\/techo_cur4.png\",\"width\":836,\"height\":523},{\"@type\":\"BreadcrumbList\",\"@id\":\"https:\/\/www.pumahue.cl\/curauma\/noticias\/proyecto-campur-campana-techo-para-chile\/#breadcrumb\",\"itemListElement\":[{\"@type\":\"ListItem\",\"position\":1,\"name\":\"Home\",\"item\":\"https:\/\/www.pumahue.cl\/curauma\/\"},{\"@type\":\"ListItem\",\"position\":2,\"name\":\"Proyecto CAMPUR: campa\u00f1a Techo para Chile\"}]},{\"@type\":\"WebSite\",\"@id\":\"https:\/\/www.pumahue.cl\/curauma\/#website\",\"url\":\"https:\/\/www.pumahue.cl\/curauma\/\",\"name\":\"Colegio Pumahue Curauma\",\"description\":\"Parte de Cognita Schools\",\"publisher\":{\"@id\":\"https:\/\/www.pumahue.cl\/curauma\/#organization\"},\"potentialAction\":[{\"@type\":\"SearchAction\",\"target\":{\"@type\":\"EntryPoint\",\"urlTemplate\":\"https:\/\/www.pumahue.cl\/curauma\/?s={search_term_string}\"},\"query-input\":{\"@type\":\"PropertyValueSpecification\",\"valueRequired\":true,\"valueName\":\"search_term_string\"}}],\"inLanguage\":\"es\"},{\"@type\":\"Organization\",\"@id\":\"https:\/\/www.pumahue.cl\/curauma\/#organization\",\"name\":\"Colegio Pumahue Curauma\",\"url\":\"https:\/\/www.pumahue.cl\/curauma\/\",\"logo\":{\"@type\":\"ImageObject\",\"inLanguage\":\"es\",\"@id\":\"https:\/\/www.pumahue.cl\/curauma\/#\/schema\/logo\/image\/\",\"url\":\"https:\/\/www.pumahue.cl\/curauma\/wp-content\/uploads\/sites\/48\/2025\/02\/cropped-logo_Pumahue_.png\",\"contentUrl\":\"https:\/\/www.pumahue.cl\/curauma\/wp-content\/uploads\/sites\/48\/2025\/02\/cropped-logo_Pumahue_.png\",\"width\":512,\"height\":512,\"caption\":\"Colegio Pumahue Curauma\"},\"image\":{\"@id\":\"https:\/\/www.pumahue.cl\/curauma\/#\/schema\/logo\/image\/\"},\"sameAs\":[\"http:\/\/www.facebook.com\/ColegiosPumahue\",\"https:\/\/www.youtube.com\/@CognitaChile\"]},{\"@type\":\"Person\",\"@id\":\"https:\/\/www.pumahue.cl\/curauma\/#\/schema\/person\/0debeea140e397b5d490ee7e553255d8\",\"name\":\"jorgedelcampo\",\"image\":{\"@type\":\"ImageObject\",\"inLanguage\":\"es\",\"@id\":\"https:\/\/www.pumahue.cl\/curauma\/#\/schema\/person\/image\/\",\"url\":\"https:\/\/secure.gravatar.com\/avatar\/4a315f521213b2dc91dbda9bf799f711c8a98ab6f5606ec42cf5b33d1e762e8a?s=96&d=mm&r=g\",\"contentUrl\":\"https:\/\/secure.gravatar.com\/avatar\/4a315f521213b2dc91dbda9bf799f711c8a98ab6f5606ec42cf5b33d1e762e8a?s=96&d=mm&r=g\",\"caption\":\"jorgedelcampo\"}}]}<\/script>\n<!-- \/ Yoast SEO plugin. -->","yoast_head_json":{"title":"Proyecto CAMPUR: campa\u00f1a Techo para Chile - Colegio Pumahue Curauma","robots":{"index":"index","follow":"follow","max-snippet":"max-snippet:-1","max-image-preview":"max-image-preview:large","max-video-preview":"max-video-preview:-1"},"canonical":"https:\/\/www.pumahue.cl\/curauma\/noticias\/proyecto-campur-campana-techo-para-chile\/","og_locale":"es_ES","og_type":"article","og_title":"Proyecto CAMPUR: campa\u00f1a Techo para Chile - Colegio Pumahue Curauma","og_description":"Para dar cierre a los proyectos CAMPUR impulsados por nuestros estudiantes y docentes, nuestros estudiantes de Educaci\u00f3n Media realizaron una campa\u00f1a solidaria junto a Techo para Chile para apoyar en la colecta nacional para recaudar fondos para mejorar el \u00e1rea de viviendas a nivel pa\u00eds. \u00a1Felicitamos a nuestros estudiantes por impulsar estos proyectos!","og_url":"https:\/\/www.pumahue.cl\/curauma\/noticias\/proyecto-campur-campana-techo-para-chile\/","og_site_name":"Colegio Pumahue Curauma","article_publisher":"http:\/\/www.facebook.com\/ColegiosPumahue","article_published_time":"2022-12-22T12:39:27+00:00","og_image":[{"width":512,"height":512,"url":"https:\/\/www.pumahue.cl\/curauma\/wp-content\/uploads\/sites\/48\/2025\/02\/cropped-logo_Pumahue_.png","type":"image\/png"}],"author":"jorgedelcampo","twitter_card":"summary_large_image","twitter_misc":{"Escrito por":"jorgedelcampo"},"schema":{"@context":"https:\/\/schema.org","@graph":[{"@type":"Article","@id":"https:\/\/www.pumahue.cl\/curauma\/noticias\/proyecto-campur-campana-techo-para-chile\/#article","isPartOf":{"@id":"https:\/\/www.pumahue.cl\/curauma\/noticias\/proyecto-campur-campana-techo-para-chile\/"},"author":{"name":"jorgedelcampo","@id":"https:\/\/www.pumahue.cl\/curauma\/#\/schema\/person\/0debeea140e397b5d490ee7e553255d8"},"headline":"Proyecto CAMPUR: campa\u00f1a Techo para Chile","datePublished":"2022-12-22T12:39:27+00:00","mainEntityOfPage":{"@id":"https:\/\/www.pumahue.cl\/curauma\/noticias\/proyecto-campur-campana-techo-para-chile\/"},"wordCount":63,"commentCount":0,"publisher":{"@id":"https:\/\/www.pumahue.cl\/curauma\/#organization"},"image":{"@id":"https:\/\/www.pumahue.cl\/curauma\/noticias\/proyecto-campur-campana-techo-para-chile\/#primaryimage"},"thumbnailUrl":"https:\/\/www.pumahue.cl\/curauma\/wp-content\/uploads\/sites\/48\/2022\/12\/techo_cur4.png","articleSection":["Vida escolar"],"inLanguage":"es","potentialAction":[{"@type":"CommentAction","name":"Comment","target":["https:\/\/www.pumahue.cl\/curauma\/noticias\/proyecto-campur-campana-techo-para-chile\/#respond"]}]},{"@type":"WebPage","@id":"https:\/\/www.pumahue.cl\/curauma\/noticias\/proyecto-campur-campana-techo-para-chile\/","url":"https:\/\/www.pumahue.cl\/curauma\/noticias\/proyecto-campur-campana-techo-para-chile\/","name":"Proyecto CAMPUR: campa\u00f1a Techo para Chile - Colegio Pumahue Curauma","isPartOf":{"@id":"https:\/\/www.pumahue.cl\/curauma\/#website"},"primaryImageOfPage":{"@id":"https:\/\/www.pumahue.cl\/curauma\/noticias\/proyecto-campur-campana-techo-para-chile\/#primaryimage"},"image":{"@id":"https:\/\/www.pumahue.cl\/curauma\/noticias\/proyecto-campur-campana-techo-para-chile\/#primaryimage"},"thumbnailUrl":"https:\/\/www.pumahue.cl\/curauma\/wp-content\/uploads\/sites\/48\/2022\/12\/techo_cur4.png","datePublished":"2022-12-22T12:39:27+00:00","breadcrumb":{"@id":"https:\/\/www.pumahue.cl\/curauma\/noticias\/proyecto-campur-campana-techo-para-chile\/#breadcrumb"},"inLanguage":"es","potentialAction":[{"@type":"ReadAction","target":["https:\/\/www.pumahue.cl\/curauma\/noticias\/proyecto-campur-campana-techo-para-chile\/"]}]},{"@type":"ImageObject","inLanguage":"es","@id":"https:\/\/www.pumahue.cl\/curauma\/noticias\/proyecto-campur-campana-techo-para-chile\/#primaryimage","url":"https:\/\/www.pumahue.cl\/curauma\/wp-content\/uploads\/sites\/48\/2022\/12\/techo_cur4.png","contentUrl":"https:\/\/www.pumahue.cl\/curauma\/wp-content\/uploads\/sites\/48\/2022\/12\/techo_cur4.png","width":836,"height":523},{"@type":"BreadcrumbList","@id":"https:\/\/www.pumahue.cl\/curauma\/noticias\/proyecto-campur-campana-techo-para-chile\/#breadcrumb","itemListElement":[{"@type":"ListItem","position":1,"name":"Home","item":"https:\/\/www.pumahue.cl\/curauma\/"},{"@type":"ListItem","position":2,"name":"Proyecto CAMPUR: campa\u00f1a Techo para Chile"}]},{"@type":"WebSite","@id":"https:\/\/www.pumahue.cl\/curauma\/#website","url":"https:\/\/www.pumahue.cl\/curauma\/","name":"Colegio Pumahue Curauma","description":"Parte de Cognita Schools","publisher":{"@id":"https:\/\/www.pumahue.cl\/curauma\/#organization"},"potentialAction":[{"@type":"SearchAction","target":{"@type":"EntryPoint","urlTemplate":"https:\/\/www.pumahue.cl\/curauma\/?s={search_term_string}"},"query-input":{"@type":"PropertyValueSpecification","valueRequired":true,"valueName":"search_term_string"}}],"inLanguage":"es"},{"@type":"Organization","@id":"https:\/\/www.pumahue.cl\/curauma\/#organization","name":"Colegio Pumahue Curauma","url":"https:\/\/www.pumahue.cl\/curauma\/","logo":{"@type":"ImageObject","inLanguage":"es","@id":"https:\/\/www.pumahue.cl\/curauma\/#\/schema\/logo\/image\/","url":"https:\/\/www.pumahue.cl\/curauma\/wp-content\/uploads\/sites\/48\/2025\/02\/cropped-logo_Pumahue_.png","contentUrl":"https:\/\/www.pumahue.cl\/curauma\/wp-content\/uploads\/sites\/48\/2025\/02\/cropped-logo_Pumahue_.png","width":512,"height":512,"caption":"Colegio Pumahue Curauma"},"image":{"@id":"https:\/\/www.pumahue.cl\/curauma\/#\/schema\/logo\/image\/"},"sameAs":["http:\/\/www.facebook.com\/ColegiosPumahue","https:\/\/www.youtube.com\/@CognitaChile"]},{"@type":"Person","@id":"https:\/\/www.pumahue.cl\/curauma\/#\/schema\/person\/0debeea140e397b5d490ee7e553255d8","name":"jorgedelcampo","image":{"@type":"ImageObject","inLanguage":"es","@id":"https:\/\/www.pumahue.cl\/curauma\/#\/schema\/person\/image\/","url":"https:\/\/secure.gravatar.com\/avatar\/4a315f521213b2dc91dbda9bf799f711c8a98ab6f5606ec42cf5b33d1e762e8a?s=96&d=mm&r=g","contentUrl":"https:\/\/secure.gravatar.com\/avatar\/4a315f521213b2dc91dbda9bf799f711c8a98ab6f5606ec42cf5b33d1e762e8a?s=96&d=mm&r=g","caption":"jorgedelcampo"}}]}},"jetpack_featured_media_url":"https:\/\/www.pumahue.cl\/curauma\/wp-content\/uploads\/sites\/48\/2022\/12\/techo_cur4.png","previous_post_ID":15971,"previous_post_title":"Ceremonias internas Programa DLI P\u00e1rvulo","previous_post_excerpt":"Para dar cierre al trabajo realizado durante el a\u00f1o en el marco del Programa Desarollando L\u00edderes Inspiradores, el ciclo de Educaci\u00f3n Parvularia realiz\u00f3 ceremonias internas para reconocer a los ni\u00f1os y ni\u00f1as por su liderazgo inspirador, a trav\u00e9s de valores que los representan. Sin duda, fue un lindo e \u00edntimo momento de cada curso para [&hellip;]","previous_post_link":"https:\/\/www.pumahue.cl\/curauma\/noticias\/ceremonias-internas-programa-dli-parvulo\/","previous_post_class":["post-15971","post","type-post","status-publish","format-standard","has-post-thumbnail","hentry","category-vida-escolar"],"next_post_ID":16018,"next_post_title":"Destacado desempe\u00f1o Fubol\u00edstico 2022 \u00bd","next_post_excerpt":"Durante este a\u00f1o, nuestras selecciones de f\u00fatbol escolar retomaron sus participaciones en los torneos interescolares de la Quinta Regi\u00f3n, tras la pandemia. Como cierre de a\u00f1o queremos compartir el destacado desempe\u00f1o que tuvieron nuestros jugadores en el Campeonato de F\u00fatbol superior de\u00a0ADECOP (Asociaci\u00f3n Deportiva de Colegios Particulares):\u00a0 En el caso de nuestra selecci\u00f3n de Educaci\u00f3n [&hellip;]","next_post_link":"https:\/\/www.pumahue.cl\/curauma\/noticias\/destacado-desempeno-fubolistico-2022\/","next_post_class":["post-16018","post","type-post","status-publish","format-standard","has-post-thumbnail","hentry","category-vida-escolar"],"jetpack_sharing_enabled":true,"_links":{"self":[{"href":"https:\/\/www.pumahue.cl\/curauma\/wp-json\/wp\/v2\/posts\/15889","targetHints":{"allow":["GET"]}}],"collection":[{"href":"https:\/\/www.pumahue.cl\/curauma\/wp-json\/wp\/v2\/posts"}],"about":[{"href":"https:\/\/www.pumahue.cl\/curauma\/wp-json\/wp\/v2\/types\/post"}],"author":[{"embeddable":true,"href":"https:\/\/www.pumahue.cl\/curauma\/wp-json\/wp\/v2\/users\/14"}],"replies":[{"embeddable":true,"href":"https:\/\/www.pumahue.cl\/curauma\/wp-json\/wp\/v2\/comments?post=15889"}],"version-history":[{"count":0,"href":"https:\/\/www.pumahue.cl\/curauma\/wp-json\/wp\/v2\/posts\/15889\/revisions"}],"wp:featuredmedia":[{"embeddable":true,"href":"https:\/\/www.pumahue.cl\/curauma\/wp-json\/wp\/v2\/media\/15891"}],"wp:attachment":[{"href":"https:\/\/www.pumahue.cl\/curauma\/wp-json\/wp\/v2\/media?parent=15889"}],"wp:term":[{"taxonomy":"category","embeddable":true,"href":"https:\/\/www.pumahue.cl\/curauma\/wp-json\/wp\/v2\/categories?post=15889"},{"taxonomy":"post_tag","embeddable":true,"href":"https:\/\/www.pumahue.cl\/curauma\/wp-json\/wp\/v2\/tags?post=15889"}],"curies":[{"name":"wp","href":"https:\/\/api.w.org\/{rel}","templated":true}]}}