{"id":16048,"date":"2022-12-29T08:18:21","date_gmt":"2022-12-29T11:18:21","guid":{"rendered":"http:\/\/pumahue.cl\/curauma\/?p=16048"},"modified":"2022-12-29T08:18:21","modified_gmt":"2022-12-29T11:18:21","slug":"horario-de-atencion-verano-2023","status":"publish","type":"post","link":"https:\/\/www.pumahue.cl\/curauma\/noticias\/horario-de-atencion-verano-2023\/","title":{"rendered":"Horario de atenci\u00f3n Verano 2023"},"content":{"rendered":"<p>Informamos que a partir del\u00a0<strong>martes 03 de enero<\/strong>, nuestro horario de atenci\u00f3n durante el per\u00edodo de vacaciones de verano ser\u00e1 el siguiente:<\/p>\n<p><u><strong>Lunes a jueves:<\/strong><\/u><br \/>\n09:00 a 17:30 hrs.<\/p>\n<p><u><strong>Viernes:<\/strong><\/u><br \/>\n09:00 a 13:00 hrs.<\/p>\n<p><u><strong>S\u00e1bado:<\/strong><\/u><br \/>\nColegio permanecer\u00e1 cerrado.<\/p>\n<p><u><strong>Atenci\u00f3n normal:<\/strong><\/u><br \/>\nDesde el lunes 20 de febrero del 2023.<\/p>\n<p>Recordamos adem\u00e1s que pueden escribirnos al correo\u00a0<strong>comunicaciones.curauma@colegiopumahue.cl,<\/strong>\u00a0frente a lo que necesiten.<\/p>\n"},"excerpt":{"rendered":"<p>Informamos que a partir del\u00a0martes 03 de enero, nuestro horario de atenci\u00f3n durante el per\u00edodo de vacaciones de verano ser\u00e1 el siguiente: Lunes a jueves: 09:00 a 17:30 hrs. Viernes: 09:00 a 13:00 hrs. S\u00e1bado: Colegio permanecer\u00e1 cerrado. Atenci\u00f3n normal: Desde el lunes 20 de febrero del 2023. Recordamos adem\u00e1s que pueden escribirnos al correo\u00a0comunicaciones.curauma@colegiopumahue.cl,\u00a0frente [&hellip;]<\/p>\n","protected":false},"author":14,"featured_media":16049,"comment_status":"open","ping_status":"open","sticky":false,"template":"","format":"standard","meta":{"_acf_changed":false,"content-type":"","_jetpack_memberships_contains_paid_content":false,"footnotes":""},"categories":[1],"tags":[],"class_list":["post-16048","post","type-post","status-publish","format-standard","has-post-thumbnail","hentry","category-vida-escolar"],"acf":[],"yoast_head":"<!-- This site is optimized with the Yoast SEO plugin v27.1.1 - https:\/\/yoast.com\/product\/yoast-seo-wordpress\/ -->\n<title>Horario de atenci\u00f3n Verano 2023 - Colegio Pumahue Curauma<\/title>\n<meta name=\"robots\" content=\"index, follow, max-snippet:-1, max-image-preview:large, max-video-preview:-1\" \/>\n<link rel=\"canonical\" href=\"https:\/\/www.pumahue.cl\/curauma\/noticias\/horario-de-atencion-verano-2023\/\" \/>\n<meta property=\"og:locale\" content=\"es_ES\" \/>\n<meta property=\"og:type\" content=\"article\" \/>\n<meta property=\"og:title\" content=\"Horario de atenci\u00f3n Verano 2023 - Colegio Pumahue Curauma\" \/>\n<meta property=\"og:description\" content=\"Informamos que a partir del\u00a0martes 03 de enero, nuestro horario de atenci\u00f3n durante el per\u00edodo de vacaciones de verano ser\u00e1 el siguiente: Lunes a jueves: 09:00 a 17:30 hrs. Viernes: 09:00 a 13:00 hrs. S\u00e1bado: Colegio permanecer\u00e1 cerrado. Atenci\u00f3n normal: Desde el lunes 20 de febrero del 2023. Recordamos adem\u00e1s que pueden escribirnos al correo\u00a0comunicaciones.curauma@colegiopumahue.cl,\u00a0frente [&hellip;]\" \/>\n<meta property=\"og:url\" content=\"https:\/\/www.pumahue.cl\/curauma\/noticias\/horario-de-atencion-verano-2023\/\" \/>\n<meta property=\"og:site_name\" content=\"Colegio Pumahue Curauma\" \/>\n<meta property=\"article:publisher\" content=\"http:\/\/www.facebook.com\/ColegiosPumahue\" \/>\n<meta property=\"article:published_time\" content=\"2022-12-29T11:18:21+00:00\" \/>\n<meta property=\"og:image\" content=\"https:\/\/www.pumahue.cl\/curauma\/wp-content\/uploads\/sites\/48\/2025\/02\/cropped-logo_Pumahue_.png\" \/>\n\t<meta property=\"og:image:width\" content=\"512\" \/>\n\t<meta property=\"og:image:height\" content=\"512\" \/>\n\t<meta property=\"og:image:type\" content=\"image\/png\" \/>\n<meta name=\"author\" content=\"jorgedelcampo\" \/>\n<meta name=\"twitter:card\" content=\"summary_large_image\" \/>\n<meta name=\"twitter:label1\" content=\"Escrito por\" \/>\n\t<meta name=\"twitter:data1\" content=\"jorgedelcampo\" \/>\n<script type=\"application\/ld+json\" class=\"yoast-schema-graph\">{\"@context\":\"https:\/\/schema.org\",\"@graph\":[{\"@type\":\"Article\",\"@id\":\"https:\/\/www.pumahue.cl\/curauma\/noticias\/horario-de-atencion-verano-2023\/#article\",\"isPartOf\":{\"@id\":\"https:\/\/www.pumahue.cl\/curauma\/noticias\/horario-de-atencion-verano-2023\/\"},\"author\":{\"name\":\"jorgedelcampo\",\"@id\":\"https:\/\/www.pumahue.cl\/curauma\/#\/schema\/person\/0debeea140e397b5d490ee7e553255d8\"},\"headline\":\"Horario de atenci\u00f3n Verano 2023\",\"datePublished\":\"2022-12-29T11:18:21+00:00\",\"mainEntityOfPage\":{\"@id\":\"https:\/\/www.pumahue.cl\/curauma\/noticias\/horario-de-atencion-verano-2023\/\"},\"wordCount\":68,\"commentCount\":0,\"publisher\":{\"@id\":\"https:\/\/www.pumahue.cl\/curauma\/#organization\"},\"image\":{\"@id\":\"https:\/\/www.pumahue.cl\/curauma\/noticias\/horario-de-atencion-verano-2023\/#primaryimage\"},\"thumbnailUrl\":\"https:\/\/www.pumahue.cl\/curauma\/wp-content\/uploads\/sites\/48\/2022\/12\/Horario-Verano_CUR.png\",\"articleSection\":[\"Vida escolar\"],\"inLanguage\":\"es\",\"potentialAction\":[{\"@type\":\"CommentAction\",\"name\":\"Comment\",\"target\":[\"https:\/\/www.pumahue.cl\/curauma\/noticias\/horario-de-atencion-verano-2023\/#respond\"]}]},{\"@type\":\"WebPage\",\"@id\":\"https:\/\/www.pumahue.cl\/curauma\/noticias\/horario-de-atencion-verano-2023\/\",\"url\":\"https:\/\/www.pumahue.cl\/curauma\/noticias\/horario-de-atencion-verano-2023\/\",\"name\":\"Horario de atenci\u00f3n Verano 2023 - Colegio Pumahue Curauma\",\"isPartOf\":{\"@id\":\"https:\/\/www.pumahue.cl\/curauma\/#website\"},\"primaryImageOfPage\":{\"@id\":\"https:\/\/www.pumahue.cl\/curauma\/noticias\/horario-de-atencion-verano-2023\/#primaryimage\"},\"image\":{\"@id\":\"https:\/\/www.pumahue.cl\/curauma\/noticias\/horario-de-atencion-verano-2023\/#primaryimage\"},\"thumbnailUrl\":\"https:\/\/www.pumahue.cl\/curauma\/wp-content\/uploads\/sites\/48\/2022\/12\/Horario-Verano_CUR.png\",\"datePublished\":\"2022-12-29T11:18:21+00:00\",\"breadcrumb\":{\"@id\":\"https:\/\/www.pumahue.cl\/curauma\/noticias\/horario-de-atencion-verano-2023\/#breadcrumb\"},\"inLanguage\":\"es\",\"potentialAction\":[{\"@type\":\"ReadAction\",\"target\":[\"https:\/\/www.pumahue.cl\/curauma\/noticias\/horario-de-atencion-verano-2023\/\"]}]},{\"@type\":\"ImageObject\",\"inLanguage\":\"es\",\"@id\":\"https:\/\/www.pumahue.cl\/curauma\/noticias\/horario-de-atencion-verano-2023\/#primaryimage\",\"url\":\"https:\/\/www.pumahue.cl\/curauma\/wp-content\/uploads\/sites\/48\/2022\/12\/Horario-Verano_CUR.png\",\"contentUrl\":\"https:\/\/www.pumahue.cl\/curauma\/wp-content\/uploads\/sites\/48\/2022\/12\/Horario-Verano_CUR.png\",\"width\":836,\"height\":523},{\"@type\":\"BreadcrumbList\",\"@id\":\"https:\/\/www.pumahue.cl\/curauma\/noticias\/horario-de-atencion-verano-2023\/#breadcrumb\",\"itemListElement\":[{\"@type\":\"ListItem\",\"position\":1,\"name\":\"Home\",\"item\":\"https:\/\/www.pumahue.cl\/curauma\/\"},{\"@type\":\"ListItem\",\"position\":2,\"name\":\"Horario de atenci\u00f3n Verano 2023\"}]},{\"@type\":\"WebSite\",\"@id\":\"https:\/\/www.pumahue.cl\/curauma\/#website\",\"url\":\"https:\/\/www.pumahue.cl\/curauma\/\",\"name\":\"Colegio Pumahue Curauma\",\"description\":\"Parte de Cognita Schools\",\"publisher\":{\"@id\":\"https:\/\/www.pumahue.cl\/curauma\/#organization\"},\"potentialAction\":[{\"@type\":\"SearchAction\",\"target\":{\"@type\":\"EntryPoint\",\"urlTemplate\":\"https:\/\/www.pumahue.cl\/curauma\/?s={search_term_string}\"},\"query-input\":{\"@type\":\"PropertyValueSpecification\",\"valueRequired\":true,\"valueName\":\"search_term_string\"}}],\"inLanguage\":\"es\"},{\"@type\":\"Organization\",\"@id\":\"https:\/\/www.pumahue.cl\/curauma\/#organization\",\"name\":\"Colegio Pumahue Curauma\",\"url\":\"https:\/\/www.pumahue.cl\/curauma\/\",\"logo\":{\"@type\":\"ImageObject\",\"inLanguage\":\"es\",\"@id\":\"https:\/\/www.pumahue.cl\/curauma\/#\/schema\/logo\/image\/\",\"url\":\"https:\/\/www.pumahue.cl\/curauma\/wp-content\/uploads\/sites\/48\/2025\/02\/cropped-logo_Pumahue_.png\",\"contentUrl\":\"https:\/\/www.pumahue.cl\/curauma\/wp-content\/uploads\/sites\/48\/2025\/02\/cropped-logo_Pumahue_.png\",\"width\":512,\"height\":512,\"caption\":\"Colegio Pumahue Curauma\"},\"image\":{\"@id\":\"https:\/\/www.pumahue.cl\/curauma\/#\/schema\/logo\/image\/\"},\"sameAs\":[\"http:\/\/www.facebook.com\/ColegiosPumahue\",\"https:\/\/www.youtube.com\/@CognitaChile\"]},{\"@type\":\"Person\",\"@id\":\"https:\/\/www.pumahue.cl\/curauma\/#\/schema\/person\/0debeea140e397b5d490ee7e553255d8\",\"name\":\"jorgedelcampo\",\"image\":{\"@type\":\"ImageObject\",\"inLanguage\":\"es\",\"@id\":\"https:\/\/www.pumahue.cl\/curauma\/#\/schema\/person\/image\/\",\"url\":\"https:\/\/secure.gravatar.com\/avatar\/4a315f521213b2dc91dbda9bf799f711c8a98ab6f5606ec42cf5b33d1e762e8a?s=96&d=mm&r=g\",\"contentUrl\":\"https:\/\/secure.gravatar.com\/avatar\/4a315f521213b2dc91dbda9bf799f711c8a98ab6f5606ec42cf5b33d1e762e8a?s=96&d=mm&r=g\",\"caption\":\"jorgedelcampo\"}}]}<\/script>\n<!-- \/ Yoast SEO plugin. -->","yoast_head_json":{"title":"Horario de atenci\u00f3n Verano 2023 - Colegio Pumahue Curauma","robots":{"index":"index","follow":"follow","max-snippet":"max-snippet:-1","max-image-preview":"max-image-preview:large","max-video-preview":"max-video-preview:-1"},"canonical":"https:\/\/www.pumahue.cl\/curauma\/noticias\/horario-de-atencion-verano-2023\/","og_locale":"es_ES","og_type":"article","og_title":"Horario de atenci\u00f3n Verano 2023 - Colegio Pumahue Curauma","og_description":"Informamos que a partir del\u00a0martes 03 de enero, nuestro horario de atenci\u00f3n durante el per\u00edodo de vacaciones de verano ser\u00e1 el siguiente: Lunes a jueves: 09:00 a 17:30 hrs. Viernes: 09:00 a 13:00 hrs. S\u00e1bado: Colegio permanecer\u00e1 cerrado. Atenci\u00f3n normal: Desde el lunes 20 de febrero del 2023. Recordamos adem\u00e1s que pueden escribirnos al correo\u00a0comunicaciones.curauma@colegiopumahue.cl,\u00a0frente [&hellip;]","og_url":"https:\/\/www.pumahue.cl\/curauma\/noticias\/horario-de-atencion-verano-2023\/","og_site_name":"Colegio Pumahue Curauma","article_publisher":"http:\/\/www.facebook.com\/ColegiosPumahue","article_published_time":"2022-12-29T11:18:21+00:00","og_image":[{"width":512,"height":512,"url":"https:\/\/www.pumahue.cl\/curauma\/wp-content\/uploads\/sites\/48\/2025\/02\/cropped-logo_Pumahue_.png","type":"image\/png"}],"author":"jorgedelcampo","twitter_card":"summary_large_image","twitter_misc":{"Escrito por":"jorgedelcampo"},"schema":{"@context":"https:\/\/schema.org","@graph":[{"@type":"Article","@id":"https:\/\/www.pumahue.cl\/curauma\/noticias\/horario-de-atencion-verano-2023\/#article","isPartOf":{"@id":"https:\/\/www.pumahue.cl\/curauma\/noticias\/horario-de-atencion-verano-2023\/"},"author":{"name":"jorgedelcampo","@id":"https:\/\/www.pumahue.cl\/curauma\/#\/schema\/person\/0debeea140e397b5d490ee7e553255d8"},"headline":"Horario de atenci\u00f3n Verano 2023","datePublished":"2022-12-29T11:18:21+00:00","mainEntityOfPage":{"@id":"https:\/\/www.pumahue.cl\/curauma\/noticias\/horario-de-atencion-verano-2023\/"},"wordCount":68,"commentCount":0,"publisher":{"@id":"https:\/\/www.pumahue.cl\/curauma\/#organization"},"image":{"@id":"https:\/\/www.pumahue.cl\/curauma\/noticias\/horario-de-atencion-verano-2023\/#primaryimage"},"thumbnailUrl":"https:\/\/www.pumahue.cl\/curauma\/wp-content\/uploads\/sites\/48\/2022\/12\/Horario-Verano_CUR.png","articleSection":["Vida escolar"],"inLanguage":"es","potentialAction":[{"@type":"CommentAction","name":"Comment","target":["https:\/\/www.pumahue.cl\/curauma\/noticias\/horario-de-atencion-verano-2023\/#respond"]}]},{"@type":"WebPage","@id":"https:\/\/www.pumahue.cl\/curauma\/noticias\/horario-de-atencion-verano-2023\/","url":"https:\/\/www.pumahue.cl\/curauma\/noticias\/horario-de-atencion-verano-2023\/","name":"Horario de atenci\u00f3n Verano 2023 - Colegio Pumahue Curauma","isPartOf":{"@id":"https:\/\/www.pumahue.cl\/curauma\/#website"},"primaryImageOfPage":{"@id":"https:\/\/www.pumahue.cl\/curauma\/noticias\/horario-de-atencion-verano-2023\/#primaryimage"},"image":{"@id":"https:\/\/www.pumahue.cl\/curauma\/noticias\/horario-de-atencion-verano-2023\/#primaryimage"},"thumbnailUrl":"https:\/\/www.pumahue.cl\/curauma\/wp-content\/uploads\/sites\/48\/2022\/12\/Horario-Verano_CUR.png","datePublished":"2022-12-29T11:18:21+00:00","breadcrumb":{"@id":"https:\/\/www.pumahue.cl\/curauma\/noticias\/horario-de-atencion-verano-2023\/#breadcrumb"},"inLanguage":"es","potentialAction":[{"@type":"ReadAction","target":["https:\/\/www.pumahue.cl\/curauma\/noticias\/horario-de-atencion-verano-2023\/"]}]},{"@type":"ImageObject","inLanguage":"es","@id":"https:\/\/www.pumahue.cl\/curauma\/noticias\/horario-de-atencion-verano-2023\/#primaryimage","url":"https:\/\/www.pumahue.cl\/curauma\/wp-content\/uploads\/sites\/48\/2022\/12\/Horario-Verano_CUR.png","contentUrl":"https:\/\/www.pumahue.cl\/curauma\/wp-content\/uploads\/sites\/48\/2022\/12\/Horario-Verano_CUR.png","width":836,"height":523},{"@type":"BreadcrumbList","@id":"https:\/\/www.pumahue.cl\/curauma\/noticias\/horario-de-atencion-verano-2023\/#breadcrumb","itemListElement":[{"@type":"ListItem","position":1,"name":"Home","item":"https:\/\/www.pumahue.cl\/curauma\/"},{"@type":"ListItem","position":2,"name":"Horario de atenci\u00f3n Verano 2023"}]},{"@type":"WebSite","@id":"https:\/\/www.pumahue.cl\/curauma\/#website","url":"https:\/\/www.pumahue.cl\/curauma\/","name":"Colegio Pumahue Curauma","description":"Parte de Cognita Schools","publisher":{"@id":"https:\/\/www.pumahue.cl\/curauma\/#organization"},"potentialAction":[{"@type":"SearchAction","target":{"@type":"EntryPoint","urlTemplate":"https:\/\/www.pumahue.cl\/curauma\/?s={search_term_string}"},"query-input":{"@type":"PropertyValueSpecification","valueRequired":true,"valueName":"search_term_string"}}],"inLanguage":"es"},{"@type":"Organization","@id":"https:\/\/www.pumahue.cl\/curauma\/#organization","name":"Colegio Pumahue Curauma","url":"https:\/\/www.pumahue.cl\/curauma\/","logo":{"@type":"ImageObject","inLanguage":"es","@id":"https:\/\/www.pumahue.cl\/curauma\/#\/schema\/logo\/image\/","url":"https:\/\/www.pumahue.cl\/curauma\/wp-content\/uploads\/sites\/48\/2025\/02\/cropped-logo_Pumahue_.png","contentUrl":"https:\/\/www.pumahue.cl\/curauma\/wp-content\/uploads\/sites\/48\/2025\/02\/cropped-logo_Pumahue_.png","width":512,"height":512,"caption":"Colegio Pumahue Curauma"},"image":{"@id":"https:\/\/www.pumahue.cl\/curauma\/#\/schema\/logo\/image\/"},"sameAs":["http:\/\/www.facebook.com\/ColegiosPumahue","https:\/\/www.youtube.com\/@CognitaChile"]},{"@type":"Person","@id":"https:\/\/www.pumahue.cl\/curauma\/#\/schema\/person\/0debeea140e397b5d490ee7e553255d8","name":"jorgedelcampo","image":{"@type":"ImageObject","inLanguage":"es","@id":"https:\/\/www.pumahue.cl\/curauma\/#\/schema\/person\/image\/","url":"https:\/\/secure.gravatar.com\/avatar\/4a315f521213b2dc91dbda9bf799f711c8a98ab6f5606ec42cf5b33d1e762e8a?s=96&d=mm&r=g","contentUrl":"https:\/\/secure.gravatar.com\/avatar\/4a315f521213b2dc91dbda9bf799f711c8a98ab6f5606ec42cf5b33d1e762e8a?s=96&d=mm&r=g","caption":"jorgedelcampo"}}]}},"jetpack_featured_media_url":"https:\/\/www.pumahue.cl\/curauma\/wp-content\/uploads\/sites\/48\/2022\/12\/Horario-Verano_CUR.png","previous_post_ID":16041,"previous_post_title":"#SeguimosMejorando: somos centro oficial de Preparaci\u00f3n de Ex\u00e1menes Cambridge \u2122","previous_post_excerpt":"Tenemos la alegr\u00eda de comunicarles que recientemente nuestro colegio ha recibido el certificado de Centro Oficial para la Preparaci\u00f3n de certificados Cambridge en sus distintos niveles de ingl\u00e9s (Preparation Center for Cambridge English Qualifications), reconocimiento otorgado por English UC, Centro de Idiomas de la Pontificia Universidad Cat\u00f3lica de Chile, que busca destacar la labor que [&hellip;]","previous_post_link":"https:\/\/www.pumahue.cl\/curauma\/noticias\/seguimosmejorando-somos-centro-oficial-de-preparacion-de-examenes-cambridge\/","previous_post_class":["post-16041","post","type-post","status-publish","format-standard","has-post-thumbnail","hentry","category-vida-escolar"],"next_post_ID":16052,"next_post_title":"\ud83c\udf1f Premiaci\u00f3n Cognita Star destac\u00f3 la labor de docentes y administrativos realizada durante 2022 \ud83c\udf1f","next_post_excerpt":"El Programa de Reconocimiento Cognita Star\u201d iniciativa impulsada por nuestra red, se llev\u00f3 a cabo el pasado jueves 29 de diciembre, con el fin de celebrar el destacado desempe\u00f1o que docentes y administrativos de nuestro colegio tuvieron durante el transcurso del a\u00f1o 2022. Las nominaciones de las participantes nacieron a ra\u00edz de los comentarios y [&hellip;]","next_post_link":"https:\/\/www.pumahue.cl\/curauma\/noticias\/premiacion-cognita-star-destaco-la-labor-de-docentes-y-administrativos-realizada-durante-2022\/","next_post_class":["post-16052","post","type-post","status-publish","format-standard","has-post-thumbnail","hentry","category-vida-escolar"],"jetpack_sharing_enabled":true,"_links":{"self":[{"href":"https:\/\/www.pumahue.cl\/curauma\/wp-json\/wp\/v2\/posts\/16048","targetHints":{"allow":["GET"]}}],"collection":[{"href":"https:\/\/www.pumahue.cl\/curauma\/wp-json\/wp\/v2\/posts"}],"about":[{"href":"https:\/\/www.pumahue.cl\/curauma\/wp-json\/wp\/v2\/types\/post"}],"author":[{"embeddable":true,"href":"https:\/\/www.pumahue.cl\/curauma\/wp-json\/wp\/v2\/users\/14"}],"replies":[{"embeddable":true,"href":"https:\/\/www.pumahue.cl\/curauma\/wp-json\/wp\/v2\/comments?post=16048"}],"version-history":[{"count":0,"href":"https:\/\/www.pumahue.cl\/curauma\/wp-json\/wp\/v2\/posts\/16048\/revisions"}],"wp:featuredmedia":[{"embeddable":true,"href":"https:\/\/www.pumahue.cl\/curauma\/wp-json\/wp\/v2\/media\/16049"}],"wp:attachment":[{"href":"https:\/\/www.pumahue.cl\/curauma\/wp-json\/wp\/v2\/media?parent=16048"}],"wp:term":[{"taxonomy":"category","embeddable":true,"href":"https:\/\/www.pumahue.cl\/curauma\/wp-json\/wp\/v2\/categories?post=16048"},{"taxonomy":"post_tag","embeddable":true,"href":"https:\/\/www.pumahue.cl\/curauma\/wp-json\/wp\/v2\/tags?post=16048"}],"curies":[{"name":"wp","href":"https:\/\/api.w.org\/{rel}","templated":true}]}}