{"id":16550,"date":"2023-03-03T10:54:37","date_gmt":"2023-03-03T13:54:37","guid":{"rendered":"http:\/\/pumahue.cl\/curauma\/?p=16550"},"modified":"2023-03-03T10:54:37","modified_gmt":"2023-03-03T13:54:37","slug":"primer-dia-de-clases-2023","status":"publish","type":"post","link":"https:\/\/www.pumahue.cl\/curauma\/noticias\/primer-dia-de-clases-2023\/","title":{"rendered":"\ud83c\udf89 Primer d\u00eda de clases 2023 \ud83c\udf89"},"content":{"rendered":"<p>Con mucho entusiasmo y alta convocatoria, iniciamos un nuevo a\u00f1o escolar 2023. Fue un d\u00eda muy significativo para nuestros peque\u00f1os de Playgroup que por primera vez se integran al colegio, para nuestros alumnos de 1\u00b0 B\u00e1sicos que pasaron del &#8220;colegio peque\u00f1o&#8221; al &#8220;colegio grande&#8221; y por supuesto, para nuestros estudiantes de 4\u00b0 Medios que signific\u00f3 el \u00faltimo primer d\u00eda de clases de su vida escolar.<\/p>\n<p><strong> \u00a1Les deseamos todo el \u00e9xito a nuestra comunidad Pumahuina!\u00a0<\/strong><\/p>\n"},"excerpt":{"rendered":"<p>Con mucho entusiasmo y alta convocatoria, iniciamos un nuevo a\u00f1o escolar 2023. Fue un d\u00eda muy significativo para nuestros peque\u00f1os de Playgroup que por primera vez se integran al colegio, para nuestros alumnos de 1\u00b0 B\u00e1sicos que pasaron del &#8220;colegio peque\u00f1o&#8221; al &#8220;colegio grande&#8221; y por supuesto, para nuestros estudiantes de 4\u00b0 Medios que signific\u00f3 [&hellip;]<\/p>\n","protected":false},"author":14,"featured_media":16551,"comment_status":"open","ping_status":"open","sticky":false,"template":"","format":"standard","meta":{"_acf_changed":false,"content-type":"","_jetpack_memberships_contains_paid_content":false,"footnotes":""},"categories":[1],"tags":[],"class_list":["post-16550","post","type-post","status-publish","format-standard","has-post-thumbnail","hentry","category-vida-escolar"],"acf":[],"yoast_head":"<!-- This site is optimized with the Yoast SEO plugin v27.1.1 - https:\/\/yoast.com\/product\/yoast-seo-wordpress\/ -->\n<title>\ud83c\udf89 Primer d\u00eda de clases 2023 \ud83c\udf89 - Colegio Pumahue Curauma<\/title>\n<meta name=\"robots\" content=\"index, follow, max-snippet:-1, max-image-preview:large, max-video-preview:-1\" \/>\n<link rel=\"canonical\" href=\"https:\/\/www.pumahue.cl\/curauma\/noticias\/primer-dia-de-clases-2023\/\" \/>\n<meta property=\"og:locale\" content=\"es_ES\" \/>\n<meta property=\"og:type\" content=\"article\" \/>\n<meta property=\"og:title\" content=\"\ud83c\udf89 Primer d\u00eda de clases 2023 \ud83c\udf89 - Colegio Pumahue Curauma\" \/>\n<meta property=\"og:description\" content=\"Con mucho entusiasmo y alta convocatoria, iniciamos un nuevo a\u00f1o escolar 2023. Fue un d\u00eda muy significativo para nuestros peque\u00f1os de Playgroup que por primera vez se integran al colegio, para nuestros alumnos de 1\u00b0 B\u00e1sicos que pasaron del &#8220;colegio peque\u00f1o&#8221; al &#8220;colegio grande&#8221; y por supuesto, para nuestros estudiantes de 4\u00b0 Medios que signific\u00f3 [&hellip;]\" \/>\n<meta property=\"og:url\" content=\"https:\/\/www.pumahue.cl\/curauma\/noticias\/primer-dia-de-clases-2023\/\" \/>\n<meta property=\"og:site_name\" content=\"Colegio Pumahue Curauma\" \/>\n<meta property=\"article:publisher\" content=\"http:\/\/www.facebook.com\/ColegiosPumahue\" \/>\n<meta property=\"article:published_time\" content=\"2023-03-03T13:54:37+00:00\" \/>\n<meta property=\"og:image\" content=\"https:\/\/www.pumahue.cl\/curauma\/wp-content\/uploads\/sites\/48\/2025\/02\/cropped-logo_Pumahue_.png\" \/>\n\t<meta property=\"og:image:width\" content=\"512\" \/>\n\t<meta property=\"og:image:height\" content=\"512\" \/>\n\t<meta property=\"og:image:type\" content=\"image\/png\" \/>\n<meta name=\"author\" content=\"jorgedelcampo\" \/>\n<meta name=\"twitter:card\" content=\"summary_large_image\" \/>\n<meta name=\"twitter:label1\" content=\"Escrito por\" \/>\n\t<meta name=\"twitter:data1\" content=\"jorgedelcampo\" \/>\n<script type=\"application\/ld+json\" class=\"yoast-schema-graph\">{\"@context\":\"https:\/\/schema.org\",\"@graph\":[{\"@type\":\"Article\",\"@id\":\"https:\/\/www.pumahue.cl\/curauma\/noticias\/primer-dia-de-clases-2023\/#article\",\"isPartOf\":{\"@id\":\"https:\/\/www.pumahue.cl\/curauma\/noticias\/primer-dia-de-clases-2023\/\"},\"author\":{\"name\":\"jorgedelcampo\",\"@id\":\"https:\/\/www.pumahue.cl\/curauma\/#\/schema\/person\/0debeea140e397b5d490ee7e553255d8\"},\"headline\":\"\ud83c\udf89 Primer d\u00eda de clases 2023 \ud83c\udf89\",\"datePublished\":\"2023-03-03T13:54:37+00:00\",\"mainEntityOfPage\":{\"@id\":\"https:\/\/www.pumahue.cl\/curauma\/noticias\/primer-dia-de-clases-2023\/\"},\"wordCount\":82,\"commentCount\":0,\"publisher\":{\"@id\":\"https:\/\/www.pumahue.cl\/curauma\/#organization\"},\"image\":{\"@id\":\"https:\/\/www.pumahue.cl\/curauma\/noticias\/primer-dia-de-clases-2023\/#primaryimage\"},\"thumbnailUrl\":\"https:\/\/www.pumahue.cl\/curauma\/wp-content\/uploads\/sites\/48\/2023\/03\/primer_dia_cur1.png\",\"articleSection\":[\"Vida escolar\"],\"inLanguage\":\"es\",\"potentialAction\":[{\"@type\":\"CommentAction\",\"name\":\"Comment\",\"target\":[\"https:\/\/www.pumahue.cl\/curauma\/noticias\/primer-dia-de-clases-2023\/#respond\"]}]},{\"@type\":\"WebPage\",\"@id\":\"https:\/\/www.pumahue.cl\/curauma\/noticias\/primer-dia-de-clases-2023\/\",\"url\":\"https:\/\/www.pumahue.cl\/curauma\/noticias\/primer-dia-de-clases-2023\/\",\"name\":\"\ud83c\udf89 Primer d\u00eda de clases 2023 \ud83c\udf89 - Colegio Pumahue Curauma\",\"isPartOf\":{\"@id\":\"https:\/\/www.pumahue.cl\/curauma\/#website\"},\"primaryImageOfPage\":{\"@id\":\"https:\/\/www.pumahue.cl\/curauma\/noticias\/primer-dia-de-clases-2023\/#primaryimage\"},\"image\":{\"@id\":\"https:\/\/www.pumahue.cl\/curauma\/noticias\/primer-dia-de-clases-2023\/#primaryimage\"},\"thumbnailUrl\":\"https:\/\/www.pumahue.cl\/curauma\/wp-content\/uploads\/sites\/48\/2023\/03\/primer_dia_cur1.png\",\"datePublished\":\"2023-03-03T13:54:37+00:00\",\"breadcrumb\":{\"@id\":\"https:\/\/www.pumahue.cl\/curauma\/noticias\/primer-dia-de-clases-2023\/#breadcrumb\"},\"inLanguage\":\"es\",\"potentialAction\":[{\"@type\":\"ReadAction\",\"target\":[\"https:\/\/www.pumahue.cl\/curauma\/noticias\/primer-dia-de-clases-2023\/\"]}]},{\"@type\":\"ImageObject\",\"inLanguage\":\"es\",\"@id\":\"https:\/\/www.pumahue.cl\/curauma\/noticias\/primer-dia-de-clases-2023\/#primaryimage\",\"url\":\"https:\/\/www.pumahue.cl\/curauma\/wp-content\/uploads\/sites\/48\/2023\/03\/primer_dia_cur1.png\",\"contentUrl\":\"https:\/\/www.pumahue.cl\/curauma\/wp-content\/uploads\/sites\/48\/2023\/03\/primer_dia_cur1.png\"},{\"@type\":\"BreadcrumbList\",\"@id\":\"https:\/\/www.pumahue.cl\/curauma\/noticias\/primer-dia-de-clases-2023\/#breadcrumb\",\"itemListElement\":[{\"@type\":\"ListItem\",\"position\":1,\"name\":\"Home\",\"item\":\"https:\/\/www.pumahue.cl\/curauma\/\"},{\"@type\":\"ListItem\",\"position\":2,\"name\":\"\ud83c\udf89 Primer d\u00eda de clases 2023 \ud83c\udf89\"}]},{\"@type\":\"WebSite\",\"@id\":\"https:\/\/www.pumahue.cl\/curauma\/#website\",\"url\":\"https:\/\/www.pumahue.cl\/curauma\/\",\"name\":\"Colegio Pumahue Curauma\",\"description\":\"Parte de Cognita Schools\",\"publisher\":{\"@id\":\"https:\/\/www.pumahue.cl\/curauma\/#organization\"},\"potentialAction\":[{\"@type\":\"SearchAction\",\"target\":{\"@type\":\"EntryPoint\",\"urlTemplate\":\"https:\/\/www.pumahue.cl\/curauma\/?s={search_term_string}\"},\"query-input\":{\"@type\":\"PropertyValueSpecification\",\"valueRequired\":true,\"valueName\":\"search_term_string\"}}],\"inLanguage\":\"es\"},{\"@type\":\"Organization\",\"@id\":\"https:\/\/www.pumahue.cl\/curauma\/#organization\",\"name\":\"Colegio Pumahue Curauma\",\"url\":\"https:\/\/www.pumahue.cl\/curauma\/\",\"logo\":{\"@type\":\"ImageObject\",\"inLanguage\":\"es\",\"@id\":\"https:\/\/www.pumahue.cl\/curauma\/#\/schema\/logo\/image\/\",\"url\":\"https:\/\/www.pumahue.cl\/curauma\/wp-content\/uploads\/sites\/48\/2025\/02\/cropped-logo_Pumahue_.png\",\"contentUrl\":\"https:\/\/www.pumahue.cl\/curauma\/wp-content\/uploads\/sites\/48\/2025\/02\/cropped-logo_Pumahue_.png\",\"width\":512,\"height\":512,\"caption\":\"Colegio Pumahue Curauma\"},\"image\":{\"@id\":\"https:\/\/www.pumahue.cl\/curauma\/#\/schema\/logo\/image\/\"},\"sameAs\":[\"http:\/\/www.facebook.com\/ColegiosPumahue\",\"https:\/\/www.youtube.com\/@CognitaChile\"]},{\"@type\":\"Person\",\"@id\":\"https:\/\/www.pumahue.cl\/curauma\/#\/schema\/person\/0debeea140e397b5d490ee7e553255d8\",\"name\":\"jorgedelcampo\",\"image\":{\"@type\":\"ImageObject\",\"inLanguage\":\"es\",\"@id\":\"https:\/\/www.pumahue.cl\/curauma\/#\/schema\/person\/image\/\",\"url\":\"https:\/\/secure.gravatar.com\/avatar\/4a315f521213b2dc91dbda9bf799f711c8a98ab6f5606ec42cf5b33d1e762e8a?s=96&d=mm&r=g\",\"contentUrl\":\"https:\/\/secure.gravatar.com\/avatar\/4a315f521213b2dc91dbda9bf799f711c8a98ab6f5606ec42cf5b33d1e762e8a?s=96&d=mm&r=g\",\"caption\":\"jorgedelcampo\"}}]}<\/script>\n<!-- \/ Yoast SEO plugin. -->","yoast_head_json":{"title":"\ud83c\udf89 Primer d\u00eda de clases 2023 \ud83c\udf89 - Colegio Pumahue Curauma","robots":{"index":"index","follow":"follow","max-snippet":"max-snippet:-1","max-image-preview":"max-image-preview:large","max-video-preview":"max-video-preview:-1"},"canonical":"https:\/\/www.pumahue.cl\/curauma\/noticias\/primer-dia-de-clases-2023\/","og_locale":"es_ES","og_type":"article","og_title":"\ud83c\udf89 Primer d\u00eda de clases 2023 \ud83c\udf89 - Colegio Pumahue Curauma","og_description":"Con mucho entusiasmo y alta convocatoria, iniciamos un nuevo a\u00f1o escolar 2023. Fue un d\u00eda muy significativo para nuestros peque\u00f1os de Playgroup que por primera vez se integran al colegio, para nuestros alumnos de 1\u00b0 B\u00e1sicos que pasaron del &#8220;colegio peque\u00f1o&#8221; al &#8220;colegio grande&#8221; y por supuesto, para nuestros estudiantes de 4\u00b0 Medios que signific\u00f3 [&hellip;]","og_url":"https:\/\/www.pumahue.cl\/curauma\/noticias\/primer-dia-de-clases-2023\/","og_site_name":"Colegio Pumahue Curauma","article_publisher":"http:\/\/www.facebook.com\/ColegiosPumahue","article_published_time":"2023-03-03T13:54:37+00:00","og_image":[{"width":512,"height":512,"url":"https:\/\/www.pumahue.cl\/curauma\/wp-content\/uploads\/sites\/48\/2025\/02\/cropped-logo_Pumahue_.png","type":"image\/png"}],"author":"jorgedelcampo","twitter_card":"summary_large_image","twitter_misc":{"Escrito por":"jorgedelcampo"},"schema":{"@context":"https:\/\/schema.org","@graph":[{"@type":"Article","@id":"https:\/\/www.pumahue.cl\/curauma\/noticias\/primer-dia-de-clases-2023\/#article","isPartOf":{"@id":"https:\/\/www.pumahue.cl\/curauma\/noticias\/primer-dia-de-clases-2023\/"},"author":{"name":"jorgedelcampo","@id":"https:\/\/www.pumahue.cl\/curauma\/#\/schema\/person\/0debeea140e397b5d490ee7e553255d8"},"headline":"\ud83c\udf89 Primer d\u00eda de clases 2023 \ud83c\udf89","datePublished":"2023-03-03T13:54:37+00:00","mainEntityOfPage":{"@id":"https:\/\/www.pumahue.cl\/curauma\/noticias\/primer-dia-de-clases-2023\/"},"wordCount":82,"commentCount":0,"publisher":{"@id":"https:\/\/www.pumahue.cl\/curauma\/#organization"},"image":{"@id":"https:\/\/www.pumahue.cl\/curauma\/noticias\/primer-dia-de-clases-2023\/#primaryimage"},"thumbnailUrl":"https:\/\/www.pumahue.cl\/curauma\/wp-content\/uploads\/sites\/48\/2023\/03\/primer_dia_cur1.png","articleSection":["Vida escolar"],"inLanguage":"es","potentialAction":[{"@type":"CommentAction","name":"Comment","target":["https:\/\/www.pumahue.cl\/curauma\/noticias\/primer-dia-de-clases-2023\/#respond"]}]},{"@type":"WebPage","@id":"https:\/\/www.pumahue.cl\/curauma\/noticias\/primer-dia-de-clases-2023\/","url":"https:\/\/www.pumahue.cl\/curauma\/noticias\/primer-dia-de-clases-2023\/","name":"\ud83c\udf89 Primer d\u00eda de clases 2023 \ud83c\udf89 - Colegio Pumahue Curauma","isPartOf":{"@id":"https:\/\/www.pumahue.cl\/curauma\/#website"},"primaryImageOfPage":{"@id":"https:\/\/www.pumahue.cl\/curauma\/noticias\/primer-dia-de-clases-2023\/#primaryimage"},"image":{"@id":"https:\/\/www.pumahue.cl\/curauma\/noticias\/primer-dia-de-clases-2023\/#primaryimage"},"thumbnailUrl":"https:\/\/www.pumahue.cl\/curauma\/wp-content\/uploads\/sites\/48\/2023\/03\/primer_dia_cur1.png","datePublished":"2023-03-03T13:54:37+00:00","breadcrumb":{"@id":"https:\/\/www.pumahue.cl\/curauma\/noticias\/primer-dia-de-clases-2023\/#breadcrumb"},"inLanguage":"es","potentialAction":[{"@type":"ReadAction","target":["https:\/\/www.pumahue.cl\/curauma\/noticias\/primer-dia-de-clases-2023\/"]}]},{"@type":"ImageObject","inLanguage":"es","@id":"https:\/\/www.pumahue.cl\/curauma\/noticias\/primer-dia-de-clases-2023\/#primaryimage","url":"https:\/\/www.pumahue.cl\/curauma\/wp-content\/uploads\/sites\/48\/2023\/03\/primer_dia_cur1.png","contentUrl":"https:\/\/www.pumahue.cl\/curauma\/wp-content\/uploads\/sites\/48\/2023\/03\/primer_dia_cur1.png"},{"@type":"BreadcrumbList","@id":"https:\/\/www.pumahue.cl\/curauma\/noticias\/primer-dia-de-clases-2023\/#breadcrumb","itemListElement":[{"@type":"ListItem","position":1,"name":"Home","item":"https:\/\/www.pumahue.cl\/curauma\/"},{"@type":"ListItem","position":2,"name":"\ud83c\udf89 Primer d\u00eda de clases 2023 \ud83c\udf89"}]},{"@type":"WebSite","@id":"https:\/\/www.pumahue.cl\/curauma\/#website","url":"https:\/\/www.pumahue.cl\/curauma\/","name":"Colegio Pumahue Curauma","description":"Parte de Cognita Schools","publisher":{"@id":"https:\/\/www.pumahue.cl\/curauma\/#organization"},"potentialAction":[{"@type":"SearchAction","target":{"@type":"EntryPoint","urlTemplate":"https:\/\/www.pumahue.cl\/curauma\/?s={search_term_string}"},"query-input":{"@type":"PropertyValueSpecification","valueRequired":true,"valueName":"search_term_string"}}],"inLanguage":"es"},{"@type":"Organization","@id":"https:\/\/www.pumahue.cl\/curauma\/#organization","name":"Colegio Pumahue Curauma","url":"https:\/\/www.pumahue.cl\/curauma\/","logo":{"@type":"ImageObject","inLanguage":"es","@id":"https:\/\/www.pumahue.cl\/curauma\/#\/schema\/logo\/image\/","url":"https:\/\/www.pumahue.cl\/curauma\/wp-content\/uploads\/sites\/48\/2025\/02\/cropped-logo_Pumahue_.png","contentUrl":"https:\/\/www.pumahue.cl\/curauma\/wp-content\/uploads\/sites\/48\/2025\/02\/cropped-logo_Pumahue_.png","width":512,"height":512,"caption":"Colegio Pumahue Curauma"},"image":{"@id":"https:\/\/www.pumahue.cl\/curauma\/#\/schema\/logo\/image\/"},"sameAs":["http:\/\/www.facebook.com\/ColegiosPumahue","https:\/\/www.youtube.com\/@CognitaChile"]},{"@type":"Person","@id":"https:\/\/www.pumahue.cl\/curauma\/#\/schema\/person\/0debeea140e397b5d490ee7e553255d8","name":"jorgedelcampo","image":{"@type":"ImageObject","inLanguage":"es","@id":"https:\/\/www.pumahue.cl\/curauma\/#\/schema\/person\/image\/","url":"https:\/\/secure.gravatar.com\/avatar\/4a315f521213b2dc91dbda9bf799f711c8a98ab6f5606ec42cf5b33d1e762e8a?s=96&d=mm&r=g","contentUrl":"https:\/\/secure.gravatar.com\/avatar\/4a315f521213b2dc91dbda9bf799f711c8a98ab6f5606ec42cf5b33d1e762e8a?s=96&d=mm&r=g","caption":"jorgedelcampo"}}]}},"jetpack_featured_media_url":"https:\/\/www.pumahue.cl\/curauma\/wp-content\/uploads\/sites\/48\/2023\/03\/primer_dia_cur1.png","previous_post_ID":16480,"previous_post_title":"Alcances del Seguro Escolar Estatal","previous_post_excerpt":"Nuestra Encargada de Seguridad del Alumno (ESA), Olga Duarte, y la T\u00e9cnico en Enfermer\u00eda (TENS), Mar\u00eda Ang\u00e9lica Jaime, participaron en una jornada de capacitaci\u00f3n sobre el Seguro Escolar Estatal, organizada por el departamento de Health and Safety de Cognita Chile. Esta jornada ten\u00eda como objetivo actualizar y dar conocer el marco normativo del seguro incluyendo [&hellip;]","previous_post_link":"https:\/\/www.pumahue.cl\/curauma\/noticias\/alcances-del-seguro-escolar-estatal\/","previous_post_class":["post-16480","post","type-post","status-publish","format-standard","has-post-thumbnail","hentry","category-vida-escolar"],"next_post_ID":16355,"next_post_title":"AFTER SCHOOL 2023: \u00a1toda la informaci\u00f3n aqu\u00ed \ud83c\udfaa\ud83c\udf88!","next_post_excerpt":"Invitamos a a nuestras familias a participar de nuestro &#8220;After School 2023&#8243;, iniciativa dirigida a alumnos y alumnas de los niveles de Playgroup, Jard\u00edn Infantil, Pre-K\u00ednder y K\u00ednder. Este programa extraprogram\u00e1tico es una instancia para que los ni\u00f1os y ni\u00f1as disfruten en un espacio de recreaci\u00f3n, crecimiento y desarrollo, en un entorno seguro que potencie [&hellip;]","next_post_link":"https:\/\/www.pumahue.cl\/curauma\/noticias\/after-school-2023-toda-la-informacion-aqui\/","next_post_class":["post-16355","post","type-post","status-publish","format-standard","has-post-thumbnail","hentry","category-vida-escolar"],"jetpack_sharing_enabled":true,"_links":{"self":[{"href":"https:\/\/www.pumahue.cl\/curauma\/wp-json\/wp\/v2\/posts\/16550","targetHints":{"allow":["GET"]}}],"collection":[{"href":"https:\/\/www.pumahue.cl\/curauma\/wp-json\/wp\/v2\/posts"}],"about":[{"href":"https:\/\/www.pumahue.cl\/curauma\/wp-json\/wp\/v2\/types\/post"}],"author":[{"embeddable":true,"href":"https:\/\/www.pumahue.cl\/curauma\/wp-json\/wp\/v2\/users\/14"}],"replies":[{"embeddable":true,"href":"https:\/\/www.pumahue.cl\/curauma\/wp-json\/wp\/v2\/comments?post=16550"}],"version-history":[{"count":0,"href":"https:\/\/www.pumahue.cl\/curauma\/wp-json\/wp\/v2\/posts\/16550\/revisions"}],"wp:featuredmedia":[{"embeddable":true,"href":"https:\/\/www.pumahue.cl\/curauma\/wp-json\/wp\/v2\/media\/16551"}],"wp:attachment":[{"href":"https:\/\/www.pumahue.cl\/curauma\/wp-json\/wp\/v2\/media?parent=16550"}],"wp:term":[{"taxonomy":"category","embeddable":true,"href":"https:\/\/www.pumahue.cl\/curauma\/wp-json\/wp\/v2\/categories?post=16550"},{"taxonomy":"post_tag","embeddable":true,"href":"https:\/\/www.pumahue.cl\/curauma\/wp-json\/wp\/v2\/tags?post=16550"}],"curies":[{"name":"wp","href":"https:\/\/api.w.org\/{rel}","templated":true}]}}