{"id":17309,"date":"2023-05-02T11:02:17","date_gmt":"2023-05-02T15:02:17","guid":{"rendered":"http:\/\/pumahue.cl\/curauma\/?p=17309"},"modified":"2023-05-02T11:02:17","modified_gmt":"2023-05-02T15:02:17","slug":"charla-informativa-del-programa-de-intercambio-internacional-de-los-colegios-cognita-chile-2","status":"publish","type":"post","link":"https:\/\/www.pumahue.cl\/curauma\/noticias\/charla-informativa-del-programa-de-intercambio-internacional-de-los-colegios-cognita-chile-2\/","title":{"rendered":"Charla Informativa del Programa de Intercambio Internacional de los colegios Cognita Chile"},"content":{"rendered":"<p>Nos es muy grato invitarlos a la\u00a0<strong>Charla Informativa del Programa de Intercambio Internacional de los colegios Cognita Chile\u00a0<\/strong>que tendr\u00e1 lugar el\u00a0<strong>lunes 08 de mayo a las 19:30 horas v\u00eda Teams (online).<\/strong><\/p>\n<p>En esta reuni\u00f3n explicaremos el programa de intercambio, responderemos sus consultas y detallaremos el\u00a0<b>proceso de postulaci\u00f3n orientado para estudiantes\u00a0de 8\u00b0 B\u00e1sico a 3\u00b0 Medio, para el pr\u00f3ximo viaje de 5 semanas a Reino Unido que se realizar\u00e1 en enero 2024.<\/b><\/p>\n<p>Esta experiencia es una gran oportunidad para fortalecer competencias ling\u00fc\u00edsticas, interpersonales y culturales como ciudadanos globales \u00a1Participa!<\/p>\n<p>Para m\u00e1s informaci\u00f3n, comun\u00edquese al email <span style=\"color: #008080\"><strong>cognitachile_intercambioUK@cognita.com<\/strong><\/span><\/p>\n<table>\n<tbody>\n<tr>\n<td width=\"425\"><strong><a href=\"https:\/\/teams.microsoft.com\/dl\/launcher\/launcher.html?url=%2F_%23%2Fl%2Fmeetup-join%2F19%3Ameeting_MjNjMmVhNzQtNDIyMi00N2FlLWJmMWYtMjA3NTY4OWJlYjEw%40thread.v2%2F0%3Fcontext%3D%257b%2522Tid%2522%253a%252206d2dc82-6fed-4d3b-9218-37d34fb0405b%2522%252c%2522Oid%2522%253a%25220bb92002-560e-403b-a902-5ce9988b8732%2522%257d%26anon%3Dtrue&amp;type=meetup-join&amp;deeplinkId=78165120-f41f-473b-a387-ae38ca0b346b&amp;directDl=true&amp;msLaunch=true&amp;enableMobilePage=true&amp;suppressPrompt=true\">Link Charla Intercambios Colegios Pumahue Mayo 08<\/a><\/strong><\/td>\n<\/tr>\n<\/tbody>\n<\/table>\n<p><strong>Direcci\u00f3n de Proyectos Globales e Innovaci\u00f3n<\/strong><br \/>\n<strong>Cognita Chile<\/strong><\/p>\n"},"excerpt":{"rendered":"<p>Nos es muy grato invitarlos a la\u00a0Charla Informativa del Programa de Intercambio Internacional de los colegios Cognita Chile\u00a0que tendr\u00e1 lugar el\u00a0lunes 08 de mayo a las 19:30 horas v\u00eda Teams (online). En esta reuni\u00f3n explicaremos el programa de intercambio, responderemos sus consultas y detallaremos el\u00a0proceso de postulaci\u00f3n orientado para estudiantes\u00a0de 8\u00b0 B\u00e1sico a 3\u00b0 Medio, [&hellip;]<\/p>\n","protected":false},"author":14,"featured_media":16779,"comment_status":"open","ping_status":"open","sticky":false,"template":"","format":"standard","meta":{"_acf_changed":false,"content-type":"","_jetpack_memberships_contains_paid_content":false,"footnotes":""},"categories":[1],"tags":[],"class_list":["post-17309","post","type-post","status-publish","format-standard","has-post-thumbnail","hentry","category-vida-escolar"],"acf":[],"yoast_head":"<!-- This site is optimized with the Yoast SEO plugin v27.1.1 - https:\/\/yoast.com\/product\/yoast-seo-wordpress\/ -->\n<title>Charla Informativa del Programa de Intercambio Internacional de los colegios Cognita Chile - Colegio Pumahue Curauma<\/title>\n<meta name=\"robots\" content=\"index, follow, max-snippet:-1, max-image-preview:large, max-video-preview:-1\" \/>\n<link rel=\"canonical\" href=\"https:\/\/www.pumahue.cl\/curauma\/noticias\/charla-informativa-del-programa-de-intercambio-internacional-de-los-colegios-cognita-chile-2\/\" \/>\n<meta property=\"og:locale\" content=\"es_ES\" \/>\n<meta property=\"og:type\" content=\"article\" \/>\n<meta property=\"og:title\" content=\"Charla Informativa del Programa de Intercambio Internacional de los colegios Cognita Chile - Colegio Pumahue Curauma\" \/>\n<meta property=\"og:description\" content=\"Nos es muy grato invitarlos a la\u00a0Charla Informativa del Programa de Intercambio Internacional de los colegios Cognita Chile\u00a0que tendr\u00e1 lugar el\u00a0lunes 08 de mayo a las 19:30 horas v\u00eda Teams (online). En esta reuni\u00f3n explicaremos el programa de intercambio, responderemos sus consultas y detallaremos el\u00a0proceso de postulaci\u00f3n orientado para estudiantes\u00a0de 8\u00b0 B\u00e1sico a 3\u00b0 Medio, [&hellip;]\" \/>\n<meta property=\"og:url\" content=\"https:\/\/www.pumahue.cl\/curauma\/noticias\/charla-informativa-del-programa-de-intercambio-internacional-de-los-colegios-cognita-chile-2\/\" \/>\n<meta property=\"og:site_name\" content=\"Colegio Pumahue Curauma\" \/>\n<meta property=\"article:publisher\" content=\"http:\/\/www.facebook.com\/ColegiosPumahue\" \/>\n<meta property=\"article:published_time\" content=\"2023-05-02T15:02:17+00:00\" \/>\n<meta property=\"og:image\" content=\"https:\/\/www.pumahue.cl\/curauma\/wp-content\/uploads\/sites\/48\/2025\/02\/cropped-logo_Pumahue_.png\" \/>\n\t<meta property=\"og:image:width\" content=\"512\" \/>\n\t<meta property=\"og:image:height\" content=\"512\" \/>\n\t<meta property=\"og:image:type\" content=\"image\/png\" \/>\n<meta name=\"author\" content=\"jorgedelcampo\" \/>\n<meta name=\"twitter:card\" content=\"summary_large_image\" \/>\n<meta name=\"twitter:label1\" content=\"Escrito por\" \/>\n\t<meta name=\"twitter:data1\" content=\"jorgedelcampo\" \/>\n\t<meta name=\"twitter:label2\" content=\"Tiempo de lectura\" \/>\n\t<meta name=\"twitter:data2\" content=\"1 minuto\" \/>\n<script type=\"application\/ld+json\" class=\"yoast-schema-graph\">{\"@context\":\"https:\/\/schema.org\",\"@graph\":[{\"@type\":\"Article\",\"@id\":\"https:\/\/www.pumahue.cl\/curauma\/noticias\/charla-informativa-del-programa-de-intercambio-internacional-de-los-colegios-cognita-chile-2\/#article\",\"isPartOf\":{\"@id\":\"https:\/\/www.pumahue.cl\/curauma\/noticias\/charla-informativa-del-programa-de-intercambio-internacional-de-los-colegios-cognita-chile-2\/\"},\"author\":{\"name\":\"jorgedelcampo\",\"@id\":\"https:\/\/www.pumahue.cl\/curauma\/#\/schema\/person\/0debeea140e397b5d490ee7e553255d8\"},\"headline\":\"Charla Informativa del Programa de Intercambio Internacional de los colegios Cognita Chile\",\"datePublished\":\"2023-05-02T15:02:17+00:00\",\"mainEntityOfPage\":{\"@id\":\"https:\/\/www.pumahue.cl\/curauma\/noticias\/charla-informativa-del-programa-de-intercambio-internacional-de-los-colegios-cognita-chile-2\/\"},\"wordCount\":134,\"commentCount\":0,\"publisher\":{\"@id\":\"https:\/\/www.pumahue.cl\/curauma\/#organization\"},\"image\":{\"@id\":\"https:\/\/www.pumahue.cl\/curauma\/noticias\/charla-informativa-del-programa-de-intercambio-internacional-de-los-colegios-cognita-chile-2\/#primaryimage\"},\"thumbnailUrl\":\"https:\/\/www.pumahue.cl\/curauma\/wp-content\/uploads\/sites\/48\/2023\/03\/exchange_cognita_.jpg\",\"articleSection\":[\"Vida escolar\"],\"inLanguage\":\"es\",\"potentialAction\":[{\"@type\":\"CommentAction\",\"name\":\"Comment\",\"target\":[\"https:\/\/www.pumahue.cl\/curauma\/noticias\/charla-informativa-del-programa-de-intercambio-internacional-de-los-colegios-cognita-chile-2\/#respond\"]}]},{\"@type\":\"WebPage\",\"@id\":\"https:\/\/www.pumahue.cl\/curauma\/noticias\/charla-informativa-del-programa-de-intercambio-internacional-de-los-colegios-cognita-chile-2\/\",\"url\":\"https:\/\/www.pumahue.cl\/curauma\/noticias\/charla-informativa-del-programa-de-intercambio-internacional-de-los-colegios-cognita-chile-2\/\",\"name\":\"Charla Informativa del Programa de Intercambio Internacional de los colegios Cognita Chile - Colegio Pumahue Curauma\",\"isPartOf\":{\"@id\":\"https:\/\/www.pumahue.cl\/curauma\/#website\"},\"primaryImageOfPage\":{\"@id\":\"https:\/\/www.pumahue.cl\/curauma\/noticias\/charla-informativa-del-programa-de-intercambio-internacional-de-los-colegios-cognita-chile-2\/#primaryimage\"},\"image\":{\"@id\":\"https:\/\/www.pumahue.cl\/curauma\/noticias\/charla-informativa-del-programa-de-intercambio-internacional-de-los-colegios-cognita-chile-2\/#primaryimage\"},\"thumbnailUrl\":\"https:\/\/www.pumahue.cl\/curauma\/wp-content\/uploads\/sites\/48\/2023\/03\/exchange_cognita_.jpg\",\"datePublished\":\"2023-05-02T15:02:17+00:00\",\"breadcrumb\":{\"@id\":\"https:\/\/www.pumahue.cl\/curauma\/noticias\/charla-informativa-del-programa-de-intercambio-internacional-de-los-colegios-cognita-chile-2\/#breadcrumb\"},\"inLanguage\":\"es\",\"potentialAction\":[{\"@type\":\"ReadAction\",\"target\":[\"https:\/\/www.pumahue.cl\/curauma\/noticias\/charla-informativa-del-programa-de-intercambio-internacional-de-los-colegios-cognita-chile-2\/\"]}]},{\"@type\":\"ImageObject\",\"inLanguage\":\"es\",\"@id\":\"https:\/\/www.pumahue.cl\/curauma\/noticias\/charla-informativa-del-programa-de-intercambio-internacional-de-los-colegios-cognita-chile-2\/#primaryimage\",\"url\":\"https:\/\/www.pumahue.cl\/curauma\/wp-content\/uploads\/sites\/48\/2023\/03\/exchange_cognita_.jpg\",\"contentUrl\":\"https:\/\/www.pumahue.cl\/curauma\/wp-content\/uploads\/sites\/48\/2023\/03\/exchange_cognita_.jpg\",\"width\":836,\"height\":523},{\"@type\":\"BreadcrumbList\",\"@id\":\"https:\/\/www.pumahue.cl\/curauma\/noticias\/charla-informativa-del-programa-de-intercambio-internacional-de-los-colegios-cognita-chile-2\/#breadcrumb\",\"itemListElement\":[{\"@type\":\"ListItem\",\"position\":1,\"name\":\"Home\",\"item\":\"https:\/\/www.pumahue.cl\/curauma\/\"},{\"@type\":\"ListItem\",\"position\":2,\"name\":\"Charla Informativa del Programa de Intercambio Internacional de los colegios Cognita Chile\"}]},{\"@type\":\"WebSite\",\"@id\":\"https:\/\/www.pumahue.cl\/curauma\/#website\",\"url\":\"https:\/\/www.pumahue.cl\/curauma\/\",\"name\":\"Colegio Pumahue Curauma\",\"description\":\"Parte de Cognita Schools\",\"publisher\":{\"@id\":\"https:\/\/www.pumahue.cl\/curauma\/#organization\"},\"potentialAction\":[{\"@type\":\"SearchAction\",\"target\":{\"@type\":\"EntryPoint\",\"urlTemplate\":\"https:\/\/www.pumahue.cl\/curauma\/?s={search_term_string}\"},\"query-input\":{\"@type\":\"PropertyValueSpecification\",\"valueRequired\":true,\"valueName\":\"search_term_string\"}}],\"inLanguage\":\"es\"},{\"@type\":\"Organization\",\"@id\":\"https:\/\/www.pumahue.cl\/curauma\/#organization\",\"name\":\"Colegio Pumahue Curauma\",\"url\":\"https:\/\/www.pumahue.cl\/curauma\/\",\"logo\":{\"@type\":\"ImageObject\",\"inLanguage\":\"es\",\"@id\":\"https:\/\/www.pumahue.cl\/curauma\/#\/schema\/logo\/image\/\",\"url\":\"https:\/\/www.pumahue.cl\/curauma\/wp-content\/uploads\/sites\/48\/2025\/02\/cropped-logo_Pumahue_.png\",\"contentUrl\":\"https:\/\/www.pumahue.cl\/curauma\/wp-content\/uploads\/sites\/48\/2025\/02\/cropped-logo_Pumahue_.png\",\"width\":512,\"height\":512,\"caption\":\"Colegio Pumahue Curauma\"},\"image\":{\"@id\":\"https:\/\/www.pumahue.cl\/curauma\/#\/schema\/logo\/image\/\"},\"sameAs\":[\"http:\/\/www.facebook.com\/ColegiosPumahue\",\"https:\/\/www.youtube.com\/@CognitaChile\"]},{\"@type\":\"Person\",\"@id\":\"https:\/\/www.pumahue.cl\/curauma\/#\/schema\/person\/0debeea140e397b5d490ee7e553255d8\",\"name\":\"jorgedelcampo\",\"image\":{\"@type\":\"ImageObject\",\"inLanguage\":\"es\",\"@id\":\"https:\/\/www.pumahue.cl\/curauma\/#\/schema\/person\/image\/\",\"url\":\"https:\/\/secure.gravatar.com\/avatar\/4a315f521213b2dc91dbda9bf799f711c8a98ab6f5606ec42cf5b33d1e762e8a?s=96&d=mm&r=g\",\"contentUrl\":\"https:\/\/secure.gravatar.com\/avatar\/4a315f521213b2dc91dbda9bf799f711c8a98ab6f5606ec42cf5b33d1e762e8a?s=96&d=mm&r=g\",\"caption\":\"jorgedelcampo\"}}]}<\/script>\n<!-- \/ Yoast SEO plugin. -->","yoast_head_json":{"title":"Charla Informativa del Programa de Intercambio Internacional de los colegios Cognita Chile - Colegio Pumahue Curauma","robots":{"index":"index","follow":"follow","max-snippet":"max-snippet:-1","max-image-preview":"max-image-preview:large","max-video-preview":"max-video-preview:-1"},"canonical":"https:\/\/www.pumahue.cl\/curauma\/noticias\/charla-informativa-del-programa-de-intercambio-internacional-de-los-colegios-cognita-chile-2\/","og_locale":"es_ES","og_type":"article","og_title":"Charla Informativa del Programa de Intercambio Internacional de los colegios Cognita Chile - Colegio Pumahue Curauma","og_description":"Nos es muy grato invitarlos a la\u00a0Charla Informativa del Programa de Intercambio Internacional de los colegios Cognita Chile\u00a0que tendr\u00e1 lugar el\u00a0lunes 08 de mayo a las 19:30 horas v\u00eda Teams (online). En esta reuni\u00f3n explicaremos el programa de intercambio, responderemos sus consultas y detallaremos el\u00a0proceso de postulaci\u00f3n orientado para estudiantes\u00a0de 8\u00b0 B\u00e1sico a 3\u00b0 Medio, [&hellip;]","og_url":"https:\/\/www.pumahue.cl\/curauma\/noticias\/charla-informativa-del-programa-de-intercambio-internacional-de-los-colegios-cognita-chile-2\/","og_site_name":"Colegio Pumahue Curauma","article_publisher":"http:\/\/www.facebook.com\/ColegiosPumahue","article_published_time":"2023-05-02T15:02:17+00:00","og_image":[{"width":512,"height":512,"url":"https:\/\/www.pumahue.cl\/curauma\/wp-content\/uploads\/sites\/48\/2025\/02\/cropped-logo_Pumahue_.png","type":"image\/png"}],"author":"jorgedelcampo","twitter_card":"summary_large_image","twitter_misc":{"Escrito por":"jorgedelcampo","Tiempo de lectura":"1 minuto"},"schema":{"@context":"https:\/\/schema.org","@graph":[{"@type":"Article","@id":"https:\/\/www.pumahue.cl\/curauma\/noticias\/charla-informativa-del-programa-de-intercambio-internacional-de-los-colegios-cognita-chile-2\/#article","isPartOf":{"@id":"https:\/\/www.pumahue.cl\/curauma\/noticias\/charla-informativa-del-programa-de-intercambio-internacional-de-los-colegios-cognita-chile-2\/"},"author":{"name":"jorgedelcampo","@id":"https:\/\/www.pumahue.cl\/curauma\/#\/schema\/person\/0debeea140e397b5d490ee7e553255d8"},"headline":"Charla Informativa del Programa de Intercambio Internacional de los colegios Cognita Chile","datePublished":"2023-05-02T15:02:17+00:00","mainEntityOfPage":{"@id":"https:\/\/www.pumahue.cl\/curauma\/noticias\/charla-informativa-del-programa-de-intercambio-internacional-de-los-colegios-cognita-chile-2\/"},"wordCount":134,"commentCount":0,"publisher":{"@id":"https:\/\/www.pumahue.cl\/curauma\/#organization"},"image":{"@id":"https:\/\/www.pumahue.cl\/curauma\/noticias\/charla-informativa-del-programa-de-intercambio-internacional-de-los-colegios-cognita-chile-2\/#primaryimage"},"thumbnailUrl":"https:\/\/www.pumahue.cl\/curauma\/wp-content\/uploads\/sites\/48\/2023\/03\/exchange_cognita_.jpg","articleSection":["Vida escolar"],"inLanguage":"es","potentialAction":[{"@type":"CommentAction","name":"Comment","target":["https:\/\/www.pumahue.cl\/curauma\/noticias\/charla-informativa-del-programa-de-intercambio-internacional-de-los-colegios-cognita-chile-2\/#respond"]}]},{"@type":"WebPage","@id":"https:\/\/www.pumahue.cl\/curauma\/noticias\/charla-informativa-del-programa-de-intercambio-internacional-de-los-colegios-cognita-chile-2\/","url":"https:\/\/www.pumahue.cl\/curauma\/noticias\/charla-informativa-del-programa-de-intercambio-internacional-de-los-colegios-cognita-chile-2\/","name":"Charla Informativa del Programa de Intercambio Internacional de los colegios Cognita Chile - Colegio Pumahue Curauma","isPartOf":{"@id":"https:\/\/www.pumahue.cl\/curauma\/#website"},"primaryImageOfPage":{"@id":"https:\/\/www.pumahue.cl\/curauma\/noticias\/charla-informativa-del-programa-de-intercambio-internacional-de-los-colegios-cognita-chile-2\/#primaryimage"},"image":{"@id":"https:\/\/www.pumahue.cl\/curauma\/noticias\/charla-informativa-del-programa-de-intercambio-internacional-de-los-colegios-cognita-chile-2\/#primaryimage"},"thumbnailUrl":"https:\/\/www.pumahue.cl\/curauma\/wp-content\/uploads\/sites\/48\/2023\/03\/exchange_cognita_.jpg","datePublished":"2023-05-02T15:02:17+00:00","breadcrumb":{"@id":"https:\/\/www.pumahue.cl\/curauma\/noticias\/charla-informativa-del-programa-de-intercambio-internacional-de-los-colegios-cognita-chile-2\/#breadcrumb"},"inLanguage":"es","potentialAction":[{"@type":"ReadAction","target":["https:\/\/www.pumahue.cl\/curauma\/noticias\/charla-informativa-del-programa-de-intercambio-internacional-de-los-colegios-cognita-chile-2\/"]}]},{"@type":"ImageObject","inLanguage":"es","@id":"https:\/\/www.pumahue.cl\/curauma\/noticias\/charla-informativa-del-programa-de-intercambio-internacional-de-los-colegios-cognita-chile-2\/#primaryimage","url":"https:\/\/www.pumahue.cl\/curauma\/wp-content\/uploads\/sites\/48\/2023\/03\/exchange_cognita_.jpg","contentUrl":"https:\/\/www.pumahue.cl\/curauma\/wp-content\/uploads\/sites\/48\/2023\/03\/exchange_cognita_.jpg","width":836,"height":523},{"@type":"BreadcrumbList","@id":"https:\/\/www.pumahue.cl\/curauma\/noticias\/charla-informativa-del-programa-de-intercambio-internacional-de-los-colegios-cognita-chile-2\/#breadcrumb","itemListElement":[{"@type":"ListItem","position":1,"name":"Home","item":"https:\/\/www.pumahue.cl\/curauma\/"},{"@type":"ListItem","position":2,"name":"Charla Informativa del Programa de Intercambio Internacional de los colegios Cognita Chile"}]},{"@type":"WebSite","@id":"https:\/\/www.pumahue.cl\/curauma\/#website","url":"https:\/\/www.pumahue.cl\/curauma\/","name":"Colegio Pumahue Curauma","description":"Parte de Cognita Schools","publisher":{"@id":"https:\/\/www.pumahue.cl\/curauma\/#organization"},"potentialAction":[{"@type":"SearchAction","target":{"@type":"EntryPoint","urlTemplate":"https:\/\/www.pumahue.cl\/curauma\/?s={search_term_string}"},"query-input":{"@type":"PropertyValueSpecification","valueRequired":true,"valueName":"search_term_string"}}],"inLanguage":"es"},{"@type":"Organization","@id":"https:\/\/www.pumahue.cl\/curauma\/#organization","name":"Colegio Pumahue Curauma","url":"https:\/\/www.pumahue.cl\/curauma\/","logo":{"@type":"ImageObject","inLanguage":"es","@id":"https:\/\/www.pumahue.cl\/curauma\/#\/schema\/logo\/image\/","url":"https:\/\/www.pumahue.cl\/curauma\/wp-content\/uploads\/sites\/48\/2025\/02\/cropped-logo_Pumahue_.png","contentUrl":"https:\/\/www.pumahue.cl\/curauma\/wp-content\/uploads\/sites\/48\/2025\/02\/cropped-logo_Pumahue_.png","width":512,"height":512,"caption":"Colegio Pumahue Curauma"},"image":{"@id":"https:\/\/www.pumahue.cl\/curauma\/#\/schema\/logo\/image\/"},"sameAs":["http:\/\/www.facebook.com\/ColegiosPumahue","https:\/\/www.youtube.com\/@CognitaChile"]},{"@type":"Person","@id":"https:\/\/www.pumahue.cl\/curauma\/#\/schema\/person\/0debeea140e397b5d490ee7e553255d8","name":"jorgedelcampo","image":{"@type":"ImageObject","inLanguage":"es","@id":"https:\/\/www.pumahue.cl\/curauma\/#\/schema\/person\/image\/","url":"https:\/\/secure.gravatar.com\/avatar\/4a315f521213b2dc91dbda9bf799f711c8a98ab6f5606ec42cf5b33d1e762e8a?s=96&d=mm&r=g","contentUrl":"https:\/\/secure.gravatar.com\/avatar\/4a315f521213b2dc91dbda9bf799f711c8a98ab6f5606ec42cf5b33d1e762e8a?s=96&d=mm&r=g","caption":"jorgedelcampo"}}]}},"jetpack_featured_media_url":"https:\/\/www.pumahue.cl\/curauma\/wp-content\/uploads\/sites\/48\/2023\/03\/exchange_cognita_.jpg","previous_post_ID":17229,"previous_post_title":"#SeguimosMejorando: realizamos primera Feria de la Convivencia Escolar \ud83e\udd17","previous_post_excerpt":"Promoviendo nuestra importante Cultura de Salvaguarda, nuestro colegio celebr\u00f3 en el marco del mes de la Convivencia Escolar, la primera Feria de la Convivencia Escolar. En esta actividad, los alumnos y alumnas de Educaci\u00f3n Media montaron stands con diferentes tem\u00e1ticas, los cuales fueron visitados por estudiantes desde 1\u00b0 B\u00e1sico en adelante. Algunas de los temas [&hellip;]","previous_post_link":"https:\/\/www.pumahue.cl\/curauma\/noticias\/seguimosmejorando-realizamos-primera-feria-de-la-convivencia-escolar\/","previous_post_class":["post-17229","post","type-post","status-publish","format-standard","has-post-thumbnail","hentry","category-vida-escolar"],"next_post_ID":17313,"next_post_title":"Mes de la Seguridad en Pumahue Curauma","next_post_excerpt":"Este mes de mayo celebramos la segunda versi\u00f3n del Mes de la Seguridad en la red de colegios Cognita Chile. Tenemos la convicci\u00f3n de que asegurar la salud y seguridad de toda la comunidad educativa es clave para cumplir nuestro compromiso con el bienestar integral de todos nuestros estudiantes. Les recordamos que el colegio cuenta [&hellip;]","next_post_link":"https:\/\/www.pumahue.cl\/curauma\/noticias\/mes-de-la-seguridad-en-pumahue-curauma\/","next_post_class":["post-17313","post","type-post","status-publish","format-standard","has-post-thumbnail","hentry","category-vida-escolar"],"jetpack_sharing_enabled":true,"_links":{"self":[{"href":"https:\/\/www.pumahue.cl\/curauma\/wp-json\/wp\/v2\/posts\/17309","targetHints":{"allow":["GET"]}}],"collection":[{"href":"https:\/\/www.pumahue.cl\/curauma\/wp-json\/wp\/v2\/posts"}],"about":[{"href":"https:\/\/www.pumahue.cl\/curauma\/wp-json\/wp\/v2\/types\/post"}],"author":[{"embeddable":true,"href":"https:\/\/www.pumahue.cl\/curauma\/wp-json\/wp\/v2\/users\/14"}],"replies":[{"embeddable":true,"href":"https:\/\/www.pumahue.cl\/curauma\/wp-json\/wp\/v2\/comments?post=17309"}],"version-history":[{"count":0,"href":"https:\/\/www.pumahue.cl\/curauma\/wp-json\/wp\/v2\/posts\/17309\/revisions"}],"wp:featuredmedia":[{"embeddable":true,"href":"https:\/\/www.pumahue.cl\/curauma\/wp-json\/wp\/v2\/media\/16779"}],"wp:attachment":[{"href":"https:\/\/www.pumahue.cl\/curauma\/wp-json\/wp\/v2\/media?parent=17309"}],"wp:term":[{"taxonomy":"category","embeddable":true,"href":"https:\/\/www.pumahue.cl\/curauma\/wp-json\/wp\/v2\/categories?post=17309"},{"taxonomy":"post_tag","embeddable":true,"href":"https:\/\/www.pumahue.cl\/curauma\/wp-json\/wp\/v2\/tags?post=17309"}],"curies":[{"name":"wp","href":"https:\/\/api.w.org\/{rel}","templated":true}]}}