{"id":17379,"date":"2023-05-22T11:13:15","date_gmt":"2023-05-22T15:13:15","guid":{"rendered":"http:\/\/pumahue.cl\/curauma\/?p=17379"},"modified":"2023-05-22T11:13:15","modified_gmt":"2023-05-22T15:13:15","slug":"celebraciones-dia-del-alumno-2","status":"publish","type":"post","link":"https:\/\/www.pumahue.cl\/curauma\/noticias\/celebraciones-dia-del-alumno-2\/","title":{"rendered":"\u00a1Celebraciones D\u00eda del Alumno! \ud83e\udd73\ud83c\udf1f\ud83c\udf89"},"content":{"rendered":"<p>El pasado viernes 12 fue un d\u00eda muy especial en nuestro Colegio Pumahue Curauma, ya que durante la jornada se llev\u00f3 a cabo la celebraci\u00f3n del <strong>D\u00eda del Alumno<\/strong>. Nuestros estudiantes de todos los ciclos educativos disfrutaron de diversas actividades y sorpresas, enmarcadas en la tem\u00e1tica de Super Mario Bros y que por supuesto, fueron hechas con mucho cari\u00f1o de parte de su familias y profesores.<\/p>\n<p><strong>\u00a1Esperamos que haya sido un d\u00eda de felicidad abundante!\u00a0<\/strong><\/p>\n"},"excerpt":{"rendered":"<p>El pasado viernes 12 fue un d\u00eda muy especial en nuestro Colegio Pumahue Curauma, ya que durante la jornada se llev\u00f3 a cabo la celebraci\u00f3n del D\u00eda del Alumno. Nuestros estudiantes de todos los ciclos educativos disfrutaron de diversas actividades y sorpresas, enmarcadas en la tem\u00e1tica de Super Mario Bros y que por supuesto, fueron [&hellip;]<\/p>\n","protected":false},"author":14,"featured_media":17391,"comment_status":"open","ping_status":"open","sticky":false,"template":"","format":"standard","meta":{"_acf_changed":false,"content-type":"","_jetpack_memberships_contains_paid_content":false,"footnotes":""},"categories":[1],"tags":[],"class_list":["post-17379","post","type-post","status-publish","format-standard","has-post-thumbnail","hentry","category-vida-escolar"],"acf":[],"yoast_head":"<!-- This site is optimized with the Yoast SEO plugin v27.1.1 - https:\/\/yoast.com\/product\/yoast-seo-wordpress\/ -->\n<title>\u00a1Celebraciones D\u00eda del Alumno! \ud83e\udd73\ud83c\udf1f\ud83c\udf89 - Colegio Pumahue Curauma<\/title>\n<meta name=\"robots\" content=\"index, follow, max-snippet:-1, max-image-preview:large, max-video-preview:-1\" \/>\n<link rel=\"canonical\" href=\"https:\/\/www.pumahue.cl\/curauma\/noticias\/celebraciones-dia-del-alumno-2\/\" \/>\n<meta property=\"og:locale\" content=\"es_ES\" \/>\n<meta property=\"og:type\" content=\"article\" \/>\n<meta property=\"og:title\" content=\"\u00a1Celebraciones D\u00eda del Alumno! \ud83e\udd73\ud83c\udf1f\ud83c\udf89 - Colegio Pumahue Curauma\" \/>\n<meta property=\"og:description\" content=\"El pasado viernes 12 fue un d\u00eda muy especial en nuestro Colegio Pumahue Curauma, ya que durante la jornada se llev\u00f3 a cabo la celebraci\u00f3n del D\u00eda del Alumno. Nuestros estudiantes de todos los ciclos educativos disfrutaron de diversas actividades y sorpresas, enmarcadas en la tem\u00e1tica de Super Mario Bros y que por supuesto, fueron [&hellip;]\" \/>\n<meta property=\"og:url\" content=\"https:\/\/www.pumahue.cl\/curauma\/noticias\/celebraciones-dia-del-alumno-2\/\" \/>\n<meta property=\"og:site_name\" content=\"Colegio Pumahue Curauma\" \/>\n<meta property=\"article:publisher\" content=\"http:\/\/www.facebook.com\/ColegiosPumahue\" \/>\n<meta property=\"article:published_time\" content=\"2023-05-22T15:13:15+00:00\" \/>\n<meta property=\"og:image\" content=\"https:\/\/www.pumahue.cl\/curauma\/wp-content\/uploads\/sites\/48\/2025\/02\/cropped-logo_Pumahue_.png\" \/>\n\t<meta property=\"og:image:width\" content=\"512\" \/>\n\t<meta property=\"og:image:height\" content=\"512\" \/>\n\t<meta property=\"og:image:type\" content=\"image\/png\" \/>\n<meta name=\"author\" content=\"jorgedelcampo\" \/>\n<meta name=\"twitter:card\" content=\"summary_large_image\" \/>\n<meta name=\"twitter:label1\" content=\"Escrito por\" \/>\n\t<meta name=\"twitter:data1\" content=\"jorgedelcampo\" \/>\n<script type=\"application\/ld+json\" class=\"yoast-schema-graph\">{\"@context\":\"https:\/\/schema.org\",\"@graph\":[{\"@type\":\"Article\",\"@id\":\"https:\/\/www.pumahue.cl\/curauma\/noticias\/celebraciones-dia-del-alumno-2\/#article\",\"isPartOf\":{\"@id\":\"https:\/\/www.pumahue.cl\/curauma\/noticias\/celebraciones-dia-del-alumno-2\/\"},\"author\":{\"name\":\"jorgedelcampo\",\"@id\":\"https:\/\/www.pumahue.cl\/curauma\/#\/schema\/person\/0debeea140e397b5d490ee7e553255d8\"},\"headline\":\"\u00a1Celebraciones D\u00eda del Alumno! \ud83e\udd73\ud83c\udf1f\ud83c\udf89\",\"datePublished\":\"2023-05-22T15:13:15+00:00\",\"mainEntityOfPage\":{\"@id\":\"https:\/\/www.pumahue.cl\/curauma\/noticias\/celebraciones-dia-del-alumno-2\/\"},\"wordCount\":85,\"commentCount\":0,\"publisher\":{\"@id\":\"https:\/\/www.pumahue.cl\/curauma\/#organization\"},\"image\":{\"@id\":\"https:\/\/www.pumahue.cl\/curauma\/noticias\/celebraciones-dia-del-alumno-2\/#primaryimage\"},\"thumbnailUrl\":\"https:\/\/www.pumahue.cl\/curauma\/wp-content\/uploads\/sites\/48\/2023\/05\/dia_del_alumno_cur_1.png\",\"articleSection\":[\"Vida escolar\"],\"inLanguage\":\"es\",\"potentialAction\":[{\"@type\":\"CommentAction\",\"name\":\"Comment\",\"target\":[\"https:\/\/www.pumahue.cl\/curauma\/noticias\/celebraciones-dia-del-alumno-2\/#respond\"]}]},{\"@type\":\"WebPage\",\"@id\":\"https:\/\/www.pumahue.cl\/curauma\/noticias\/celebraciones-dia-del-alumno-2\/\",\"url\":\"https:\/\/www.pumahue.cl\/curauma\/noticias\/celebraciones-dia-del-alumno-2\/\",\"name\":\"\u00a1Celebraciones D\u00eda del Alumno! \ud83e\udd73\ud83c\udf1f\ud83c\udf89 - Colegio Pumahue Curauma\",\"isPartOf\":{\"@id\":\"https:\/\/www.pumahue.cl\/curauma\/#website\"},\"primaryImageOfPage\":{\"@id\":\"https:\/\/www.pumahue.cl\/curauma\/noticias\/celebraciones-dia-del-alumno-2\/#primaryimage\"},\"image\":{\"@id\":\"https:\/\/www.pumahue.cl\/curauma\/noticias\/celebraciones-dia-del-alumno-2\/#primaryimage\"},\"thumbnailUrl\":\"https:\/\/www.pumahue.cl\/curauma\/wp-content\/uploads\/sites\/48\/2023\/05\/dia_del_alumno_cur_1.png\",\"datePublished\":\"2023-05-22T15:13:15+00:00\",\"breadcrumb\":{\"@id\":\"https:\/\/www.pumahue.cl\/curauma\/noticias\/celebraciones-dia-del-alumno-2\/#breadcrumb\"},\"inLanguage\":\"es\",\"potentialAction\":[{\"@type\":\"ReadAction\",\"target\":[\"https:\/\/www.pumahue.cl\/curauma\/noticias\/celebraciones-dia-del-alumno-2\/\"]}]},{\"@type\":\"ImageObject\",\"inLanguage\":\"es\",\"@id\":\"https:\/\/www.pumahue.cl\/curauma\/noticias\/celebraciones-dia-del-alumno-2\/#primaryimage\",\"url\":\"https:\/\/www.pumahue.cl\/curauma\/wp-content\/uploads\/sites\/48\/2023\/05\/dia_del_alumno_cur_1.png\",\"contentUrl\":\"https:\/\/www.pumahue.cl\/curauma\/wp-content\/uploads\/sites\/48\/2023\/05\/dia_del_alumno_cur_1.png\",\"width\":836,\"height\":523},{\"@type\":\"BreadcrumbList\",\"@id\":\"https:\/\/www.pumahue.cl\/curauma\/noticias\/celebraciones-dia-del-alumno-2\/#breadcrumb\",\"itemListElement\":[{\"@type\":\"ListItem\",\"position\":1,\"name\":\"Home\",\"item\":\"https:\/\/www.pumahue.cl\/curauma\/\"},{\"@type\":\"ListItem\",\"position\":2,\"name\":\"\u00a1Celebraciones D\u00eda del Alumno! \ud83e\udd73\ud83c\udf1f\ud83c\udf89\"}]},{\"@type\":\"WebSite\",\"@id\":\"https:\/\/www.pumahue.cl\/curauma\/#website\",\"url\":\"https:\/\/www.pumahue.cl\/curauma\/\",\"name\":\"Colegio Pumahue Curauma\",\"description\":\"Parte de Cognita Schools\",\"publisher\":{\"@id\":\"https:\/\/www.pumahue.cl\/curauma\/#organization\"},\"potentialAction\":[{\"@type\":\"SearchAction\",\"target\":{\"@type\":\"EntryPoint\",\"urlTemplate\":\"https:\/\/www.pumahue.cl\/curauma\/?s={search_term_string}\"},\"query-input\":{\"@type\":\"PropertyValueSpecification\",\"valueRequired\":true,\"valueName\":\"search_term_string\"}}],\"inLanguage\":\"es\"},{\"@type\":\"Organization\",\"@id\":\"https:\/\/www.pumahue.cl\/curauma\/#organization\",\"name\":\"Colegio Pumahue Curauma\",\"url\":\"https:\/\/www.pumahue.cl\/curauma\/\",\"logo\":{\"@type\":\"ImageObject\",\"inLanguage\":\"es\",\"@id\":\"https:\/\/www.pumahue.cl\/curauma\/#\/schema\/logo\/image\/\",\"url\":\"https:\/\/www.pumahue.cl\/curauma\/wp-content\/uploads\/sites\/48\/2025\/02\/cropped-logo_Pumahue_.png\",\"contentUrl\":\"https:\/\/www.pumahue.cl\/curauma\/wp-content\/uploads\/sites\/48\/2025\/02\/cropped-logo_Pumahue_.png\",\"width\":512,\"height\":512,\"caption\":\"Colegio Pumahue Curauma\"},\"image\":{\"@id\":\"https:\/\/www.pumahue.cl\/curauma\/#\/schema\/logo\/image\/\"},\"sameAs\":[\"http:\/\/www.facebook.com\/ColegiosPumahue\",\"https:\/\/www.youtube.com\/@CognitaChile\"]},{\"@type\":\"Person\",\"@id\":\"https:\/\/www.pumahue.cl\/curauma\/#\/schema\/person\/0debeea140e397b5d490ee7e553255d8\",\"name\":\"jorgedelcampo\",\"image\":{\"@type\":\"ImageObject\",\"inLanguage\":\"es\",\"@id\":\"https:\/\/www.pumahue.cl\/curauma\/#\/schema\/person\/image\/\",\"url\":\"https:\/\/secure.gravatar.com\/avatar\/4a315f521213b2dc91dbda9bf799f711c8a98ab6f5606ec42cf5b33d1e762e8a?s=96&d=mm&r=g\",\"contentUrl\":\"https:\/\/secure.gravatar.com\/avatar\/4a315f521213b2dc91dbda9bf799f711c8a98ab6f5606ec42cf5b33d1e762e8a?s=96&d=mm&r=g\",\"caption\":\"jorgedelcampo\"}}]}<\/script>\n<!-- \/ Yoast SEO plugin. -->","yoast_head_json":{"title":"\u00a1Celebraciones D\u00eda del Alumno! \ud83e\udd73\ud83c\udf1f\ud83c\udf89 - Colegio Pumahue Curauma","robots":{"index":"index","follow":"follow","max-snippet":"max-snippet:-1","max-image-preview":"max-image-preview:large","max-video-preview":"max-video-preview:-1"},"canonical":"https:\/\/www.pumahue.cl\/curauma\/noticias\/celebraciones-dia-del-alumno-2\/","og_locale":"es_ES","og_type":"article","og_title":"\u00a1Celebraciones D\u00eda del Alumno! \ud83e\udd73\ud83c\udf1f\ud83c\udf89 - Colegio Pumahue Curauma","og_description":"El pasado viernes 12 fue un d\u00eda muy especial en nuestro Colegio Pumahue Curauma, ya que durante la jornada se llev\u00f3 a cabo la celebraci\u00f3n del D\u00eda del Alumno. Nuestros estudiantes de todos los ciclos educativos disfrutaron de diversas actividades y sorpresas, enmarcadas en la tem\u00e1tica de Super Mario Bros y que por supuesto, fueron [&hellip;]","og_url":"https:\/\/www.pumahue.cl\/curauma\/noticias\/celebraciones-dia-del-alumno-2\/","og_site_name":"Colegio Pumahue Curauma","article_publisher":"http:\/\/www.facebook.com\/ColegiosPumahue","article_published_time":"2023-05-22T15:13:15+00:00","og_image":[{"width":512,"height":512,"url":"https:\/\/www.pumahue.cl\/curauma\/wp-content\/uploads\/sites\/48\/2025\/02\/cropped-logo_Pumahue_.png","type":"image\/png"}],"author":"jorgedelcampo","twitter_card":"summary_large_image","twitter_misc":{"Escrito por":"jorgedelcampo"},"schema":{"@context":"https:\/\/schema.org","@graph":[{"@type":"Article","@id":"https:\/\/www.pumahue.cl\/curauma\/noticias\/celebraciones-dia-del-alumno-2\/#article","isPartOf":{"@id":"https:\/\/www.pumahue.cl\/curauma\/noticias\/celebraciones-dia-del-alumno-2\/"},"author":{"name":"jorgedelcampo","@id":"https:\/\/www.pumahue.cl\/curauma\/#\/schema\/person\/0debeea140e397b5d490ee7e553255d8"},"headline":"\u00a1Celebraciones D\u00eda del Alumno! \ud83e\udd73\ud83c\udf1f\ud83c\udf89","datePublished":"2023-05-22T15:13:15+00:00","mainEntityOfPage":{"@id":"https:\/\/www.pumahue.cl\/curauma\/noticias\/celebraciones-dia-del-alumno-2\/"},"wordCount":85,"commentCount":0,"publisher":{"@id":"https:\/\/www.pumahue.cl\/curauma\/#organization"},"image":{"@id":"https:\/\/www.pumahue.cl\/curauma\/noticias\/celebraciones-dia-del-alumno-2\/#primaryimage"},"thumbnailUrl":"https:\/\/www.pumahue.cl\/curauma\/wp-content\/uploads\/sites\/48\/2023\/05\/dia_del_alumno_cur_1.png","articleSection":["Vida escolar"],"inLanguage":"es","potentialAction":[{"@type":"CommentAction","name":"Comment","target":["https:\/\/www.pumahue.cl\/curauma\/noticias\/celebraciones-dia-del-alumno-2\/#respond"]}]},{"@type":"WebPage","@id":"https:\/\/www.pumahue.cl\/curauma\/noticias\/celebraciones-dia-del-alumno-2\/","url":"https:\/\/www.pumahue.cl\/curauma\/noticias\/celebraciones-dia-del-alumno-2\/","name":"\u00a1Celebraciones D\u00eda del Alumno! \ud83e\udd73\ud83c\udf1f\ud83c\udf89 - Colegio Pumahue Curauma","isPartOf":{"@id":"https:\/\/www.pumahue.cl\/curauma\/#website"},"primaryImageOfPage":{"@id":"https:\/\/www.pumahue.cl\/curauma\/noticias\/celebraciones-dia-del-alumno-2\/#primaryimage"},"image":{"@id":"https:\/\/www.pumahue.cl\/curauma\/noticias\/celebraciones-dia-del-alumno-2\/#primaryimage"},"thumbnailUrl":"https:\/\/www.pumahue.cl\/curauma\/wp-content\/uploads\/sites\/48\/2023\/05\/dia_del_alumno_cur_1.png","datePublished":"2023-05-22T15:13:15+00:00","breadcrumb":{"@id":"https:\/\/www.pumahue.cl\/curauma\/noticias\/celebraciones-dia-del-alumno-2\/#breadcrumb"},"inLanguage":"es","potentialAction":[{"@type":"ReadAction","target":["https:\/\/www.pumahue.cl\/curauma\/noticias\/celebraciones-dia-del-alumno-2\/"]}]},{"@type":"ImageObject","inLanguage":"es","@id":"https:\/\/www.pumahue.cl\/curauma\/noticias\/celebraciones-dia-del-alumno-2\/#primaryimage","url":"https:\/\/www.pumahue.cl\/curauma\/wp-content\/uploads\/sites\/48\/2023\/05\/dia_del_alumno_cur_1.png","contentUrl":"https:\/\/www.pumahue.cl\/curauma\/wp-content\/uploads\/sites\/48\/2023\/05\/dia_del_alumno_cur_1.png","width":836,"height":523},{"@type":"BreadcrumbList","@id":"https:\/\/www.pumahue.cl\/curauma\/noticias\/celebraciones-dia-del-alumno-2\/#breadcrumb","itemListElement":[{"@type":"ListItem","position":1,"name":"Home","item":"https:\/\/www.pumahue.cl\/curauma\/"},{"@type":"ListItem","position":2,"name":"\u00a1Celebraciones D\u00eda del Alumno! \ud83e\udd73\ud83c\udf1f\ud83c\udf89"}]},{"@type":"WebSite","@id":"https:\/\/www.pumahue.cl\/curauma\/#website","url":"https:\/\/www.pumahue.cl\/curauma\/","name":"Colegio Pumahue Curauma","description":"Parte de Cognita Schools","publisher":{"@id":"https:\/\/www.pumahue.cl\/curauma\/#organization"},"potentialAction":[{"@type":"SearchAction","target":{"@type":"EntryPoint","urlTemplate":"https:\/\/www.pumahue.cl\/curauma\/?s={search_term_string}"},"query-input":{"@type":"PropertyValueSpecification","valueRequired":true,"valueName":"search_term_string"}}],"inLanguage":"es"},{"@type":"Organization","@id":"https:\/\/www.pumahue.cl\/curauma\/#organization","name":"Colegio Pumahue Curauma","url":"https:\/\/www.pumahue.cl\/curauma\/","logo":{"@type":"ImageObject","inLanguage":"es","@id":"https:\/\/www.pumahue.cl\/curauma\/#\/schema\/logo\/image\/","url":"https:\/\/www.pumahue.cl\/curauma\/wp-content\/uploads\/sites\/48\/2025\/02\/cropped-logo_Pumahue_.png","contentUrl":"https:\/\/www.pumahue.cl\/curauma\/wp-content\/uploads\/sites\/48\/2025\/02\/cropped-logo_Pumahue_.png","width":512,"height":512,"caption":"Colegio Pumahue Curauma"},"image":{"@id":"https:\/\/www.pumahue.cl\/curauma\/#\/schema\/logo\/image\/"},"sameAs":["http:\/\/www.facebook.com\/ColegiosPumahue","https:\/\/www.youtube.com\/@CognitaChile"]},{"@type":"Person","@id":"https:\/\/www.pumahue.cl\/curauma\/#\/schema\/person\/0debeea140e397b5d490ee7e553255d8","name":"jorgedelcampo","image":{"@type":"ImageObject","inLanguage":"es","@id":"https:\/\/www.pumahue.cl\/curauma\/#\/schema\/person\/image\/","url":"https:\/\/secure.gravatar.com\/avatar\/4a315f521213b2dc91dbda9bf799f711c8a98ab6f5606ec42cf5b33d1e762e8a?s=96&d=mm&r=g","contentUrl":"https:\/\/secure.gravatar.com\/avatar\/4a315f521213b2dc91dbda9bf799f711c8a98ab6f5606ec42cf5b33d1e762e8a?s=96&d=mm&r=g","caption":"jorgedelcampo"}}]}},"jetpack_featured_media_url":"https:\/\/www.pumahue.cl\/curauma\/wp-content\/uploads\/sites\/48\/2023\/05\/dia_del_alumno_cur_1.png","previous_post_ID":17365,"previous_post_title":"Aceptaci\u00f3n proyectos School Of The Future 2023: \u00a1Felicitaciones a nuestros docentes! \ud83d\ude4c\ud83d\udc7e\u2728","previous_post_excerpt":"Queremos felicitar a nuestros docentes:\u00a0Mar\u00eda de los \u00edngeles Rojas Suazo, Eileen Lebuy, Nicol\u00e1s Espinoza y Mario Eliessetch, ya que sus proyectos fueron seleccionados para participar en la tercera versi\u00f3n de la\u00a0Conferencia School of the Future (SOTF), que se llevar\u00e1 a cabo los d\u00edas\u00a06, 7 y 8 de noviembre de este a\u00f1o. Los proyectos seleccionados fueron:&#8211; [&hellip;]","previous_post_link":"https:\/\/www.pumahue.cl\/curauma\/noticias\/felicitaciones-aceptacion-proyectos-school-of-the-future-2023\/","previous_post_class":["post-17365","post","type-post","status-publish","format-standard","has-post-thumbnail","hentry","category-vida-escolar"],"next_post_ID":17399,"next_post_title":"Perspectiva Global: Raising cultural awareness among students\u00a0\ud83d\udc51\ud83c\udff0","next_post_excerpt":"Con el fin de promover entre nuestros estudiantes del Programa Biling\u00fce y Programa Tradicional un aprendizaje rico en torno a tradiciones en pa\u00edses de habla inglesa es que el d\u00eda jueves 4 de mayo todos se transformaron en reyes y reinas, conmemorando as\u00ed la ascensi\u00f3n al trono del nuevo Rey de Inglaterra, Carlos III.\u00a0 El [&hellip;]","next_post_link":"https:\/\/www.pumahue.cl\/curauma\/noticias\/perspectiva-global-raising-cultural-awareness-among-students-%f0%9f%92%82%f0%9f%8f%bb%e2%99%80%ef%b8%8f%f0%9f%91%91\/","next_post_class":["post-17399","post","type-post","status-publish","format-standard","has-post-thumbnail","hentry","category-vida-escolar"],"jetpack_sharing_enabled":true,"_links":{"self":[{"href":"https:\/\/www.pumahue.cl\/curauma\/wp-json\/wp\/v2\/posts\/17379","targetHints":{"allow":["GET"]}}],"collection":[{"href":"https:\/\/www.pumahue.cl\/curauma\/wp-json\/wp\/v2\/posts"}],"about":[{"href":"https:\/\/www.pumahue.cl\/curauma\/wp-json\/wp\/v2\/types\/post"}],"author":[{"embeddable":true,"href":"https:\/\/www.pumahue.cl\/curauma\/wp-json\/wp\/v2\/users\/14"}],"replies":[{"embeddable":true,"href":"https:\/\/www.pumahue.cl\/curauma\/wp-json\/wp\/v2\/comments?post=17379"}],"version-history":[{"count":0,"href":"https:\/\/www.pumahue.cl\/curauma\/wp-json\/wp\/v2\/posts\/17379\/revisions"}],"wp:featuredmedia":[{"embeddable":true,"href":"https:\/\/www.pumahue.cl\/curauma\/wp-json\/wp\/v2\/media\/17391"}],"wp:attachment":[{"href":"https:\/\/www.pumahue.cl\/curauma\/wp-json\/wp\/v2\/media?parent=17379"}],"wp:term":[{"taxonomy":"category","embeddable":true,"href":"https:\/\/www.pumahue.cl\/curauma\/wp-json\/wp\/v2\/categories?post=17379"},{"taxonomy":"post_tag","embeddable":true,"href":"https:\/\/www.pumahue.cl\/curauma\/wp-json\/wp\/v2\/tags?post=17379"}],"curies":[{"name":"wp","href":"https:\/\/api.w.org\/{rel}","templated":true}]}}