{"id":17399,"date":"2023-05-22T12:10:46","date_gmt":"2023-05-22T16:10:46","guid":{"rendered":"http:\/\/pumahue.cl\/curauma\/?p=17399"},"modified":"2023-05-22T12:10:46","modified_gmt":"2023-05-22T16:10:46","slug":"perspectiva-global-raising-cultural-awareness-among-students-%f0%9f%92%82%f0%9f%8f%bb%e2%99%80%ef%b8%8f%f0%9f%91%91","status":"publish","type":"post","link":"https:\/\/www.pumahue.cl\/curauma\/noticias\/perspectiva-global-raising-cultural-awareness-among-students-%f0%9f%92%82%f0%9f%8f%bb%e2%99%80%ef%b8%8f%f0%9f%91%91\/","title":{"rendered":"Perspectiva Global: Raising cultural awareness among students\u00a0\ud83d\udc51\ud83c\udff0"},"content":{"rendered":"<p class=\"x_MsoNormal\"><span class=\"x_ContentPasted2\">Con el fin de promover entre nuestros estudiantes del Programa Biling\u00fce y P<\/span><span class=\"x_ContentPasted2\">rograma Tradicional un aprendizaje rico en torno a tradiciones en pa\u00edses de habla inglesa es que el d\u00eda jueves 4 de mayo todos se transformaron en reyes y reinas, conmemorando as\u00ed la ascensi\u00f3n al trono del nuevo Rey de Inglaterra, Carlos III.\u00a0<\/span><\/p>\n<p class=\"x_MsoNormal\"><span class=\"x_ContentPasted2\">El pasado s\u00e1bado 6 de mayo se celebr\u00f3 en Inglaterra la Coronaci\u00f3n de King Charles III y nuestros estudiantes no estuvieron ajenos a este magn\u00e1nimo evento; puesto que, coronas, centros, banderas y diversos s\u00edmbolos ic\u00f3nicos de la cultura inglesa, fueron algunas las manifestaciones art\u00edsticas mediante las cuales nuestros alumnos y alumnas celebraron este hito de la cultura inglesa. Paralelamente, vieron v\u00eddeos y conversaron con sus docentes al respecto, para as\u00ed tener un contexto global de lo que suceder\u00eda en el Reino Unido.<\/span><\/p>\n<p class=\"x_MsoNormal\"><strong><span class=\"x_ContentPasted2\" lang=\"EN-US\">We want our students to be open-minded and knowledgeable about other countries traditions, as this will allow them to have different points of view and understand how important it is to celebrate and respect cultural diversity.<\/span><\/strong><\/p>\n"},"excerpt":{"rendered":"<p>Con el fin de promover entre nuestros estudiantes del Programa Biling\u00fce y Programa Tradicional un aprendizaje rico en torno a tradiciones en pa\u00edses de habla inglesa es que el d\u00eda jueves 4 de mayo todos se transformaron en reyes y reinas, conmemorando as\u00ed la ascensi\u00f3n al trono del nuevo Rey de Inglaterra, Carlos III.\u00a0 El [&hellip;]<\/p>\n","protected":false},"author":14,"featured_media":17409,"comment_status":"open","ping_status":"open","sticky":false,"template":"","format":"standard","meta":{"_acf_changed":false,"content-type":"","_jetpack_memberships_contains_paid_content":false,"footnotes":""},"categories":[1],"tags":[],"class_list":["post-17399","post","type-post","status-publish","format-standard","has-post-thumbnail","hentry","category-vida-escolar"],"acf":[],"yoast_head":"<!-- This site is optimized with the Yoast SEO plugin v27.1.1 - https:\/\/yoast.com\/product\/yoast-seo-wordpress\/ -->\n<title>Perspectiva Global: Raising cultural awareness among students\u00a0\ud83d\udc51\ud83c\udff0 - Colegio Pumahue Curauma<\/title>\n<meta name=\"robots\" content=\"index, follow, max-snippet:-1, max-image-preview:large, max-video-preview:-1\" \/>\n<link rel=\"canonical\" href=\"https:\/\/www.pumahue.cl\/curauma\/noticias\/perspectiva-global-raising-cultural-awareness-among-students-\ud83d\udc82\ud83c\udffb\u2640\ufe0f\ud83d\udc51\/\" \/>\n<meta property=\"og:locale\" content=\"es_ES\" \/>\n<meta property=\"og:type\" content=\"article\" \/>\n<meta property=\"og:title\" content=\"Perspectiva Global: Raising cultural awareness among students\u00a0\ud83d\udc51\ud83c\udff0 - Colegio Pumahue Curauma\" \/>\n<meta property=\"og:description\" content=\"Con el fin de promover entre nuestros estudiantes del Programa Biling\u00fce y Programa Tradicional un aprendizaje rico en torno a tradiciones en pa\u00edses de habla inglesa es que el d\u00eda jueves 4 de mayo todos se transformaron en reyes y reinas, conmemorando as\u00ed la ascensi\u00f3n al trono del nuevo Rey de Inglaterra, Carlos III.\u00a0 El [&hellip;]\" \/>\n<meta property=\"og:url\" content=\"https:\/\/www.pumahue.cl\/curauma\/noticias\/perspectiva-global-raising-cultural-awareness-among-students-\ud83d\udc82\ud83c\udffb\u2640\ufe0f\ud83d\udc51\/\" \/>\n<meta property=\"og:site_name\" content=\"Colegio Pumahue Curauma\" \/>\n<meta property=\"article:publisher\" content=\"http:\/\/www.facebook.com\/ColegiosPumahue\" \/>\n<meta property=\"article:published_time\" content=\"2023-05-22T16:10:46+00:00\" \/>\n<meta property=\"og:image\" content=\"https:\/\/www.pumahue.cl\/curauma\/wp-content\/uploads\/sites\/48\/2025\/02\/cropped-logo_Pumahue_.png\" \/>\n\t<meta property=\"og:image:width\" content=\"512\" \/>\n\t<meta property=\"og:image:height\" content=\"512\" \/>\n\t<meta property=\"og:image:type\" content=\"image\/png\" \/>\n<meta name=\"author\" content=\"jorgedelcampo\" \/>\n<meta name=\"twitter:card\" content=\"summary_large_image\" \/>\n<meta name=\"twitter:label1\" content=\"Escrito por\" \/>\n\t<meta name=\"twitter:data1\" content=\"jorgedelcampo\" \/>\n\t<meta name=\"twitter:label2\" content=\"Tiempo de lectura\" \/>\n\t<meta name=\"twitter:data2\" content=\"1 minuto\" \/>\n<script type=\"application\/ld+json\" class=\"yoast-schema-graph\">{\"@context\":\"https:\/\/schema.org\",\"@graph\":[{\"@type\":\"Article\",\"@id\":\"https:\/\/www.pumahue.cl\/curauma\/noticias\/perspectiva-global-raising-cultural-awareness-among-students-%f0%9f%92%82%f0%9f%8f%bb%e2%99%80%ef%b8%8f%f0%9f%91%91\/#article\",\"isPartOf\":{\"@id\":\"https:\/\/www.pumahue.cl\/curauma\/noticias\/perspectiva-global-raising-cultural-awareness-among-students-%f0%9f%92%82%f0%9f%8f%bb%e2%99%80%ef%b8%8f%f0%9f%91%91\/\"},\"author\":{\"name\":\"jorgedelcampo\",\"@id\":\"https:\/\/www.pumahue.cl\/curauma\/#\/schema\/person\/0debeea140e397b5d490ee7e553255d8\"},\"headline\":\"Perspectiva Global: Raising cultural awareness among students\u00a0\ud83d\udc51\ud83c\udff0\",\"datePublished\":\"2023-05-22T16:10:46+00:00\",\"mainEntityOfPage\":{\"@id\":\"https:\/\/www.pumahue.cl\/curauma\/noticias\/perspectiva-global-raising-cultural-awareness-among-students-%f0%9f%92%82%f0%9f%8f%bb%e2%99%80%ef%b8%8f%f0%9f%91%91\/\"},\"wordCount\":190,\"commentCount\":0,\"publisher\":{\"@id\":\"https:\/\/www.pumahue.cl\/curauma\/#organization\"},\"image\":{\"@id\":\"https:\/\/www.pumahue.cl\/curauma\/noticias\/perspectiva-global-raising-cultural-awareness-among-students-%f0%9f%92%82%f0%9f%8f%bb%e2%99%80%ef%b8%8f%f0%9f%91%91\/#primaryimage\"},\"thumbnailUrl\":\"https:\/\/www.pumahue.cl\/curauma\/wp-content\/uploads\/sites\/48\/2023\/05\/coronacion_cur9.png\",\"articleSection\":[\"Vida escolar\"],\"inLanguage\":\"es\",\"potentialAction\":[{\"@type\":\"CommentAction\",\"name\":\"Comment\",\"target\":[\"https:\/\/www.pumahue.cl\/curauma\/noticias\/perspectiva-global-raising-cultural-awareness-among-students-%f0%9f%92%82%f0%9f%8f%bb%e2%99%80%ef%b8%8f%f0%9f%91%91\/#respond\"]}]},{\"@type\":\"WebPage\",\"@id\":\"https:\/\/www.pumahue.cl\/curauma\/noticias\/perspectiva-global-raising-cultural-awareness-among-students-%f0%9f%92%82%f0%9f%8f%bb%e2%99%80%ef%b8%8f%f0%9f%91%91\/\",\"url\":\"https:\/\/www.pumahue.cl\/curauma\/noticias\/perspectiva-global-raising-cultural-awareness-among-students-%f0%9f%92%82%f0%9f%8f%bb%e2%99%80%ef%b8%8f%f0%9f%91%91\/\",\"name\":\"Perspectiva Global: Raising cultural awareness among students\u00a0\ud83d\udc51\ud83c\udff0 - Colegio Pumahue Curauma\",\"isPartOf\":{\"@id\":\"https:\/\/www.pumahue.cl\/curauma\/#website\"},\"primaryImageOfPage\":{\"@id\":\"https:\/\/www.pumahue.cl\/curauma\/noticias\/perspectiva-global-raising-cultural-awareness-among-students-%f0%9f%92%82%f0%9f%8f%bb%e2%99%80%ef%b8%8f%f0%9f%91%91\/#primaryimage\"},\"image\":{\"@id\":\"https:\/\/www.pumahue.cl\/curauma\/noticias\/perspectiva-global-raising-cultural-awareness-among-students-%f0%9f%92%82%f0%9f%8f%bb%e2%99%80%ef%b8%8f%f0%9f%91%91\/#primaryimage\"},\"thumbnailUrl\":\"https:\/\/www.pumahue.cl\/curauma\/wp-content\/uploads\/sites\/48\/2023\/05\/coronacion_cur9.png\",\"datePublished\":\"2023-05-22T16:10:46+00:00\",\"breadcrumb\":{\"@id\":\"https:\/\/www.pumahue.cl\/curauma\/noticias\/perspectiva-global-raising-cultural-awareness-among-students-%f0%9f%92%82%f0%9f%8f%bb%e2%99%80%ef%b8%8f%f0%9f%91%91\/#breadcrumb\"},\"inLanguage\":\"es\",\"potentialAction\":[{\"@type\":\"ReadAction\",\"target\":[\"https:\/\/www.pumahue.cl\/curauma\/noticias\/perspectiva-global-raising-cultural-awareness-among-students-%f0%9f%92%82%f0%9f%8f%bb%e2%99%80%ef%b8%8f%f0%9f%91%91\/\"]}]},{\"@type\":\"ImageObject\",\"inLanguage\":\"es\",\"@id\":\"https:\/\/www.pumahue.cl\/curauma\/noticias\/perspectiva-global-raising-cultural-awareness-among-students-%f0%9f%92%82%f0%9f%8f%bb%e2%99%80%ef%b8%8f%f0%9f%91%91\/#primaryimage\",\"url\":\"https:\/\/www.pumahue.cl\/curauma\/wp-content\/uploads\/sites\/48\/2023\/05\/coronacion_cur9.png\",\"contentUrl\":\"https:\/\/www.pumahue.cl\/curauma\/wp-content\/uploads\/sites\/48\/2023\/05\/coronacion_cur9.png\",\"width\":836,\"height\":523},{\"@type\":\"BreadcrumbList\",\"@id\":\"https:\/\/www.pumahue.cl\/curauma\/noticias\/perspectiva-global-raising-cultural-awareness-among-students-%f0%9f%92%82%f0%9f%8f%bb%e2%99%80%ef%b8%8f%f0%9f%91%91\/#breadcrumb\",\"itemListElement\":[{\"@type\":\"ListItem\",\"position\":1,\"name\":\"Home\",\"item\":\"https:\/\/www.pumahue.cl\/curauma\/\"},{\"@type\":\"ListItem\",\"position\":2,\"name\":\"Perspectiva Global: Raising cultural awareness among students\u00a0\ud83d\udc51\ud83c\udff0\"}]},{\"@type\":\"WebSite\",\"@id\":\"https:\/\/www.pumahue.cl\/curauma\/#website\",\"url\":\"https:\/\/www.pumahue.cl\/curauma\/\",\"name\":\"Colegio Pumahue Curauma\",\"description\":\"Parte de Cognita Schools\",\"publisher\":{\"@id\":\"https:\/\/www.pumahue.cl\/curauma\/#organization\"},\"potentialAction\":[{\"@type\":\"SearchAction\",\"target\":{\"@type\":\"EntryPoint\",\"urlTemplate\":\"https:\/\/www.pumahue.cl\/curauma\/?s={search_term_string}\"},\"query-input\":{\"@type\":\"PropertyValueSpecification\",\"valueRequired\":true,\"valueName\":\"search_term_string\"}}],\"inLanguage\":\"es\"},{\"@type\":\"Organization\",\"@id\":\"https:\/\/www.pumahue.cl\/curauma\/#organization\",\"name\":\"Colegio Pumahue Curauma\",\"url\":\"https:\/\/www.pumahue.cl\/curauma\/\",\"logo\":{\"@type\":\"ImageObject\",\"inLanguage\":\"es\",\"@id\":\"https:\/\/www.pumahue.cl\/curauma\/#\/schema\/logo\/image\/\",\"url\":\"https:\/\/www.pumahue.cl\/curauma\/wp-content\/uploads\/sites\/48\/2025\/02\/cropped-logo_Pumahue_.png\",\"contentUrl\":\"https:\/\/www.pumahue.cl\/curauma\/wp-content\/uploads\/sites\/48\/2025\/02\/cropped-logo_Pumahue_.png\",\"width\":512,\"height\":512,\"caption\":\"Colegio Pumahue Curauma\"},\"image\":{\"@id\":\"https:\/\/www.pumahue.cl\/curauma\/#\/schema\/logo\/image\/\"},\"sameAs\":[\"http:\/\/www.facebook.com\/ColegiosPumahue\",\"https:\/\/www.youtube.com\/@CognitaChile\"]},{\"@type\":\"Person\",\"@id\":\"https:\/\/www.pumahue.cl\/curauma\/#\/schema\/person\/0debeea140e397b5d490ee7e553255d8\",\"name\":\"jorgedelcampo\",\"image\":{\"@type\":\"ImageObject\",\"inLanguage\":\"es\",\"@id\":\"https:\/\/www.pumahue.cl\/curauma\/#\/schema\/person\/image\/\",\"url\":\"https:\/\/secure.gravatar.com\/avatar\/4a315f521213b2dc91dbda9bf799f711c8a98ab6f5606ec42cf5b33d1e762e8a?s=96&d=mm&r=g\",\"contentUrl\":\"https:\/\/secure.gravatar.com\/avatar\/4a315f521213b2dc91dbda9bf799f711c8a98ab6f5606ec42cf5b33d1e762e8a?s=96&d=mm&r=g\",\"caption\":\"jorgedelcampo\"}}]}<\/script>\n<!-- \/ Yoast SEO plugin. -->","yoast_head_json":{"title":"Perspectiva Global: Raising cultural awareness among students\u00a0\ud83d\udc51\ud83c\udff0 - Colegio Pumahue Curauma","robots":{"index":"index","follow":"follow","max-snippet":"max-snippet:-1","max-image-preview":"max-image-preview:large","max-video-preview":"max-video-preview:-1"},"canonical":"https:\/\/www.pumahue.cl\/curauma\/noticias\/perspectiva-global-raising-cultural-awareness-among-students-\ud83d\udc82\ud83c\udffb\u2640\ufe0f\ud83d\udc51\/","og_locale":"es_ES","og_type":"article","og_title":"Perspectiva Global: Raising cultural awareness among students\u00a0\ud83d\udc51\ud83c\udff0 - Colegio Pumahue Curauma","og_description":"Con el fin de promover entre nuestros estudiantes del Programa Biling\u00fce y Programa Tradicional un aprendizaje rico en torno a tradiciones en pa\u00edses de habla inglesa es que el d\u00eda jueves 4 de mayo todos se transformaron en reyes y reinas, conmemorando as\u00ed la ascensi\u00f3n al trono del nuevo Rey de Inglaterra, Carlos III.\u00a0 El [&hellip;]","og_url":"https:\/\/www.pumahue.cl\/curauma\/noticias\/perspectiva-global-raising-cultural-awareness-among-students-\ud83d\udc82\ud83c\udffb\u2640\ufe0f\ud83d\udc51\/","og_site_name":"Colegio Pumahue Curauma","article_publisher":"http:\/\/www.facebook.com\/ColegiosPumahue","article_published_time":"2023-05-22T16:10:46+00:00","og_image":[{"width":512,"height":512,"url":"https:\/\/www.pumahue.cl\/curauma\/wp-content\/uploads\/sites\/48\/2025\/02\/cropped-logo_Pumahue_.png","type":"image\/png"}],"author":"jorgedelcampo","twitter_card":"summary_large_image","twitter_misc":{"Escrito por":"jorgedelcampo","Tiempo de lectura":"1 minuto"},"schema":{"@context":"https:\/\/schema.org","@graph":[{"@type":"Article","@id":"https:\/\/www.pumahue.cl\/curauma\/noticias\/perspectiva-global-raising-cultural-awareness-among-students-%f0%9f%92%82%f0%9f%8f%bb%e2%99%80%ef%b8%8f%f0%9f%91%91\/#article","isPartOf":{"@id":"https:\/\/www.pumahue.cl\/curauma\/noticias\/perspectiva-global-raising-cultural-awareness-among-students-%f0%9f%92%82%f0%9f%8f%bb%e2%99%80%ef%b8%8f%f0%9f%91%91\/"},"author":{"name":"jorgedelcampo","@id":"https:\/\/www.pumahue.cl\/curauma\/#\/schema\/person\/0debeea140e397b5d490ee7e553255d8"},"headline":"Perspectiva Global: Raising cultural awareness among students\u00a0\ud83d\udc51\ud83c\udff0","datePublished":"2023-05-22T16:10:46+00:00","mainEntityOfPage":{"@id":"https:\/\/www.pumahue.cl\/curauma\/noticias\/perspectiva-global-raising-cultural-awareness-among-students-%f0%9f%92%82%f0%9f%8f%bb%e2%99%80%ef%b8%8f%f0%9f%91%91\/"},"wordCount":190,"commentCount":0,"publisher":{"@id":"https:\/\/www.pumahue.cl\/curauma\/#organization"},"image":{"@id":"https:\/\/www.pumahue.cl\/curauma\/noticias\/perspectiva-global-raising-cultural-awareness-among-students-%f0%9f%92%82%f0%9f%8f%bb%e2%99%80%ef%b8%8f%f0%9f%91%91\/#primaryimage"},"thumbnailUrl":"https:\/\/www.pumahue.cl\/curauma\/wp-content\/uploads\/sites\/48\/2023\/05\/coronacion_cur9.png","articleSection":["Vida escolar"],"inLanguage":"es","potentialAction":[{"@type":"CommentAction","name":"Comment","target":["https:\/\/www.pumahue.cl\/curauma\/noticias\/perspectiva-global-raising-cultural-awareness-among-students-%f0%9f%92%82%f0%9f%8f%bb%e2%99%80%ef%b8%8f%f0%9f%91%91\/#respond"]}]},{"@type":"WebPage","@id":"https:\/\/www.pumahue.cl\/curauma\/noticias\/perspectiva-global-raising-cultural-awareness-among-students-%f0%9f%92%82%f0%9f%8f%bb%e2%99%80%ef%b8%8f%f0%9f%91%91\/","url":"https:\/\/www.pumahue.cl\/curauma\/noticias\/perspectiva-global-raising-cultural-awareness-among-students-%f0%9f%92%82%f0%9f%8f%bb%e2%99%80%ef%b8%8f%f0%9f%91%91\/","name":"Perspectiva Global: Raising cultural awareness among students\u00a0\ud83d\udc51\ud83c\udff0 - Colegio Pumahue Curauma","isPartOf":{"@id":"https:\/\/www.pumahue.cl\/curauma\/#website"},"primaryImageOfPage":{"@id":"https:\/\/www.pumahue.cl\/curauma\/noticias\/perspectiva-global-raising-cultural-awareness-among-students-%f0%9f%92%82%f0%9f%8f%bb%e2%99%80%ef%b8%8f%f0%9f%91%91\/#primaryimage"},"image":{"@id":"https:\/\/www.pumahue.cl\/curauma\/noticias\/perspectiva-global-raising-cultural-awareness-among-students-%f0%9f%92%82%f0%9f%8f%bb%e2%99%80%ef%b8%8f%f0%9f%91%91\/#primaryimage"},"thumbnailUrl":"https:\/\/www.pumahue.cl\/curauma\/wp-content\/uploads\/sites\/48\/2023\/05\/coronacion_cur9.png","datePublished":"2023-05-22T16:10:46+00:00","breadcrumb":{"@id":"https:\/\/www.pumahue.cl\/curauma\/noticias\/perspectiva-global-raising-cultural-awareness-among-students-%f0%9f%92%82%f0%9f%8f%bb%e2%99%80%ef%b8%8f%f0%9f%91%91\/#breadcrumb"},"inLanguage":"es","potentialAction":[{"@type":"ReadAction","target":["https:\/\/www.pumahue.cl\/curauma\/noticias\/perspectiva-global-raising-cultural-awareness-among-students-%f0%9f%92%82%f0%9f%8f%bb%e2%99%80%ef%b8%8f%f0%9f%91%91\/"]}]},{"@type":"ImageObject","inLanguage":"es","@id":"https:\/\/www.pumahue.cl\/curauma\/noticias\/perspectiva-global-raising-cultural-awareness-among-students-%f0%9f%92%82%f0%9f%8f%bb%e2%99%80%ef%b8%8f%f0%9f%91%91\/#primaryimage","url":"https:\/\/www.pumahue.cl\/curauma\/wp-content\/uploads\/sites\/48\/2023\/05\/coronacion_cur9.png","contentUrl":"https:\/\/www.pumahue.cl\/curauma\/wp-content\/uploads\/sites\/48\/2023\/05\/coronacion_cur9.png","width":836,"height":523},{"@type":"BreadcrumbList","@id":"https:\/\/www.pumahue.cl\/curauma\/noticias\/perspectiva-global-raising-cultural-awareness-among-students-%f0%9f%92%82%f0%9f%8f%bb%e2%99%80%ef%b8%8f%f0%9f%91%91\/#breadcrumb","itemListElement":[{"@type":"ListItem","position":1,"name":"Home","item":"https:\/\/www.pumahue.cl\/curauma\/"},{"@type":"ListItem","position":2,"name":"Perspectiva Global: Raising cultural awareness among students\u00a0\ud83d\udc51\ud83c\udff0"}]},{"@type":"WebSite","@id":"https:\/\/www.pumahue.cl\/curauma\/#website","url":"https:\/\/www.pumahue.cl\/curauma\/","name":"Colegio Pumahue Curauma","description":"Parte de Cognita Schools","publisher":{"@id":"https:\/\/www.pumahue.cl\/curauma\/#organization"},"potentialAction":[{"@type":"SearchAction","target":{"@type":"EntryPoint","urlTemplate":"https:\/\/www.pumahue.cl\/curauma\/?s={search_term_string}"},"query-input":{"@type":"PropertyValueSpecification","valueRequired":true,"valueName":"search_term_string"}}],"inLanguage":"es"},{"@type":"Organization","@id":"https:\/\/www.pumahue.cl\/curauma\/#organization","name":"Colegio Pumahue Curauma","url":"https:\/\/www.pumahue.cl\/curauma\/","logo":{"@type":"ImageObject","inLanguage":"es","@id":"https:\/\/www.pumahue.cl\/curauma\/#\/schema\/logo\/image\/","url":"https:\/\/www.pumahue.cl\/curauma\/wp-content\/uploads\/sites\/48\/2025\/02\/cropped-logo_Pumahue_.png","contentUrl":"https:\/\/www.pumahue.cl\/curauma\/wp-content\/uploads\/sites\/48\/2025\/02\/cropped-logo_Pumahue_.png","width":512,"height":512,"caption":"Colegio Pumahue Curauma"},"image":{"@id":"https:\/\/www.pumahue.cl\/curauma\/#\/schema\/logo\/image\/"},"sameAs":["http:\/\/www.facebook.com\/ColegiosPumahue","https:\/\/www.youtube.com\/@CognitaChile"]},{"@type":"Person","@id":"https:\/\/www.pumahue.cl\/curauma\/#\/schema\/person\/0debeea140e397b5d490ee7e553255d8","name":"jorgedelcampo","image":{"@type":"ImageObject","inLanguage":"es","@id":"https:\/\/www.pumahue.cl\/curauma\/#\/schema\/person\/image\/","url":"https:\/\/secure.gravatar.com\/avatar\/4a315f521213b2dc91dbda9bf799f711c8a98ab6f5606ec42cf5b33d1e762e8a?s=96&d=mm&r=g","contentUrl":"https:\/\/secure.gravatar.com\/avatar\/4a315f521213b2dc91dbda9bf799f711c8a98ab6f5606ec42cf5b33d1e762e8a?s=96&d=mm&r=g","caption":"jorgedelcampo"}}]}},"jetpack_featured_media_url":"https:\/\/www.pumahue.cl\/curauma\/wp-content\/uploads\/sites\/48\/2023\/05\/coronacion_cur9.png","previous_post_ID":17379,"previous_post_title":"\u00a1Celebraciones D\u00eda del Alumno! \ud83e\udd73\ud83c\udf1f\ud83c\udf89","previous_post_excerpt":"El pasado viernes 12 fue un d\u00eda muy especial en nuestro Colegio Pumahue Curauma, ya que durante la jornada se llev\u00f3 a cabo la celebraci\u00f3n del D\u00eda del Alumno. Nuestros estudiantes de todos los ciclos educativos disfrutaron de diversas actividades y sorpresas, enmarcadas en la tem\u00e1tica de Super Mario Bros y que por supuesto, fueron [&hellip;]","previous_post_link":"https:\/\/www.pumahue.cl\/curauma\/noticias\/celebraciones-dia-del-alumno-2\/","previous_post_class":["post-17379","post","type-post","status-publish","format-standard","has-post-thumbnail","hentry","category-vida-escolar"],"next_post_ID":17446,"next_post_title":"Charla Informativa del Programa de Intercambio Internacional de los colegios Cognita Chile","next_post_excerpt":"Nos es muy grato invitarlos a la\u00a0Charla Informativa del Programa de Intercambio Internacional de los colegios Cognita Chile\u00a0que tendr\u00e1 lugar el jueves\u00a022 de junio\u00a0a las 19:30 horas v\u00eda Teams (online). En esta reuni\u00f3n explicaremos el programa de intercambio, responderemos sus consultas y detallaremos el\u00a0proceso de postulaci\u00f3n orientado para estudiantes\u00a0de 8\u00b0 B\u00e1sico a 3\u00b0 Medio, para [&hellip;]","next_post_link":"https:\/\/www.pumahue.cl\/curauma\/noticias\/charla-informativa-del-programa-de-intercambio-internacional-de-los-colegios-cognita-chile-3\/","next_post_class":["post-17446","post","type-post","status-publish","format-standard","has-post-thumbnail","hentry","category-vida-escolar"],"jetpack_sharing_enabled":true,"_links":{"self":[{"href":"https:\/\/www.pumahue.cl\/curauma\/wp-json\/wp\/v2\/posts\/17399","targetHints":{"allow":["GET"]}}],"collection":[{"href":"https:\/\/www.pumahue.cl\/curauma\/wp-json\/wp\/v2\/posts"}],"about":[{"href":"https:\/\/www.pumahue.cl\/curauma\/wp-json\/wp\/v2\/types\/post"}],"author":[{"embeddable":true,"href":"https:\/\/www.pumahue.cl\/curauma\/wp-json\/wp\/v2\/users\/14"}],"replies":[{"embeddable":true,"href":"https:\/\/www.pumahue.cl\/curauma\/wp-json\/wp\/v2\/comments?post=17399"}],"version-history":[{"count":0,"href":"https:\/\/www.pumahue.cl\/curauma\/wp-json\/wp\/v2\/posts\/17399\/revisions"}],"wp:featuredmedia":[{"embeddable":true,"href":"https:\/\/www.pumahue.cl\/curauma\/wp-json\/wp\/v2\/media\/17409"}],"wp:attachment":[{"href":"https:\/\/www.pumahue.cl\/curauma\/wp-json\/wp\/v2\/media?parent=17399"}],"wp:term":[{"taxonomy":"category","embeddable":true,"href":"https:\/\/www.pumahue.cl\/curauma\/wp-json\/wp\/v2\/categories?post=17399"},{"taxonomy":"post_tag","embeddable":true,"href":"https:\/\/www.pumahue.cl\/curauma\/wp-json\/wp\/v2\/tags?post=17399"}],"curies":[{"name":"wp","href":"https:\/\/api.w.org\/{rel}","templated":true}]}}