{"id":17448,"date":"2023-06-13T15:14:29","date_gmt":"2023-06-13T19:14:29","guid":{"rendered":"http:\/\/pumahue.cl\/curauma\/?p=17448"},"modified":"2023-06-13T15:14:29","modified_gmt":"2023-06-13T19:14:29","slug":"asi-vivimos-el-mes-de-la-seguridad-en-pumahue-curauma","status":"publish","type":"post","link":"https:\/\/www.pumahue.cl\/curauma\/noticias\/asi-vivimos-el-mes-de-la-seguridad-en-pumahue-curauma\/","title":{"rendered":"\u00a1As\u00ed vivimos el Mes de la Seguridad en Pumahue Curauma! \ud83e\uddba\ud83c\udfc5"},"content":{"rendered":"<p>Como parte de nuestra \u00e1rea de Salud y Seguridad, nuestro colegio llev\u00f3 a cabo diversas actividades para conmemorar un nuevo Mes de la Seguridad, a cargo de nuestra Encargada de la Seguridad del alumno, Miss Olga Duarte.<\/p>\n<p>Durante todo el mes de mayo, nuestros estudiantes de p\u00e1rvulo, b\u00e1sica y media recibieron visitas de distintas instituciones, tales como CONAF, Bomberos, Carabineros, PDI y ACHS.<\/p>\n<p>Algunas de las actividades realizadas fueron charlas sobre el cuidado del Medio Ambiente, responsabilidad penal adolescente y\u00a0cyberbullying, simulacro de evacuaci\u00f3n, visita a carros de compa\u00f1\u00edas de bomberos, visita de mimo, simulaci\u00f3n vial, visita de perritos de Carabineros y del orfe\u00f3n de Carabineros. Adem\u00e1s, se llevaron a cabo concursos de v\u00eddeos y dibujos que reforzaron el compromiso familiar con la seguridad.<\/p>\n<p>Nuestro colegio en conjunto con los lineamientos de nuestra red Cognita, continuar\u00e1 impulsando este tipo de acciones, para velar por la seguridad y bienestar integral de los ni\u00f1os y ni\u00f1as\u00a0<strong>\u00a1Sigamos promoviendo la seguridad entre todos!<\/strong><\/p>\n"},"excerpt":{"rendered":"<p>Como parte de nuestra \u00e1rea de Salud y Seguridad, nuestro colegio llev\u00f3 a cabo diversas actividades para conmemorar un nuevo Mes de la Seguridad, a cargo de nuestra Encargada de la Seguridad del alumno, Miss Olga Duarte. Durante todo el mes de mayo, nuestros estudiantes de p\u00e1rvulo, b\u00e1sica y media recibieron visitas de distintas instituciones, [&hellip;]<\/p>\n","protected":false},"author":14,"featured_media":17456,"comment_status":"open","ping_status":"open","sticky":false,"template":"","format":"standard","meta":{"_acf_changed":false,"content-type":"","_jetpack_memberships_contains_paid_content":false,"footnotes":""},"categories":[1],"tags":[],"class_list":["post-17448","post","type-post","status-publish","format-standard","has-post-thumbnail","hentry","category-vida-escolar"],"acf":[],"yoast_head":"<!-- This site is optimized with the Yoast SEO plugin v27.1.1 - https:\/\/yoast.com\/product\/yoast-seo-wordpress\/ -->\n<title>\u00a1As\u00ed vivimos el Mes de la Seguridad en Pumahue Curauma! \ud83e\uddba\ud83c\udfc5 - Colegio Pumahue Curauma<\/title>\n<meta name=\"robots\" content=\"index, follow, max-snippet:-1, max-image-preview:large, max-video-preview:-1\" \/>\n<link rel=\"canonical\" href=\"https:\/\/www.pumahue.cl\/curauma\/noticias\/asi-vivimos-el-mes-de-la-seguridad-en-pumahue-curauma\/\" \/>\n<meta property=\"og:locale\" content=\"es_ES\" \/>\n<meta property=\"og:type\" content=\"article\" \/>\n<meta property=\"og:title\" content=\"\u00a1As\u00ed vivimos el Mes de la Seguridad en Pumahue Curauma! \ud83e\uddba\ud83c\udfc5 - Colegio Pumahue Curauma\" \/>\n<meta property=\"og:description\" content=\"Como parte de nuestra \u00e1rea de Salud y Seguridad, nuestro colegio llev\u00f3 a cabo diversas actividades para conmemorar un nuevo Mes de la Seguridad, a cargo de nuestra Encargada de la Seguridad del alumno, Miss Olga Duarte. Durante todo el mes de mayo, nuestros estudiantes de p\u00e1rvulo, b\u00e1sica y media recibieron visitas de distintas instituciones, [&hellip;]\" \/>\n<meta property=\"og:url\" content=\"https:\/\/www.pumahue.cl\/curauma\/noticias\/asi-vivimos-el-mes-de-la-seguridad-en-pumahue-curauma\/\" \/>\n<meta property=\"og:site_name\" content=\"Colegio Pumahue Curauma\" \/>\n<meta property=\"article:publisher\" content=\"http:\/\/www.facebook.com\/ColegiosPumahue\" \/>\n<meta property=\"article:published_time\" content=\"2023-06-13T19:14:29+00:00\" \/>\n<meta property=\"og:image\" content=\"https:\/\/www.pumahue.cl\/curauma\/wp-content\/uploads\/sites\/48\/2025\/02\/cropped-logo_Pumahue_.png\" \/>\n\t<meta property=\"og:image:width\" content=\"512\" \/>\n\t<meta property=\"og:image:height\" content=\"512\" \/>\n\t<meta property=\"og:image:type\" content=\"image\/png\" \/>\n<meta name=\"author\" content=\"jorgedelcampo\" \/>\n<meta name=\"twitter:card\" content=\"summary_large_image\" \/>\n<meta name=\"twitter:label1\" content=\"Escrito por\" \/>\n\t<meta name=\"twitter:data1\" content=\"jorgedelcampo\" \/>\n\t<meta name=\"twitter:label2\" content=\"Tiempo de lectura\" \/>\n\t<meta name=\"twitter:data2\" content=\"1 minuto\" \/>\n<script type=\"application\/ld+json\" class=\"yoast-schema-graph\">{\"@context\":\"https:\/\/schema.org\",\"@graph\":[{\"@type\":\"Article\",\"@id\":\"https:\/\/www.pumahue.cl\/curauma\/noticias\/asi-vivimos-el-mes-de-la-seguridad-en-pumahue-curauma\/#article\",\"isPartOf\":{\"@id\":\"https:\/\/www.pumahue.cl\/curauma\/noticias\/asi-vivimos-el-mes-de-la-seguridad-en-pumahue-curauma\/\"},\"author\":{\"name\":\"jorgedelcampo\",\"@id\":\"https:\/\/www.pumahue.cl\/curauma\/#\/schema\/person\/0debeea140e397b5d490ee7e553255d8\"},\"headline\":\"\u00a1As\u00ed vivimos el Mes de la Seguridad en Pumahue Curauma! \ud83e\uddba\ud83c\udfc5\",\"datePublished\":\"2023-06-13T19:14:29+00:00\",\"mainEntityOfPage\":{\"@id\":\"https:\/\/www.pumahue.cl\/curauma\/noticias\/asi-vivimos-el-mes-de-la-seguridad-en-pumahue-curauma\/\"},\"wordCount\":180,\"commentCount\":0,\"publisher\":{\"@id\":\"https:\/\/www.pumahue.cl\/curauma\/#organization\"},\"image\":{\"@id\":\"https:\/\/www.pumahue.cl\/curauma\/noticias\/asi-vivimos-el-mes-de-la-seguridad-en-pumahue-curauma\/#primaryimage\"},\"thumbnailUrl\":\"https:\/\/www.pumahue.cl\/curauma\/wp-content\/uploads\/sites\/48\/2023\/06\/Mes_Seguridad_Cur23.png\",\"articleSection\":[\"Vida escolar\"],\"inLanguage\":\"es\",\"potentialAction\":[{\"@type\":\"CommentAction\",\"name\":\"Comment\",\"target\":[\"https:\/\/www.pumahue.cl\/curauma\/noticias\/asi-vivimos-el-mes-de-la-seguridad-en-pumahue-curauma\/#respond\"]}]},{\"@type\":\"WebPage\",\"@id\":\"https:\/\/www.pumahue.cl\/curauma\/noticias\/asi-vivimos-el-mes-de-la-seguridad-en-pumahue-curauma\/\",\"url\":\"https:\/\/www.pumahue.cl\/curauma\/noticias\/asi-vivimos-el-mes-de-la-seguridad-en-pumahue-curauma\/\",\"name\":\"\u00a1As\u00ed vivimos el Mes de la Seguridad en Pumahue Curauma! \ud83e\uddba\ud83c\udfc5 - Colegio Pumahue Curauma\",\"isPartOf\":{\"@id\":\"https:\/\/www.pumahue.cl\/curauma\/#website\"},\"primaryImageOfPage\":{\"@id\":\"https:\/\/www.pumahue.cl\/curauma\/noticias\/asi-vivimos-el-mes-de-la-seguridad-en-pumahue-curauma\/#primaryimage\"},\"image\":{\"@id\":\"https:\/\/www.pumahue.cl\/curauma\/noticias\/asi-vivimos-el-mes-de-la-seguridad-en-pumahue-curauma\/#primaryimage\"},\"thumbnailUrl\":\"https:\/\/www.pumahue.cl\/curauma\/wp-content\/uploads\/sites\/48\/2023\/06\/Mes_Seguridad_Cur23.png\",\"datePublished\":\"2023-06-13T19:14:29+00:00\",\"breadcrumb\":{\"@id\":\"https:\/\/www.pumahue.cl\/curauma\/noticias\/asi-vivimos-el-mes-de-la-seguridad-en-pumahue-curauma\/#breadcrumb\"},\"inLanguage\":\"es\",\"potentialAction\":[{\"@type\":\"ReadAction\",\"target\":[\"https:\/\/www.pumahue.cl\/curauma\/noticias\/asi-vivimos-el-mes-de-la-seguridad-en-pumahue-curauma\/\"]}]},{\"@type\":\"ImageObject\",\"inLanguage\":\"es\",\"@id\":\"https:\/\/www.pumahue.cl\/curauma\/noticias\/asi-vivimos-el-mes-de-la-seguridad-en-pumahue-curauma\/#primaryimage\",\"url\":\"https:\/\/www.pumahue.cl\/curauma\/wp-content\/uploads\/sites\/48\/2023\/06\/Mes_Seguridad_Cur23.png\",\"contentUrl\":\"https:\/\/www.pumahue.cl\/curauma\/wp-content\/uploads\/sites\/48\/2023\/06\/Mes_Seguridad_Cur23.png\",\"width\":836,\"height\":523},{\"@type\":\"BreadcrumbList\",\"@id\":\"https:\/\/www.pumahue.cl\/curauma\/noticias\/asi-vivimos-el-mes-de-la-seguridad-en-pumahue-curauma\/#breadcrumb\",\"itemListElement\":[{\"@type\":\"ListItem\",\"position\":1,\"name\":\"Home\",\"item\":\"https:\/\/www.pumahue.cl\/curauma\/\"},{\"@type\":\"ListItem\",\"position\":2,\"name\":\"\u00a1As\u00ed vivimos el Mes de la Seguridad en Pumahue Curauma! \ud83e\uddba\ud83c\udfc5\"}]},{\"@type\":\"WebSite\",\"@id\":\"https:\/\/www.pumahue.cl\/curauma\/#website\",\"url\":\"https:\/\/www.pumahue.cl\/curauma\/\",\"name\":\"Colegio Pumahue Curauma\",\"description\":\"Parte de Cognita Schools\",\"publisher\":{\"@id\":\"https:\/\/www.pumahue.cl\/curauma\/#organization\"},\"potentialAction\":[{\"@type\":\"SearchAction\",\"target\":{\"@type\":\"EntryPoint\",\"urlTemplate\":\"https:\/\/www.pumahue.cl\/curauma\/?s={search_term_string}\"},\"query-input\":{\"@type\":\"PropertyValueSpecification\",\"valueRequired\":true,\"valueName\":\"search_term_string\"}}],\"inLanguage\":\"es\"},{\"@type\":\"Organization\",\"@id\":\"https:\/\/www.pumahue.cl\/curauma\/#organization\",\"name\":\"Colegio Pumahue Curauma\",\"url\":\"https:\/\/www.pumahue.cl\/curauma\/\",\"logo\":{\"@type\":\"ImageObject\",\"inLanguage\":\"es\",\"@id\":\"https:\/\/www.pumahue.cl\/curauma\/#\/schema\/logo\/image\/\",\"url\":\"https:\/\/www.pumahue.cl\/curauma\/wp-content\/uploads\/sites\/48\/2025\/02\/cropped-logo_Pumahue_.png\",\"contentUrl\":\"https:\/\/www.pumahue.cl\/curauma\/wp-content\/uploads\/sites\/48\/2025\/02\/cropped-logo_Pumahue_.png\",\"width\":512,\"height\":512,\"caption\":\"Colegio Pumahue Curauma\"},\"image\":{\"@id\":\"https:\/\/www.pumahue.cl\/curauma\/#\/schema\/logo\/image\/\"},\"sameAs\":[\"http:\/\/www.facebook.com\/ColegiosPumahue\",\"https:\/\/www.youtube.com\/@CognitaChile\"]},{\"@type\":\"Person\",\"@id\":\"https:\/\/www.pumahue.cl\/curauma\/#\/schema\/person\/0debeea140e397b5d490ee7e553255d8\",\"name\":\"jorgedelcampo\",\"image\":{\"@type\":\"ImageObject\",\"inLanguage\":\"es\",\"@id\":\"https:\/\/www.pumahue.cl\/curauma\/#\/schema\/person\/image\/\",\"url\":\"https:\/\/secure.gravatar.com\/avatar\/4a315f521213b2dc91dbda9bf799f711c8a98ab6f5606ec42cf5b33d1e762e8a?s=96&d=mm&r=g\",\"contentUrl\":\"https:\/\/secure.gravatar.com\/avatar\/4a315f521213b2dc91dbda9bf799f711c8a98ab6f5606ec42cf5b33d1e762e8a?s=96&d=mm&r=g\",\"caption\":\"jorgedelcampo\"}}]}<\/script>\n<!-- \/ Yoast SEO plugin. -->","yoast_head_json":{"title":"\u00a1As\u00ed vivimos el Mes de la Seguridad en Pumahue Curauma! \ud83e\uddba\ud83c\udfc5 - Colegio Pumahue Curauma","robots":{"index":"index","follow":"follow","max-snippet":"max-snippet:-1","max-image-preview":"max-image-preview:large","max-video-preview":"max-video-preview:-1"},"canonical":"https:\/\/www.pumahue.cl\/curauma\/noticias\/asi-vivimos-el-mes-de-la-seguridad-en-pumahue-curauma\/","og_locale":"es_ES","og_type":"article","og_title":"\u00a1As\u00ed vivimos el Mes de la Seguridad en Pumahue Curauma! \ud83e\uddba\ud83c\udfc5 - Colegio Pumahue Curauma","og_description":"Como parte de nuestra \u00e1rea de Salud y Seguridad, nuestro colegio llev\u00f3 a cabo diversas actividades para conmemorar un nuevo Mes de la Seguridad, a cargo de nuestra Encargada de la Seguridad del alumno, Miss Olga Duarte. Durante todo el mes de mayo, nuestros estudiantes de p\u00e1rvulo, b\u00e1sica y media recibieron visitas de distintas instituciones, [&hellip;]","og_url":"https:\/\/www.pumahue.cl\/curauma\/noticias\/asi-vivimos-el-mes-de-la-seguridad-en-pumahue-curauma\/","og_site_name":"Colegio Pumahue Curauma","article_publisher":"http:\/\/www.facebook.com\/ColegiosPumahue","article_published_time":"2023-06-13T19:14:29+00:00","og_image":[{"width":512,"height":512,"url":"https:\/\/www.pumahue.cl\/curauma\/wp-content\/uploads\/sites\/48\/2025\/02\/cropped-logo_Pumahue_.png","type":"image\/png"}],"author":"jorgedelcampo","twitter_card":"summary_large_image","twitter_misc":{"Escrito por":"jorgedelcampo","Tiempo de lectura":"1 minuto"},"schema":{"@context":"https:\/\/schema.org","@graph":[{"@type":"Article","@id":"https:\/\/www.pumahue.cl\/curauma\/noticias\/asi-vivimos-el-mes-de-la-seguridad-en-pumahue-curauma\/#article","isPartOf":{"@id":"https:\/\/www.pumahue.cl\/curauma\/noticias\/asi-vivimos-el-mes-de-la-seguridad-en-pumahue-curauma\/"},"author":{"name":"jorgedelcampo","@id":"https:\/\/www.pumahue.cl\/curauma\/#\/schema\/person\/0debeea140e397b5d490ee7e553255d8"},"headline":"\u00a1As\u00ed vivimos el Mes de la Seguridad en Pumahue Curauma! \ud83e\uddba\ud83c\udfc5","datePublished":"2023-06-13T19:14:29+00:00","mainEntityOfPage":{"@id":"https:\/\/www.pumahue.cl\/curauma\/noticias\/asi-vivimos-el-mes-de-la-seguridad-en-pumahue-curauma\/"},"wordCount":180,"commentCount":0,"publisher":{"@id":"https:\/\/www.pumahue.cl\/curauma\/#organization"},"image":{"@id":"https:\/\/www.pumahue.cl\/curauma\/noticias\/asi-vivimos-el-mes-de-la-seguridad-en-pumahue-curauma\/#primaryimage"},"thumbnailUrl":"https:\/\/www.pumahue.cl\/curauma\/wp-content\/uploads\/sites\/48\/2023\/06\/Mes_Seguridad_Cur23.png","articleSection":["Vida escolar"],"inLanguage":"es","potentialAction":[{"@type":"CommentAction","name":"Comment","target":["https:\/\/www.pumahue.cl\/curauma\/noticias\/asi-vivimos-el-mes-de-la-seguridad-en-pumahue-curauma\/#respond"]}]},{"@type":"WebPage","@id":"https:\/\/www.pumahue.cl\/curauma\/noticias\/asi-vivimos-el-mes-de-la-seguridad-en-pumahue-curauma\/","url":"https:\/\/www.pumahue.cl\/curauma\/noticias\/asi-vivimos-el-mes-de-la-seguridad-en-pumahue-curauma\/","name":"\u00a1As\u00ed vivimos el Mes de la Seguridad en Pumahue Curauma! \ud83e\uddba\ud83c\udfc5 - Colegio Pumahue Curauma","isPartOf":{"@id":"https:\/\/www.pumahue.cl\/curauma\/#website"},"primaryImageOfPage":{"@id":"https:\/\/www.pumahue.cl\/curauma\/noticias\/asi-vivimos-el-mes-de-la-seguridad-en-pumahue-curauma\/#primaryimage"},"image":{"@id":"https:\/\/www.pumahue.cl\/curauma\/noticias\/asi-vivimos-el-mes-de-la-seguridad-en-pumahue-curauma\/#primaryimage"},"thumbnailUrl":"https:\/\/www.pumahue.cl\/curauma\/wp-content\/uploads\/sites\/48\/2023\/06\/Mes_Seguridad_Cur23.png","datePublished":"2023-06-13T19:14:29+00:00","breadcrumb":{"@id":"https:\/\/www.pumahue.cl\/curauma\/noticias\/asi-vivimos-el-mes-de-la-seguridad-en-pumahue-curauma\/#breadcrumb"},"inLanguage":"es","potentialAction":[{"@type":"ReadAction","target":["https:\/\/www.pumahue.cl\/curauma\/noticias\/asi-vivimos-el-mes-de-la-seguridad-en-pumahue-curauma\/"]}]},{"@type":"ImageObject","inLanguage":"es","@id":"https:\/\/www.pumahue.cl\/curauma\/noticias\/asi-vivimos-el-mes-de-la-seguridad-en-pumahue-curauma\/#primaryimage","url":"https:\/\/www.pumahue.cl\/curauma\/wp-content\/uploads\/sites\/48\/2023\/06\/Mes_Seguridad_Cur23.png","contentUrl":"https:\/\/www.pumahue.cl\/curauma\/wp-content\/uploads\/sites\/48\/2023\/06\/Mes_Seguridad_Cur23.png","width":836,"height":523},{"@type":"BreadcrumbList","@id":"https:\/\/www.pumahue.cl\/curauma\/noticias\/asi-vivimos-el-mes-de-la-seguridad-en-pumahue-curauma\/#breadcrumb","itemListElement":[{"@type":"ListItem","position":1,"name":"Home","item":"https:\/\/www.pumahue.cl\/curauma\/"},{"@type":"ListItem","position":2,"name":"\u00a1As\u00ed vivimos el Mes de la Seguridad en Pumahue Curauma! \ud83e\uddba\ud83c\udfc5"}]},{"@type":"WebSite","@id":"https:\/\/www.pumahue.cl\/curauma\/#website","url":"https:\/\/www.pumahue.cl\/curauma\/","name":"Colegio Pumahue Curauma","description":"Parte de Cognita Schools","publisher":{"@id":"https:\/\/www.pumahue.cl\/curauma\/#organization"},"potentialAction":[{"@type":"SearchAction","target":{"@type":"EntryPoint","urlTemplate":"https:\/\/www.pumahue.cl\/curauma\/?s={search_term_string}"},"query-input":{"@type":"PropertyValueSpecification","valueRequired":true,"valueName":"search_term_string"}}],"inLanguage":"es"},{"@type":"Organization","@id":"https:\/\/www.pumahue.cl\/curauma\/#organization","name":"Colegio Pumahue Curauma","url":"https:\/\/www.pumahue.cl\/curauma\/","logo":{"@type":"ImageObject","inLanguage":"es","@id":"https:\/\/www.pumahue.cl\/curauma\/#\/schema\/logo\/image\/","url":"https:\/\/www.pumahue.cl\/curauma\/wp-content\/uploads\/sites\/48\/2025\/02\/cropped-logo_Pumahue_.png","contentUrl":"https:\/\/www.pumahue.cl\/curauma\/wp-content\/uploads\/sites\/48\/2025\/02\/cropped-logo_Pumahue_.png","width":512,"height":512,"caption":"Colegio Pumahue Curauma"},"image":{"@id":"https:\/\/www.pumahue.cl\/curauma\/#\/schema\/logo\/image\/"},"sameAs":["http:\/\/www.facebook.com\/ColegiosPumahue","https:\/\/www.youtube.com\/@CognitaChile"]},{"@type":"Person","@id":"https:\/\/www.pumahue.cl\/curauma\/#\/schema\/person\/0debeea140e397b5d490ee7e553255d8","name":"jorgedelcampo","image":{"@type":"ImageObject","inLanguage":"es","@id":"https:\/\/www.pumahue.cl\/curauma\/#\/schema\/person\/image\/","url":"https:\/\/secure.gravatar.com\/avatar\/4a315f521213b2dc91dbda9bf799f711c8a98ab6f5606ec42cf5b33d1e762e8a?s=96&d=mm&r=g","contentUrl":"https:\/\/secure.gravatar.com\/avatar\/4a315f521213b2dc91dbda9bf799f711c8a98ab6f5606ec42cf5b33d1e762e8a?s=96&d=mm&r=g","caption":"jorgedelcampo"}}]}},"jetpack_featured_media_url":"https:\/\/www.pumahue.cl\/curauma\/wp-content\/uploads\/sites\/48\/2023\/06\/Mes_Seguridad_Cur23.png","previous_post_ID":17495,"previous_post_title":"Proyecto Campur 6\u00b0 B\u00e1sico C: inauguraci\u00f3n de ludoteca \u265f\ufe0f\ud83c\udf8a","previous_post_excerpt":"Nuestros estudiantes del 6\u00b0 B\u00e1sico C, a cargo del profesor Rodrigo Moyano, realizaron la inauguraci\u00f3n de una ludoteca en el sector del patio central de nuestro colegio, como parte de un proyecto campur. La ludoteca constituye un espacio pedag\u00f3gico, donde los ni\u00f1os y ni\u00f1as utilizan diversos juegos, con el fin de estimular el desarrollo mental [&hellip;]","previous_post_link":"https:\/\/www.pumahue.cl\/curauma\/noticias\/proyecto-campur-6-basico-c-inauguracion-de-ludoteca\/","previous_post_class":["post-17495","post","type-post","status-publish","format-standard","has-post-thumbnail","hentry","category-vida-escolar"],"next_post_ID":17538,"next_post_title":"\u00a1Celebraciones 2\u00b0 Green Day! \ud83c\udf0e\ud83d\udc9a","next_post_excerpt":"Durante el pasado viernes 09 de junio, nuestro colegio conmemor\u00f3 el 2\u00b0 D\u00eda de la Tierra o Green Day.\u00a0A trav\u00e9s de diversas actividades planificadas por nuestra Encargada del Programa de Ecolog\u00eda y Sustentabilidad\/Ecology &amp; Sustainability, Miss Carmen Gloria Rodr\u00edguez; nuestros estudiantes realizaron diversas acciones en torno a la reflexi\u00f3n del cuidado del Medio Ambiente, el [&hellip;]","next_post_link":"https:\/\/www.pumahue.cl\/curauma\/noticias\/celebraciones-2-green-day\/","next_post_class":["post-17538","post","type-post","status-publish","format-standard","has-post-thumbnail","hentry","category-vida-escolar"],"jetpack_sharing_enabled":true,"_links":{"self":[{"href":"https:\/\/www.pumahue.cl\/curauma\/wp-json\/wp\/v2\/posts\/17448","targetHints":{"allow":["GET"]}}],"collection":[{"href":"https:\/\/www.pumahue.cl\/curauma\/wp-json\/wp\/v2\/posts"}],"about":[{"href":"https:\/\/www.pumahue.cl\/curauma\/wp-json\/wp\/v2\/types\/post"}],"author":[{"embeddable":true,"href":"https:\/\/www.pumahue.cl\/curauma\/wp-json\/wp\/v2\/users\/14"}],"replies":[{"embeddable":true,"href":"https:\/\/www.pumahue.cl\/curauma\/wp-json\/wp\/v2\/comments?post=17448"}],"version-history":[{"count":0,"href":"https:\/\/www.pumahue.cl\/curauma\/wp-json\/wp\/v2\/posts\/17448\/revisions"}],"wp:featuredmedia":[{"embeddable":true,"href":"https:\/\/www.pumahue.cl\/curauma\/wp-json\/wp\/v2\/media\/17456"}],"wp:attachment":[{"href":"https:\/\/www.pumahue.cl\/curauma\/wp-json\/wp\/v2\/media?parent=17448"}],"wp:term":[{"taxonomy":"category","embeddable":true,"href":"https:\/\/www.pumahue.cl\/curauma\/wp-json\/wp\/v2\/categories?post=17448"},{"taxonomy":"post_tag","embeddable":true,"href":"https:\/\/www.pumahue.cl\/curauma\/wp-json\/wp\/v2\/tags?post=17448"}],"curies":[{"name":"wp","href":"https:\/\/api.w.org\/{rel}","templated":true}]}}