{"id":17611,"date":"2023-07-11T14:23:04","date_gmt":"2023-07-11T18:23:04","guid":{"rendered":"http:\/\/pumahue.cl\/curauma\/?p=17611"},"modified":"2023-07-11T14:23:04","modified_gmt":"2023-07-11T18:23:04","slug":"pumas-destacados-en-participaciones-deportivas","status":"publish","type":"post","link":"https:\/\/www.pumahue.cl\/curauma\/noticias\/pumas-destacados-en-participaciones-deportivas\/","title":{"rendered":"\ud83c\udf1f Pumas Destacados en participaciones deportivas \ud83c\udfc6"},"content":{"rendered":"<p>Queremos celebrar a nuestros Pumas Destacados por ser part\u00edcipes de diferentes disciplinas deportivas, donde han tenido excelentes resultados. Felicitamos a:<\/p>\n<ul>\n<li>Josefa Montecinos de 5\u00b0C y Rafaela Montecinos de 2\u00b0A por participar en el partido de Hockey de Chile-Sud\u00e1frica en el Colegio Saint Margaret de Con Con<\/li>\n<li>Antonella Corona de 1\u00b0B por participar en el Interescolar Soprole Mountain Bike, donde logr\u00f3 obtener el puesto 15 de 28 competidores en su categor\u00eda<\/li>\n<li>Abigail Fuentes de 3\u00b0 Medio A por obtener el 4to lugar en la categor\u00eda single y 4to lugar en la categor\u00eda doble en la competencia de remo realizada en la ciudad de Concepci\u00f3n<\/li>\n<li>Vicente Pe\u00f1a de 7\u00b0B por obtener el 1er lugar en la Regata H\u00e9roes de Iquique, desarrollada en la Laguna San Pedro de la Paz en Concepci\u00f3n con un bote cu\u00e1druple donde su grupo y \u00e9l recorrieron 1000 metros en un tiempo de 3:25 minutos<\/li>\n<li>Crist\u00f3bal Pe\u00f1a de 5\u00b0C por obtener el 3er lugar en la Regata H\u00e9roes de Iquique, desarrollada en la Laguna San Pedro de la Paz en Concepci\u00f3n con un bote cu\u00e1druple donde su grupo y \u00e9l recorrieron 500 metros<\/li>\n<li>Renato Neine de 7\u00b0B quien obtuvo 1er lugar en Kata Torneo Norteamericano Full Contact de Karate<\/li>\n<\/ul>\n<p><strong>\u00a1Esperamos que sigan desarrollando sus grandiosos talentos deportivos!<\/strong><\/p>\n"},"excerpt":{"rendered":"<p>Queremos celebrar a nuestros Pumas Destacados por ser part\u00edcipes de diferentes disciplinas deportivas, donde han tenido excelentes resultados. Felicitamos a: Josefa Montecinos de 5\u00b0C y Rafaela Montecinos de 2\u00b0A por participar en el partido de Hockey de Chile-Sud\u00e1frica en el Colegio Saint Margaret de Con Con Antonella Corona de 1\u00b0B por participar en el Interescolar [&hellip;]<\/p>\n","protected":false},"author":14,"featured_media":17629,"comment_status":"open","ping_status":"open","sticky":false,"template":"","format":"standard","meta":{"_acf_changed":false,"content-type":"","_jetpack_memberships_contains_paid_content":false,"footnotes":""},"categories":[1],"tags":[],"class_list":["post-17611","post","type-post","status-publish","format-standard","has-post-thumbnail","hentry","category-vida-escolar"],"acf":[],"yoast_head":"<!-- This site is optimized with the Yoast SEO plugin v27.1.1 - https:\/\/yoast.com\/product\/yoast-seo-wordpress\/ -->\n<title>\ud83c\udf1f Pumas Destacados en participaciones deportivas \ud83c\udfc6 - Colegio Pumahue Curauma<\/title>\n<meta name=\"robots\" content=\"index, follow, max-snippet:-1, max-image-preview:large, max-video-preview:-1\" \/>\n<link rel=\"canonical\" href=\"https:\/\/www.pumahue.cl\/curauma\/noticias\/pumas-destacados-en-participaciones-deportivas\/\" \/>\n<meta property=\"og:locale\" content=\"es_ES\" \/>\n<meta property=\"og:type\" content=\"article\" \/>\n<meta property=\"og:title\" content=\"\ud83c\udf1f Pumas Destacados en participaciones deportivas \ud83c\udfc6 - Colegio Pumahue Curauma\" \/>\n<meta property=\"og:description\" content=\"Queremos celebrar a nuestros Pumas Destacados por ser part\u00edcipes de diferentes disciplinas deportivas, donde han tenido excelentes resultados. Felicitamos a: Josefa Montecinos de 5\u00b0C y Rafaela Montecinos de 2\u00b0A por participar en el partido de Hockey de Chile-Sud\u00e1frica en el Colegio Saint Margaret de Con Con Antonella Corona de 1\u00b0B por participar en el Interescolar [&hellip;]\" \/>\n<meta property=\"og:url\" content=\"https:\/\/www.pumahue.cl\/curauma\/noticias\/pumas-destacados-en-participaciones-deportivas\/\" \/>\n<meta property=\"og:site_name\" content=\"Colegio Pumahue Curauma\" \/>\n<meta property=\"article:publisher\" content=\"http:\/\/www.facebook.com\/ColegiosPumahue\" \/>\n<meta property=\"article:published_time\" content=\"2023-07-11T18:23:04+00:00\" \/>\n<meta property=\"og:image\" content=\"https:\/\/www.pumahue.cl\/curauma\/wp-content\/uploads\/sites\/48\/2025\/02\/cropped-logo_Pumahue_.png\" \/>\n\t<meta property=\"og:image:width\" content=\"512\" \/>\n\t<meta property=\"og:image:height\" content=\"512\" \/>\n\t<meta property=\"og:image:type\" content=\"image\/png\" \/>\n<meta name=\"author\" content=\"jorgedelcampo\" \/>\n<meta name=\"twitter:card\" content=\"summary_large_image\" \/>\n<meta name=\"twitter:label1\" content=\"Escrito por\" \/>\n\t<meta name=\"twitter:data1\" content=\"jorgedelcampo\" \/>\n\t<meta name=\"twitter:label2\" content=\"Tiempo de lectura\" \/>\n\t<meta name=\"twitter:data2\" content=\"1 minuto\" \/>\n<script type=\"application\/ld+json\" class=\"yoast-schema-graph\">{\"@context\":\"https:\/\/schema.org\",\"@graph\":[{\"@type\":\"Article\",\"@id\":\"https:\/\/www.pumahue.cl\/curauma\/noticias\/pumas-destacados-en-participaciones-deportivas\/#article\",\"isPartOf\":{\"@id\":\"https:\/\/www.pumahue.cl\/curauma\/noticias\/pumas-destacados-en-participaciones-deportivas\/\"},\"author\":{\"name\":\"jorgedelcampo\",\"@id\":\"https:\/\/www.pumahue.cl\/curauma\/#\/schema\/person\/0debeea140e397b5d490ee7e553255d8\"},\"headline\":\"\ud83c\udf1f Pumas Destacados en participaciones deportivas \ud83c\udfc6\",\"datePublished\":\"2023-07-11T18:23:04+00:00\",\"mainEntityOfPage\":{\"@id\":\"https:\/\/www.pumahue.cl\/curauma\/noticias\/pumas-destacados-en-participaciones-deportivas\/\"},\"wordCount\":223,\"commentCount\":0,\"publisher\":{\"@id\":\"https:\/\/www.pumahue.cl\/curauma\/#organization\"},\"image\":{\"@id\":\"https:\/\/www.pumahue.cl\/curauma\/noticias\/pumas-destacados-en-participaciones-deportivas\/#primaryimage\"},\"thumbnailUrl\":\"https:\/\/www.pumahue.cl\/curauma\/wp-content\/uploads\/sites\/48\/2023\/07\/pumas_deportivos_cur.png\",\"articleSection\":[\"Vida escolar\"],\"inLanguage\":\"es\",\"potentialAction\":[{\"@type\":\"CommentAction\",\"name\":\"Comment\",\"target\":[\"https:\/\/www.pumahue.cl\/curauma\/noticias\/pumas-destacados-en-participaciones-deportivas\/#respond\"]}]},{\"@type\":\"WebPage\",\"@id\":\"https:\/\/www.pumahue.cl\/curauma\/noticias\/pumas-destacados-en-participaciones-deportivas\/\",\"url\":\"https:\/\/www.pumahue.cl\/curauma\/noticias\/pumas-destacados-en-participaciones-deportivas\/\",\"name\":\"\ud83c\udf1f Pumas Destacados en participaciones deportivas \ud83c\udfc6 - Colegio Pumahue Curauma\",\"isPartOf\":{\"@id\":\"https:\/\/www.pumahue.cl\/curauma\/#website\"},\"primaryImageOfPage\":{\"@id\":\"https:\/\/www.pumahue.cl\/curauma\/noticias\/pumas-destacados-en-participaciones-deportivas\/#primaryimage\"},\"image\":{\"@id\":\"https:\/\/www.pumahue.cl\/curauma\/noticias\/pumas-destacados-en-participaciones-deportivas\/#primaryimage\"},\"thumbnailUrl\":\"https:\/\/www.pumahue.cl\/curauma\/wp-content\/uploads\/sites\/48\/2023\/07\/pumas_deportivos_cur.png\",\"datePublished\":\"2023-07-11T18:23:04+00:00\",\"breadcrumb\":{\"@id\":\"https:\/\/www.pumahue.cl\/curauma\/noticias\/pumas-destacados-en-participaciones-deportivas\/#breadcrumb\"},\"inLanguage\":\"es\",\"potentialAction\":[{\"@type\":\"ReadAction\",\"target\":[\"https:\/\/www.pumahue.cl\/curauma\/noticias\/pumas-destacados-en-participaciones-deportivas\/\"]}]},{\"@type\":\"ImageObject\",\"inLanguage\":\"es\",\"@id\":\"https:\/\/www.pumahue.cl\/curauma\/noticias\/pumas-destacados-en-participaciones-deportivas\/#primaryimage\",\"url\":\"https:\/\/www.pumahue.cl\/curauma\/wp-content\/uploads\/sites\/48\/2023\/07\/pumas_deportivos_cur.png\",\"contentUrl\":\"https:\/\/www.pumahue.cl\/curauma\/wp-content\/uploads\/sites\/48\/2023\/07\/pumas_deportivos_cur.png\"},{\"@type\":\"BreadcrumbList\",\"@id\":\"https:\/\/www.pumahue.cl\/curauma\/noticias\/pumas-destacados-en-participaciones-deportivas\/#breadcrumb\",\"itemListElement\":[{\"@type\":\"ListItem\",\"position\":1,\"name\":\"Home\",\"item\":\"https:\/\/www.pumahue.cl\/curauma\/\"},{\"@type\":\"ListItem\",\"position\":2,\"name\":\"\ud83c\udf1f Pumas Destacados en participaciones deportivas \ud83c\udfc6\"}]},{\"@type\":\"WebSite\",\"@id\":\"https:\/\/www.pumahue.cl\/curauma\/#website\",\"url\":\"https:\/\/www.pumahue.cl\/curauma\/\",\"name\":\"Colegio Pumahue Curauma\",\"description\":\"Parte de Cognita Schools\",\"publisher\":{\"@id\":\"https:\/\/www.pumahue.cl\/curauma\/#organization\"},\"potentialAction\":[{\"@type\":\"SearchAction\",\"target\":{\"@type\":\"EntryPoint\",\"urlTemplate\":\"https:\/\/www.pumahue.cl\/curauma\/?s={search_term_string}\"},\"query-input\":{\"@type\":\"PropertyValueSpecification\",\"valueRequired\":true,\"valueName\":\"search_term_string\"}}],\"inLanguage\":\"es\"},{\"@type\":\"Organization\",\"@id\":\"https:\/\/www.pumahue.cl\/curauma\/#organization\",\"name\":\"Colegio Pumahue Curauma\",\"url\":\"https:\/\/www.pumahue.cl\/curauma\/\",\"logo\":{\"@type\":\"ImageObject\",\"inLanguage\":\"es\",\"@id\":\"https:\/\/www.pumahue.cl\/curauma\/#\/schema\/logo\/image\/\",\"url\":\"https:\/\/www.pumahue.cl\/curauma\/wp-content\/uploads\/sites\/48\/2025\/02\/cropped-logo_Pumahue_.png\",\"contentUrl\":\"https:\/\/www.pumahue.cl\/curauma\/wp-content\/uploads\/sites\/48\/2025\/02\/cropped-logo_Pumahue_.png\",\"width\":512,\"height\":512,\"caption\":\"Colegio Pumahue Curauma\"},\"image\":{\"@id\":\"https:\/\/www.pumahue.cl\/curauma\/#\/schema\/logo\/image\/\"},\"sameAs\":[\"http:\/\/www.facebook.com\/ColegiosPumahue\",\"https:\/\/www.youtube.com\/@CognitaChile\"]},{\"@type\":\"Person\",\"@id\":\"https:\/\/www.pumahue.cl\/curauma\/#\/schema\/person\/0debeea140e397b5d490ee7e553255d8\",\"name\":\"jorgedelcampo\",\"image\":{\"@type\":\"ImageObject\",\"inLanguage\":\"es\",\"@id\":\"https:\/\/www.pumahue.cl\/curauma\/#\/schema\/person\/image\/\",\"url\":\"https:\/\/secure.gravatar.com\/avatar\/4a315f521213b2dc91dbda9bf799f711c8a98ab6f5606ec42cf5b33d1e762e8a?s=96&d=mm&r=g\",\"contentUrl\":\"https:\/\/secure.gravatar.com\/avatar\/4a315f521213b2dc91dbda9bf799f711c8a98ab6f5606ec42cf5b33d1e762e8a?s=96&d=mm&r=g\",\"caption\":\"jorgedelcampo\"}}]}<\/script>\n<!-- \/ Yoast SEO plugin. -->","yoast_head_json":{"title":"\ud83c\udf1f Pumas Destacados en participaciones deportivas \ud83c\udfc6 - Colegio Pumahue Curauma","robots":{"index":"index","follow":"follow","max-snippet":"max-snippet:-1","max-image-preview":"max-image-preview:large","max-video-preview":"max-video-preview:-1"},"canonical":"https:\/\/www.pumahue.cl\/curauma\/noticias\/pumas-destacados-en-participaciones-deportivas\/","og_locale":"es_ES","og_type":"article","og_title":"\ud83c\udf1f Pumas Destacados en participaciones deportivas \ud83c\udfc6 - Colegio Pumahue Curauma","og_description":"Queremos celebrar a nuestros Pumas Destacados por ser part\u00edcipes de diferentes disciplinas deportivas, donde han tenido excelentes resultados. Felicitamos a: Josefa Montecinos de 5\u00b0C y Rafaela Montecinos de 2\u00b0A por participar en el partido de Hockey de Chile-Sud\u00e1frica en el Colegio Saint Margaret de Con Con Antonella Corona de 1\u00b0B por participar en el Interescolar [&hellip;]","og_url":"https:\/\/www.pumahue.cl\/curauma\/noticias\/pumas-destacados-en-participaciones-deportivas\/","og_site_name":"Colegio Pumahue Curauma","article_publisher":"http:\/\/www.facebook.com\/ColegiosPumahue","article_published_time":"2023-07-11T18:23:04+00:00","og_image":[{"width":512,"height":512,"url":"https:\/\/www.pumahue.cl\/curauma\/wp-content\/uploads\/sites\/48\/2025\/02\/cropped-logo_Pumahue_.png","type":"image\/png"}],"author":"jorgedelcampo","twitter_card":"summary_large_image","twitter_misc":{"Escrito por":"jorgedelcampo","Tiempo de lectura":"1 minuto"},"schema":{"@context":"https:\/\/schema.org","@graph":[{"@type":"Article","@id":"https:\/\/www.pumahue.cl\/curauma\/noticias\/pumas-destacados-en-participaciones-deportivas\/#article","isPartOf":{"@id":"https:\/\/www.pumahue.cl\/curauma\/noticias\/pumas-destacados-en-participaciones-deportivas\/"},"author":{"name":"jorgedelcampo","@id":"https:\/\/www.pumahue.cl\/curauma\/#\/schema\/person\/0debeea140e397b5d490ee7e553255d8"},"headline":"\ud83c\udf1f Pumas Destacados en participaciones deportivas \ud83c\udfc6","datePublished":"2023-07-11T18:23:04+00:00","mainEntityOfPage":{"@id":"https:\/\/www.pumahue.cl\/curauma\/noticias\/pumas-destacados-en-participaciones-deportivas\/"},"wordCount":223,"commentCount":0,"publisher":{"@id":"https:\/\/www.pumahue.cl\/curauma\/#organization"},"image":{"@id":"https:\/\/www.pumahue.cl\/curauma\/noticias\/pumas-destacados-en-participaciones-deportivas\/#primaryimage"},"thumbnailUrl":"https:\/\/www.pumahue.cl\/curauma\/wp-content\/uploads\/sites\/48\/2023\/07\/pumas_deportivos_cur.png","articleSection":["Vida escolar"],"inLanguage":"es","potentialAction":[{"@type":"CommentAction","name":"Comment","target":["https:\/\/www.pumahue.cl\/curauma\/noticias\/pumas-destacados-en-participaciones-deportivas\/#respond"]}]},{"@type":"WebPage","@id":"https:\/\/www.pumahue.cl\/curauma\/noticias\/pumas-destacados-en-participaciones-deportivas\/","url":"https:\/\/www.pumahue.cl\/curauma\/noticias\/pumas-destacados-en-participaciones-deportivas\/","name":"\ud83c\udf1f Pumas Destacados en participaciones deportivas \ud83c\udfc6 - Colegio Pumahue Curauma","isPartOf":{"@id":"https:\/\/www.pumahue.cl\/curauma\/#website"},"primaryImageOfPage":{"@id":"https:\/\/www.pumahue.cl\/curauma\/noticias\/pumas-destacados-en-participaciones-deportivas\/#primaryimage"},"image":{"@id":"https:\/\/www.pumahue.cl\/curauma\/noticias\/pumas-destacados-en-participaciones-deportivas\/#primaryimage"},"thumbnailUrl":"https:\/\/www.pumahue.cl\/curauma\/wp-content\/uploads\/sites\/48\/2023\/07\/pumas_deportivos_cur.png","datePublished":"2023-07-11T18:23:04+00:00","breadcrumb":{"@id":"https:\/\/www.pumahue.cl\/curauma\/noticias\/pumas-destacados-en-participaciones-deportivas\/#breadcrumb"},"inLanguage":"es","potentialAction":[{"@type":"ReadAction","target":["https:\/\/www.pumahue.cl\/curauma\/noticias\/pumas-destacados-en-participaciones-deportivas\/"]}]},{"@type":"ImageObject","inLanguage":"es","@id":"https:\/\/www.pumahue.cl\/curauma\/noticias\/pumas-destacados-en-participaciones-deportivas\/#primaryimage","url":"https:\/\/www.pumahue.cl\/curauma\/wp-content\/uploads\/sites\/48\/2023\/07\/pumas_deportivos_cur.png","contentUrl":"https:\/\/www.pumahue.cl\/curauma\/wp-content\/uploads\/sites\/48\/2023\/07\/pumas_deportivos_cur.png"},{"@type":"BreadcrumbList","@id":"https:\/\/www.pumahue.cl\/curauma\/noticias\/pumas-destacados-en-participaciones-deportivas\/#breadcrumb","itemListElement":[{"@type":"ListItem","position":1,"name":"Home","item":"https:\/\/www.pumahue.cl\/curauma\/"},{"@type":"ListItem","position":2,"name":"\ud83c\udf1f Pumas Destacados en participaciones deportivas \ud83c\udfc6"}]},{"@type":"WebSite","@id":"https:\/\/www.pumahue.cl\/curauma\/#website","url":"https:\/\/www.pumahue.cl\/curauma\/","name":"Colegio Pumahue Curauma","description":"Parte de Cognita Schools","publisher":{"@id":"https:\/\/www.pumahue.cl\/curauma\/#organization"},"potentialAction":[{"@type":"SearchAction","target":{"@type":"EntryPoint","urlTemplate":"https:\/\/www.pumahue.cl\/curauma\/?s={search_term_string}"},"query-input":{"@type":"PropertyValueSpecification","valueRequired":true,"valueName":"search_term_string"}}],"inLanguage":"es"},{"@type":"Organization","@id":"https:\/\/www.pumahue.cl\/curauma\/#organization","name":"Colegio Pumahue Curauma","url":"https:\/\/www.pumahue.cl\/curauma\/","logo":{"@type":"ImageObject","inLanguage":"es","@id":"https:\/\/www.pumahue.cl\/curauma\/#\/schema\/logo\/image\/","url":"https:\/\/www.pumahue.cl\/curauma\/wp-content\/uploads\/sites\/48\/2025\/02\/cropped-logo_Pumahue_.png","contentUrl":"https:\/\/www.pumahue.cl\/curauma\/wp-content\/uploads\/sites\/48\/2025\/02\/cropped-logo_Pumahue_.png","width":512,"height":512,"caption":"Colegio Pumahue Curauma"},"image":{"@id":"https:\/\/www.pumahue.cl\/curauma\/#\/schema\/logo\/image\/"},"sameAs":["http:\/\/www.facebook.com\/ColegiosPumahue","https:\/\/www.youtube.com\/@CognitaChile"]},{"@type":"Person","@id":"https:\/\/www.pumahue.cl\/curauma\/#\/schema\/person\/0debeea140e397b5d490ee7e553255d8","name":"jorgedelcampo","image":{"@type":"ImageObject","inLanguage":"es","@id":"https:\/\/www.pumahue.cl\/curauma\/#\/schema\/person\/image\/","url":"https:\/\/secure.gravatar.com\/avatar\/4a315f521213b2dc91dbda9bf799f711c8a98ab6f5606ec42cf5b33d1e762e8a?s=96&d=mm&r=g","contentUrl":"https:\/\/secure.gravatar.com\/avatar\/4a315f521213b2dc91dbda9bf799f711c8a98ab6f5606ec42cf5b33d1e762e8a?s=96&d=mm&r=g","caption":"jorgedelcampo"}}]}},"jetpack_featured_media_url":"https:\/\/www.pumahue.cl\/curauma\/wp-content\/uploads\/sites\/48\/2023\/07\/pumas_deportivos_cur.png","previous_post_ID":17595,"previous_post_title":"Winter Break in Pumahue Curauma! \u26c4\ud83c\udf89","previous_post_excerpt":"Esperando que nuestros peque\u00f1os y peque\u00f1as est\u00e9n disfrutando de sus merecidas vacaciones, queremos compartir las celebraciones de pijamadas de invierno que festejaron nuestros estudiantes de Educaci\u00f3n Parvularia, junto a sus misses y compa\u00f1eros en torno a convivencias muuuy deliciosas. \u00a1Los esperamos muy pronto! &nbsp;","previous_post_link":"https:\/\/www.pumahue.cl\/curauma\/noticias\/winter-break-in-pumahue-curauma\/","previous_post_class":["post-17595","post","type-post","status-publish","format-standard","has-post-thumbnail","hentry","category-vida-escolar"],"next_post_ID":17613,"next_post_title":"\ud83c\udf1f Pumas Destacados \ud83c\udf1f: Jorge Cortinez, alumno que viajar\u00e1 a Jap\u00f3n por beca de estudios","next_post_excerpt":"Queremos felicitar a nuestro alumno de 4\u00b0 Medio A, Jorge Cortinez, quien viajar\u00e1 a Jap\u00f3n a principios de agosto, tras ser becado en un programa de intercambio por el trabajo de su padre. Este m\u00e9rito es muy importante para nuestro alumno y su familia, quien convers\u00f3 con nosotros al respecto de esta oportunidad. \u00bfDe qu\u00e9 [&hellip;]","next_post_link":"https:\/\/www.pumahue.cl\/curauma\/noticias\/pumas-destacados-jorge-cortinez-alumno-que-viajara-a-japon-por-beca-de-estudios\/","next_post_class":["post-17613","post","type-post","status-publish","format-standard","has-post-thumbnail","hentry","category-vida-escolar"],"jetpack_sharing_enabled":true,"_links":{"self":[{"href":"https:\/\/www.pumahue.cl\/curauma\/wp-json\/wp\/v2\/posts\/17611","targetHints":{"allow":["GET"]}}],"collection":[{"href":"https:\/\/www.pumahue.cl\/curauma\/wp-json\/wp\/v2\/posts"}],"about":[{"href":"https:\/\/www.pumahue.cl\/curauma\/wp-json\/wp\/v2\/types\/post"}],"author":[{"embeddable":true,"href":"https:\/\/www.pumahue.cl\/curauma\/wp-json\/wp\/v2\/users\/14"}],"replies":[{"embeddable":true,"href":"https:\/\/www.pumahue.cl\/curauma\/wp-json\/wp\/v2\/comments?post=17611"}],"version-history":[{"count":0,"href":"https:\/\/www.pumahue.cl\/curauma\/wp-json\/wp\/v2\/posts\/17611\/revisions"}],"wp:featuredmedia":[{"embeddable":true,"href":"https:\/\/www.pumahue.cl\/curauma\/wp-json\/wp\/v2\/media\/17629"}],"wp:attachment":[{"href":"https:\/\/www.pumahue.cl\/curauma\/wp-json\/wp\/v2\/media?parent=17611"}],"wp:term":[{"taxonomy":"category","embeddable":true,"href":"https:\/\/www.pumahue.cl\/curauma\/wp-json\/wp\/v2\/categories?post=17611"},{"taxonomy":"post_tag","embeddable":true,"href":"https:\/\/www.pumahue.cl\/curauma\/wp-json\/wp\/v2\/tags?post=17611"}],"curies":[{"name":"wp","href":"https:\/\/api.w.org\/{rel}","templated":true}]}}