{"id":18016,"date":"2023-08-17T10:27:59","date_gmt":"2023-08-17T14:27:59","guid":{"rendered":"http:\/\/pumahue.cl\/curauma\/?p=18016"},"modified":"2023-08-17T10:27:59","modified_gmt":"2023-08-17T14:27:59","slug":"celebracion-dia-de-la-ninez-en-educacion-parvularia","status":"publish","type":"post","link":"https:\/\/www.pumahue.cl\/curauma\/noticias\/celebracion-dia-de-la-ninez-en-educacion-parvularia\/","title":{"rendered":"\u2728\ud83e\udd73Celebraci\u00f3n D\u00eda de la Ni\u00f1ez en Educaci\u00f3n Parvularia\ud83c\udf88\ud83e\udd70"},"content":{"rendered":"<p>Nuestra comunidad pumahuina es muy activa y participativa. Es por ello que nuestras familias de Educaci\u00f3n Parvularia, desplegaron todos sus talentos para compartir un d\u00eda muy especial para nuestros peque\u00f1os y peque\u00f1as del ciclo, donde realizaron presentaciones de los personajes favoritos de todas y todos.<\/p>\n<p><strong>\u00a1Felicitamos y agradecemos el compromiso de todas y todos por ser parte de la felicidad de nuestros estudiantes d\u00eda a d\u00eda!<\/strong><\/p>\n"},"excerpt":{"rendered":"<p>Nuestra comunidad pumahuina es muy activa y participativa. Es por ello que nuestras familias de Educaci\u00f3n Parvularia, desplegaron todos sus talentos para compartir un d\u00eda muy especial para nuestros peque\u00f1os y peque\u00f1as del ciclo, donde realizaron presentaciones de los personajes favoritos de todas y todos. \u00a1Felicitamos y agradecemos el compromiso de todas y todos por [&hellip;]<\/p>\n","protected":false},"author":14,"featured_media":18064,"comment_status":"open","ping_status":"open","sticky":false,"template":"","format":"standard","meta":{"_acf_changed":false,"content-type":"","_jetpack_memberships_contains_paid_content":false,"footnotes":""},"categories":[1],"tags":[],"class_list":["post-18016","post","type-post","status-publish","format-standard","has-post-thumbnail","hentry","category-vida-escolar"],"acf":[],"yoast_head":"<!-- This site is optimized with the Yoast SEO plugin v27.1.1 - https:\/\/yoast.com\/product\/yoast-seo-wordpress\/ -->\n<title>\u2728\ud83e\udd73Celebraci\u00f3n D\u00eda de la Ni\u00f1ez en Educaci\u00f3n Parvularia\ud83c\udf88\ud83e\udd70 - Colegio Pumahue Curauma<\/title>\n<meta name=\"robots\" content=\"index, follow, max-snippet:-1, max-image-preview:large, max-video-preview:-1\" \/>\n<link rel=\"canonical\" href=\"https:\/\/www.pumahue.cl\/curauma\/noticias\/celebracion-dia-de-la-ninez-en-educacion-parvularia\/\" \/>\n<meta property=\"og:locale\" content=\"es_ES\" \/>\n<meta property=\"og:type\" content=\"article\" \/>\n<meta property=\"og:title\" content=\"\u2728\ud83e\udd73Celebraci\u00f3n D\u00eda de la Ni\u00f1ez en Educaci\u00f3n Parvularia\ud83c\udf88\ud83e\udd70 - Colegio Pumahue Curauma\" \/>\n<meta property=\"og:description\" content=\"Nuestra comunidad pumahuina es muy activa y participativa. Es por ello que nuestras familias de Educaci\u00f3n Parvularia, desplegaron todos sus talentos para compartir un d\u00eda muy especial para nuestros peque\u00f1os y peque\u00f1as del ciclo, donde realizaron presentaciones de los personajes favoritos de todas y todos. \u00a1Felicitamos y agradecemos el compromiso de todas y todos por [&hellip;]\" \/>\n<meta property=\"og:url\" content=\"https:\/\/www.pumahue.cl\/curauma\/noticias\/celebracion-dia-de-la-ninez-en-educacion-parvularia\/\" \/>\n<meta property=\"og:site_name\" content=\"Colegio Pumahue Curauma\" \/>\n<meta property=\"article:publisher\" content=\"http:\/\/www.facebook.com\/ColegiosPumahue\" \/>\n<meta property=\"article:published_time\" content=\"2023-08-17T14:27:59+00:00\" \/>\n<meta property=\"og:image\" content=\"https:\/\/www.pumahue.cl\/curauma\/wp-content\/uploads\/sites\/48\/2025\/02\/cropped-logo_Pumahue_.png\" \/>\n\t<meta property=\"og:image:width\" content=\"512\" \/>\n\t<meta property=\"og:image:height\" content=\"512\" \/>\n\t<meta property=\"og:image:type\" content=\"image\/png\" \/>\n<meta name=\"author\" content=\"jorgedelcampo\" \/>\n<meta name=\"twitter:card\" content=\"summary_large_image\" \/>\n<meta name=\"twitter:label1\" content=\"Escrito por\" \/>\n\t<meta name=\"twitter:data1\" content=\"jorgedelcampo\" \/>\n<script type=\"application\/ld+json\" class=\"yoast-schema-graph\">{\"@context\":\"https:\/\/schema.org\",\"@graph\":[{\"@type\":\"Article\",\"@id\":\"https:\/\/www.pumahue.cl\/curauma\/noticias\/celebracion-dia-de-la-ninez-en-educacion-parvularia\/#article\",\"isPartOf\":{\"@id\":\"https:\/\/www.pumahue.cl\/curauma\/noticias\/celebracion-dia-de-la-ninez-en-educacion-parvularia\/\"},\"author\":{\"name\":\"jorgedelcampo\",\"@id\":\"https:\/\/www.pumahue.cl\/curauma\/#\/schema\/person\/0debeea140e397b5d490ee7e553255d8\"},\"headline\":\"\u2728\ud83e\udd73Celebraci\u00f3n D\u00eda de la Ni\u00f1ez en Educaci\u00f3n Parvularia\ud83c\udf88\ud83e\udd70\",\"datePublished\":\"2023-08-17T14:27:59+00:00\",\"mainEntityOfPage\":{\"@id\":\"https:\/\/www.pumahue.cl\/curauma\/noticias\/celebracion-dia-de-la-ninez-en-educacion-parvularia\/\"},\"wordCount\":84,\"commentCount\":0,\"publisher\":{\"@id\":\"https:\/\/www.pumahue.cl\/curauma\/#organization\"},\"image\":{\"@id\":\"https:\/\/www.pumahue.cl\/curauma\/noticias\/celebracion-dia-de-la-ninez-en-educacion-parvularia\/#primaryimage\"},\"thumbnailUrl\":\"https:\/\/www.pumahue.cl\/curauma\/wp-content\/uploads\/sites\/48\/2023\/08\/DiaNinez_Curauma1.png\",\"articleSection\":[\"Vida escolar\"],\"inLanguage\":\"es\",\"potentialAction\":[{\"@type\":\"CommentAction\",\"name\":\"Comment\",\"target\":[\"https:\/\/www.pumahue.cl\/curauma\/noticias\/celebracion-dia-de-la-ninez-en-educacion-parvularia\/#respond\"]}]},{\"@type\":\"WebPage\",\"@id\":\"https:\/\/www.pumahue.cl\/curauma\/noticias\/celebracion-dia-de-la-ninez-en-educacion-parvularia\/\",\"url\":\"https:\/\/www.pumahue.cl\/curauma\/noticias\/celebracion-dia-de-la-ninez-en-educacion-parvularia\/\",\"name\":\"\u2728\ud83e\udd73Celebraci\u00f3n D\u00eda de la Ni\u00f1ez en Educaci\u00f3n Parvularia\ud83c\udf88\ud83e\udd70 - Colegio Pumahue Curauma\",\"isPartOf\":{\"@id\":\"https:\/\/www.pumahue.cl\/curauma\/#website\"},\"primaryImageOfPage\":{\"@id\":\"https:\/\/www.pumahue.cl\/curauma\/noticias\/celebracion-dia-de-la-ninez-en-educacion-parvularia\/#primaryimage\"},\"image\":{\"@id\":\"https:\/\/www.pumahue.cl\/curauma\/noticias\/celebracion-dia-de-la-ninez-en-educacion-parvularia\/#primaryimage\"},\"thumbnailUrl\":\"https:\/\/www.pumahue.cl\/curauma\/wp-content\/uploads\/sites\/48\/2023\/08\/DiaNinez_Curauma1.png\",\"datePublished\":\"2023-08-17T14:27:59+00:00\",\"breadcrumb\":{\"@id\":\"https:\/\/www.pumahue.cl\/curauma\/noticias\/celebracion-dia-de-la-ninez-en-educacion-parvularia\/#breadcrumb\"},\"inLanguage\":\"es\",\"potentialAction\":[{\"@type\":\"ReadAction\",\"target\":[\"https:\/\/www.pumahue.cl\/curauma\/noticias\/celebracion-dia-de-la-ninez-en-educacion-parvularia\/\"]}]},{\"@type\":\"ImageObject\",\"inLanguage\":\"es\",\"@id\":\"https:\/\/www.pumahue.cl\/curauma\/noticias\/celebracion-dia-de-la-ninez-en-educacion-parvularia\/#primaryimage\",\"url\":\"https:\/\/www.pumahue.cl\/curauma\/wp-content\/uploads\/sites\/48\/2023\/08\/DiaNinez_Curauma1.png\",\"contentUrl\":\"https:\/\/www.pumahue.cl\/curauma\/wp-content\/uploads\/sites\/48\/2023\/08\/DiaNinez_Curauma1.png\",\"width\":836,\"height\":523},{\"@type\":\"BreadcrumbList\",\"@id\":\"https:\/\/www.pumahue.cl\/curauma\/noticias\/celebracion-dia-de-la-ninez-en-educacion-parvularia\/#breadcrumb\",\"itemListElement\":[{\"@type\":\"ListItem\",\"position\":1,\"name\":\"Home\",\"item\":\"https:\/\/www.pumahue.cl\/curauma\/\"},{\"@type\":\"ListItem\",\"position\":2,\"name\":\"\u2728\ud83e\udd73Celebraci\u00f3n D\u00eda de la Ni\u00f1ez en Educaci\u00f3n Parvularia\ud83c\udf88\ud83e\udd70\"}]},{\"@type\":\"WebSite\",\"@id\":\"https:\/\/www.pumahue.cl\/curauma\/#website\",\"url\":\"https:\/\/www.pumahue.cl\/curauma\/\",\"name\":\"Colegio Pumahue Curauma\",\"description\":\"Parte de Cognita Schools\",\"publisher\":{\"@id\":\"https:\/\/www.pumahue.cl\/curauma\/#organization\"},\"potentialAction\":[{\"@type\":\"SearchAction\",\"target\":{\"@type\":\"EntryPoint\",\"urlTemplate\":\"https:\/\/www.pumahue.cl\/curauma\/?s={search_term_string}\"},\"query-input\":{\"@type\":\"PropertyValueSpecification\",\"valueRequired\":true,\"valueName\":\"search_term_string\"}}],\"inLanguage\":\"es\"},{\"@type\":\"Organization\",\"@id\":\"https:\/\/www.pumahue.cl\/curauma\/#organization\",\"name\":\"Colegio Pumahue Curauma\",\"url\":\"https:\/\/www.pumahue.cl\/curauma\/\",\"logo\":{\"@type\":\"ImageObject\",\"inLanguage\":\"es\",\"@id\":\"https:\/\/www.pumahue.cl\/curauma\/#\/schema\/logo\/image\/\",\"url\":\"https:\/\/www.pumahue.cl\/curauma\/wp-content\/uploads\/sites\/48\/2025\/02\/cropped-logo_Pumahue_.png\",\"contentUrl\":\"https:\/\/www.pumahue.cl\/curauma\/wp-content\/uploads\/sites\/48\/2025\/02\/cropped-logo_Pumahue_.png\",\"width\":512,\"height\":512,\"caption\":\"Colegio Pumahue Curauma\"},\"image\":{\"@id\":\"https:\/\/www.pumahue.cl\/curauma\/#\/schema\/logo\/image\/\"},\"sameAs\":[\"http:\/\/www.facebook.com\/ColegiosPumahue\",\"https:\/\/www.youtube.com\/@CognitaChile\"]},{\"@type\":\"Person\",\"@id\":\"https:\/\/www.pumahue.cl\/curauma\/#\/schema\/person\/0debeea140e397b5d490ee7e553255d8\",\"name\":\"jorgedelcampo\",\"image\":{\"@type\":\"ImageObject\",\"inLanguage\":\"es\",\"@id\":\"https:\/\/www.pumahue.cl\/curauma\/#\/schema\/person\/image\/\",\"url\":\"https:\/\/secure.gravatar.com\/avatar\/4a315f521213b2dc91dbda9bf799f711c8a98ab6f5606ec42cf5b33d1e762e8a?s=96&d=mm&r=g\",\"contentUrl\":\"https:\/\/secure.gravatar.com\/avatar\/4a315f521213b2dc91dbda9bf799f711c8a98ab6f5606ec42cf5b33d1e762e8a?s=96&d=mm&r=g\",\"caption\":\"jorgedelcampo\"}}]}<\/script>\n<!-- \/ Yoast SEO plugin. -->","yoast_head_json":{"title":"\u2728\ud83e\udd73Celebraci\u00f3n D\u00eda de la Ni\u00f1ez en Educaci\u00f3n Parvularia\ud83c\udf88\ud83e\udd70 - Colegio Pumahue Curauma","robots":{"index":"index","follow":"follow","max-snippet":"max-snippet:-1","max-image-preview":"max-image-preview:large","max-video-preview":"max-video-preview:-1"},"canonical":"https:\/\/www.pumahue.cl\/curauma\/noticias\/celebracion-dia-de-la-ninez-en-educacion-parvularia\/","og_locale":"es_ES","og_type":"article","og_title":"\u2728\ud83e\udd73Celebraci\u00f3n D\u00eda de la Ni\u00f1ez en Educaci\u00f3n Parvularia\ud83c\udf88\ud83e\udd70 - Colegio Pumahue Curauma","og_description":"Nuestra comunidad pumahuina es muy activa y participativa. Es por ello que nuestras familias de Educaci\u00f3n Parvularia, desplegaron todos sus talentos para compartir un d\u00eda muy especial para nuestros peque\u00f1os y peque\u00f1as del ciclo, donde realizaron presentaciones de los personajes favoritos de todas y todos. \u00a1Felicitamos y agradecemos el compromiso de todas y todos por [&hellip;]","og_url":"https:\/\/www.pumahue.cl\/curauma\/noticias\/celebracion-dia-de-la-ninez-en-educacion-parvularia\/","og_site_name":"Colegio Pumahue Curauma","article_publisher":"http:\/\/www.facebook.com\/ColegiosPumahue","article_published_time":"2023-08-17T14:27:59+00:00","og_image":[{"width":512,"height":512,"url":"https:\/\/www.pumahue.cl\/curauma\/wp-content\/uploads\/sites\/48\/2025\/02\/cropped-logo_Pumahue_.png","type":"image\/png"}],"author":"jorgedelcampo","twitter_card":"summary_large_image","twitter_misc":{"Escrito por":"jorgedelcampo"},"schema":{"@context":"https:\/\/schema.org","@graph":[{"@type":"Article","@id":"https:\/\/www.pumahue.cl\/curauma\/noticias\/celebracion-dia-de-la-ninez-en-educacion-parvularia\/#article","isPartOf":{"@id":"https:\/\/www.pumahue.cl\/curauma\/noticias\/celebracion-dia-de-la-ninez-en-educacion-parvularia\/"},"author":{"name":"jorgedelcampo","@id":"https:\/\/www.pumahue.cl\/curauma\/#\/schema\/person\/0debeea140e397b5d490ee7e553255d8"},"headline":"\u2728\ud83e\udd73Celebraci\u00f3n D\u00eda de la Ni\u00f1ez en Educaci\u00f3n Parvularia\ud83c\udf88\ud83e\udd70","datePublished":"2023-08-17T14:27:59+00:00","mainEntityOfPage":{"@id":"https:\/\/www.pumahue.cl\/curauma\/noticias\/celebracion-dia-de-la-ninez-en-educacion-parvularia\/"},"wordCount":84,"commentCount":0,"publisher":{"@id":"https:\/\/www.pumahue.cl\/curauma\/#organization"},"image":{"@id":"https:\/\/www.pumahue.cl\/curauma\/noticias\/celebracion-dia-de-la-ninez-en-educacion-parvularia\/#primaryimage"},"thumbnailUrl":"https:\/\/www.pumahue.cl\/curauma\/wp-content\/uploads\/sites\/48\/2023\/08\/DiaNinez_Curauma1.png","articleSection":["Vida escolar"],"inLanguage":"es","potentialAction":[{"@type":"CommentAction","name":"Comment","target":["https:\/\/www.pumahue.cl\/curauma\/noticias\/celebracion-dia-de-la-ninez-en-educacion-parvularia\/#respond"]}]},{"@type":"WebPage","@id":"https:\/\/www.pumahue.cl\/curauma\/noticias\/celebracion-dia-de-la-ninez-en-educacion-parvularia\/","url":"https:\/\/www.pumahue.cl\/curauma\/noticias\/celebracion-dia-de-la-ninez-en-educacion-parvularia\/","name":"\u2728\ud83e\udd73Celebraci\u00f3n D\u00eda de la Ni\u00f1ez en Educaci\u00f3n Parvularia\ud83c\udf88\ud83e\udd70 - Colegio Pumahue Curauma","isPartOf":{"@id":"https:\/\/www.pumahue.cl\/curauma\/#website"},"primaryImageOfPage":{"@id":"https:\/\/www.pumahue.cl\/curauma\/noticias\/celebracion-dia-de-la-ninez-en-educacion-parvularia\/#primaryimage"},"image":{"@id":"https:\/\/www.pumahue.cl\/curauma\/noticias\/celebracion-dia-de-la-ninez-en-educacion-parvularia\/#primaryimage"},"thumbnailUrl":"https:\/\/www.pumahue.cl\/curauma\/wp-content\/uploads\/sites\/48\/2023\/08\/DiaNinez_Curauma1.png","datePublished":"2023-08-17T14:27:59+00:00","breadcrumb":{"@id":"https:\/\/www.pumahue.cl\/curauma\/noticias\/celebracion-dia-de-la-ninez-en-educacion-parvularia\/#breadcrumb"},"inLanguage":"es","potentialAction":[{"@type":"ReadAction","target":["https:\/\/www.pumahue.cl\/curauma\/noticias\/celebracion-dia-de-la-ninez-en-educacion-parvularia\/"]}]},{"@type":"ImageObject","inLanguage":"es","@id":"https:\/\/www.pumahue.cl\/curauma\/noticias\/celebracion-dia-de-la-ninez-en-educacion-parvularia\/#primaryimage","url":"https:\/\/www.pumahue.cl\/curauma\/wp-content\/uploads\/sites\/48\/2023\/08\/DiaNinez_Curauma1.png","contentUrl":"https:\/\/www.pumahue.cl\/curauma\/wp-content\/uploads\/sites\/48\/2023\/08\/DiaNinez_Curauma1.png","width":836,"height":523},{"@type":"BreadcrumbList","@id":"https:\/\/www.pumahue.cl\/curauma\/noticias\/celebracion-dia-de-la-ninez-en-educacion-parvularia\/#breadcrumb","itemListElement":[{"@type":"ListItem","position":1,"name":"Home","item":"https:\/\/www.pumahue.cl\/curauma\/"},{"@type":"ListItem","position":2,"name":"\u2728\ud83e\udd73Celebraci\u00f3n D\u00eda de la Ni\u00f1ez en Educaci\u00f3n Parvularia\ud83c\udf88\ud83e\udd70"}]},{"@type":"WebSite","@id":"https:\/\/www.pumahue.cl\/curauma\/#website","url":"https:\/\/www.pumahue.cl\/curauma\/","name":"Colegio Pumahue Curauma","description":"Parte de Cognita Schools","publisher":{"@id":"https:\/\/www.pumahue.cl\/curauma\/#organization"},"potentialAction":[{"@type":"SearchAction","target":{"@type":"EntryPoint","urlTemplate":"https:\/\/www.pumahue.cl\/curauma\/?s={search_term_string}"},"query-input":{"@type":"PropertyValueSpecification","valueRequired":true,"valueName":"search_term_string"}}],"inLanguage":"es"},{"@type":"Organization","@id":"https:\/\/www.pumahue.cl\/curauma\/#organization","name":"Colegio Pumahue Curauma","url":"https:\/\/www.pumahue.cl\/curauma\/","logo":{"@type":"ImageObject","inLanguage":"es","@id":"https:\/\/www.pumahue.cl\/curauma\/#\/schema\/logo\/image\/","url":"https:\/\/www.pumahue.cl\/curauma\/wp-content\/uploads\/sites\/48\/2025\/02\/cropped-logo_Pumahue_.png","contentUrl":"https:\/\/www.pumahue.cl\/curauma\/wp-content\/uploads\/sites\/48\/2025\/02\/cropped-logo_Pumahue_.png","width":512,"height":512,"caption":"Colegio Pumahue Curauma"},"image":{"@id":"https:\/\/www.pumahue.cl\/curauma\/#\/schema\/logo\/image\/"},"sameAs":["http:\/\/www.facebook.com\/ColegiosPumahue","https:\/\/www.youtube.com\/@CognitaChile"]},{"@type":"Person","@id":"https:\/\/www.pumahue.cl\/curauma\/#\/schema\/person\/0debeea140e397b5d490ee7e553255d8","name":"jorgedelcampo","image":{"@type":"ImageObject","inLanguage":"es","@id":"https:\/\/www.pumahue.cl\/curauma\/#\/schema\/person\/image\/","url":"https:\/\/secure.gravatar.com\/avatar\/4a315f521213b2dc91dbda9bf799f711c8a98ab6f5606ec42cf5b33d1e762e8a?s=96&d=mm&r=g","contentUrl":"https:\/\/secure.gravatar.com\/avatar\/4a315f521213b2dc91dbda9bf799f711c8a98ab6f5606ec42cf5b33d1e762e8a?s=96&d=mm&r=g","caption":"jorgedelcampo"}}]}},"jetpack_featured_media_url":"https:\/\/www.pumahue.cl\/curauma\/wp-content\/uploads\/sites\/48\/2023\/08\/DiaNinez_Curauma1.png","previous_post_ID":17995,"previous_post_title":"Inicio unidad IEYC: comprendiendo las partes de un todo con ayuda del Sr. Papa","previous_post_excerpt":"En el marco del inicio de la Unidad IEYC &#8220;Loose Parts&#8221;, los ni\u00f1os y ni\u00f1as de Jard\u00edn Biling\u00fce construyeron casas para que el Sr. Cara de Papa. De esta manera, lograron trabajar\u00a0con materiales de encajes para que comprendieran que varias partes forman un todo. Este tipo de din\u00e1micas les permite explorar y manipular diferentes tipos [&hellip;]","previous_post_link":"https:\/\/www.pumahue.cl\/curauma\/noticias\/inicio-unidad-ieyc-comprendiendo-las-partes-de-un-todo-con-ayuda-del-sr-papa\/","previous_post_class":["post-17995","post","type-post","status-publish","format-standard","has-post-thumbnail","hentry","category-vida-escolar"],"next_post_ID":18128,"next_post_title":"#SeguimosMejorando: remodelaci\u00f3n ba\u00f1os de Educaci\u00f3n Media","next_post_excerpt":"Como parte del plan de mejoras de nuestro colegio, se concluy\u00f3 la remodelaci\u00f3n completa de las bater\u00edas de ba\u00f1os, correspondientes al ciclo de Educaci\u00f3n Media. El trabajo contempl\u00f3 un nuevo y moderno dise\u00f1o, luminaria, sistema el\u00e9ctrico, tuber\u00edas, secador de manos autom\u00e1tico, entre otros elementos. Con el fin de compartir esta importante noticia con el alumnado, [&hellip;]","next_post_link":"https:\/\/www.pumahue.cl\/curauma\/noticias\/seguimosmejorando-remodelacion-banos-de-educacion-media\/","next_post_class":["post-18128","post","type-post","status-publish","format-standard","has-post-thumbnail","hentry","category-vida-escolar"],"jetpack_sharing_enabled":true,"_links":{"self":[{"href":"https:\/\/www.pumahue.cl\/curauma\/wp-json\/wp\/v2\/posts\/18016","targetHints":{"allow":["GET"]}}],"collection":[{"href":"https:\/\/www.pumahue.cl\/curauma\/wp-json\/wp\/v2\/posts"}],"about":[{"href":"https:\/\/www.pumahue.cl\/curauma\/wp-json\/wp\/v2\/types\/post"}],"author":[{"embeddable":true,"href":"https:\/\/www.pumahue.cl\/curauma\/wp-json\/wp\/v2\/users\/14"}],"replies":[{"embeddable":true,"href":"https:\/\/www.pumahue.cl\/curauma\/wp-json\/wp\/v2\/comments?post=18016"}],"version-history":[{"count":0,"href":"https:\/\/www.pumahue.cl\/curauma\/wp-json\/wp\/v2\/posts\/18016\/revisions"}],"wp:featuredmedia":[{"embeddable":true,"href":"https:\/\/www.pumahue.cl\/curauma\/wp-json\/wp\/v2\/media\/18064"}],"wp:attachment":[{"href":"https:\/\/www.pumahue.cl\/curauma\/wp-json\/wp\/v2\/media?parent=18016"}],"wp:term":[{"taxonomy":"category","embeddable":true,"href":"https:\/\/www.pumahue.cl\/curauma\/wp-json\/wp\/v2\/categories?post=18016"},{"taxonomy":"post_tag","embeddable":true,"href":"https:\/\/www.pumahue.cl\/curauma\/wp-json\/wp\/v2\/tags?post=18016"}],"curies":[{"name":"wp","href":"https:\/\/api.w.org\/{rel}","templated":true}]}}