{"id":19697,"date":"2024-07-10T11:27:57","date_gmt":"2024-07-10T15:27:57","guid":{"rendered":"https:\/\/www.pumahue.cl\/curauma\/?p=19697"},"modified":"2024-07-10T11:27:57","modified_gmt":"2024-07-10T15:27:57","slug":"seguimosmejorando-colegio-pumahue-curauma-participo-en-taller-de-convivencia-escolar-con-superintendencia-de-educacion","status":"publish","type":"post","link":"https:\/\/www.pumahue.cl\/curauma\/noticias\/seguimosmejorando-colegio-pumahue-curauma-participo-en-taller-de-convivencia-escolar-con-superintendencia-de-educacion\/","title":{"rendered":"#SeguimosMejorando: Colegio Pumahue Curauma particip\u00f3 en taller de Convivencia Escolar con Superintendencia de Educaci\u00f3n"},"content":{"rendered":"<p>Queremos informarles que el pasado mi\u00e9rcoles 5 de junio, nuestro Rector Antonio Reyes Leiva, equipo directivo y, Vanessa G\u00e1lvez \u00c1vila, Delegada de Salvaguarda (DSL) participaron en un taller organizado por la red de colegios Cognita y la Superintendencia de Educaci\u00f3n. La jornada, realizada en Colegio Pumahue Chicureo, cont\u00f3 con la presencia del <strong>Superintendente Nacional de Educaci\u00f3n, Mauricio Farias<\/strong>, el director regional de la <strong>Superintendencia de Educaci\u00f3n para la Regi\u00f3n Metropolitana, \u00c1lvaro Farf\u00e1n<\/strong>, y la encargada <strong>Regional de la Unidad de Protecci\u00f3n de Derechos Educacionales, Priscila Ot\u00e1rola<\/strong>.<\/p>\n<p>El objetivo principal de esta actividad fue aprender colaborativamente del mundo p\u00fablico y privado, con el fin de instalar mecanismos de evaluaci\u00f3n y auto revisi\u00f3n de los instrumentos de gesti\u00f3n de convivencia escolar, como lo es el <strong>Reglamento Interno del Colegio<\/strong>, para resguardar los principios educativos que rigen la normativa educacional vigente.<\/p>\n<p>Como colegio estamos convencidos de la importancia de seguir trabajando para que los estudiantes desarrollen habilidades socioemocionales y \u00e9ticas, que les permitan escuchar, tomar perspectiva y empatizar con las emociones de los otros, resolviendo los conflictos a trav\u00e9s del di\u00e1logo y la b\u00fasqueda del bien com\u00fan.<\/p>\n<p>La colaboraci\u00f3n constante y el aprendizaje continuo son fundamentales para crear un entorno educativo donde cada estudiante se sienta valorado y respetado, promoviendo as\u00ed una comunidad escolar armoniosa y enriquecedora.<\/p>\n"},"excerpt":{"rendered":"<p>Queremos informarles que el pasado mi\u00e9rcoles 5 de junio, nuestro Rector Antonio Reyes Leiva, equipo directivo y, Vanessa G\u00e1lvez \u00c1vila, Delegada de Salvaguarda (DSL) participaron en un taller organizado por la red de colegios Cognita y la Superintendencia de Educaci\u00f3n. La jornada, realizada en Colegio Pumahue Chicureo, cont\u00f3 con la presencia del Superintendente Nacional de [&hellip;]<\/p>\n","protected":false},"author":14,"featured_media":19698,"comment_status":"open","ping_status":"open","sticky":false,"template":"","format":"standard","meta":{"_acf_changed":false,"content-type":"","_jetpack_memberships_contains_paid_content":false,"footnotes":""},"categories":[1],"tags":[],"class_list":["post-19697","post","type-post","status-publish","format-standard","has-post-thumbnail","hentry","category-vida-escolar"],"acf":[],"yoast_head":"<!-- This site is optimized with the Yoast SEO plugin v27.1.1 - https:\/\/yoast.com\/product\/yoast-seo-wordpress\/ -->\n<title>#SeguimosMejorando: Colegio Pumahue Curauma particip\u00f3 en taller de Convivencia Escolar con Superintendencia de Educaci\u00f3n - Colegio Pumahue Curauma<\/title>\n<meta name=\"robots\" content=\"index, follow, max-snippet:-1, max-image-preview:large, max-video-preview:-1\" \/>\n<link rel=\"canonical\" href=\"https:\/\/www.pumahue.cl\/curauma\/noticias\/seguimosmejorando-colegio-pumahue-curauma-participo-en-taller-de-convivencia-escolar-con-superintendencia-de-educacion\/\" \/>\n<meta property=\"og:locale\" content=\"es_ES\" \/>\n<meta property=\"og:type\" content=\"article\" \/>\n<meta property=\"og:title\" content=\"#SeguimosMejorando: Colegio Pumahue Curauma particip\u00f3 en taller de Convivencia Escolar con Superintendencia de Educaci\u00f3n - Colegio Pumahue Curauma\" \/>\n<meta property=\"og:description\" content=\"Queremos informarles que el pasado mi\u00e9rcoles 5 de junio, nuestro Rector Antonio Reyes Leiva, equipo directivo y, Vanessa G\u00e1lvez \u00c1vila, Delegada de Salvaguarda (DSL) participaron en un taller organizado por la red de colegios Cognita y la Superintendencia de Educaci\u00f3n. La jornada, realizada en Colegio Pumahue Chicureo, cont\u00f3 con la presencia del Superintendente Nacional de [&hellip;]\" \/>\n<meta property=\"og:url\" content=\"https:\/\/www.pumahue.cl\/curauma\/noticias\/seguimosmejorando-colegio-pumahue-curauma-participo-en-taller-de-convivencia-escolar-con-superintendencia-de-educacion\/\" \/>\n<meta property=\"og:site_name\" content=\"Colegio Pumahue Curauma\" \/>\n<meta property=\"article:publisher\" content=\"http:\/\/www.facebook.com\/ColegiosPumahue\" \/>\n<meta property=\"article:published_time\" content=\"2024-07-10T15:27:57+00:00\" \/>\n<meta property=\"og:image\" content=\"https:\/\/www.pumahue.cl\/curauma\/wp-content\/uploads\/sites\/48\/2024\/07\/tallerministerio_pumahuecurauma2.png?w=1024\" \/>\n\t<meta property=\"og:image:width\" content=\"1024\" \/>\n\t<meta property=\"og:image:height\" content=\"1024\" \/>\n\t<meta property=\"og:image:type\" content=\"image\/png\" \/>\n<meta name=\"author\" content=\"jorgedelcampo\" \/>\n<meta name=\"twitter:card\" content=\"summary_large_image\" \/>\n<meta name=\"twitter:label1\" content=\"Escrito por\" \/>\n\t<meta name=\"twitter:data1\" content=\"jorgedelcampo\" \/>\n\t<meta name=\"twitter:label2\" content=\"Tiempo de lectura\" \/>\n\t<meta name=\"twitter:data2\" content=\"2 minutos\" \/>\n<script type=\"application\/ld+json\" class=\"yoast-schema-graph\">{\"@context\":\"https:\/\/schema.org\",\"@graph\":[{\"@type\":\"Article\",\"@id\":\"https:\/\/www.pumahue.cl\/curauma\/noticias\/seguimosmejorando-colegio-pumahue-curauma-participo-en-taller-de-convivencia-escolar-con-superintendencia-de-educacion\/#article\",\"isPartOf\":{\"@id\":\"https:\/\/www.pumahue.cl\/curauma\/noticias\/seguimosmejorando-colegio-pumahue-curauma-participo-en-taller-de-convivencia-escolar-con-superintendencia-de-educacion\/\"},\"author\":{\"name\":\"jorgedelcampo\",\"@id\":\"https:\/\/www.pumahue.cl\/curauma\/#\/schema\/person\/0debeea140e397b5d490ee7e553255d8\"},\"headline\":\"#SeguimosMejorando: Colegio Pumahue Curauma particip\u00f3 en taller de Convivencia Escolar con Superintendencia de Educaci\u00f3n\",\"datePublished\":\"2024-07-10T15:27:57+00:00\",\"mainEntityOfPage\":{\"@id\":\"https:\/\/www.pumahue.cl\/curauma\/noticias\/seguimosmejorando-colegio-pumahue-curauma-participo-en-taller-de-convivencia-escolar-con-superintendencia-de-educacion\/\"},\"wordCount\":246,\"commentCount\":0,\"publisher\":{\"@id\":\"https:\/\/www.pumahue.cl\/curauma\/#organization\"},\"image\":{\"@id\":\"https:\/\/www.pumahue.cl\/curauma\/noticias\/seguimosmejorando-colegio-pumahue-curauma-participo-en-taller-de-convivencia-escolar-con-superintendencia-de-educacion\/#primaryimage\"},\"thumbnailUrl\":\"https:\/\/www.pumahue.cl\/curauma\/wp-content\/uploads\/sites\/48\/2024\/07\/tallerministerio_pumahuecurauma2.png\",\"articleSection\":[\"Vida escolar\"],\"inLanguage\":\"es\",\"potentialAction\":[{\"@type\":\"CommentAction\",\"name\":\"Comment\",\"target\":[\"https:\/\/www.pumahue.cl\/curauma\/noticias\/seguimosmejorando-colegio-pumahue-curauma-participo-en-taller-de-convivencia-escolar-con-superintendencia-de-educacion\/#respond\"]}]},{\"@type\":\"WebPage\",\"@id\":\"https:\/\/www.pumahue.cl\/curauma\/noticias\/seguimosmejorando-colegio-pumahue-curauma-participo-en-taller-de-convivencia-escolar-con-superintendencia-de-educacion\/\",\"url\":\"https:\/\/www.pumahue.cl\/curauma\/noticias\/seguimosmejorando-colegio-pumahue-curauma-participo-en-taller-de-convivencia-escolar-con-superintendencia-de-educacion\/\",\"name\":\"#SeguimosMejorando: Colegio Pumahue Curauma particip\u00f3 en taller de Convivencia Escolar con Superintendencia de Educaci\u00f3n - Colegio Pumahue Curauma\",\"isPartOf\":{\"@id\":\"https:\/\/www.pumahue.cl\/curauma\/#website\"},\"primaryImageOfPage\":{\"@id\":\"https:\/\/www.pumahue.cl\/curauma\/noticias\/seguimosmejorando-colegio-pumahue-curauma-participo-en-taller-de-convivencia-escolar-con-superintendencia-de-educacion\/#primaryimage\"},\"image\":{\"@id\":\"https:\/\/www.pumahue.cl\/curauma\/noticias\/seguimosmejorando-colegio-pumahue-curauma-participo-en-taller-de-convivencia-escolar-con-superintendencia-de-educacion\/#primaryimage\"},\"thumbnailUrl\":\"https:\/\/www.pumahue.cl\/curauma\/wp-content\/uploads\/sites\/48\/2024\/07\/tallerministerio_pumahuecurauma2.png\",\"datePublished\":\"2024-07-10T15:27:57+00:00\",\"breadcrumb\":{\"@id\":\"https:\/\/www.pumahue.cl\/curauma\/noticias\/seguimosmejorando-colegio-pumahue-curauma-participo-en-taller-de-convivencia-escolar-con-superintendencia-de-educacion\/#breadcrumb\"},\"inLanguage\":\"es\",\"potentialAction\":[{\"@type\":\"ReadAction\",\"target\":[\"https:\/\/www.pumahue.cl\/curauma\/noticias\/seguimosmejorando-colegio-pumahue-curauma-participo-en-taller-de-convivencia-escolar-con-superintendencia-de-educacion\/\"]}]},{\"@type\":\"ImageObject\",\"inLanguage\":\"es\",\"@id\":\"https:\/\/www.pumahue.cl\/curauma\/noticias\/seguimosmejorando-colegio-pumahue-curauma-participo-en-taller-de-convivencia-escolar-con-superintendencia-de-educacion\/#primaryimage\",\"url\":\"https:\/\/www.pumahue.cl\/curauma\/wp-content\/uploads\/sites\/48\/2024\/07\/tallerministerio_pumahuecurauma2.png\",\"contentUrl\":\"https:\/\/www.pumahue.cl\/curauma\/wp-content\/uploads\/sites\/48\/2024\/07\/tallerministerio_pumahuecurauma2.png\"},{\"@type\":\"BreadcrumbList\",\"@id\":\"https:\/\/www.pumahue.cl\/curauma\/noticias\/seguimosmejorando-colegio-pumahue-curauma-participo-en-taller-de-convivencia-escolar-con-superintendencia-de-educacion\/#breadcrumb\",\"itemListElement\":[{\"@type\":\"ListItem\",\"position\":1,\"name\":\"Home\",\"item\":\"https:\/\/www.pumahue.cl\/curauma\/\"},{\"@type\":\"ListItem\",\"position\":2,\"name\":\"#SeguimosMejorando: Colegio Pumahue Curauma particip\u00f3 en taller de Convivencia Escolar con Superintendencia de Educaci\u00f3n\"}]},{\"@type\":\"WebSite\",\"@id\":\"https:\/\/www.pumahue.cl\/curauma\/#website\",\"url\":\"https:\/\/www.pumahue.cl\/curauma\/\",\"name\":\"Colegio Pumahue Curauma\",\"description\":\"Parte de Cognita Schools\",\"publisher\":{\"@id\":\"https:\/\/www.pumahue.cl\/curauma\/#organization\"},\"potentialAction\":[{\"@type\":\"SearchAction\",\"target\":{\"@type\":\"EntryPoint\",\"urlTemplate\":\"https:\/\/www.pumahue.cl\/curauma\/?s={search_term_string}\"},\"query-input\":{\"@type\":\"PropertyValueSpecification\",\"valueRequired\":true,\"valueName\":\"search_term_string\"}}],\"inLanguage\":\"es\"},{\"@type\":\"Organization\",\"@id\":\"https:\/\/www.pumahue.cl\/curauma\/#organization\",\"name\":\"Colegio Pumahue Curauma\",\"url\":\"https:\/\/www.pumahue.cl\/curauma\/\",\"logo\":{\"@type\":\"ImageObject\",\"inLanguage\":\"es\",\"@id\":\"https:\/\/www.pumahue.cl\/curauma\/#\/schema\/logo\/image\/\",\"url\":\"https:\/\/www.pumahue.cl\/curauma\/wp-content\/uploads\/sites\/48\/2025\/02\/cropped-logo_Pumahue_.png\",\"contentUrl\":\"https:\/\/www.pumahue.cl\/curauma\/wp-content\/uploads\/sites\/48\/2025\/02\/cropped-logo_Pumahue_.png\",\"width\":512,\"height\":512,\"caption\":\"Colegio Pumahue Curauma\"},\"image\":{\"@id\":\"https:\/\/www.pumahue.cl\/curauma\/#\/schema\/logo\/image\/\"},\"sameAs\":[\"http:\/\/www.facebook.com\/ColegiosPumahue\",\"https:\/\/www.youtube.com\/@CognitaChile\"]},{\"@type\":\"Person\",\"@id\":\"https:\/\/www.pumahue.cl\/curauma\/#\/schema\/person\/0debeea140e397b5d490ee7e553255d8\",\"name\":\"jorgedelcampo\",\"image\":{\"@type\":\"ImageObject\",\"inLanguage\":\"es\",\"@id\":\"https:\/\/www.pumahue.cl\/curauma\/#\/schema\/person\/image\/\",\"url\":\"https:\/\/secure.gravatar.com\/avatar\/4a315f521213b2dc91dbda9bf799f711c8a98ab6f5606ec42cf5b33d1e762e8a?s=96&d=mm&r=g\",\"contentUrl\":\"https:\/\/secure.gravatar.com\/avatar\/4a315f521213b2dc91dbda9bf799f711c8a98ab6f5606ec42cf5b33d1e762e8a?s=96&d=mm&r=g\",\"caption\":\"jorgedelcampo\"}}]}<\/script>\n<!-- \/ Yoast SEO plugin. -->","yoast_head_json":{"title":"#SeguimosMejorando: Colegio Pumahue Curauma particip\u00f3 en taller de Convivencia Escolar con Superintendencia de Educaci\u00f3n - Colegio Pumahue Curauma","robots":{"index":"index","follow":"follow","max-snippet":"max-snippet:-1","max-image-preview":"max-image-preview:large","max-video-preview":"max-video-preview:-1"},"canonical":"https:\/\/www.pumahue.cl\/curauma\/noticias\/seguimosmejorando-colegio-pumahue-curauma-participo-en-taller-de-convivencia-escolar-con-superintendencia-de-educacion\/","og_locale":"es_ES","og_type":"article","og_title":"#SeguimosMejorando: Colegio Pumahue Curauma particip\u00f3 en taller de Convivencia Escolar con Superintendencia de Educaci\u00f3n - Colegio Pumahue Curauma","og_description":"Queremos informarles que el pasado mi\u00e9rcoles 5 de junio, nuestro Rector Antonio Reyes Leiva, equipo directivo y, Vanessa G\u00e1lvez \u00c1vila, Delegada de Salvaguarda (DSL) participaron en un taller organizado por la red de colegios Cognita y la Superintendencia de Educaci\u00f3n. La jornada, realizada en Colegio Pumahue Chicureo, cont\u00f3 con la presencia del Superintendente Nacional de [&hellip;]","og_url":"https:\/\/www.pumahue.cl\/curauma\/noticias\/seguimosmejorando-colegio-pumahue-curauma-participo-en-taller-de-convivencia-escolar-con-superintendencia-de-educacion\/","og_site_name":"Colegio Pumahue Curauma","article_publisher":"http:\/\/www.facebook.com\/ColegiosPumahue","article_published_time":"2024-07-10T15:27:57+00:00","og_image":[{"url":"https:\/\/www.pumahue.cl\/curauma\/wp-content\/uploads\/sites\/48\/2024\/07\/tallerministerio_pumahuecurauma2.png?w=1024","width":1024,"height":1024,"type":"image\/png"}],"author":"jorgedelcampo","twitter_card":"summary_large_image","twitter_misc":{"Escrito por":"jorgedelcampo","Tiempo de lectura":"2 minutos"},"schema":{"@context":"https:\/\/schema.org","@graph":[{"@type":"Article","@id":"https:\/\/www.pumahue.cl\/curauma\/noticias\/seguimosmejorando-colegio-pumahue-curauma-participo-en-taller-de-convivencia-escolar-con-superintendencia-de-educacion\/#article","isPartOf":{"@id":"https:\/\/www.pumahue.cl\/curauma\/noticias\/seguimosmejorando-colegio-pumahue-curauma-participo-en-taller-de-convivencia-escolar-con-superintendencia-de-educacion\/"},"author":{"name":"jorgedelcampo","@id":"https:\/\/www.pumahue.cl\/curauma\/#\/schema\/person\/0debeea140e397b5d490ee7e553255d8"},"headline":"#SeguimosMejorando: Colegio Pumahue Curauma particip\u00f3 en taller de Convivencia Escolar con Superintendencia de Educaci\u00f3n","datePublished":"2024-07-10T15:27:57+00:00","mainEntityOfPage":{"@id":"https:\/\/www.pumahue.cl\/curauma\/noticias\/seguimosmejorando-colegio-pumahue-curauma-participo-en-taller-de-convivencia-escolar-con-superintendencia-de-educacion\/"},"wordCount":246,"commentCount":0,"publisher":{"@id":"https:\/\/www.pumahue.cl\/curauma\/#organization"},"image":{"@id":"https:\/\/www.pumahue.cl\/curauma\/noticias\/seguimosmejorando-colegio-pumahue-curauma-participo-en-taller-de-convivencia-escolar-con-superintendencia-de-educacion\/#primaryimage"},"thumbnailUrl":"https:\/\/www.pumahue.cl\/curauma\/wp-content\/uploads\/sites\/48\/2024\/07\/tallerministerio_pumahuecurauma2.png","articleSection":["Vida escolar"],"inLanguage":"es","potentialAction":[{"@type":"CommentAction","name":"Comment","target":["https:\/\/www.pumahue.cl\/curauma\/noticias\/seguimosmejorando-colegio-pumahue-curauma-participo-en-taller-de-convivencia-escolar-con-superintendencia-de-educacion\/#respond"]}]},{"@type":"WebPage","@id":"https:\/\/www.pumahue.cl\/curauma\/noticias\/seguimosmejorando-colegio-pumahue-curauma-participo-en-taller-de-convivencia-escolar-con-superintendencia-de-educacion\/","url":"https:\/\/www.pumahue.cl\/curauma\/noticias\/seguimosmejorando-colegio-pumahue-curauma-participo-en-taller-de-convivencia-escolar-con-superintendencia-de-educacion\/","name":"#SeguimosMejorando: Colegio Pumahue Curauma particip\u00f3 en taller de Convivencia Escolar con Superintendencia de Educaci\u00f3n - Colegio Pumahue Curauma","isPartOf":{"@id":"https:\/\/www.pumahue.cl\/curauma\/#website"},"primaryImageOfPage":{"@id":"https:\/\/www.pumahue.cl\/curauma\/noticias\/seguimosmejorando-colegio-pumahue-curauma-participo-en-taller-de-convivencia-escolar-con-superintendencia-de-educacion\/#primaryimage"},"image":{"@id":"https:\/\/www.pumahue.cl\/curauma\/noticias\/seguimosmejorando-colegio-pumahue-curauma-participo-en-taller-de-convivencia-escolar-con-superintendencia-de-educacion\/#primaryimage"},"thumbnailUrl":"https:\/\/www.pumahue.cl\/curauma\/wp-content\/uploads\/sites\/48\/2024\/07\/tallerministerio_pumahuecurauma2.png","datePublished":"2024-07-10T15:27:57+00:00","breadcrumb":{"@id":"https:\/\/www.pumahue.cl\/curauma\/noticias\/seguimosmejorando-colegio-pumahue-curauma-participo-en-taller-de-convivencia-escolar-con-superintendencia-de-educacion\/#breadcrumb"},"inLanguage":"es","potentialAction":[{"@type":"ReadAction","target":["https:\/\/www.pumahue.cl\/curauma\/noticias\/seguimosmejorando-colegio-pumahue-curauma-participo-en-taller-de-convivencia-escolar-con-superintendencia-de-educacion\/"]}]},{"@type":"ImageObject","inLanguage":"es","@id":"https:\/\/www.pumahue.cl\/curauma\/noticias\/seguimosmejorando-colegio-pumahue-curauma-participo-en-taller-de-convivencia-escolar-con-superintendencia-de-educacion\/#primaryimage","url":"https:\/\/www.pumahue.cl\/curauma\/wp-content\/uploads\/sites\/48\/2024\/07\/tallerministerio_pumahuecurauma2.png","contentUrl":"https:\/\/www.pumahue.cl\/curauma\/wp-content\/uploads\/sites\/48\/2024\/07\/tallerministerio_pumahuecurauma2.png"},{"@type":"BreadcrumbList","@id":"https:\/\/www.pumahue.cl\/curauma\/noticias\/seguimosmejorando-colegio-pumahue-curauma-participo-en-taller-de-convivencia-escolar-con-superintendencia-de-educacion\/#breadcrumb","itemListElement":[{"@type":"ListItem","position":1,"name":"Home","item":"https:\/\/www.pumahue.cl\/curauma\/"},{"@type":"ListItem","position":2,"name":"#SeguimosMejorando: Colegio Pumahue Curauma particip\u00f3 en taller de Convivencia Escolar con Superintendencia de Educaci\u00f3n"}]},{"@type":"WebSite","@id":"https:\/\/www.pumahue.cl\/curauma\/#website","url":"https:\/\/www.pumahue.cl\/curauma\/","name":"Colegio Pumahue Curauma","description":"Parte de Cognita Schools","publisher":{"@id":"https:\/\/www.pumahue.cl\/curauma\/#organization"},"potentialAction":[{"@type":"SearchAction","target":{"@type":"EntryPoint","urlTemplate":"https:\/\/www.pumahue.cl\/curauma\/?s={search_term_string}"},"query-input":{"@type":"PropertyValueSpecification","valueRequired":true,"valueName":"search_term_string"}}],"inLanguage":"es"},{"@type":"Organization","@id":"https:\/\/www.pumahue.cl\/curauma\/#organization","name":"Colegio Pumahue Curauma","url":"https:\/\/www.pumahue.cl\/curauma\/","logo":{"@type":"ImageObject","inLanguage":"es","@id":"https:\/\/www.pumahue.cl\/curauma\/#\/schema\/logo\/image\/","url":"https:\/\/www.pumahue.cl\/curauma\/wp-content\/uploads\/sites\/48\/2025\/02\/cropped-logo_Pumahue_.png","contentUrl":"https:\/\/www.pumahue.cl\/curauma\/wp-content\/uploads\/sites\/48\/2025\/02\/cropped-logo_Pumahue_.png","width":512,"height":512,"caption":"Colegio Pumahue Curauma"},"image":{"@id":"https:\/\/www.pumahue.cl\/curauma\/#\/schema\/logo\/image\/"},"sameAs":["http:\/\/www.facebook.com\/ColegiosPumahue","https:\/\/www.youtube.com\/@CognitaChile"]},{"@type":"Person","@id":"https:\/\/www.pumahue.cl\/curauma\/#\/schema\/person\/0debeea140e397b5d490ee7e553255d8","name":"jorgedelcampo","image":{"@type":"ImageObject","inLanguage":"es","@id":"https:\/\/www.pumahue.cl\/curauma\/#\/schema\/person\/image\/","url":"https:\/\/secure.gravatar.com\/avatar\/4a315f521213b2dc91dbda9bf799f711c8a98ab6f5606ec42cf5b33d1e762e8a?s=96&d=mm&r=g","contentUrl":"https:\/\/secure.gravatar.com\/avatar\/4a315f521213b2dc91dbda9bf799f711c8a98ab6f5606ec42cf5b33d1e762e8a?s=96&d=mm&r=g","caption":"jorgedelcampo"}}]}},"jetpack_featured_media_url":"https:\/\/www.pumahue.cl\/curauma\/wp-content\/uploads\/sites\/48\/2024\/07\/tallerministerio_pumahuecurauma2.png","previous_post_ID":19676,"previous_post_title":"62 estudiantes obtienen certificaciones Cambridge","previous_post_excerpt":"Durante mayo nuestro colegio celebr\u00f3 con orgullo una emotiva ceremonia para reconocer el esfuerzo y dedicaci\u00f3n de 62 estudiantes de Educaci\u00f3n B\u00e1sica y Media que se prepararon durante el a\u00f1o 2023 para rendir sus Ex\u00e1menes de Certificaci\u00f3n Internacional de Cambridge. En la ceremonia, llevada a cabo en el gimnasio, se entregaron certificaciones en los ex\u00e1menes [&hellip;]","previous_post_link":"https:\/\/www.pumahue.cl\/curauma\/noticias\/62-estudiantes-obtienen-certificaciones-cambridge\/","previous_post_class":["post-19676","post","type-post","status-publish","format-standard","has-post-thumbnail","hentry","category-vida-escolar"],"next_post_ID":19724,"next_post_title":"Estudiante viaja a encuentro cient\u00edfico internacional en Barcelona","next_post_excerpt":"Nos enorgullece informar a nuestra comunidad que, una vez m\u00e1s, un estudiante del Colegio Pumahue Curauma particip\u00f3 en el prestigioso Barcelona International Youth Science Challenge (BIYSC). Este programa internacional, organizado por la Fundaci\u00f3n Catalunya La Pedrera, se llev\u00f3 a cabo del 2 al 12 de julio de 2024 en Barcelona, Espa\u00f1a. Nos llena de orgullo [&hellip;]","next_post_link":"https:\/\/www.pumahue.cl\/curauma\/noticias\/estudiante-viaja-a-encuentro-cientifico-internacional-en-barcelona\/","next_post_class":["post-19724","post","type-post","status-publish","format-standard","has-post-thumbnail","hentry","category-vida-escolar"],"jetpack_sharing_enabled":true,"_links":{"self":[{"href":"https:\/\/www.pumahue.cl\/curauma\/wp-json\/wp\/v2\/posts\/19697","targetHints":{"allow":["GET"]}}],"collection":[{"href":"https:\/\/www.pumahue.cl\/curauma\/wp-json\/wp\/v2\/posts"}],"about":[{"href":"https:\/\/www.pumahue.cl\/curauma\/wp-json\/wp\/v2\/types\/post"}],"author":[{"embeddable":true,"href":"https:\/\/www.pumahue.cl\/curauma\/wp-json\/wp\/v2\/users\/14"}],"replies":[{"embeddable":true,"href":"https:\/\/www.pumahue.cl\/curauma\/wp-json\/wp\/v2\/comments?post=19697"}],"version-history":[{"count":0,"href":"https:\/\/www.pumahue.cl\/curauma\/wp-json\/wp\/v2\/posts\/19697\/revisions"}],"wp:featuredmedia":[{"embeddable":true,"href":"https:\/\/www.pumahue.cl\/curauma\/wp-json\/wp\/v2\/media\/19698"}],"wp:attachment":[{"href":"https:\/\/www.pumahue.cl\/curauma\/wp-json\/wp\/v2\/media?parent=19697"}],"wp:term":[{"taxonomy":"category","embeddable":true,"href":"https:\/\/www.pumahue.cl\/curauma\/wp-json\/wp\/v2\/categories?post=19697"},{"taxonomy":"post_tag","embeddable":true,"href":"https:\/\/www.pumahue.cl\/curauma\/wp-json\/wp\/v2\/tags?post=19697"}],"curies":[{"name":"wp","href":"https:\/\/api.w.org\/{rel}","templated":true}]}}