{"id":127216,"date":"2025-04-28T11:14:26","date_gmt":"2025-04-28T15:14:26","guid":{"rendered":"https:\/\/www.pumahue.cl\/huechuraba\/?p=127216"},"modified":"2025-06-18T11:21:13","modified_gmt":"2025-06-18T15:21:13","slug":"asi-celebramos-el-dia-del-libro","status":"publish","type":"post","link":"https:\/\/www.pumahue.cl\/huechuraba\/noticias\/asi-celebramos-el-dia-del-libro\/","title":{"rendered":"As\u00ed celebramos el D\u00eda del Libro"},"content":{"rendered":"<p><span data-contrast=\"auto\">La celebraci\u00f3n del D\u00eda del Libro en el colegio Pumahue Huechuraba fue un evento vibrante y lleno de actividades que fomentaron el amor por la lectura y la cultura.\u00a0<\/span><span data-ccp-props=\"{&quot;335551550&quot;:6,&quot;335551620&quot;:6}\">\u00a0<\/span><\/p>\n<p><span data-contrast=\"auto\">Se realizaron diversas actividades, tales como sombreros literarios, juegos did\u00e1cticos, libros gigantes, autorretratos y presentaci\u00f3n de cuentos.\u00a0<\/span><span data-ccp-props=\"{&quot;335551550&quot;:6,&quot;335551620&quot;:6}\">\u00a0<\/span><\/p>\n<p><span data-contrast=\"auto\">La comunidad educativa se involucr\u00f3 activamente, creando un ambiente festivo y educativo. <\/span><span data-contrast=\"none\">Felicitamos y agradecemos todo el trabajo realizado tanto de docentes, estudiantes y apoderados el d\u00eda de hoy.\u00a0<\/span><span data-ccp-props=\"{&quot;335551550&quot;:6,&quot;335551620&quot;:6}\">\u00a0<\/span><\/p>\n<p><span data-ccp-props=\"{&quot;335551550&quot;:6,&quot;335551620&quot;:6}\">\u00a0<\/span><\/p>\n<p><span data-contrast=\"none\">\u00a1Feliz d\u00eda del libro!\u00a0<\/span><span data-ccp-props=\"{&quot;335551550&quot;:6,&quot;335551620&quot;:6}\">\u00a0<\/span><\/p>\n"},"excerpt":{"rendered":"<p>La celebraci\u00f3n del D\u00eda del Libro en el colegio Pumahue Huechuraba fue un evento vibrante y lleno de actividades que fomentaron el amor por la lectura y la cultura.\u00a0\u00a0 Se realizaron diversas actividades, tales como sombreros literarios, juegos did\u00e1cticos, libros gigantes, autorretratos y presentaci\u00f3n de cuentos.\u00a0\u00a0 La comunidad educativa se involucr\u00f3 activamente, creando un ambiente [&hellip;]<\/p>\n","protected":false},"author":34,"featured_media":127217,"comment_status":"open","ping_status":"open","sticky":false,"template":"","format":"standard","meta":{"_acf_changed":false,"content-type":"","_jetpack_memberships_contains_paid_content":false,"footnotes":""},"categories":[1],"tags":[],"class_list":["post-127216","post","type-post","status-publish","format-standard","has-post-thumbnail","hentry","category-vida-escolar"],"acf":[],"yoast_head":"<!-- This site is optimized with the Yoast SEO plugin v27.1.1 - https:\/\/yoast.com\/product\/yoast-seo-wordpress\/ -->\n<title>As\u00ed celebramos el D\u00eda del Libro - Colegio Pumahue Huechuraba<\/title>\n<meta name=\"robots\" content=\"index, follow, max-snippet:-1, max-image-preview:large, max-video-preview:-1\" \/>\n<link rel=\"canonical\" href=\"https:\/\/www.pumahue.cl\/huechuraba\/noticias\/asi-celebramos-el-dia-del-libro\/\" \/>\n<meta property=\"og:locale\" content=\"es_ES\" \/>\n<meta property=\"og:type\" content=\"article\" \/>\n<meta property=\"og:title\" content=\"As\u00ed celebramos el D\u00eda del Libro - Colegio Pumahue Huechuraba\" \/>\n<meta property=\"og:description\" content=\"La celebraci\u00f3n del D\u00eda del Libro en el colegio Pumahue Huechuraba fue un evento vibrante y lleno de actividades que fomentaron el amor por la lectura y la cultura.\u00a0\u00a0 Se realizaron diversas actividades, tales como sombreros literarios, juegos did\u00e1cticos, libros gigantes, autorretratos y presentaci\u00f3n de cuentos.\u00a0\u00a0 La comunidad educativa se involucr\u00f3 activamente, creando un ambiente [&hellip;]\" \/>\n<meta property=\"og:url\" content=\"https:\/\/www.pumahue.cl\/huechuraba\/noticias\/asi-celebramos-el-dia-del-libro\/\" \/>\n<meta property=\"og:site_name\" content=\"Colegio Pumahue Huechuraba\" \/>\n<meta property=\"article:publisher\" content=\"https:\/\/www.facebook.com\/ColegiosPumahue\" \/>\n<meta property=\"article:published_time\" content=\"2025-04-28T15:14:26+00:00\" \/>\n<meta property=\"article:modified_time\" content=\"2025-06-18T15:21:13+00:00\" \/>\n<meta property=\"og:image\" content=\"https:\/\/www.pumahue.cl\/huechuraba\/wp-content\/uploads\/sites\/45\/2025\/06\/Dia-del-Libro-Pumahue-Huechuraba.png\" \/>\n\t<meta property=\"og:image:width\" content=\"1116\" \/>\n\t<meta property=\"og:image:height\" content=\"550\" \/>\n\t<meta property=\"og:image:type\" content=\"image\/png\" \/>\n<meta name=\"author\" content=\"danielacastro\" \/>\n<meta name=\"twitter:card\" content=\"summary_large_image\" \/>\n<meta name=\"twitter:label1\" content=\"Escrito por\" \/>\n\t<meta name=\"twitter:data1\" content=\"danielacastro\" \/>\n\t<meta name=\"twitter:label2\" content=\"Tiempo de lectura\" \/>\n\t<meta name=\"twitter:data2\" content=\"1 minuto\" \/>\n<script type=\"application\/ld+json\" class=\"yoast-schema-graph\">{\"@context\":\"https:\/\/schema.org\",\"@graph\":[{\"@type\":\"Article\",\"@id\":\"https:\/\/www.pumahue.cl\/huechuraba\/noticias\/asi-celebramos-el-dia-del-libro\/#article\",\"isPartOf\":{\"@id\":\"https:\/\/www.pumahue.cl\/huechuraba\/noticias\/asi-celebramos-el-dia-del-libro\/\"},\"author\":{\"name\":\"danielacastro\",\"@id\":\"https:\/\/www.pumahue.cl\/huechuraba\/#\/schema\/person\/5eb92a7b45165cdbdbb271bcdacc9d9e\"},\"headline\":\"As\u00ed celebramos el D\u00eda del Libro\",\"datePublished\":\"2025-04-28T15:14:26+00:00\",\"dateModified\":\"2025-06-18T15:21:13+00:00\",\"mainEntityOfPage\":{\"@id\":\"https:\/\/www.pumahue.cl\/huechuraba\/noticias\/asi-celebramos-el-dia-del-libro\/\"},\"wordCount\":92,\"commentCount\":0,\"publisher\":{\"@id\":\"https:\/\/www.pumahue.cl\/huechuraba\/#organization\"},\"image\":{\"@id\":\"https:\/\/www.pumahue.cl\/huechuraba\/noticias\/asi-celebramos-el-dia-del-libro\/#primaryimage\"},\"thumbnailUrl\":\"https:\/\/www.pumahue.cl\/huechuraba\/wp-content\/uploads\/sites\/45\/2025\/06\/Dia-del-Libro-Pumahue-Huechuraba.png\",\"articleSection\":[\"Vida Escolar\"],\"inLanguage\":\"es\",\"potentialAction\":[{\"@type\":\"CommentAction\",\"name\":\"Comment\",\"target\":[\"https:\/\/www.pumahue.cl\/huechuraba\/noticias\/asi-celebramos-el-dia-del-libro\/#respond\"]}]},{\"@type\":\"WebPage\",\"@id\":\"https:\/\/www.pumahue.cl\/huechuraba\/noticias\/asi-celebramos-el-dia-del-libro\/\",\"url\":\"https:\/\/www.pumahue.cl\/huechuraba\/noticias\/asi-celebramos-el-dia-del-libro\/\",\"name\":\"As\u00ed celebramos el D\u00eda del Libro - Colegio Pumahue Huechuraba\",\"isPartOf\":{\"@id\":\"https:\/\/www.pumahue.cl\/huechuraba\/#website\"},\"primaryImageOfPage\":{\"@id\":\"https:\/\/www.pumahue.cl\/huechuraba\/noticias\/asi-celebramos-el-dia-del-libro\/#primaryimage\"},\"image\":{\"@id\":\"https:\/\/www.pumahue.cl\/huechuraba\/noticias\/asi-celebramos-el-dia-del-libro\/#primaryimage\"},\"thumbnailUrl\":\"https:\/\/www.pumahue.cl\/huechuraba\/wp-content\/uploads\/sites\/45\/2025\/06\/Dia-del-Libro-Pumahue-Huechuraba.png\",\"datePublished\":\"2025-04-28T15:14:26+00:00\",\"dateModified\":\"2025-06-18T15:21:13+00:00\",\"breadcrumb\":{\"@id\":\"https:\/\/www.pumahue.cl\/huechuraba\/noticias\/asi-celebramos-el-dia-del-libro\/#breadcrumb\"},\"inLanguage\":\"es\",\"potentialAction\":[{\"@type\":\"ReadAction\",\"target\":[\"https:\/\/www.pumahue.cl\/huechuraba\/noticias\/asi-celebramos-el-dia-del-libro\/\"]}]},{\"@type\":\"ImageObject\",\"inLanguage\":\"es\",\"@id\":\"https:\/\/www.pumahue.cl\/huechuraba\/noticias\/asi-celebramos-el-dia-del-libro\/#primaryimage\",\"url\":\"https:\/\/www.pumahue.cl\/huechuraba\/wp-content\/uploads\/sites\/45\/2025\/06\/Dia-del-Libro-Pumahue-Huechuraba.png\",\"contentUrl\":\"https:\/\/www.pumahue.cl\/huechuraba\/wp-content\/uploads\/sites\/45\/2025\/06\/Dia-del-Libro-Pumahue-Huechuraba.png\",\"width\":1116,\"height\":550},{\"@type\":\"BreadcrumbList\",\"@id\":\"https:\/\/www.pumahue.cl\/huechuraba\/noticias\/asi-celebramos-el-dia-del-libro\/#breadcrumb\",\"itemListElement\":[{\"@type\":\"ListItem\",\"position\":1,\"name\":\"Home\",\"item\":\"https:\/\/www.pumahue.cl\/huechuraba\/\"},{\"@type\":\"ListItem\",\"position\":2,\"name\":\"As\u00ed celebramos el D\u00eda del Libro\"}]},{\"@type\":\"WebSite\",\"@id\":\"https:\/\/www.pumahue.cl\/huechuraba\/#website\",\"url\":\"https:\/\/www.pumahue.cl\/huechuraba\/\",\"name\":\"Colegio Pumahue Huechuraba\",\"description\":\"Parte de Cognita Schools\",\"publisher\":{\"@id\":\"https:\/\/www.pumahue.cl\/huechuraba\/#organization\"},\"potentialAction\":[{\"@type\":\"SearchAction\",\"target\":{\"@type\":\"EntryPoint\",\"urlTemplate\":\"https:\/\/www.pumahue.cl\/huechuraba\/?s={search_term_string}\"},\"query-input\":{\"@type\":\"PropertyValueSpecification\",\"valueRequired\":true,\"valueName\":\"search_term_string\"}}],\"inLanguage\":\"es\"},{\"@type\":\"Organization\",\"@id\":\"https:\/\/www.pumahue.cl\/huechuraba\/#organization\",\"name\":\"Colegio Pumahue Huechuraba\",\"url\":\"https:\/\/www.pumahue.cl\/huechuraba\/\",\"logo\":{\"@type\":\"ImageObject\",\"inLanguage\":\"es\",\"@id\":\"https:\/\/www.pumahue.cl\/huechuraba\/#\/schema\/logo\/image\/\",\"url\":\"https:\/\/www.pumahue.cl\/huechuraba\/wp-content\/uploads\/sites\/45\/2025\/02\/cropped-logo_Pumahue_.png\",\"contentUrl\":\"https:\/\/www.pumahue.cl\/huechuraba\/wp-content\/uploads\/sites\/45\/2025\/02\/cropped-logo_Pumahue_.png\",\"width\":512,\"height\":512,\"caption\":\"Colegio Pumahue Huechuraba\"},\"image\":{\"@id\":\"https:\/\/www.pumahue.cl\/huechuraba\/#\/schema\/logo\/image\/\"},\"sameAs\":[\"https:\/\/www.facebook.com\/ColegiosPumahue\",\"https:\/\/www.instagram.com\/colegiopumahue_huechuraba\",\"https:\/\/www.youtube.com\/@CognitaChile\"]},{\"@type\":\"Person\",\"@id\":\"https:\/\/www.pumahue.cl\/huechuraba\/#\/schema\/person\/5eb92a7b45165cdbdbb271bcdacc9d9e\",\"name\":\"danielacastro\",\"image\":{\"@type\":\"ImageObject\",\"inLanguage\":\"es\",\"@id\":\"https:\/\/www.pumahue.cl\/huechuraba\/#\/schema\/person\/image\/\",\"url\":\"https:\/\/secure.gravatar.com\/avatar\/16a603f2cc3ad485cabfe7c59b923050a809d8344cba940b4148737780592211?s=96&d=mm&r=g\",\"contentUrl\":\"https:\/\/secure.gravatar.com\/avatar\/16a603f2cc3ad485cabfe7c59b923050a809d8344cba940b4148737780592211?s=96&d=mm&r=g\",\"caption\":\"danielacastro\"}}]}<\/script>\n<!-- \/ Yoast SEO plugin. -->","yoast_head_json":{"title":"As\u00ed celebramos el D\u00eda del Libro - Colegio Pumahue Huechuraba","robots":{"index":"index","follow":"follow","max-snippet":"max-snippet:-1","max-image-preview":"max-image-preview:large","max-video-preview":"max-video-preview:-1"},"canonical":"https:\/\/www.pumahue.cl\/huechuraba\/noticias\/asi-celebramos-el-dia-del-libro\/","og_locale":"es_ES","og_type":"article","og_title":"As\u00ed celebramos el D\u00eda del Libro - Colegio Pumahue Huechuraba","og_description":"La celebraci\u00f3n del D\u00eda del Libro en el colegio Pumahue Huechuraba fue un evento vibrante y lleno de actividades que fomentaron el amor por la lectura y la cultura.\u00a0\u00a0 Se realizaron diversas actividades, tales como sombreros literarios, juegos did\u00e1cticos, libros gigantes, autorretratos y presentaci\u00f3n de cuentos.\u00a0\u00a0 La comunidad educativa se involucr\u00f3 activamente, creando un ambiente [&hellip;]","og_url":"https:\/\/www.pumahue.cl\/huechuraba\/noticias\/asi-celebramos-el-dia-del-libro\/","og_site_name":"Colegio Pumahue Huechuraba","article_publisher":"https:\/\/www.facebook.com\/ColegiosPumahue","article_published_time":"2025-04-28T15:14:26+00:00","article_modified_time":"2025-06-18T15:21:13+00:00","og_image":[{"width":1116,"height":550,"url":"https:\/\/www.pumahue.cl\/huechuraba\/wp-content\/uploads\/sites\/45\/2025\/06\/Dia-del-Libro-Pumahue-Huechuraba.png","type":"image\/png"}],"author":"danielacastro","twitter_card":"summary_large_image","twitter_misc":{"Escrito por":"danielacastro","Tiempo de lectura":"1 minuto"},"schema":{"@context":"https:\/\/schema.org","@graph":[{"@type":"Article","@id":"https:\/\/www.pumahue.cl\/huechuraba\/noticias\/asi-celebramos-el-dia-del-libro\/#article","isPartOf":{"@id":"https:\/\/www.pumahue.cl\/huechuraba\/noticias\/asi-celebramos-el-dia-del-libro\/"},"author":{"name":"danielacastro","@id":"https:\/\/www.pumahue.cl\/huechuraba\/#\/schema\/person\/5eb92a7b45165cdbdbb271bcdacc9d9e"},"headline":"As\u00ed celebramos el D\u00eda del Libro","datePublished":"2025-04-28T15:14:26+00:00","dateModified":"2025-06-18T15:21:13+00:00","mainEntityOfPage":{"@id":"https:\/\/www.pumahue.cl\/huechuraba\/noticias\/asi-celebramos-el-dia-del-libro\/"},"wordCount":92,"commentCount":0,"publisher":{"@id":"https:\/\/www.pumahue.cl\/huechuraba\/#organization"},"image":{"@id":"https:\/\/www.pumahue.cl\/huechuraba\/noticias\/asi-celebramos-el-dia-del-libro\/#primaryimage"},"thumbnailUrl":"https:\/\/www.pumahue.cl\/huechuraba\/wp-content\/uploads\/sites\/45\/2025\/06\/Dia-del-Libro-Pumahue-Huechuraba.png","articleSection":["Vida Escolar"],"inLanguage":"es","potentialAction":[{"@type":"CommentAction","name":"Comment","target":["https:\/\/www.pumahue.cl\/huechuraba\/noticias\/asi-celebramos-el-dia-del-libro\/#respond"]}]},{"@type":"WebPage","@id":"https:\/\/www.pumahue.cl\/huechuraba\/noticias\/asi-celebramos-el-dia-del-libro\/","url":"https:\/\/www.pumahue.cl\/huechuraba\/noticias\/asi-celebramos-el-dia-del-libro\/","name":"As\u00ed celebramos el D\u00eda del Libro - Colegio Pumahue Huechuraba","isPartOf":{"@id":"https:\/\/www.pumahue.cl\/huechuraba\/#website"},"primaryImageOfPage":{"@id":"https:\/\/www.pumahue.cl\/huechuraba\/noticias\/asi-celebramos-el-dia-del-libro\/#primaryimage"},"image":{"@id":"https:\/\/www.pumahue.cl\/huechuraba\/noticias\/asi-celebramos-el-dia-del-libro\/#primaryimage"},"thumbnailUrl":"https:\/\/www.pumahue.cl\/huechuraba\/wp-content\/uploads\/sites\/45\/2025\/06\/Dia-del-Libro-Pumahue-Huechuraba.png","datePublished":"2025-04-28T15:14:26+00:00","dateModified":"2025-06-18T15:21:13+00:00","breadcrumb":{"@id":"https:\/\/www.pumahue.cl\/huechuraba\/noticias\/asi-celebramos-el-dia-del-libro\/#breadcrumb"},"inLanguage":"es","potentialAction":[{"@type":"ReadAction","target":["https:\/\/www.pumahue.cl\/huechuraba\/noticias\/asi-celebramos-el-dia-del-libro\/"]}]},{"@type":"ImageObject","inLanguage":"es","@id":"https:\/\/www.pumahue.cl\/huechuraba\/noticias\/asi-celebramos-el-dia-del-libro\/#primaryimage","url":"https:\/\/www.pumahue.cl\/huechuraba\/wp-content\/uploads\/sites\/45\/2025\/06\/Dia-del-Libro-Pumahue-Huechuraba.png","contentUrl":"https:\/\/www.pumahue.cl\/huechuraba\/wp-content\/uploads\/sites\/45\/2025\/06\/Dia-del-Libro-Pumahue-Huechuraba.png","width":1116,"height":550},{"@type":"BreadcrumbList","@id":"https:\/\/www.pumahue.cl\/huechuraba\/noticias\/asi-celebramos-el-dia-del-libro\/#breadcrumb","itemListElement":[{"@type":"ListItem","position":1,"name":"Home","item":"https:\/\/www.pumahue.cl\/huechuraba\/"},{"@type":"ListItem","position":2,"name":"As\u00ed celebramos el D\u00eda del Libro"}]},{"@type":"WebSite","@id":"https:\/\/www.pumahue.cl\/huechuraba\/#website","url":"https:\/\/www.pumahue.cl\/huechuraba\/","name":"Colegio Pumahue Huechuraba","description":"Parte de Cognita Schools","publisher":{"@id":"https:\/\/www.pumahue.cl\/huechuraba\/#organization"},"potentialAction":[{"@type":"SearchAction","target":{"@type":"EntryPoint","urlTemplate":"https:\/\/www.pumahue.cl\/huechuraba\/?s={search_term_string}"},"query-input":{"@type":"PropertyValueSpecification","valueRequired":true,"valueName":"search_term_string"}}],"inLanguage":"es"},{"@type":"Organization","@id":"https:\/\/www.pumahue.cl\/huechuraba\/#organization","name":"Colegio Pumahue Huechuraba","url":"https:\/\/www.pumahue.cl\/huechuraba\/","logo":{"@type":"ImageObject","inLanguage":"es","@id":"https:\/\/www.pumahue.cl\/huechuraba\/#\/schema\/logo\/image\/","url":"https:\/\/www.pumahue.cl\/huechuraba\/wp-content\/uploads\/sites\/45\/2025\/02\/cropped-logo_Pumahue_.png","contentUrl":"https:\/\/www.pumahue.cl\/huechuraba\/wp-content\/uploads\/sites\/45\/2025\/02\/cropped-logo_Pumahue_.png","width":512,"height":512,"caption":"Colegio Pumahue Huechuraba"},"image":{"@id":"https:\/\/www.pumahue.cl\/huechuraba\/#\/schema\/logo\/image\/"},"sameAs":["https:\/\/www.facebook.com\/ColegiosPumahue","https:\/\/www.instagram.com\/colegiopumahue_huechuraba","https:\/\/www.youtube.com\/@CognitaChile"]},{"@type":"Person","@id":"https:\/\/www.pumahue.cl\/huechuraba\/#\/schema\/person\/5eb92a7b45165cdbdbb271bcdacc9d9e","name":"danielacastro","image":{"@type":"ImageObject","inLanguage":"es","@id":"https:\/\/www.pumahue.cl\/huechuraba\/#\/schema\/person\/image\/","url":"https:\/\/secure.gravatar.com\/avatar\/16a603f2cc3ad485cabfe7c59b923050a809d8344cba940b4148737780592211?s=96&d=mm&r=g","contentUrl":"https:\/\/secure.gravatar.com\/avatar\/16a603f2cc3ad485cabfe7c59b923050a809d8344cba940b4148737780592211?s=96&d=mm&r=g","caption":"danielacastro"}}]}},"jetpack_featured_media_url":"https:\/\/www.pumahue.cl\/huechuraba\/wp-content\/uploads\/sites\/45\/2025\/06\/Dia-del-Libro-Pumahue-Huechuraba.png","previous_post_ID":127153,"previous_post_title":"Exitosa Jornada Familiar Deportiva en Colegio Pumahue Huechuraba","previous_post_excerpt":"El pasado s\u00e1bado 5 de abril, el Colegio Pumahue de Huechuraba fue sede de una exitosa actividad familiar deportiva que congreg\u00f3 a estudiantes, familias y docentes en un ambiente de camarader\u00eda y contacto con la naturaleza. Los asistentes disfrutaron de diversas actividades como rodados, cicletada y trekking, reflejando el compromiso de nuestra comunidad educativa con [&hellip;]","previous_post_link":"https:\/\/www.pumahue.cl\/huechuraba\/noticias\/exitosa-jornada-familiar-deportiva-en-colegio-pumahue-huechuraba\/","previous_post_class":["post-127153","post","type-post","status-publish","format-standard","has-post-thumbnail","hentry","category-vida-escolar"],"next_post_ID":127222,"next_post_title":"Estudiantes de 1\u00b0 a 3\u00b0 B\u00e1sico se Comprometen con la Seguridad Escolar","next_post_excerpt":"Esta semana dimos inicio a una campa\u00f1a orientada a promover una cultura de prevenci\u00f3n, responsabilidad y autocuidado en nuestra comunidad educativa. La iniciativa invit\u00f3 a estudiantes de 1\u00b0 a 3\u00b0 B\u00e1sico a reflexionar sobre la importancia de construir un entorno escolar seguro. Cada ni\u00f1o y ni\u00f1a escribi\u00f3 un compromiso personal en un post-it, el cual [&hellip;]","next_post_link":"https:\/\/www.pumahue.cl\/huechuraba\/noticias\/estudiantes-de-1-a-3-basico-se-comprometen-con-la-seguridad-escolar\/","next_post_class":["post-127222","post","type-post","status-publish","format-standard","has-post-thumbnail","hentry","category-vida-escolar"],"jetpack_sharing_enabled":true,"_links":{"self":[{"href":"https:\/\/www.pumahue.cl\/huechuraba\/wp-json\/wp\/v2\/posts\/127216","targetHints":{"allow":["GET"]}}],"collection":[{"href":"https:\/\/www.pumahue.cl\/huechuraba\/wp-json\/wp\/v2\/posts"}],"about":[{"href":"https:\/\/www.pumahue.cl\/huechuraba\/wp-json\/wp\/v2\/types\/post"}],"author":[{"embeddable":true,"href":"https:\/\/www.pumahue.cl\/huechuraba\/wp-json\/wp\/v2\/users\/34"}],"replies":[{"embeddable":true,"href":"https:\/\/www.pumahue.cl\/huechuraba\/wp-json\/wp\/v2\/comments?post=127216"}],"version-history":[{"count":1,"href":"https:\/\/www.pumahue.cl\/huechuraba\/wp-json\/wp\/v2\/posts\/127216\/revisions"}],"predecessor-version":[{"id":127218,"href":"https:\/\/www.pumahue.cl\/huechuraba\/wp-json\/wp\/v2\/posts\/127216\/revisions\/127218"}],"wp:featuredmedia":[{"embeddable":true,"href":"https:\/\/www.pumahue.cl\/huechuraba\/wp-json\/wp\/v2\/media\/127217"}],"wp:attachment":[{"href":"https:\/\/www.pumahue.cl\/huechuraba\/wp-json\/wp\/v2\/media?parent=127216"}],"wp:term":[{"taxonomy":"category","embeddable":true,"href":"https:\/\/www.pumahue.cl\/huechuraba\/wp-json\/wp\/v2\/categories?post=127216"},{"taxonomy":"post_tag","embeddable":true,"href":"https:\/\/www.pumahue.cl\/huechuraba\/wp-json\/wp\/v2\/tags?post=127216"}],"curies":[{"name":"wp","href":"https:\/\/api.w.org\/{rel}","templated":true}]}}