{"id":12878,"date":"2022-09-01T16:35:27","date_gmt":"2022-09-01T20:35:27","guid":{"rendered":"http:\/\/pumahue.cl\/huechuraba\/?p=12878"},"modified":"2022-09-01T16:35:27","modified_gmt":"2022-09-01T20:35:27","slug":"celebracion-fiestas-patrias","status":"publish","type":"post","link":"https:\/\/www.pumahue.cl\/huechuraba\/noticias\/celebracion-fiestas-patrias\/","title":{"rendered":"\u00e2\u0153\u00a8Celebraci\u00f3n &#8220;Fiestas Patrias&#8221;\u00e2\u0153\u00a8"},"content":{"rendered":"<p>Informamos a nuestras familias que, retomaremos de manera presencial la celebraci\u00f3n de <strong>&#8220;Fiestas Patrias&#8221;,<\/strong> instancia que reunir\u00e1 nuevamente a toda nuestra querida comunidad.<\/p>\n<p>Para la presentaci\u00f3n de bailes tradicionales, podr\u00e1n asistir dos acompa\u00f1antes por estudiantes, con la finalidad de respetar los protocolos vigentes. Las invitaciones ser\u00e1n enviadas v\u00eda agenda, las que deber\u00e1n presentar en porter\u00eda, el d\u00eda que le corresponde bailar a su hijo(a).<\/p>\n<p>Cada ciclo y curso tendr\u00e1 un horario asignado para los bailes, los estudiantes solo asistir\u00e1n para la presentaci\u00f3n, ese d\u00eda no se realizar\u00e1n clases normales. Los alumnos deben llegar 15 minutos antes de su presentaci\u00f3n, dirigi\u00e9ndose a su sala de clases. Los apoderados deben dirigirse al sector de la presentaci\u00f3n.<\/p>\n<p>[elemento=&#8217;1&#8242;]<\/p>\n<p><strong>Importante:<\/strong> En caso de mal tiempo, se reagendar\u00e1 la actividad e informar\u00e1 oportunamente.<\/p>\n<p><strong>Recuerde: <\/strong><br \/>\n<strong>\u201c\u00a2 Viernes 16 de septiembre:<\/strong> feriado legal (no hay clases).<br \/>\n<strong>\u201c\u00a2 Lunes 19 de septiembre:<\/strong> feriado legal (no hay clases).<br \/>\n<strong>\u201c\u00a2 Martes 20 al viernes 23 de septiembre:<\/strong> vacaciones de Fiestas Patrias.<br \/>\n<strong>\u201c\u00a2 Lunes 26 de septiembre:<\/strong> inicio de clases regulares<\/p>\n"},"excerpt":{"rendered":"<p>Informamos a nuestras familias que, retomaremos de manera presencial la celebraci\u00f3n de &#8220;Fiestas Patrias&#8221;, instancia que reunir\u00e1 nuevamente a toda nuestra querida comunidad. Para la presentaci\u00f3n de bailes tradicionales, podr\u00e1n asistir dos acompa\u00f1antes por estudiantes, con la finalidad de respetar los protocolos vigentes. Las invitaciones ser\u00e1n enviadas v\u00eda agenda, las que deber\u00e1n presentar en porter\u00eda, [&hellip;]<\/p>\n","protected":false},"author":14,"featured_media":12879,"comment_status":"open","ping_status":"open","sticky":false,"template":"","format":"standard","meta":{"_acf_changed":false,"content-type":"","_jetpack_memberships_contains_paid_content":false,"footnotes":""},"categories":[1],"tags":[],"class_list":["post-12878","post","type-post","status-publish","format-standard","has-post-thumbnail","hentry","category-vida-escolar"],"acf":[],"yoast_head":"<!-- This site is optimized with the Yoast SEO plugin v27.1.1 - https:\/\/yoast.com\/product\/yoast-seo-wordpress\/ -->\n<title>\u00e2\u0153\u00a8Celebraci\u00f3n &quot;Fiestas Patrias&quot;\u00e2\u0153\u00a8 - Colegio Pumahue Huechuraba<\/title>\n<meta name=\"robots\" content=\"index, follow, max-snippet:-1, max-image-preview:large, max-video-preview:-1\" \/>\n<link rel=\"canonical\" href=\"https:\/\/www.pumahue.cl\/huechuraba\/noticias\/celebracion-fiestas-patrias\/\" \/>\n<meta property=\"og:locale\" content=\"es_ES\" \/>\n<meta property=\"og:type\" content=\"article\" \/>\n<meta property=\"og:title\" content=\"\u00e2\u0153\u00a8Celebraci\u00f3n &quot;Fiestas Patrias&quot;\u00e2\u0153\u00a8 - Colegio Pumahue Huechuraba\" \/>\n<meta property=\"og:description\" content=\"Informamos a nuestras familias que, retomaremos de manera presencial la celebraci\u00f3n de &#8220;Fiestas Patrias&#8221;, instancia que reunir\u00e1 nuevamente a toda nuestra querida comunidad. Para la presentaci\u00f3n de bailes tradicionales, podr\u00e1n asistir dos acompa\u00f1antes por estudiantes, con la finalidad de respetar los protocolos vigentes. Las invitaciones ser\u00e1n enviadas v\u00eda agenda, las que deber\u00e1n presentar en porter\u00eda, [&hellip;]\" \/>\n<meta property=\"og:url\" content=\"https:\/\/www.pumahue.cl\/huechuraba\/noticias\/celebracion-fiestas-patrias\/\" \/>\n<meta property=\"og:site_name\" content=\"Colegio Pumahue Huechuraba\" \/>\n<meta property=\"article:publisher\" content=\"https:\/\/www.facebook.com\/ColegiosPumahue\" \/>\n<meta property=\"article:published_time\" content=\"2022-09-01T20:35:27+00:00\" \/>\n<meta property=\"og:image\" content=\"https:\/\/www.pumahue.cl\/huechuraba\/wp-content\/uploads\/sites\/45\/2022\/09\/INSERT-GREEN-DAY-1.jpg\" \/>\n\t<meta property=\"og:image:width\" content=\"836\" \/>\n\t<meta property=\"og:image:height\" content=\"523\" \/>\n\t<meta property=\"og:image:type\" content=\"image\/jpeg\" \/>\n<meta name=\"author\" content=\"jorgedelcampo\" \/>\n<meta name=\"twitter:card\" content=\"summary_large_image\" \/>\n<meta name=\"twitter:label1\" content=\"Escrito por\" \/>\n\t<meta name=\"twitter:data1\" content=\"jorgedelcampo\" \/>\n\t<meta name=\"twitter:label2\" content=\"Tiempo de lectura\" \/>\n\t<meta name=\"twitter:data2\" content=\"1 minuto\" \/>\n<script type=\"application\/ld+json\" class=\"yoast-schema-graph\">{\"@context\":\"https:\/\/schema.org\",\"@graph\":[{\"@type\":\"Article\",\"@id\":\"https:\/\/www.pumahue.cl\/huechuraba\/noticias\/celebracion-fiestas-patrias\/#article\",\"isPartOf\":{\"@id\":\"https:\/\/www.pumahue.cl\/huechuraba\/noticias\/celebracion-fiestas-patrias\/\"},\"author\":{\"name\":\"jorgedelcampo\",\"@id\":\"https:\/\/www.pumahue.cl\/huechuraba\/#\/schema\/person\/0debeea140e397b5d490ee7e553255d8\"},\"headline\":\"\u00e2\u0153\u00a8Celebraci\u00f3n &#8220;Fiestas Patrias&#8221;\u00e2\u0153\u00a8\",\"datePublished\":\"2022-09-01T20:35:27+00:00\",\"mainEntityOfPage\":{\"@id\":\"https:\/\/www.pumahue.cl\/huechuraba\/noticias\/celebracion-fiestas-patrias\/\"},\"wordCount\":181,\"commentCount\":0,\"publisher\":{\"@id\":\"https:\/\/www.pumahue.cl\/huechuraba\/#organization\"},\"image\":{\"@id\":\"https:\/\/www.pumahue.cl\/huechuraba\/noticias\/celebracion-fiestas-patrias\/#primaryimage\"},\"thumbnailUrl\":\"https:\/\/www.pumahue.cl\/huechuraba\/wp-content\/uploads\/sites\/45\/2022\/09\/INSERT-GREEN-DAY-1.jpg\",\"articleSection\":[\"Vida Escolar\"],\"inLanguage\":\"es\",\"potentialAction\":[{\"@type\":\"CommentAction\",\"name\":\"Comment\",\"target\":[\"https:\/\/www.pumahue.cl\/huechuraba\/noticias\/celebracion-fiestas-patrias\/#respond\"]}]},{\"@type\":\"WebPage\",\"@id\":\"https:\/\/www.pumahue.cl\/huechuraba\/noticias\/celebracion-fiestas-patrias\/\",\"url\":\"https:\/\/www.pumahue.cl\/huechuraba\/noticias\/celebracion-fiestas-patrias\/\",\"name\":\"\u00e2\u0153\u00a8Celebraci\u00f3n \\\"Fiestas Patrias\\\"\u00e2\u0153\u00a8 - Colegio Pumahue Huechuraba\",\"isPartOf\":{\"@id\":\"https:\/\/www.pumahue.cl\/huechuraba\/#website\"},\"primaryImageOfPage\":{\"@id\":\"https:\/\/www.pumahue.cl\/huechuraba\/noticias\/celebracion-fiestas-patrias\/#primaryimage\"},\"image\":{\"@id\":\"https:\/\/www.pumahue.cl\/huechuraba\/noticias\/celebracion-fiestas-patrias\/#primaryimage\"},\"thumbnailUrl\":\"https:\/\/www.pumahue.cl\/huechuraba\/wp-content\/uploads\/sites\/45\/2022\/09\/INSERT-GREEN-DAY-1.jpg\",\"datePublished\":\"2022-09-01T20:35:27+00:00\",\"breadcrumb\":{\"@id\":\"https:\/\/www.pumahue.cl\/huechuraba\/noticias\/celebracion-fiestas-patrias\/#breadcrumb\"},\"inLanguage\":\"es\",\"potentialAction\":[{\"@type\":\"ReadAction\",\"target\":[\"https:\/\/www.pumahue.cl\/huechuraba\/noticias\/celebracion-fiestas-patrias\/\"]}]},{\"@type\":\"ImageObject\",\"inLanguage\":\"es\",\"@id\":\"https:\/\/www.pumahue.cl\/huechuraba\/noticias\/celebracion-fiestas-patrias\/#primaryimage\",\"url\":\"https:\/\/www.pumahue.cl\/huechuraba\/wp-content\/uploads\/sites\/45\/2022\/09\/INSERT-GREEN-DAY-1.jpg\",\"contentUrl\":\"https:\/\/www.pumahue.cl\/huechuraba\/wp-content\/uploads\/sites\/45\/2022\/09\/INSERT-GREEN-DAY-1.jpg\",\"width\":836,\"height\":523},{\"@type\":\"BreadcrumbList\",\"@id\":\"https:\/\/www.pumahue.cl\/huechuraba\/noticias\/celebracion-fiestas-patrias\/#breadcrumb\",\"itemListElement\":[{\"@type\":\"ListItem\",\"position\":1,\"name\":\"Home\",\"item\":\"https:\/\/www.pumahue.cl\/huechuraba\/\"},{\"@type\":\"ListItem\",\"position\":2,\"name\":\"\u00e2\u0153\u00a8Celebraci\u00f3n &#8220;Fiestas Patrias&#8221;\u00e2\u0153\u00a8\"}]},{\"@type\":\"WebSite\",\"@id\":\"https:\/\/www.pumahue.cl\/huechuraba\/#website\",\"url\":\"https:\/\/www.pumahue.cl\/huechuraba\/\",\"name\":\"Colegio Pumahue Huechuraba\",\"description\":\"Parte de Cognita Schools\",\"publisher\":{\"@id\":\"https:\/\/www.pumahue.cl\/huechuraba\/#organization\"},\"potentialAction\":[{\"@type\":\"SearchAction\",\"target\":{\"@type\":\"EntryPoint\",\"urlTemplate\":\"https:\/\/www.pumahue.cl\/huechuraba\/?s={search_term_string}\"},\"query-input\":{\"@type\":\"PropertyValueSpecification\",\"valueRequired\":true,\"valueName\":\"search_term_string\"}}],\"inLanguage\":\"es\"},{\"@type\":\"Organization\",\"@id\":\"https:\/\/www.pumahue.cl\/huechuraba\/#organization\",\"name\":\"Colegio Pumahue Huechuraba\",\"url\":\"https:\/\/www.pumahue.cl\/huechuraba\/\",\"logo\":{\"@type\":\"ImageObject\",\"inLanguage\":\"es\",\"@id\":\"https:\/\/www.pumahue.cl\/huechuraba\/#\/schema\/logo\/image\/\",\"url\":\"https:\/\/www.pumahue.cl\/huechuraba\/wp-content\/uploads\/sites\/45\/2025\/02\/cropped-logo_Pumahue_.png\",\"contentUrl\":\"https:\/\/www.pumahue.cl\/huechuraba\/wp-content\/uploads\/sites\/45\/2025\/02\/cropped-logo_Pumahue_.png\",\"width\":512,\"height\":512,\"caption\":\"Colegio Pumahue Huechuraba\"},\"image\":{\"@id\":\"https:\/\/www.pumahue.cl\/huechuraba\/#\/schema\/logo\/image\/\"},\"sameAs\":[\"https:\/\/www.facebook.com\/ColegiosPumahue\",\"https:\/\/www.instagram.com\/colegiopumahue_huechuraba\",\"https:\/\/www.youtube.com\/@CognitaChile\"]},{\"@type\":\"Person\",\"@id\":\"https:\/\/www.pumahue.cl\/huechuraba\/#\/schema\/person\/0debeea140e397b5d490ee7e553255d8\",\"name\":\"jorgedelcampo\",\"image\":{\"@type\":\"ImageObject\",\"inLanguage\":\"es\",\"@id\":\"https:\/\/www.pumahue.cl\/huechuraba\/#\/schema\/person\/image\/\",\"url\":\"https:\/\/secure.gravatar.com\/avatar\/4a315f521213b2dc91dbda9bf799f711c8a98ab6f5606ec42cf5b33d1e762e8a?s=96&d=mm&r=g\",\"contentUrl\":\"https:\/\/secure.gravatar.com\/avatar\/4a315f521213b2dc91dbda9bf799f711c8a98ab6f5606ec42cf5b33d1e762e8a?s=96&d=mm&r=g\",\"caption\":\"jorgedelcampo\"}}]}<\/script>\n<!-- \/ Yoast SEO plugin. -->","yoast_head_json":{"title":"\u00e2\u0153\u00a8Celebraci\u00f3n \"Fiestas Patrias\"\u00e2\u0153\u00a8 - Colegio Pumahue Huechuraba","robots":{"index":"index","follow":"follow","max-snippet":"max-snippet:-1","max-image-preview":"max-image-preview:large","max-video-preview":"max-video-preview:-1"},"canonical":"https:\/\/www.pumahue.cl\/huechuraba\/noticias\/celebracion-fiestas-patrias\/","og_locale":"es_ES","og_type":"article","og_title":"\u00e2\u0153\u00a8Celebraci\u00f3n \"Fiestas Patrias\"\u00e2\u0153\u00a8 - Colegio Pumahue Huechuraba","og_description":"Informamos a nuestras familias que, retomaremos de manera presencial la celebraci\u00f3n de &#8220;Fiestas Patrias&#8221;, instancia que reunir\u00e1 nuevamente a toda nuestra querida comunidad. Para la presentaci\u00f3n de bailes tradicionales, podr\u00e1n asistir dos acompa\u00f1antes por estudiantes, con la finalidad de respetar los protocolos vigentes. Las invitaciones ser\u00e1n enviadas v\u00eda agenda, las que deber\u00e1n presentar en porter\u00eda, [&hellip;]","og_url":"https:\/\/www.pumahue.cl\/huechuraba\/noticias\/celebracion-fiestas-patrias\/","og_site_name":"Colegio Pumahue Huechuraba","article_publisher":"https:\/\/www.facebook.com\/ColegiosPumahue","article_published_time":"2022-09-01T20:35:27+00:00","og_image":[{"width":836,"height":523,"url":"https:\/\/www.pumahue.cl\/huechuraba\/wp-content\/uploads\/sites\/45\/2022\/09\/INSERT-GREEN-DAY-1.jpg","type":"image\/jpeg"}],"author":"jorgedelcampo","twitter_card":"summary_large_image","twitter_misc":{"Escrito por":"jorgedelcampo","Tiempo de lectura":"1 minuto"},"schema":{"@context":"https:\/\/schema.org","@graph":[{"@type":"Article","@id":"https:\/\/www.pumahue.cl\/huechuraba\/noticias\/celebracion-fiestas-patrias\/#article","isPartOf":{"@id":"https:\/\/www.pumahue.cl\/huechuraba\/noticias\/celebracion-fiestas-patrias\/"},"author":{"name":"jorgedelcampo","@id":"https:\/\/www.pumahue.cl\/huechuraba\/#\/schema\/person\/0debeea140e397b5d490ee7e553255d8"},"headline":"\u00e2\u0153\u00a8Celebraci\u00f3n &#8220;Fiestas Patrias&#8221;\u00e2\u0153\u00a8","datePublished":"2022-09-01T20:35:27+00:00","mainEntityOfPage":{"@id":"https:\/\/www.pumahue.cl\/huechuraba\/noticias\/celebracion-fiestas-patrias\/"},"wordCount":181,"commentCount":0,"publisher":{"@id":"https:\/\/www.pumahue.cl\/huechuraba\/#organization"},"image":{"@id":"https:\/\/www.pumahue.cl\/huechuraba\/noticias\/celebracion-fiestas-patrias\/#primaryimage"},"thumbnailUrl":"https:\/\/www.pumahue.cl\/huechuraba\/wp-content\/uploads\/sites\/45\/2022\/09\/INSERT-GREEN-DAY-1.jpg","articleSection":["Vida Escolar"],"inLanguage":"es","potentialAction":[{"@type":"CommentAction","name":"Comment","target":["https:\/\/www.pumahue.cl\/huechuraba\/noticias\/celebracion-fiestas-patrias\/#respond"]}]},{"@type":"WebPage","@id":"https:\/\/www.pumahue.cl\/huechuraba\/noticias\/celebracion-fiestas-patrias\/","url":"https:\/\/www.pumahue.cl\/huechuraba\/noticias\/celebracion-fiestas-patrias\/","name":"\u00e2\u0153\u00a8Celebraci\u00f3n \"Fiestas Patrias\"\u00e2\u0153\u00a8 - Colegio Pumahue Huechuraba","isPartOf":{"@id":"https:\/\/www.pumahue.cl\/huechuraba\/#website"},"primaryImageOfPage":{"@id":"https:\/\/www.pumahue.cl\/huechuraba\/noticias\/celebracion-fiestas-patrias\/#primaryimage"},"image":{"@id":"https:\/\/www.pumahue.cl\/huechuraba\/noticias\/celebracion-fiestas-patrias\/#primaryimage"},"thumbnailUrl":"https:\/\/www.pumahue.cl\/huechuraba\/wp-content\/uploads\/sites\/45\/2022\/09\/INSERT-GREEN-DAY-1.jpg","datePublished":"2022-09-01T20:35:27+00:00","breadcrumb":{"@id":"https:\/\/www.pumahue.cl\/huechuraba\/noticias\/celebracion-fiestas-patrias\/#breadcrumb"},"inLanguage":"es","potentialAction":[{"@type":"ReadAction","target":["https:\/\/www.pumahue.cl\/huechuraba\/noticias\/celebracion-fiestas-patrias\/"]}]},{"@type":"ImageObject","inLanguage":"es","@id":"https:\/\/www.pumahue.cl\/huechuraba\/noticias\/celebracion-fiestas-patrias\/#primaryimage","url":"https:\/\/www.pumahue.cl\/huechuraba\/wp-content\/uploads\/sites\/45\/2022\/09\/INSERT-GREEN-DAY-1.jpg","contentUrl":"https:\/\/www.pumahue.cl\/huechuraba\/wp-content\/uploads\/sites\/45\/2022\/09\/INSERT-GREEN-DAY-1.jpg","width":836,"height":523},{"@type":"BreadcrumbList","@id":"https:\/\/www.pumahue.cl\/huechuraba\/noticias\/celebracion-fiestas-patrias\/#breadcrumb","itemListElement":[{"@type":"ListItem","position":1,"name":"Home","item":"https:\/\/www.pumahue.cl\/huechuraba\/"},{"@type":"ListItem","position":2,"name":"\u00e2\u0153\u00a8Celebraci\u00f3n &#8220;Fiestas Patrias&#8221;\u00e2\u0153\u00a8"}]},{"@type":"WebSite","@id":"https:\/\/www.pumahue.cl\/huechuraba\/#website","url":"https:\/\/www.pumahue.cl\/huechuraba\/","name":"Colegio Pumahue Huechuraba","description":"Parte de Cognita Schools","publisher":{"@id":"https:\/\/www.pumahue.cl\/huechuraba\/#organization"},"potentialAction":[{"@type":"SearchAction","target":{"@type":"EntryPoint","urlTemplate":"https:\/\/www.pumahue.cl\/huechuraba\/?s={search_term_string}"},"query-input":{"@type":"PropertyValueSpecification","valueRequired":true,"valueName":"search_term_string"}}],"inLanguage":"es"},{"@type":"Organization","@id":"https:\/\/www.pumahue.cl\/huechuraba\/#organization","name":"Colegio Pumahue Huechuraba","url":"https:\/\/www.pumahue.cl\/huechuraba\/","logo":{"@type":"ImageObject","inLanguage":"es","@id":"https:\/\/www.pumahue.cl\/huechuraba\/#\/schema\/logo\/image\/","url":"https:\/\/www.pumahue.cl\/huechuraba\/wp-content\/uploads\/sites\/45\/2025\/02\/cropped-logo_Pumahue_.png","contentUrl":"https:\/\/www.pumahue.cl\/huechuraba\/wp-content\/uploads\/sites\/45\/2025\/02\/cropped-logo_Pumahue_.png","width":512,"height":512,"caption":"Colegio Pumahue Huechuraba"},"image":{"@id":"https:\/\/www.pumahue.cl\/huechuraba\/#\/schema\/logo\/image\/"},"sameAs":["https:\/\/www.facebook.com\/ColegiosPumahue","https:\/\/www.instagram.com\/colegiopumahue_huechuraba","https:\/\/www.youtube.com\/@CognitaChile"]},{"@type":"Person","@id":"https:\/\/www.pumahue.cl\/huechuraba\/#\/schema\/person\/0debeea140e397b5d490ee7e553255d8","name":"jorgedelcampo","image":{"@type":"ImageObject","inLanguage":"es","@id":"https:\/\/www.pumahue.cl\/huechuraba\/#\/schema\/person\/image\/","url":"https:\/\/secure.gravatar.com\/avatar\/4a315f521213b2dc91dbda9bf799f711c8a98ab6f5606ec42cf5b33d1e762e8a?s=96&d=mm&r=g","contentUrl":"https:\/\/secure.gravatar.com\/avatar\/4a315f521213b2dc91dbda9bf799f711c8a98ab6f5606ec42cf5b33d1e762e8a?s=96&d=mm&r=g","caption":"jorgedelcampo"}}]}},"jetpack_featured_media_url":"https:\/\/www.pumahue.cl\/huechuraba\/wp-content\/uploads\/sites\/45\/2022\/09\/INSERT-GREEN-DAY-1.jpg","previous_post_ID":12874,"previous_post_title":"Nueva cuenta Instagram @colegiopumahue_huechuraba\u00f0\u0178\u2122\u0152\u00f0\u0178\u008f\u00bb","previous_post_excerpt":"\u00a1A partir de hoy! Todas las noticias, actividades, eventos, vida escolar, trivias y mucho m\u00e1s lo podr\u00e1s encontrar en la nueva cuenta de Instagram del colegio. Hagamos crecer juntos nuestra comunidad, \u00a1todos somos Pumahue Huechuraba! S\u00edguenos en:\u00c2\u00a0https:\/\/www.instagram.com\/colegiopumahue_huechuraba\/ &nbsp;","previous_post_link":"https:\/\/www.pumahue.cl\/huechuraba\/noticias\/nueva-cuenta-instagram-colegiopumahue_huechuraba\/","previous_post_class":["post-12874","post","type-post","status-publish","format-standard","has-post-thumbnail","hentry","category-vida-escolar"],"next_post_ID":12889,"next_post_title":"\u00e2\u0153\u00a8\u00e2\u0153\u02c6\u00a1Felicitaciones a Jos\u00e9 Tom\u00e1s Latorre nuestro alumno Star Pupil!\u00e2\u0153\u02c6\u00e2\u0153\u00a8","next_post_excerpt":"Con mucho orgullo nuestro rector Sr. H\u00e9ctor Lillo Becerra, junto al director de estudios de educaci\u00f3n media Sr. Ariel Bustamante, anunci\u00f3 a los padres de Jos\u00e9 Tom\u00e1s Latorre Fern\u00e1ndez de II\u00c2\u00b0 medio C, que fue seleccionado para participar, con todos los gastos pagados, en el Programa Internacional de Intercambio a Londres, durante cinco semanas, distribuidas [&hellip;]","next_post_link":"https:\/\/www.pumahue.cl\/huechuraba\/noticias\/felicitaciones-a-jose-tomas-latorre-nuestro-alumno-star-pupil\/","next_post_class":["post-12889","post","type-post","status-publish","format-standard","has-post-thumbnail","hentry","category-vida-escolar"],"jetpack_sharing_enabled":true,"_links":{"self":[{"href":"https:\/\/www.pumahue.cl\/huechuraba\/wp-json\/wp\/v2\/posts\/12878","targetHints":{"allow":["GET"]}}],"collection":[{"href":"https:\/\/www.pumahue.cl\/huechuraba\/wp-json\/wp\/v2\/posts"}],"about":[{"href":"https:\/\/www.pumahue.cl\/huechuraba\/wp-json\/wp\/v2\/types\/post"}],"author":[{"embeddable":true,"href":"https:\/\/www.pumahue.cl\/huechuraba\/wp-json\/wp\/v2\/users\/14"}],"replies":[{"embeddable":true,"href":"https:\/\/www.pumahue.cl\/huechuraba\/wp-json\/wp\/v2\/comments?post=12878"}],"version-history":[{"count":0,"href":"https:\/\/www.pumahue.cl\/huechuraba\/wp-json\/wp\/v2\/posts\/12878\/revisions"}],"wp:featuredmedia":[{"embeddable":true,"href":"https:\/\/www.pumahue.cl\/huechuraba\/wp-json\/wp\/v2\/media\/12879"}],"wp:attachment":[{"href":"https:\/\/www.pumahue.cl\/huechuraba\/wp-json\/wp\/v2\/media?parent=12878"}],"wp:term":[{"taxonomy":"category","embeddable":true,"href":"https:\/\/www.pumahue.cl\/huechuraba\/wp-json\/wp\/v2\/categories?post=12878"},{"taxonomy":"post_tag","embeddable":true,"href":"https:\/\/www.pumahue.cl\/huechuraba\/wp-json\/wp\/v2\/tags?post=12878"}],"curies":[{"name":"wp","href":"https:\/\/api.w.org\/{rel}","templated":true}]}}