{"id":13109,"date":"2022-09-30T14:14:51","date_gmt":"2022-09-30T17:14:51","guid":{"rendered":"http:\/\/pumahue.cl\/huechuraba\/?p=13109"},"modified":"2022-09-30T14:14:51","modified_gmt":"2022-09-30T17:14:51","slug":"asamblea-de-esfuerzo-y-perseverancia-septiembre","status":"publish","type":"post","link":"https:\/\/www.pumahue.cl\/huechuraba\/noticias\/asamblea-de-esfuerzo-y-perseverancia-septiembre\/","title":{"rendered":"Asamblea de esfuerzo y perseverancia septiembre"},"content":{"rendered":"<p>El ciclo de educaci\u00f3n parvularia, el que finaliz\u00f3 el mes con la asamblea de premiaci\u00f3n de \u201cEsfuerzo y Perseverancia\u201c\u009d.<\/p>\n<p>En esta oportunidad se destacaron los siguientes estudiantes:<\/p>\n<ul>\n<li>Juli\u00e1n Uribe Vial de\u00c2\u00a0JIA<\/li>\n<li>Monserrat Barra Godoy de\u00c2\u00a0JIB<\/li>\n<li>Diego Gonz\u00e1lez Cancino de\u00c2\u00a0PKA<\/li>\n<li>Math\u00edas Valera Moreno de\u00c2\u00a0PKB<\/li>\n<li>Jiann Zhong Nie de\u00c2\u00a0PKC<\/li>\n<li>Rodrigo Le\u00f3n Alem\u00e1n de\u00c2\u00a0PKD<\/li>\n<li>Noem\u00ed Mella Vargas de\u00c2\u00a0PKE<\/li>\n<li>Manuel Garc\u00eda Elgueta de\u00c2\u00a0KA<\/li>\n<li>Renata Matus Burgos de\u00c2\u00a0KB<\/li>\n<li>Facundo Ode de KC<\/li>\n<li>Luciano Vargas Escudero de\u00c2\u00a0KD<\/li>\n<li>Matilde Huidobro Larra\u00edn de\u00c2\u00a0KE<\/li>\n<\/ul>\n<p>\u00a1Felicitamos a los ni\u00f1os y ni\u00f1as por su entusiasmo, participaci\u00f3n y compromiso!<\/p>\n"},"excerpt":{"rendered":"<p>El ciclo de educaci\u00f3n parvularia, el que finaliz\u00f3 el mes con la asamblea de premiaci\u00f3n de \u201cEsfuerzo y Perseverancia\u201c\u009d. En esta oportunidad se destacaron los siguientes estudiantes: Juli\u00e1n Uribe Vial de\u00c2\u00a0JIA Monserrat Barra Godoy de\u00c2\u00a0JIB Diego Gonz\u00e1lez Cancino de\u00c2\u00a0PKA Math\u00edas Valera Moreno de\u00c2\u00a0PKB Jiann Zhong Nie de\u00c2\u00a0PKC Rodrigo Le\u00f3n Alem\u00e1n de\u00c2\u00a0PKD Noem\u00ed Mella Vargas de\u00c2\u00a0PKE [&hellip;]<\/p>\n","protected":false},"author":14,"featured_media":13110,"comment_status":"open","ping_status":"open","sticky":false,"template":"","format":"standard","meta":{"_acf_changed":false,"content-type":"","_jetpack_memberships_contains_paid_content":false,"footnotes":""},"categories":[1],"tags":[],"class_list":["post-13109","post","type-post","status-publish","format-standard","has-post-thumbnail","hentry","category-vida-escolar"],"acf":[],"yoast_head":"<!-- This site is optimized with the Yoast SEO plugin v27.1.1 - https:\/\/yoast.com\/product\/yoast-seo-wordpress\/ -->\n<title>Asamblea de esfuerzo y perseverancia septiembre - Colegio Pumahue Huechuraba<\/title>\n<meta name=\"robots\" content=\"index, follow, max-snippet:-1, max-image-preview:large, max-video-preview:-1\" \/>\n<link rel=\"canonical\" href=\"https:\/\/www.pumahue.cl\/huechuraba\/noticias\/asamblea-de-esfuerzo-y-perseverancia-septiembre\/\" \/>\n<meta property=\"og:locale\" content=\"es_ES\" \/>\n<meta property=\"og:type\" content=\"article\" \/>\n<meta property=\"og:title\" content=\"Asamblea de esfuerzo y perseverancia septiembre - Colegio Pumahue Huechuraba\" \/>\n<meta property=\"og:description\" content=\"El ciclo de educaci\u00f3n parvularia, el que finaliz\u00f3 el mes con la asamblea de premiaci\u00f3n de \u201cEsfuerzo y Perseverancia\u201c\u009d. En esta oportunidad se destacaron los siguientes estudiantes: Juli\u00e1n Uribe Vial de\u00c2\u00a0JIA Monserrat Barra Godoy de\u00c2\u00a0JIB Diego Gonz\u00e1lez Cancino de\u00c2\u00a0PKA Math\u00edas Valera Moreno de\u00c2\u00a0PKB Jiann Zhong Nie de\u00c2\u00a0PKC Rodrigo Le\u00f3n Alem\u00e1n de\u00c2\u00a0PKD Noem\u00ed Mella Vargas de\u00c2\u00a0PKE [&hellip;]\" \/>\n<meta property=\"og:url\" content=\"https:\/\/www.pumahue.cl\/huechuraba\/noticias\/asamblea-de-esfuerzo-y-perseverancia-septiembre\/\" \/>\n<meta property=\"og:site_name\" content=\"Colegio Pumahue Huechuraba\" \/>\n<meta property=\"article:publisher\" content=\"https:\/\/www.facebook.com\/ColegiosPumahue\" \/>\n<meta property=\"article:published_time\" content=\"2022-09-30T17:14:51+00:00\" \/>\n<meta property=\"og:image\" content=\"https:\/\/www.pumahue.cl\/huechuraba\/wp-content\/uploads\/sites\/45\/2022\/09\/Huechuraba-Formato-fotos-6.jpg\" \/>\n\t<meta property=\"og:image:width\" content=\"836\" \/>\n\t<meta property=\"og:image:height\" content=\"523\" \/>\n\t<meta property=\"og:image:type\" content=\"image\/jpeg\" \/>\n<meta name=\"author\" content=\"jorgedelcampo\" \/>\n<meta name=\"twitter:card\" content=\"summary_large_image\" \/>\n<meta name=\"twitter:label1\" content=\"Escrito por\" \/>\n\t<meta name=\"twitter:data1\" content=\"jorgedelcampo\" \/>\n\t<meta name=\"twitter:label2\" content=\"Tiempo de lectura\" \/>\n\t<meta name=\"twitter:data2\" content=\"1 minuto\" \/>\n<script type=\"application\/ld+json\" class=\"yoast-schema-graph\">{\"@context\":\"https:\/\/schema.org\",\"@graph\":[{\"@type\":\"Article\",\"@id\":\"https:\/\/www.pumahue.cl\/huechuraba\/noticias\/asamblea-de-esfuerzo-y-perseverancia-septiembre\/#article\",\"isPartOf\":{\"@id\":\"https:\/\/www.pumahue.cl\/huechuraba\/noticias\/asamblea-de-esfuerzo-y-perseverancia-septiembre\/\"},\"author\":{\"name\":\"jorgedelcampo\",\"@id\":\"https:\/\/www.pumahue.cl\/huechuraba\/#\/schema\/person\/0debeea140e397b5d490ee7e553255d8\"},\"headline\":\"Asamblea de esfuerzo y perseverancia septiembre\",\"datePublished\":\"2022-09-30T17:14:51+00:00\",\"mainEntityOfPage\":{\"@id\":\"https:\/\/www.pumahue.cl\/huechuraba\/noticias\/asamblea-de-esfuerzo-y-perseverancia-septiembre\/\"},\"wordCount\":116,\"commentCount\":0,\"publisher\":{\"@id\":\"https:\/\/www.pumahue.cl\/huechuraba\/#organization\"},\"image\":{\"@id\":\"https:\/\/www.pumahue.cl\/huechuraba\/noticias\/asamblea-de-esfuerzo-y-perseverancia-septiembre\/#primaryimage\"},\"thumbnailUrl\":\"https:\/\/www.pumahue.cl\/huechuraba\/wp-content\/uploads\/sites\/45\/2022\/09\/Huechuraba-Formato-fotos-6.jpg\",\"articleSection\":[\"Vida Escolar\"],\"inLanguage\":\"es\",\"potentialAction\":[{\"@type\":\"CommentAction\",\"name\":\"Comment\",\"target\":[\"https:\/\/www.pumahue.cl\/huechuraba\/noticias\/asamblea-de-esfuerzo-y-perseverancia-septiembre\/#respond\"]}]},{\"@type\":\"WebPage\",\"@id\":\"https:\/\/www.pumahue.cl\/huechuraba\/noticias\/asamblea-de-esfuerzo-y-perseverancia-septiembre\/\",\"url\":\"https:\/\/www.pumahue.cl\/huechuraba\/noticias\/asamblea-de-esfuerzo-y-perseverancia-septiembre\/\",\"name\":\"Asamblea de esfuerzo y perseverancia septiembre - Colegio Pumahue Huechuraba\",\"isPartOf\":{\"@id\":\"https:\/\/www.pumahue.cl\/huechuraba\/#website\"},\"primaryImageOfPage\":{\"@id\":\"https:\/\/www.pumahue.cl\/huechuraba\/noticias\/asamblea-de-esfuerzo-y-perseverancia-septiembre\/#primaryimage\"},\"image\":{\"@id\":\"https:\/\/www.pumahue.cl\/huechuraba\/noticias\/asamblea-de-esfuerzo-y-perseverancia-septiembre\/#primaryimage\"},\"thumbnailUrl\":\"https:\/\/www.pumahue.cl\/huechuraba\/wp-content\/uploads\/sites\/45\/2022\/09\/Huechuraba-Formato-fotos-6.jpg\",\"datePublished\":\"2022-09-30T17:14:51+00:00\",\"breadcrumb\":{\"@id\":\"https:\/\/www.pumahue.cl\/huechuraba\/noticias\/asamblea-de-esfuerzo-y-perseverancia-septiembre\/#breadcrumb\"},\"inLanguage\":\"es\",\"potentialAction\":[{\"@type\":\"ReadAction\",\"target\":[\"https:\/\/www.pumahue.cl\/huechuraba\/noticias\/asamblea-de-esfuerzo-y-perseverancia-septiembre\/\"]}]},{\"@type\":\"ImageObject\",\"inLanguage\":\"es\",\"@id\":\"https:\/\/www.pumahue.cl\/huechuraba\/noticias\/asamblea-de-esfuerzo-y-perseverancia-septiembre\/#primaryimage\",\"url\":\"https:\/\/www.pumahue.cl\/huechuraba\/wp-content\/uploads\/sites\/45\/2022\/09\/Huechuraba-Formato-fotos-6.jpg\",\"contentUrl\":\"https:\/\/www.pumahue.cl\/huechuraba\/wp-content\/uploads\/sites\/45\/2022\/09\/Huechuraba-Formato-fotos-6.jpg\",\"width\":836,\"height\":523},{\"@type\":\"BreadcrumbList\",\"@id\":\"https:\/\/www.pumahue.cl\/huechuraba\/noticias\/asamblea-de-esfuerzo-y-perseverancia-septiembre\/#breadcrumb\",\"itemListElement\":[{\"@type\":\"ListItem\",\"position\":1,\"name\":\"Home\",\"item\":\"https:\/\/www.pumahue.cl\/huechuraba\/\"},{\"@type\":\"ListItem\",\"position\":2,\"name\":\"Asamblea de esfuerzo y perseverancia septiembre\"}]},{\"@type\":\"WebSite\",\"@id\":\"https:\/\/www.pumahue.cl\/huechuraba\/#website\",\"url\":\"https:\/\/www.pumahue.cl\/huechuraba\/\",\"name\":\"Colegio Pumahue Huechuraba\",\"description\":\"Parte de Cognita Schools\",\"publisher\":{\"@id\":\"https:\/\/www.pumahue.cl\/huechuraba\/#organization\"},\"potentialAction\":[{\"@type\":\"SearchAction\",\"target\":{\"@type\":\"EntryPoint\",\"urlTemplate\":\"https:\/\/www.pumahue.cl\/huechuraba\/?s={search_term_string}\"},\"query-input\":{\"@type\":\"PropertyValueSpecification\",\"valueRequired\":true,\"valueName\":\"search_term_string\"}}],\"inLanguage\":\"es\"},{\"@type\":\"Organization\",\"@id\":\"https:\/\/www.pumahue.cl\/huechuraba\/#organization\",\"name\":\"Colegio Pumahue Huechuraba\",\"url\":\"https:\/\/www.pumahue.cl\/huechuraba\/\",\"logo\":{\"@type\":\"ImageObject\",\"inLanguage\":\"es\",\"@id\":\"https:\/\/www.pumahue.cl\/huechuraba\/#\/schema\/logo\/image\/\",\"url\":\"https:\/\/www.pumahue.cl\/huechuraba\/wp-content\/uploads\/sites\/45\/2025\/02\/cropped-logo_Pumahue_.png\",\"contentUrl\":\"https:\/\/www.pumahue.cl\/huechuraba\/wp-content\/uploads\/sites\/45\/2025\/02\/cropped-logo_Pumahue_.png\",\"width\":512,\"height\":512,\"caption\":\"Colegio Pumahue Huechuraba\"},\"image\":{\"@id\":\"https:\/\/www.pumahue.cl\/huechuraba\/#\/schema\/logo\/image\/\"},\"sameAs\":[\"https:\/\/www.facebook.com\/ColegiosPumahue\",\"https:\/\/www.instagram.com\/colegiopumahue_huechuraba\",\"https:\/\/www.youtube.com\/@CognitaChile\"]},{\"@type\":\"Person\",\"@id\":\"https:\/\/www.pumahue.cl\/huechuraba\/#\/schema\/person\/0debeea140e397b5d490ee7e553255d8\",\"name\":\"jorgedelcampo\",\"image\":{\"@type\":\"ImageObject\",\"inLanguage\":\"es\",\"@id\":\"https:\/\/www.pumahue.cl\/huechuraba\/#\/schema\/person\/image\/\",\"url\":\"https:\/\/secure.gravatar.com\/avatar\/4a315f521213b2dc91dbda9bf799f711c8a98ab6f5606ec42cf5b33d1e762e8a?s=96&d=mm&r=g\",\"contentUrl\":\"https:\/\/secure.gravatar.com\/avatar\/4a315f521213b2dc91dbda9bf799f711c8a98ab6f5606ec42cf5b33d1e762e8a?s=96&d=mm&r=g\",\"caption\":\"jorgedelcampo\"}}]}<\/script>\n<!-- \/ Yoast SEO plugin. -->","yoast_head_json":{"title":"Asamblea de esfuerzo y perseverancia septiembre - Colegio Pumahue Huechuraba","robots":{"index":"index","follow":"follow","max-snippet":"max-snippet:-1","max-image-preview":"max-image-preview:large","max-video-preview":"max-video-preview:-1"},"canonical":"https:\/\/www.pumahue.cl\/huechuraba\/noticias\/asamblea-de-esfuerzo-y-perseverancia-septiembre\/","og_locale":"es_ES","og_type":"article","og_title":"Asamblea de esfuerzo y perseverancia septiembre - Colegio Pumahue Huechuraba","og_description":"El ciclo de educaci\u00f3n parvularia, el que finaliz\u00f3 el mes con la asamblea de premiaci\u00f3n de \u201cEsfuerzo y Perseverancia\u201c\u009d. En esta oportunidad se destacaron los siguientes estudiantes: Juli\u00e1n Uribe Vial de\u00c2\u00a0JIA Monserrat Barra Godoy de\u00c2\u00a0JIB Diego Gonz\u00e1lez Cancino de\u00c2\u00a0PKA Math\u00edas Valera Moreno de\u00c2\u00a0PKB Jiann Zhong Nie de\u00c2\u00a0PKC Rodrigo Le\u00f3n Alem\u00e1n de\u00c2\u00a0PKD Noem\u00ed Mella Vargas de\u00c2\u00a0PKE [&hellip;]","og_url":"https:\/\/www.pumahue.cl\/huechuraba\/noticias\/asamblea-de-esfuerzo-y-perseverancia-septiembre\/","og_site_name":"Colegio Pumahue Huechuraba","article_publisher":"https:\/\/www.facebook.com\/ColegiosPumahue","article_published_time":"2022-09-30T17:14:51+00:00","og_image":[{"width":836,"height":523,"url":"https:\/\/www.pumahue.cl\/huechuraba\/wp-content\/uploads\/sites\/45\/2022\/09\/Huechuraba-Formato-fotos-6.jpg","type":"image\/jpeg"}],"author":"jorgedelcampo","twitter_card":"summary_large_image","twitter_misc":{"Escrito por":"jorgedelcampo","Tiempo de lectura":"1 minuto"},"schema":{"@context":"https:\/\/schema.org","@graph":[{"@type":"Article","@id":"https:\/\/www.pumahue.cl\/huechuraba\/noticias\/asamblea-de-esfuerzo-y-perseverancia-septiembre\/#article","isPartOf":{"@id":"https:\/\/www.pumahue.cl\/huechuraba\/noticias\/asamblea-de-esfuerzo-y-perseverancia-septiembre\/"},"author":{"name":"jorgedelcampo","@id":"https:\/\/www.pumahue.cl\/huechuraba\/#\/schema\/person\/0debeea140e397b5d490ee7e553255d8"},"headline":"Asamblea de esfuerzo y perseverancia septiembre","datePublished":"2022-09-30T17:14:51+00:00","mainEntityOfPage":{"@id":"https:\/\/www.pumahue.cl\/huechuraba\/noticias\/asamblea-de-esfuerzo-y-perseverancia-septiembre\/"},"wordCount":116,"commentCount":0,"publisher":{"@id":"https:\/\/www.pumahue.cl\/huechuraba\/#organization"},"image":{"@id":"https:\/\/www.pumahue.cl\/huechuraba\/noticias\/asamblea-de-esfuerzo-y-perseverancia-septiembre\/#primaryimage"},"thumbnailUrl":"https:\/\/www.pumahue.cl\/huechuraba\/wp-content\/uploads\/sites\/45\/2022\/09\/Huechuraba-Formato-fotos-6.jpg","articleSection":["Vida Escolar"],"inLanguage":"es","potentialAction":[{"@type":"CommentAction","name":"Comment","target":["https:\/\/www.pumahue.cl\/huechuraba\/noticias\/asamblea-de-esfuerzo-y-perseverancia-septiembre\/#respond"]}]},{"@type":"WebPage","@id":"https:\/\/www.pumahue.cl\/huechuraba\/noticias\/asamblea-de-esfuerzo-y-perseverancia-septiembre\/","url":"https:\/\/www.pumahue.cl\/huechuraba\/noticias\/asamblea-de-esfuerzo-y-perseverancia-septiembre\/","name":"Asamblea de esfuerzo y perseverancia septiembre - Colegio Pumahue Huechuraba","isPartOf":{"@id":"https:\/\/www.pumahue.cl\/huechuraba\/#website"},"primaryImageOfPage":{"@id":"https:\/\/www.pumahue.cl\/huechuraba\/noticias\/asamblea-de-esfuerzo-y-perseverancia-septiembre\/#primaryimage"},"image":{"@id":"https:\/\/www.pumahue.cl\/huechuraba\/noticias\/asamblea-de-esfuerzo-y-perseverancia-septiembre\/#primaryimage"},"thumbnailUrl":"https:\/\/www.pumahue.cl\/huechuraba\/wp-content\/uploads\/sites\/45\/2022\/09\/Huechuraba-Formato-fotos-6.jpg","datePublished":"2022-09-30T17:14:51+00:00","breadcrumb":{"@id":"https:\/\/www.pumahue.cl\/huechuraba\/noticias\/asamblea-de-esfuerzo-y-perseverancia-septiembre\/#breadcrumb"},"inLanguage":"es","potentialAction":[{"@type":"ReadAction","target":["https:\/\/www.pumahue.cl\/huechuraba\/noticias\/asamblea-de-esfuerzo-y-perseverancia-septiembre\/"]}]},{"@type":"ImageObject","inLanguage":"es","@id":"https:\/\/www.pumahue.cl\/huechuraba\/noticias\/asamblea-de-esfuerzo-y-perseverancia-septiembre\/#primaryimage","url":"https:\/\/www.pumahue.cl\/huechuraba\/wp-content\/uploads\/sites\/45\/2022\/09\/Huechuraba-Formato-fotos-6.jpg","contentUrl":"https:\/\/www.pumahue.cl\/huechuraba\/wp-content\/uploads\/sites\/45\/2022\/09\/Huechuraba-Formato-fotos-6.jpg","width":836,"height":523},{"@type":"BreadcrumbList","@id":"https:\/\/www.pumahue.cl\/huechuraba\/noticias\/asamblea-de-esfuerzo-y-perseverancia-septiembre\/#breadcrumb","itemListElement":[{"@type":"ListItem","position":1,"name":"Home","item":"https:\/\/www.pumahue.cl\/huechuraba\/"},{"@type":"ListItem","position":2,"name":"Asamblea de esfuerzo y perseverancia septiembre"}]},{"@type":"WebSite","@id":"https:\/\/www.pumahue.cl\/huechuraba\/#website","url":"https:\/\/www.pumahue.cl\/huechuraba\/","name":"Colegio Pumahue Huechuraba","description":"Parte de Cognita Schools","publisher":{"@id":"https:\/\/www.pumahue.cl\/huechuraba\/#organization"},"potentialAction":[{"@type":"SearchAction","target":{"@type":"EntryPoint","urlTemplate":"https:\/\/www.pumahue.cl\/huechuraba\/?s={search_term_string}"},"query-input":{"@type":"PropertyValueSpecification","valueRequired":true,"valueName":"search_term_string"}}],"inLanguage":"es"},{"@type":"Organization","@id":"https:\/\/www.pumahue.cl\/huechuraba\/#organization","name":"Colegio Pumahue Huechuraba","url":"https:\/\/www.pumahue.cl\/huechuraba\/","logo":{"@type":"ImageObject","inLanguage":"es","@id":"https:\/\/www.pumahue.cl\/huechuraba\/#\/schema\/logo\/image\/","url":"https:\/\/www.pumahue.cl\/huechuraba\/wp-content\/uploads\/sites\/45\/2025\/02\/cropped-logo_Pumahue_.png","contentUrl":"https:\/\/www.pumahue.cl\/huechuraba\/wp-content\/uploads\/sites\/45\/2025\/02\/cropped-logo_Pumahue_.png","width":512,"height":512,"caption":"Colegio Pumahue Huechuraba"},"image":{"@id":"https:\/\/www.pumahue.cl\/huechuraba\/#\/schema\/logo\/image\/"},"sameAs":["https:\/\/www.facebook.com\/ColegiosPumahue","https:\/\/www.instagram.com\/colegiopumahue_huechuraba","https:\/\/www.youtube.com\/@CognitaChile"]},{"@type":"Person","@id":"https:\/\/www.pumahue.cl\/huechuraba\/#\/schema\/person\/0debeea140e397b5d490ee7e553255d8","name":"jorgedelcampo","image":{"@type":"ImageObject","inLanguage":"es","@id":"https:\/\/www.pumahue.cl\/huechuraba\/#\/schema\/person\/image\/","url":"https:\/\/secure.gravatar.com\/avatar\/4a315f521213b2dc91dbda9bf799f711c8a98ab6f5606ec42cf5b33d1e762e8a?s=96&d=mm&r=g","contentUrl":"https:\/\/secure.gravatar.com\/avatar\/4a315f521213b2dc91dbda9bf799f711c8a98ab6f5606ec42cf5b33d1e762e8a?s=96&d=mm&r=g","caption":"jorgedelcampo"}}]}},"jetpack_featured_media_url":"https:\/\/www.pumahue.cl\/huechuraba\/wp-content\/uploads\/sites\/45\/2022\/09\/Huechuraba-Formato-fotos-6.jpg","previous_post_ID":13105,"previous_post_title":"School Of The Future abre sus puertas a las familias \u00f0\u0178\u008f\u00ab\u00f0\u0178\u00a7\u2019\u00f0\u0178\u2018\u00a7\u00e2\u0153\u00a8","previous_post_excerpt":"La conferencia School of the Future (SOTF), organizada por Cognita Chile, vuelve en su segunda versi\u00f3n con una nueva p\u00e1gina web y la incorporaci\u00f3n en la agenda de un horario vespertino con tem\u00e1ticas y talleres familiares. Del 17 al 20 de octubre m\u00e1s de 25 colegios de Chile y el mundo, speakers internacionales y partner [&hellip;]","previous_post_link":"https:\/\/www.pumahue.cl\/huechuraba\/noticias\/school-of-the-future-abre-sus-puertas-a-las-familias\/","previous_post_class":["post-13105","post","type-post","status-publish","format-standard","has-post-thumbnail","hentry","category-vida-escolar"],"next_post_ID":13112,"next_post_title":"Carabineros de Chile imparten charla \"No m\u00e1s bullying\" a I\u00b0C \u00e2\u0161\u00a0","next_post_excerpt":"En el marco de nuestro programa de convivencia y salvaguarda, los estudiantes de I\u00c2\u00b0 medio C participaron en la charla &#8220;No m\u00e1s Bullying&#8221; impartida por el Sargento segundo, Guillermo Tapia, de la 54 comisar\u00eda de Huechuraba. En la oportunidad la autoridad explic\u00f3 s las consecuencias que conllevan las situaciones de hostigamiento, maltrato f\u00edsico y maltrato [&hellip;]","next_post_link":"https:\/\/www.pumahue.cl\/huechuraba\/noticias\/carabineros-de-chile-imparten-charla-no-mas-bullying-a-ic\/","next_post_class":["post-13112","post","type-post","status-publish","format-standard","has-post-thumbnail","hentry","category-vida-escolar"],"jetpack_sharing_enabled":true,"_links":{"self":[{"href":"https:\/\/www.pumahue.cl\/huechuraba\/wp-json\/wp\/v2\/posts\/13109","targetHints":{"allow":["GET"]}}],"collection":[{"href":"https:\/\/www.pumahue.cl\/huechuraba\/wp-json\/wp\/v2\/posts"}],"about":[{"href":"https:\/\/www.pumahue.cl\/huechuraba\/wp-json\/wp\/v2\/types\/post"}],"author":[{"embeddable":true,"href":"https:\/\/www.pumahue.cl\/huechuraba\/wp-json\/wp\/v2\/users\/14"}],"replies":[{"embeddable":true,"href":"https:\/\/www.pumahue.cl\/huechuraba\/wp-json\/wp\/v2\/comments?post=13109"}],"version-history":[{"count":0,"href":"https:\/\/www.pumahue.cl\/huechuraba\/wp-json\/wp\/v2\/posts\/13109\/revisions"}],"wp:featuredmedia":[{"embeddable":true,"href":"https:\/\/www.pumahue.cl\/huechuraba\/wp-json\/wp\/v2\/media\/13110"}],"wp:attachment":[{"href":"https:\/\/www.pumahue.cl\/huechuraba\/wp-json\/wp\/v2\/media?parent=13109"}],"wp:term":[{"taxonomy":"category","embeddable":true,"href":"https:\/\/www.pumahue.cl\/huechuraba\/wp-json\/wp\/v2\/categories?post=13109"},{"taxonomy":"post_tag","embeddable":true,"href":"https:\/\/www.pumahue.cl\/huechuraba\/wp-json\/wp\/v2\/tags?post=13109"}],"curies":[{"name":"wp","href":"https:\/\/api.w.org\/{rel}","templated":true}]}}