{"id":13520,"date":"2022-11-08T15:19:48","date_gmt":"2022-11-08T18:19:48","guid":{"rendered":"http:\/\/pumahue.cl\/huechuraba\/?p=13520"},"modified":"2022-11-08T15:19:48","modified_gmt":"2022-11-08T18:19:48","slug":"charla-de-articulacion-kinder-a-1-basico-tradicional","status":"publish","type":"post","link":"https:\/\/www.pumahue.cl\/huechuraba\/noticias\/charla-de-articulacion-kinder-a-1-basico-tradicional\/","title":{"rendered":"Charla de articulaci\u00f3n K\u00ednder a 1\u00b0 B\u00e1sico tradicional\u00f0\u0178\u2018\u00a7\u00f0\u0178\u00a7\u2019\u00e2\u0153\u00a8"},"content":{"rendered":"<p>En el marco de las actividades del Programa de Articulaci\u00f3n de nuestro colegio, se realiz\u00f3 la charla para los apoderados de los alumnos que pasan a primero b\u00e1sico, la cual tuvo como finalidad contextualizar a trav\u00e9s de una presentaci\u00f3n, lo que abarca todo el funcionamiento de lo que ser\u00e1 esta etapa de transici\u00f3n tan importante en sus vidas y c\u00f3mo se abordar\u00e1 desde lo acad\u00e9mico, psicol\u00f3gico hasta lo m\u00e1s pr\u00e1ctico.<\/p>\n<p>En la instancia participaron las directoras de cada ciclo involucrado en este proceso, quienes estuvieron acompa\u00f1adas por el departamento psicoeducativo.<\/p>\n<p>Los objetivos de la articulaci\u00f3n es asegurar la transici\u00f3n de los ni\u00f1os y ni\u00f1as de una manera organizada, paulatina y as\u00ed generar una experiencia beneficiosa, para finalmente realizar el paso educaci\u00f3n b\u00e1sica sin complicaciones y que puedan vivir esta etapa como un nuevo inicio de crecimiento y aprendizaje.<\/p>\n<p>[multimedia id=&#8221;1&#8243;]<\/p>\n"},"excerpt":{"rendered":"<p>En el marco de las actividades del Programa de Articulaci\u00f3n de nuestro colegio, se realiz\u00f3 la charla para los apoderados de los alumnos que pasan a primero b\u00e1sico, la cual tuvo como finalidad contextualizar a trav\u00e9s de una presentaci\u00f3n, lo que abarca todo el funcionamiento de lo que ser\u00e1 esta etapa de transici\u00f3n tan importante [&hellip;]<\/p>\n","protected":false},"author":14,"featured_media":13549,"comment_status":"open","ping_status":"open","sticky":false,"template":"","format":"standard","meta":{"_acf_changed":false,"content-type":"","_jetpack_memberships_contains_paid_content":false,"footnotes":""},"categories":[1],"tags":[],"class_list":["post-13520","post","type-post","status-publish","format-standard","has-post-thumbnail","hentry","category-vida-escolar"],"acf":[],"yoast_head":"<!-- This site is optimized with the Yoast SEO plugin v27.1.1 - https:\/\/yoast.com\/product\/yoast-seo-wordpress\/ -->\n<title>Charla de articulaci\u00f3n K\u00ednder a 1\u00b0 B\u00e1sico tradicional\u00f0\u0178\u2018\u00a7\u00f0\u0178\u00a7\u2019\u00e2\u0153\u00a8 - Colegio Pumahue Huechuraba<\/title>\n<meta name=\"robots\" content=\"index, follow, max-snippet:-1, max-image-preview:large, max-video-preview:-1\" \/>\n<link rel=\"canonical\" href=\"https:\/\/www.pumahue.cl\/huechuraba\/noticias\/charla-de-articulacion-kinder-a-1-basico-tradicional\/\" \/>\n<meta property=\"og:locale\" content=\"es_ES\" \/>\n<meta property=\"og:type\" content=\"article\" \/>\n<meta property=\"og:title\" content=\"Charla de articulaci\u00f3n K\u00ednder a 1\u00b0 B\u00e1sico tradicional\u00f0\u0178\u2018\u00a7\u00f0\u0178\u00a7\u2019\u00e2\u0153\u00a8 - Colegio Pumahue Huechuraba\" \/>\n<meta property=\"og:description\" content=\"En el marco de las actividades del Programa de Articulaci\u00f3n de nuestro colegio, se realiz\u00f3 la charla para los apoderados de los alumnos que pasan a primero b\u00e1sico, la cual tuvo como finalidad contextualizar a trav\u00e9s de una presentaci\u00f3n, lo que abarca todo el funcionamiento de lo que ser\u00e1 esta etapa de transici\u00f3n tan importante [&hellip;]\" \/>\n<meta property=\"og:url\" content=\"https:\/\/www.pumahue.cl\/huechuraba\/noticias\/charla-de-articulacion-kinder-a-1-basico-tradicional\/\" \/>\n<meta property=\"og:site_name\" content=\"Colegio Pumahue Huechuraba\" \/>\n<meta property=\"article:publisher\" content=\"https:\/\/www.facebook.com\/ColegiosPumahue\" \/>\n<meta property=\"article:published_time\" content=\"2022-11-08T18:19:48+00:00\" \/>\n<meta property=\"og:image\" content=\"https:\/\/www.pumahue.cl\/huechuraba\/wp-content\/uploads\/sites\/45\/2022\/11\/22-2.jpg\" \/>\n\t<meta property=\"og:image:width\" content=\"836\" \/>\n\t<meta property=\"og:image:height\" content=\"523\" \/>\n\t<meta property=\"og:image:type\" content=\"image\/jpeg\" \/>\n<meta name=\"author\" content=\"jorgedelcampo\" \/>\n<meta name=\"twitter:card\" content=\"summary_large_image\" \/>\n<meta name=\"twitter:label1\" content=\"Escrito por\" \/>\n\t<meta name=\"twitter:data1\" content=\"jorgedelcampo\" \/>\n\t<meta name=\"twitter:label2\" content=\"Tiempo de lectura\" \/>\n\t<meta name=\"twitter:data2\" content=\"1 minuto\" \/>\n<script type=\"application\/ld+json\" class=\"yoast-schema-graph\">{\"@context\":\"https:\/\/schema.org\",\"@graph\":[{\"@type\":\"Article\",\"@id\":\"https:\/\/www.pumahue.cl\/huechuraba\/noticias\/charla-de-articulacion-kinder-a-1-basico-tradicional\/#article\",\"isPartOf\":{\"@id\":\"https:\/\/www.pumahue.cl\/huechuraba\/noticias\/charla-de-articulacion-kinder-a-1-basico-tradicional\/\"},\"author\":{\"name\":\"jorgedelcampo\",\"@id\":\"https:\/\/www.pumahue.cl\/huechuraba\/#\/schema\/person\/0debeea140e397b5d490ee7e553255d8\"},\"headline\":\"Charla de articulaci\u00f3n K\u00ednder a 1\u00b0 B\u00e1sico tradicional\u00f0\u0178\u2018\u00a7\u00f0\u0178\u00a7\u2019\u00e2\u0153\u00a8\",\"datePublished\":\"2022-11-08T18:19:48+00:00\",\"mainEntityOfPage\":{\"@id\":\"https:\/\/www.pumahue.cl\/huechuraba\/noticias\/charla-de-articulacion-kinder-a-1-basico-tradicional\/\"},\"wordCount\":167,\"commentCount\":0,\"publisher\":{\"@id\":\"https:\/\/www.pumahue.cl\/huechuraba\/#organization\"},\"image\":{\"@id\":\"https:\/\/www.pumahue.cl\/huechuraba\/noticias\/charla-de-articulacion-kinder-a-1-basico-tradicional\/#primaryimage\"},\"thumbnailUrl\":\"https:\/\/www.pumahue.cl\/huechuraba\/wp-content\/uploads\/sites\/45\/2022\/11\/22-2.jpg\",\"articleSection\":[\"Vida Escolar\"],\"inLanguage\":\"es\",\"potentialAction\":[{\"@type\":\"CommentAction\",\"name\":\"Comment\",\"target\":[\"https:\/\/www.pumahue.cl\/huechuraba\/noticias\/charla-de-articulacion-kinder-a-1-basico-tradicional\/#respond\"]}]},{\"@type\":\"WebPage\",\"@id\":\"https:\/\/www.pumahue.cl\/huechuraba\/noticias\/charla-de-articulacion-kinder-a-1-basico-tradicional\/\",\"url\":\"https:\/\/www.pumahue.cl\/huechuraba\/noticias\/charla-de-articulacion-kinder-a-1-basico-tradicional\/\",\"name\":\"Charla de articulaci\u00f3n K\u00ednder a 1\u00b0 B\u00e1sico tradicional\u00f0\u0178\u2018\u00a7\u00f0\u0178\u00a7\u2019\u00e2\u0153\u00a8 - Colegio Pumahue Huechuraba\",\"isPartOf\":{\"@id\":\"https:\/\/www.pumahue.cl\/huechuraba\/#website\"},\"primaryImageOfPage\":{\"@id\":\"https:\/\/www.pumahue.cl\/huechuraba\/noticias\/charla-de-articulacion-kinder-a-1-basico-tradicional\/#primaryimage\"},\"image\":{\"@id\":\"https:\/\/www.pumahue.cl\/huechuraba\/noticias\/charla-de-articulacion-kinder-a-1-basico-tradicional\/#primaryimage\"},\"thumbnailUrl\":\"https:\/\/www.pumahue.cl\/huechuraba\/wp-content\/uploads\/sites\/45\/2022\/11\/22-2.jpg\",\"datePublished\":\"2022-11-08T18:19:48+00:00\",\"breadcrumb\":{\"@id\":\"https:\/\/www.pumahue.cl\/huechuraba\/noticias\/charla-de-articulacion-kinder-a-1-basico-tradicional\/#breadcrumb\"},\"inLanguage\":\"es\",\"potentialAction\":[{\"@type\":\"ReadAction\",\"target\":[\"https:\/\/www.pumahue.cl\/huechuraba\/noticias\/charla-de-articulacion-kinder-a-1-basico-tradicional\/\"]}]},{\"@type\":\"ImageObject\",\"inLanguage\":\"es\",\"@id\":\"https:\/\/www.pumahue.cl\/huechuraba\/noticias\/charla-de-articulacion-kinder-a-1-basico-tradicional\/#primaryimage\",\"url\":\"https:\/\/www.pumahue.cl\/huechuraba\/wp-content\/uploads\/sites\/45\/2022\/11\/22-2.jpg\",\"contentUrl\":\"https:\/\/www.pumahue.cl\/huechuraba\/wp-content\/uploads\/sites\/45\/2022\/11\/22-2.jpg\",\"width\":836,\"height\":523},{\"@type\":\"BreadcrumbList\",\"@id\":\"https:\/\/www.pumahue.cl\/huechuraba\/noticias\/charla-de-articulacion-kinder-a-1-basico-tradicional\/#breadcrumb\",\"itemListElement\":[{\"@type\":\"ListItem\",\"position\":1,\"name\":\"Home\",\"item\":\"https:\/\/www.pumahue.cl\/huechuraba\/\"},{\"@type\":\"ListItem\",\"position\":2,\"name\":\"Charla de articulaci\u00f3n K\u00ednder a 1\u00b0 B\u00e1sico tradicional\u00f0\u0178\u2018\u00a7\u00f0\u0178\u00a7\u2019\u00e2\u0153\u00a8\"}]},{\"@type\":\"WebSite\",\"@id\":\"https:\/\/www.pumahue.cl\/huechuraba\/#website\",\"url\":\"https:\/\/www.pumahue.cl\/huechuraba\/\",\"name\":\"Colegio Pumahue Huechuraba\",\"description\":\"Parte de Cognita Schools\",\"publisher\":{\"@id\":\"https:\/\/www.pumahue.cl\/huechuraba\/#organization\"},\"potentialAction\":[{\"@type\":\"SearchAction\",\"target\":{\"@type\":\"EntryPoint\",\"urlTemplate\":\"https:\/\/www.pumahue.cl\/huechuraba\/?s={search_term_string}\"},\"query-input\":{\"@type\":\"PropertyValueSpecification\",\"valueRequired\":true,\"valueName\":\"search_term_string\"}}],\"inLanguage\":\"es\"},{\"@type\":\"Organization\",\"@id\":\"https:\/\/www.pumahue.cl\/huechuraba\/#organization\",\"name\":\"Colegio Pumahue Huechuraba\",\"url\":\"https:\/\/www.pumahue.cl\/huechuraba\/\",\"logo\":{\"@type\":\"ImageObject\",\"inLanguage\":\"es\",\"@id\":\"https:\/\/www.pumahue.cl\/huechuraba\/#\/schema\/logo\/image\/\",\"url\":\"https:\/\/www.pumahue.cl\/huechuraba\/wp-content\/uploads\/sites\/45\/2025\/02\/cropped-logo_Pumahue_.png\",\"contentUrl\":\"https:\/\/www.pumahue.cl\/huechuraba\/wp-content\/uploads\/sites\/45\/2025\/02\/cropped-logo_Pumahue_.png\",\"width\":512,\"height\":512,\"caption\":\"Colegio Pumahue Huechuraba\"},\"image\":{\"@id\":\"https:\/\/www.pumahue.cl\/huechuraba\/#\/schema\/logo\/image\/\"},\"sameAs\":[\"https:\/\/www.facebook.com\/ColegiosPumahue\",\"https:\/\/www.instagram.com\/colegiopumahue_huechuraba\",\"https:\/\/www.youtube.com\/@CognitaChile\"]},{\"@type\":\"Person\",\"@id\":\"https:\/\/www.pumahue.cl\/huechuraba\/#\/schema\/person\/0debeea140e397b5d490ee7e553255d8\",\"name\":\"jorgedelcampo\",\"image\":{\"@type\":\"ImageObject\",\"inLanguage\":\"es\",\"@id\":\"https:\/\/www.pumahue.cl\/huechuraba\/#\/schema\/person\/image\/\",\"url\":\"https:\/\/secure.gravatar.com\/avatar\/4a315f521213b2dc91dbda9bf799f711c8a98ab6f5606ec42cf5b33d1e762e8a?s=96&d=mm&r=g\",\"contentUrl\":\"https:\/\/secure.gravatar.com\/avatar\/4a315f521213b2dc91dbda9bf799f711c8a98ab6f5606ec42cf5b33d1e762e8a?s=96&d=mm&r=g\",\"caption\":\"jorgedelcampo\"}}]}<\/script>\n<!-- \/ Yoast SEO plugin. -->","yoast_head_json":{"title":"Charla de articulaci\u00f3n K\u00ednder a 1\u00b0 B\u00e1sico tradicional\u00f0\u0178\u2018\u00a7\u00f0\u0178\u00a7\u2019\u00e2\u0153\u00a8 - Colegio Pumahue Huechuraba","robots":{"index":"index","follow":"follow","max-snippet":"max-snippet:-1","max-image-preview":"max-image-preview:large","max-video-preview":"max-video-preview:-1"},"canonical":"https:\/\/www.pumahue.cl\/huechuraba\/noticias\/charla-de-articulacion-kinder-a-1-basico-tradicional\/","og_locale":"es_ES","og_type":"article","og_title":"Charla de articulaci\u00f3n K\u00ednder a 1\u00b0 B\u00e1sico tradicional\u00f0\u0178\u2018\u00a7\u00f0\u0178\u00a7\u2019\u00e2\u0153\u00a8 - Colegio Pumahue Huechuraba","og_description":"En el marco de las actividades del Programa de Articulaci\u00f3n de nuestro colegio, se realiz\u00f3 la charla para los apoderados de los alumnos que pasan a primero b\u00e1sico, la cual tuvo como finalidad contextualizar a trav\u00e9s de una presentaci\u00f3n, lo que abarca todo el funcionamiento de lo que ser\u00e1 esta etapa de transici\u00f3n tan importante [&hellip;]","og_url":"https:\/\/www.pumahue.cl\/huechuraba\/noticias\/charla-de-articulacion-kinder-a-1-basico-tradicional\/","og_site_name":"Colegio Pumahue Huechuraba","article_publisher":"https:\/\/www.facebook.com\/ColegiosPumahue","article_published_time":"2022-11-08T18:19:48+00:00","og_image":[{"width":836,"height":523,"url":"https:\/\/www.pumahue.cl\/huechuraba\/wp-content\/uploads\/sites\/45\/2022\/11\/22-2.jpg","type":"image\/jpeg"}],"author":"jorgedelcampo","twitter_card":"summary_large_image","twitter_misc":{"Escrito por":"jorgedelcampo","Tiempo de lectura":"1 minuto"},"schema":{"@context":"https:\/\/schema.org","@graph":[{"@type":"Article","@id":"https:\/\/www.pumahue.cl\/huechuraba\/noticias\/charla-de-articulacion-kinder-a-1-basico-tradicional\/#article","isPartOf":{"@id":"https:\/\/www.pumahue.cl\/huechuraba\/noticias\/charla-de-articulacion-kinder-a-1-basico-tradicional\/"},"author":{"name":"jorgedelcampo","@id":"https:\/\/www.pumahue.cl\/huechuraba\/#\/schema\/person\/0debeea140e397b5d490ee7e553255d8"},"headline":"Charla de articulaci\u00f3n K\u00ednder a 1\u00b0 B\u00e1sico tradicional\u00f0\u0178\u2018\u00a7\u00f0\u0178\u00a7\u2019\u00e2\u0153\u00a8","datePublished":"2022-11-08T18:19:48+00:00","mainEntityOfPage":{"@id":"https:\/\/www.pumahue.cl\/huechuraba\/noticias\/charla-de-articulacion-kinder-a-1-basico-tradicional\/"},"wordCount":167,"commentCount":0,"publisher":{"@id":"https:\/\/www.pumahue.cl\/huechuraba\/#organization"},"image":{"@id":"https:\/\/www.pumahue.cl\/huechuraba\/noticias\/charla-de-articulacion-kinder-a-1-basico-tradicional\/#primaryimage"},"thumbnailUrl":"https:\/\/www.pumahue.cl\/huechuraba\/wp-content\/uploads\/sites\/45\/2022\/11\/22-2.jpg","articleSection":["Vida Escolar"],"inLanguage":"es","potentialAction":[{"@type":"CommentAction","name":"Comment","target":["https:\/\/www.pumahue.cl\/huechuraba\/noticias\/charla-de-articulacion-kinder-a-1-basico-tradicional\/#respond"]}]},{"@type":"WebPage","@id":"https:\/\/www.pumahue.cl\/huechuraba\/noticias\/charla-de-articulacion-kinder-a-1-basico-tradicional\/","url":"https:\/\/www.pumahue.cl\/huechuraba\/noticias\/charla-de-articulacion-kinder-a-1-basico-tradicional\/","name":"Charla de articulaci\u00f3n K\u00ednder a 1\u00b0 B\u00e1sico tradicional\u00f0\u0178\u2018\u00a7\u00f0\u0178\u00a7\u2019\u00e2\u0153\u00a8 - Colegio Pumahue Huechuraba","isPartOf":{"@id":"https:\/\/www.pumahue.cl\/huechuraba\/#website"},"primaryImageOfPage":{"@id":"https:\/\/www.pumahue.cl\/huechuraba\/noticias\/charla-de-articulacion-kinder-a-1-basico-tradicional\/#primaryimage"},"image":{"@id":"https:\/\/www.pumahue.cl\/huechuraba\/noticias\/charla-de-articulacion-kinder-a-1-basico-tradicional\/#primaryimage"},"thumbnailUrl":"https:\/\/www.pumahue.cl\/huechuraba\/wp-content\/uploads\/sites\/45\/2022\/11\/22-2.jpg","datePublished":"2022-11-08T18:19:48+00:00","breadcrumb":{"@id":"https:\/\/www.pumahue.cl\/huechuraba\/noticias\/charla-de-articulacion-kinder-a-1-basico-tradicional\/#breadcrumb"},"inLanguage":"es","potentialAction":[{"@type":"ReadAction","target":["https:\/\/www.pumahue.cl\/huechuraba\/noticias\/charla-de-articulacion-kinder-a-1-basico-tradicional\/"]}]},{"@type":"ImageObject","inLanguage":"es","@id":"https:\/\/www.pumahue.cl\/huechuraba\/noticias\/charla-de-articulacion-kinder-a-1-basico-tradicional\/#primaryimage","url":"https:\/\/www.pumahue.cl\/huechuraba\/wp-content\/uploads\/sites\/45\/2022\/11\/22-2.jpg","contentUrl":"https:\/\/www.pumahue.cl\/huechuraba\/wp-content\/uploads\/sites\/45\/2022\/11\/22-2.jpg","width":836,"height":523},{"@type":"BreadcrumbList","@id":"https:\/\/www.pumahue.cl\/huechuraba\/noticias\/charla-de-articulacion-kinder-a-1-basico-tradicional\/#breadcrumb","itemListElement":[{"@type":"ListItem","position":1,"name":"Home","item":"https:\/\/www.pumahue.cl\/huechuraba\/"},{"@type":"ListItem","position":2,"name":"Charla de articulaci\u00f3n K\u00ednder a 1\u00b0 B\u00e1sico tradicional\u00f0\u0178\u2018\u00a7\u00f0\u0178\u00a7\u2019\u00e2\u0153\u00a8"}]},{"@type":"WebSite","@id":"https:\/\/www.pumahue.cl\/huechuraba\/#website","url":"https:\/\/www.pumahue.cl\/huechuraba\/","name":"Colegio Pumahue Huechuraba","description":"Parte de Cognita Schools","publisher":{"@id":"https:\/\/www.pumahue.cl\/huechuraba\/#organization"},"potentialAction":[{"@type":"SearchAction","target":{"@type":"EntryPoint","urlTemplate":"https:\/\/www.pumahue.cl\/huechuraba\/?s={search_term_string}"},"query-input":{"@type":"PropertyValueSpecification","valueRequired":true,"valueName":"search_term_string"}}],"inLanguage":"es"},{"@type":"Organization","@id":"https:\/\/www.pumahue.cl\/huechuraba\/#organization","name":"Colegio Pumahue Huechuraba","url":"https:\/\/www.pumahue.cl\/huechuraba\/","logo":{"@type":"ImageObject","inLanguage":"es","@id":"https:\/\/www.pumahue.cl\/huechuraba\/#\/schema\/logo\/image\/","url":"https:\/\/www.pumahue.cl\/huechuraba\/wp-content\/uploads\/sites\/45\/2025\/02\/cropped-logo_Pumahue_.png","contentUrl":"https:\/\/www.pumahue.cl\/huechuraba\/wp-content\/uploads\/sites\/45\/2025\/02\/cropped-logo_Pumahue_.png","width":512,"height":512,"caption":"Colegio Pumahue Huechuraba"},"image":{"@id":"https:\/\/www.pumahue.cl\/huechuraba\/#\/schema\/logo\/image\/"},"sameAs":["https:\/\/www.facebook.com\/ColegiosPumahue","https:\/\/www.instagram.com\/colegiopumahue_huechuraba","https:\/\/www.youtube.com\/@CognitaChile"]},{"@type":"Person","@id":"https:\/\/www.pumahue.cl\/huechuraba\/#\/schema\/person\/0debeea140e397b5d490ee7e553255d8","name":"jorgedelcampo","image":{"@type":"ImageObject","inLanguage":"es","@id":"https:\/\/www.pumahue.cl\/huechuraba\/#\/schema\/person\/image\/","url":"https:\/\/secure.gravatar.com\/avatar\/4a315f521213b2dc91dbda9bf799f711c8a98ab6f5606ec42cf5b33d1e762e8a?s=96&d=mm&r=g","contentUrl":"https:\/\/secure.gravatar.com\/avatar\/4a315f521213b2dc91dbda9bf799f711c8a98ab6f5606ec42cf5b33d1e762e8a?s=96&d=mm&r=g","caption":"jorgedelcampo"}}]}},"jetpack_featured_media_url":"https:\/\/www.pumahue.cl\/huechuraba\/wp-content\/uploads\/sites\/45\/2022\/11\/22-2.jpg","previous_post_ID":13515,"previous_post_title":"Charla y observaci\u00f3n astron\u00f3mica\u00f0\u0178\u00aa\u0090\u00f0\u0178\u0152\u2022","previous_post_excerpt":"Nuestros estudiantes y apoderados, participaron en la charla de astronom\u00eda, a cargo de la Astr\u00f3noma Daniela Fern\u00e1ndez, creadora de @Astrodaniela y Fundadora Peque\u00f1as Grandes Estrellas. Para la actividad, se puso a disposici\u00f3n de nuestras familias telescopios y binoculares para observar la luna, J\u00fapiter, Saturno y algunos c\u00famulos estelares&#8230; Felicitamos a Israel Mu\u00f1oz, profesor de f\u00edsica, [&hellip;]","previous_post_link":"https:\/\/www.pumahue.cl\/huechuraba\/noticias\/charla-y-observacion-astronomica\/","previous_post_class":["post-13515","post","type-post","status-publish","format-standard","has-post-thumbnail","hentry","category-vida-escolar"],"next_post_ID":13561,"next_post_title":"Charla de articulaci\u00f3n estudiantes de 6\u00b0 b\u00e1sico que ingresan a Ed. Media\u00e2\u0153\u00a8","next_post_excerpt":"En el marco de las actividades del Programa de Articulaci\u00f3n de nuestro colegio, se realiz\u00f3 la charla a los alumnos de 6\u00c2\u00b0 b\u00e1sico que pasan a 7\u00c2\u00b0 b\u00e1sico, la cual tuvo como finalidad contextualizar esta etapa de transici\u00f3n y c\u00f3mo se abordar\u00e1 desde lo acad\u00e9mico, psicol\u00f3gico hasta lo m\u00e1s pr\u00e1ctico. En primera instancia inici\u00f3 la [&hellip;]","next_post_link":"https:\/\/www.pumahue.cl\/huechuraba\/noticias\/charla-de-articulacion-estudiantes-de-6-basico-que-ingresan-a-ed-media\/","next_post_class":["post-13561","post","type-post","status-publish","format-standard","has-post-thumbnail","hentry","category-vida-escolar"],"jetpack_sharing_enabled":true,"_links":{"self":[{"href":"https:\/\/www.pumahue.cl\/huechuraba\/wp-json\/wp\/v2\/posts\/13520","targetHints":{"allow":["GET"]}}],"collection":[{"href":"https:\/\/www.pumahue.cl\/huechuraba\/wp-json\/wp\/v2\/posts"}],"about":[{"href":"https:\/\/www.pumahue.cl\/huechuraba\/wp-json\/wp\/v2\/types\/post"}],"author":[{"embeddable":true,"href":"https:\/\/www.pumahue.cl\/huechuraba\/wp-json\/wp\/v2\/users\/14"}],"replies":[{"embeddable":true,"href":"https:\/\/www.pumahue.cl\/huechuraba\/wp-json\/wp\/v2\/comments?post=13520"}],"version-history":[{"count":0,"href":"https:\/\/www.pumahue.cl\/huechuraba\/wp-json\/wp\/v2\/posts\/13520\/revisions"}],"wp:featuredmedia":[{"embeddable":true,"href":"https:\/\/www.pumahue.cl\/huechuraba\/wp-json\/wp\/v2\/media\/13549"}],"wp:attachment":[{"href":"https:\/\/www.pumahue.cl\/huechuraba\/wp-json\/wp\/v2\/media?parent=13520"}],"wp:term":[{"taxonomy":"category","embeddable":true,"href":"https:\/\/www.pumahue.cl\/huechuraba\/wp-json\/wp\/v2\/categories?post=13520"},{"taxonomy":"post_tag","embeddable":true,"href":"https:\/\/www.pumahue.cl\/huechuraba\/wp-json\/wp\/v2\/tags?post=13520"}],"curies":[{"name":"wp","href":"https:\/\/api.w.org\/{rel}","templated":true}]}}