{"id":13667,"date":"2022-11-17T15:28:35","date_gmt":"2022-11-17T18:28:35","guid":{"rendered":"http:\/\/pumahue.cl\/huechuraba\/?p=13667"},"modified":"2022-11-17T15:28:35","modified_gmt":"2022-11-17T18:28:35","slug":"despedida-iv-medios-generacion-2022","status":"publish","type":"post","link":"https:\/\/www.pumahue.cl\/huechuraba\/noticias\/despedida-iv-medios-generacion-2022\/","title":{"rendered":"Despedida IV\u00b0 Medios &#8211; Generaci\u00f3n 2022\u00f0\u0178\u017d\u02c6\u00f0\u0178\u017d\u2030\u00e2\u0153\u00a8"},"content":{"rendered":"<p>Nuestros alumnos de IV\u00c2\u00b0 Medio, tuvieron una ma\u00f1ana llena de emociones, al despedir su querido colegio, en compa\u00f1\u00eda de sus amigos, familia, compa\u00f1eros y docentes.<\/p>\n<p>Nuestra Generaci\u00f3n 2022, finaliz\u00f3 su \u00faltimo d\u00eda con el tradicional caminito formado por la comunidad educativa, quienes los despidieron con globos de colores, afiches con mensajes motivadores y mucha alegr\u00eda a sus compa\u00f1eros mayores. Mientras los alumnos continuaron hasta el patio principal encontr\u00e1ndose con una maravillosa sorpresa, sus familiares orgullosos los esperaban para acompa\u00f1arlos en su \u00faltimo d\u00eda de clases.<\/p>\n<p>Deseamos \u00e9xito y mucha felicidad a nuestros alumnos en esta nueva etapa de sus vidas y que por sobre todo logren concretar todas sus metas propuestas.<\/p>\n<p>[multimedia id=&#8221;1&#8243;]<\/p>\n"},"excerpt":{"rendered":"<p>Nuestros alumnos de IV\u00c2\u00b0 Medio, tuvieron una ma\u00f1ana llena de emociones, al despedir su querido colegio, en compa\u00f1\u00eda de sus amigos, familia, compa\u00f1eros y docentes. Nuestra Generaci\u00f3n 2022, finaliz\u00f3 su \u00faltimo d\u00eda con el tradicional caminito formado por la comunidad educativa, quienes los despidieron con globos de colores, afiches con mensajes motivadores y mucha alegr\u00eda [&hellip;]<\/p>\n","protected":false},"author":14,"featured_media":13685,"comment_status":"open","ping_status":"open","sticky":false,"template":"","format":"standard","meta":{"_acf_changed":false,"content-type":"","_jetpack_memberships_contains_paid_content":false,"footnotes":""},"categories":[1],"tags":[],"class_list":["post-13667","post","type-post","status-publish","format-standard","has-post-thumbnail","hentry","category-vida-escolar"],"acf":[],"yoast_head":"<!-- This site is optimized with the Yoast SEO plugin v27.1.1 - https:\/\/yoast.com\/product\/yoast-seo-wordpress\/ -->\n<title>Despedida IV\u00b0 Medios - Generaci\u00f3n 2022\u00f0\u0178\u017d\u02c6\u00f0\u0178\u017d\u2030\u00e2\u0153\u00a8 - Colegio Pumahue Huechuraba<\/title>\n<meta name=\"robots\" content=\"index, follow, max-snippet:-1, max-image-preview:large, max-video-preview:-1\" \/>\n<link rel=\"canonical\" href=\"https:\/\/www.pumahue.cl\/huechuraba\/noticias\/despedida-iv-medios-generacion-2022\/\" \/>\n<meta property=\"og:locale\" content=\"es_ES\" \/>\n<meta property=\"og:type\" content=\"article\" \/>\n<meta property=\"og:title\" content=\"Despedida IV\u00b0 Medios - Generaci\u00f3n 2022\u00f0\u0178\u017d\u02c6\u00f0\u0178\u017d\u2030\u00e2\u0153\u00a8 - Colegio Pumahue Huechuraba\" \/>\n<meta property=\"og:description\" content=\"Nuestros alumnos de IV\u00c2\u00b0 Medio, tuvieron una ma\u00f1ana llena de emociones, al despedir su querido colegio, en compa\u00f1\u00eda de sus amigos, familia, compa\u00f1eros y docentes. Nuestra Generaci\u00f3n 2022, finaliz\u00f3 su \u00faltimo d\u00eda con el tradicional caminito formado por la comunidad educativa, quienes los despidieron con globos de colores, afiches con mensajes motivadores y mucha alegr\u00eda [&hellip;]\" \/>\n<meta property=\"og:url\" content=\"https:\/\/www.pumahue.cl\/huechuraba\/noticias\/despedida-iv-medios-generacion-2022\/\" \/>\n<meta property=\"og:site_name\" content=\"Colegio Pumahue Huechuraba\" \/>\n<meta property=\"article:publisher\" content=\"https:\/\/www.facebook.com\/ColegiosPumahue\" \/>\n<meta property=\"article:published_time\" content=\"2022-11-17T18:28:35+00:00\" \/>\n<meta property=\"og:image\" content=\"https:\/\/www.pumahue.cl\/huechuraba\/wp-content\/uploads\/sites\/45\/2022\/11\/5-8.jpg\" \/>\n\t<meta property=\"og:image:width\" content=\"836\" \/>\n\t<meta property=\"og:image:height\" content=\"523\" \/>\n\t<meta property=\"og:image:type\" content=\"image\/jpeg\" \/>\n<meta name=\"author\" content=\"jorgedelcampo\" \/>\n<meta name=\"twitter:card\" content=\"summary_large_image\" \/>\n<meta name=\"twitter:label1\" content=\"Escrito por\" \/>\n\t<meta name=\"twitter:data1\" content=\"jorgedelcampo\" \/>\n\t<meta name=\"twitter:label2\" content=\"Tiempo de lectura\" \/>\n\t<meta name=\"twitter:data2\" content=\"1 minuto\" \/>\n<script type=\"application\/ld+json\" class=\"yoast-schema-graph\">{\"@context\":\"https:\/\/schema.org\",\"@graph\":[{\"@type\":\"Article\",\"@id\":\"https:\/\/www.pumahue.cl\/huechuraba\/noticias\/despedida-iv-medios-generacion-2022\/#article\",\"isPartOf\":{\"@id\":\"https:\/\/www.pumahue.cl\/huechuraba\/noticias\/despedida-iv-medios-generacion-2022\/\"},\"author\":{\"name\":\"jorgedelcampo\",\"@id\":\"https:\/\/www.pumahue.cl\/huechuraba\/#\/schema\/person\/0debeea140e397b5d490ee7e553255d8\"},\"headline\":\"Despedida IV\u00b0 Medios &#8211; Generaci\u00f3n 2022\u00f0\u0178\u017d\u02c6\u00f0\u0178\u017d\u2030\u00e2\u0153\u00a8\",\"datePublished\":\"2022-11-17T18:28:35+00:00\",\"mainEntityOfPage\":{\"@id\":\"https:\/\/www.pumahue.cl\/huechuraba\/noticias\/despedida-iv-medios-generacion-2022\/\"},\"wordCount\":128,\"commentCount\":0,\"publisher\":{\"@id\":\"https:\/\/www.pumahue.cl\/huechuraba\/#organization\"},\"image\":{\"@id\":\"https:\/\/www.pumahue.cl\/huechuraba\/noticias\/despedida-iv-medios-generacion-2022\/#primaryimage\"},\"thumbnailUrl\":\"https:\/\/www.pumahue.cl\/huechuraba\/wp-content\/uploads\/sites\/45\/2022\/11\/5-8.jpg\",\"articleSection\":[\"Vida Escolar\"],\"inLanguage\":\"es\",\"potentialAction\":[{\"@type\":\"CommentAction\",\"name\":\"Comment\",\"target\":[\"https:\/\/www.pumahue.cl\/huechuraba\/noticias\/despedida-iv-medios-generacion-2022\/#respond\"]}]},{\"@type\":\"WebPage\",\"@id\":\"https:\/\/www.pumahue.cl\/huechuraba\/noticias\/despedida-iv-medios-generacion-2022\/\",\"url\":\"https:\/\/www.pumahue.cl\/huechuraba\/noticias\/despedida-iv-medios-generacion-2022\/\",\"name\":\"Despedida IV\u00b0 Medios - Generaci\u00f3n 2022\u00f0\u0178\u017d\u02c6\u00f0\u0178\u017d\u2030\u00e2\u0153\u00a8 - Colegio Pumahue Huechuraba\",\"isPartOf\":{\"@id\":\"https:\/\/www.pumahue.cl\/huechuraba\/#website\"},\"primaryImageOfPage\":{\"@id\":\"https:\/\/www.pumahue.cl\/huechuraba\/noticias\/despedida-iv-medios-generacion-2022\/#primaryimage\"},\"image\":{\"@id\":\"https:\/\/www.pumahue.cl\/huechuraba\/noticias\/despedida-iv-medios-generacion-2022\/#primaryimage\"},\"thumbnailUrl\":\"https:\/\/www.pumahue.cl\/huechuraba\/wp-content\/uploads\/sites\/45\/2022\/11\/5-8.jpg\",\"datePublished\":\"2022-11-17T18:28:35+00:00\",\"breadcrumb\":{\"@id\":\"https:\/\/www.pumahue.cl\/huechuraba\/noticias\/despedida-iv-medios-generacion-2022\/#breadcrumb\"},\"inLanguage\":\"es\",\"potentialAction\":[{\"@type\":\"ReadAction\",\"target\":[\"https:\/\/www.pumahue.cl\/huechuraba\/noticias\/despedida-iv-medios-generacion-2022\/\"]}]},{\"@type\":\"ImageObject\",\"inLanguage\":\"es\",\"@id\":\"https:\/\/www.pumahue.cl\/huechuraba\/noticias\/despedida-iv-medios-generacion-2022\/#primaryimage\",\"url\":\"https:\/\/www.pumahue.cl\/huechuraba\/wp-content\/uploads\/sites\/45\/2022\/11\/5-8.jpg\",\"contentUrl\":\"https:\/\/www.pumahue.cl\/huechuraba\/wp-content\/uploads\/sites\/45\/2022\/11\/5-8.jpg\",\"width\":836,\"height\":523},{\"@type\":\"BreadcrumbList\",\"@id\":\"https:\/\/www.pumahue.cl\/huechuraba\/noticias\/despedida-iv-medios-generacion-2022\/#breadcrumb\",\"itemListElement\":[{\"@type\":\"ListItem\",\"position\":1,\"name\":\"Home\",\"item\":\"https:\/\/www.pumahue.cl\/huechuraba\/\"},{\"@type\":\"ListItem\",\"position\":2,\"name\":\"Despedida IV\u00b0 Medios &#8211; Generaci\u00f3n 2022\u00f0\u0178\u017d\u02c6\u00f0\u0178\u017d\u2030\u00e2\u0153\u00a8\"}]},{\"@type\":\"WebSite\",\"@id\":\"https:\/\/www.pumahue.cl\/huechuraba\/#website\",\"url\":\"https:\/\/www.pumahue.cl\/huechuraba\/\",\"name\":\"Colegio Pumahue Huechuraba\",\"description\":\"Parte de Cognita Schools\",\"publisher\":{\"@id\":\"https:\/\/www.pumahue.cl\/huechuraba\/#organization\"},\"potentialAction\":[{\"@type\":\"SearchAction\",\"target\":{\"@type\":\"EntryPoint\",\"urlTemplate\":\"https:\/\/www.pumahue.cl\/huechuraba\/?s={search_term_string}\"},\"query-input\":{\"@type\":\"PropertyValueSpecification\",\"valueRequired\":true,\"valueName\":\"search_term_string\"}}],\"inLanguage\":\"es\"},{\"@type\":\"Organization\",\"@id\":\"https:\/\/www.pumahue.cl\/huechuraba\/#organization\",\"name\":\"Colegio Pumahue Huechuraba\",\"url\":\"https:\/\/www.pumahue.cl\/huechuraba\/\",\"logo\":{\"@type\":\"ImageObject\",\"inLanguage\":\"es\",\"@id\":\"https:\/\/www.pumahue.cl\/huechuraba\/#\/schema\/logo\/image\/\",\"url\":\"https:\/\/www.pumahue.cl\/huechuraba\/wp-content\/uploads\/sites\/45\/2025\/02\/cropped-logo_Pumahue_.png\",\"contentUrl\":\"https:\/\/www.pumahue.cl\/huechuraba\/wp-content\/uploads\/sites\/45\/2025\/02\/cropped-logo_Pumahue_.png\",\"width\":512,\"height\":512,\"caption\":\"Colegio Pumahue Huechuraba\"},\"image\":{\"@id\":\"https:\/\/www.pumahue.cl\/huechuraba\/#\/schema\/logo\/image\/\"},\"sameAs\":[\"https:\/\/www.facebook.com\/ColegiosPumahue\",\"https:\/\/www.instagram.com\/colegiopumahue_huechuraba\",\"https:\/\/www.youtube.com\/@CognitaChile\"]},{\"@type\":\"Person\",\"@id\":\"https:\/\/www.pumahue.cl\/huechuraba\/#\/schema\/person\/0debeea140e397b5d490ee7e553255d8\",\"name\":\"jorgedelcampo\",\"image\":{\"@type\":\"ImageObject\",\"inLanguage\":\"es\",\"@id\":\"https:\/\/www.pumahue.cl\/huechuraba\/#\/schema\/person\/image\/\",\"url\":\"https:\/\/secure.gravatar.com\/avatar\/4a315f521213b2dc91dbda9bf799f711c8a98ab6f5606ec42cf5b33d1e762e8a?s=96&d=mm&r=g\",\"contentUrl\":\"https:\/\/secure.gravatar.com\/avatar\/4a315f521213b2dc91dbda9bf799f711c8a98ab6f5606ec42cf5b33d1e762e8a?s=96&d=mm&r=g\",\"caption\":\"jorgedelcampo\"}}]}<\/script>\n<!-- \/ Yoast SEO plugin. -->","yoast_head_json":{"title":"Despedida IV\u00b0 Medios - Generaci\u00f3n 2022\u00f0\u0178\u017d\u02c6\u00f0\u0178\u017d\u2030\u00e2\u0153\u00a8 - Colegio Pumahue Huechuraba","robots":{"index":"index","follow":"follow","max-snippet":"max-snippet:-1","max-image-preview":"max-image-preview:large","max-video-preview":"max-video-preview:-1"},"canonical":"https:\/\/www.pumahue.cl\/huechuraba\/noticias\/despedida-iv-medios-generacion-2022\/","og_locale":"es_ES","og_type":"article","og_title":"Despedida IV\u00b0 Medios - Generaci\u00f3n 2022\u00f0\u0178\u017d\u02c6\u00f0\u0178\u017d\u2030\u00e2\u0153\u00a8 - Colegio Pumahue Huechuraba","og_description":"Nuestros alumnos de IV\u00c2\u00b0 Medio, tuvieron una ma\u00f1ana llena de emociones, al despedir su querido colegio, en compa\u00f1\u00eda de sus amigos, familia, compa\u00f1eros y docentes. Nuestra Generaci\u00f3n 2022, finaliz\u00f3 su \u00faltimo d\u00eda con el tradicional caminito formado por la comunidad educativa, quienes los despidieron con globos de colores, afiches con mensajes motivadores y mucha alegr\u00eda [&hellip;]","og_url":"https:\/\/www.pumahue.cl\/huechuraba\/noticias\/despedida-iv-medios-generacion-2022\/","og_site_name":"Colegio Pumahue Huechuraba","article_publisher":"https:\/\/www.facebook.com\/ColegiosPumahue","article_published_time":"2022-11-17T18:28:35+00:00","og_image":[{"width":836,"height":523,"url":"https:\/\/www.pumahue.cl\/huechuraba\/wp-content\/uploads\/sites\/45\/2022\/11\/5-8.jpg","type":"image\/jpeg"}],"author":"jorgedelcampo","twitter_card":"summary_large_image","twitter_misc":{"Escrito por":"jorgedelcampo","Tiempo de lectura":"1 minuto"},"schema":{"@context":"https:\/\/schema.org","@graph":[{"@type":"Article","@id":"https:\/\/www.pumahue.cl\/huechuraba\/noticias\/despedida-iv-medios-generacion-2022\/#article","isPartOf":{"@id":"https:\/\/www.pumahue.cl\/huechuraba\/noticias\/despedida-iv-medios-generacion-2022\/"},"author":{"name":"jorgedelcampo","@id":"https:\/\/www.pumahue.cl\/huechuraba\/#\/schema\/person\/0debeea140e397b5d490ee7e553255d8"},"headline":"Despedida IV\u00b0 Medios &#8211; Generaci\u00f3n 2022\u00f0\u0178\u017d\u02c6\u00f0\u0178\u017d\u2030\u00e2\u0153\u00a8","datePublished":"2022-11-17T18:28:35+00:00","mainEntityOfPage":{"@id":"https:\/\/www.pumahue.cl\/huechuraba\/noticias\/despedida-iv-medios-generacion-2022\/"},"wordCount":128,"commentCount":0,"publisher":{"@id":"https:\/\/www.pumahue.cl\/huechuraba\/#organization"},"image":{"@id":"https:\/\/www.pumahue.cl\/huechuraba\/noticias\/despedida-iv-medios-generacion-2022\/#primaryimage"},"thumbnailUrl":"https:\/\/www.pumahue.cl\/huechuraba\/wp-content\/uploads\/sites\/45\/2022\/11\/5-8.jpg","articleSection":["Vida Escolar"],"inLanguage":"es","potentialAction":[{"@type":"CommentAction","name":"Comment","target":["https:\/\/www.pumahue.cl\/huechuraba\/noticias\/despedida-iv-medios-generacion-2022\/#respond"]}]},{"@type":"WebPage","@id":"https:\/\/www.pumahue.cl\/huechuraba\/noticias\/despedida-iv-medios-generacion-2022\/","url":"https:\/\/www.pumahue.cl\/huechuraba\/noticias\/despedida-iv-medios-generacion-2022\/","name":"Despedida IV\u00b0 Medios - Generaci\u00f3n 2022\u00f0\u0178\u017d\u02c6\u00f0\u0178\u017d\u2030\u00e2\u0153\u00a8 - Colegio Pumahue Huechuraba","isPartOf":{"@id":"https:\/\/www.pumahue.cl\/huechuraba\/#website"},"primaryImageOfPage":{"@id":"https:\/\/www.pumahue.cl\/huechuraba\/noticias\/despedida-iv-medios-generacion-2022\/#primaryimage"},"image":{"@id":"https:\/\/www.pumahue.cl\/huechuraba\/noticias\/despedida-iv-medios-generacion-2022\/#primaryimage"},"thumbnailUrl":"https:\/\/www.pumahue.cl\/huechuraba\/wp-content\/uploads\/sites\/45\/2022\/11\/5-8.jpg","datePublished":"2022-11-17T18:28:35+00:00","breadcrumb":{"@id":"https:\/\/www.pumahue.cl\/huechuraba\/noticias\/despedida-iv-medios-generacion-2022\/#breadcrumb"},"inLanguage":"es","potentialAction":[{"@type":"ReadAction","target":["https:\/\/www.pumahue.cl\/huechuraba\/noticias\/despedida-iv-medios-generacion-2022\/"]}]},{"@type":"ImageObject","inLanguage":"es","@id":"https:\/\/www.pumahue.cl\/huechuraba\/noticias\/despedida-iv-medios-generacion-2022\/#primaryimage","url":"https:\/\/www.pumahue.cl\/huechuraba\/wp-content\/uploads\/sites\/45\/2022\/11\/5-8.jpg","contentUrl":"https:\/\/www.pumahue.cl\/huechuraba\/wp-content\/uploads\/sites\/45\/2022\/11\/5-8.jpg","width":836,"height":523},{"@type":"BreadcrumbList","@id":"https:\/\/www.pumahue.cl\/huechuraba\/noticias\/despedida-iv-medios-generacion-2022\/#breadcrumb","itemListElement":[{"@type":"ListItem","position":1,"name":"Home","item":"https:\/\/www.pumahue.cl\/huechuraba\/"},{"@type":"ListItem","position":2,"name":"Despedida IV\u00b0 Medios &#8211; Generaci\u00f3n 2022\u00f0\u0178\u017d\u02c6\u00f0\u0178\u017d\u2030\u00e2\u0153\u00a8"}]},{"@type":"WebSite","@id":"https:\/\/www.pumahue.cl\/huechuraba\/#website","url":"https:\/\/www.pumahue.cl\/huechuraba\/","name":"Colegio Pumahue Huechuraba","description":"Parte de Cognita Schools","publisher":{"@id":"https:\/\/www.pumahue.cl\/huechuraba\/#organization"},"potentialAction":[{"@type":"SearchAction","target":{"@type":"EntryPoint","urlTemplate":"https:\/\/www.pumahue.cl\/huechuraba\/?s={search_term_string}"},"query-input":{"@type":"PropertyValueSpecification","valueRequired":true,"valueName":"search_term_string"}}],"inLanguage":"es"},{"@type":"Organization","@id":"https:\/\/www.pumahue.cl\/huechuraba\/#organization","name":"Colegio Pumahue Huechuraba","url":"https:\/\/www.pumahue.cl\/huechuraba\/","logo":{"@type":"ImageObject","inLanguage":"es","@id":"https:\/\/www.pumahue.cl\/huechuraba\/#\/schema\/logo\/image\/","url":"https:\/\/www.pumahue.cl\/huechuraba\/wp-content\/uploads\/sites\/45\/2025\/02\/cropped-logo_Pumahue_.png","contentUrl":"https:\/\/www.pumahue.cl\/huechuraba\/wp-content\/uploads\/sites\/45\/2025\/02\/cropped-logo_Pumahue_.png","width":512,"height":512,"caption":"Colegio Pumahue Huechuraba"},"image":{"@id":"https:\/\/www.pumahue.cl\/huechuraba\/#\/schema\/logo\/image\/"},"sameAs":["https:\/\/www.facebook.com\/ColegiosPumahue","https:\/\/www.instagram.com\/colegiopumahue_huechuraba","https:\/\/www.youtube.com\/@CognitaChile"]},{"@type":"Person","@id":"https:\/\/www.pumahue.cl\/huechuraba\/#\/schema\/person\/0debeea140e397b5d490ee7e553255d8","name":"jorgedelcampo","image":{"@type":"ImageObject","inLanguage":"es","@id":"https:\/\/www.pumahue.cl\/huechuraba\/#\/schema\/person\/image\/","url":"https:\/\/secure.gravatar.com\/avatar\/4a315f521213b2dc91dbda9bf799f711c8a98ab6f5606ec42cf5b33d1e762e8a?s=96&d=mm&r=g","contentUrl":"https:\/\/secure.gravatar.com\/avatar\/4a315f521213b2dc91dbda9bf799f711c8a98ab6f5606ec42cf5b33d1e762e8a?s=96&d=mm&r=g","caption":"jorgedelcampo"}}]}},"jetpack_featured_media_url":"https:\/\/www.pumahue.cl\/huechuraba\/wp-content\/uploads\/sites\/45\/2022\/11\/5-8.jpg","previous_post_ID":13645,"previous_post_title":"Donaciones Campa\u00f1a \u00datiles de Aseo\u00f0\u0178\u2122\u0152\u00e2\u0153\u00a8","previous_post_excerpt":"Finalizamos la campa\u00f1a &#8220;\u00fatiles de aseo&#8221;\u00c2\u00a0a cargo de Miss Vanessa Astorga, coordinadora Campur pastoral de Ed. Parvularia y B\u00e1sica. En esta oportunidad lo recaudado fue donado al jard\u00edn infantil \u201cCristo Resucitado\u201c\u009d, ubicado en Conchal\u00ed, en el cual fueron recibidos con mucha alegr\u00eda y agradecimiento por la directora del jard\u00edn infantil, los ni\u00f1os y el personal [&hellip;]","previous_post_link":"https:\/\/www.pumahue.cl\/huechuraba\/noticias\/donaciones-campana-utiles-de-aseo\/","previous_post_class":["post-13645","post","type-post","status-publish","format-standard","has-post-thumbnail","hentry","category-vida-escolar"],"next_post_ID":13693,"next_post_title":"Campa\u00f1a: \"Una Sonrisa en Navidad\"\u00f0\u0178\u017d\u201e\u00f0\u0178\u017d\u0081\u00e2\u0153\u00a8","next_post_excerpt":"Inici\u00f3 la campa\u00f1a &#8220;Una Sonrisa en Navidad&#8221;, que consiste en donar un juguete nuevo a ni\u00f1os de escasos recursos de: Jard\u00edn infantil parroquial Cristo Resucitado de Conchal\u00ed. Parroquia San Alberto de Sicilia de Recoleta Parroquia Santa In\u00e9s de Huechuraba Los juguetes pueden ser mixtos, seg\u00fan se detalla en la siguiente informaci\u00f3n: Jard\u00edn infantil: para reci\u00e9n [&hellip;]","next_post_link":"https:\/\/www.pumahue.cl\/huechuraba\/noticias\/campana-una-sonrisa-en-navidad\/","next_post_class":["post-13693","post","type-post","status-publish","format-standard","has-post-thumbnail","hentry","category-vida-escolar"],"jetpack_sharing_enabled":true,"_links":{"self":[{"href":"https:\/\/www.pumahue.cl\/huechuraba\/wp-json\/wp\/v2\/posts\/13667","targetHints":{"allow":["GET"]}}],"collection":[{"href":"https:\/\/www.pumahue.cl\/huechuraba\/wp-json\/wp\/v2\/posts"}],"about":[{"href":"https:\/\/www.pumahue.cl\/huechuraba\/wp-json\/wp\/v2\/types\/post"}],"author":[{"embeddable":true,"href":"https:\/\/www.pumahue.cl\/huechuraba\/wp-json\/wp\/v2\/users\/14"}],"replies":[{"embeddable":true,"href":"https:\/\/www.pumahue.cl\/huechuraba\/wp-json\/wp\/v2\/comments?post=13667"}],"version-history":[{"count":0,"href":"https:\/\/www.pumahue.cl\/huechuraba\/wp-json\/wp\/v2\/posts\/13667\/revisions"}],"wp:featuredmedia":[{"embeddable":true,"href":"https:\/\/www.pumahue.cl\/huechuraba\/wp-json\/wp\/v2\/media\/13685"}],"wp:attachment":[{"href":"https:\/\/www.pumahue.cl\/huechuraba\/wp-json\/wp\/v2\/media?parent=13667"}],"wp:term":[{"taxonomy":"category","embeddable":true,"href":"https:\/\/www.pumahue.cl\/huechuraba\/wp-json\/wp\/v2\/categories?post=13667"},{"taxonomy":"post_tag","embeddable":true,"href":"https:\/\/www.pumahue.cl\/huechuraba\/wp-json\/wp\/v2\/tags?post=13667"}],"curies":[{"name":"wp","href":"https:\/\/api.w.org\/{rel}","templated":true}]}}