{"id":14627,"date":"2023-04-28T11:17:08","date_gmt":"2023-04-28T15:17:08","guid":{"rendered":"http:\/\/pumahue.cl\/huechuraba\/?p=14627"},"modified":"2023-04-28T11:17:08","modified_gmt":"2023-04-28T15:17:08","slug":"primera-feria-de-la-convivencia-escolar","status":"publish","type":"post","link":"https:\/\/www.pumahue.cl\/huechuraba\/noticias\/primera-feria-de-la-convivencia-escolar\/","title":{"rendered":"Primera Feria de la Convivencia Escolar \u00f0\u0178\u2018\u008f\u00f0\u0178\u2018\u008f\u00e2\u0153\u00a8"},"content":{"rendered":"<p>Nuestro colegio realiz\u00f3 la primera <strong>&#8220;Feria de Convivencia Escolar&#8221;<\/strong>, la cual tuvo la finalidad de promover el buen trato, a trav\u00e9s de stands creados por nuestros estudiantes, en los que abordaron diferentes tem\u00e1ticas que permitieron interiorizar de manera l\u00fadica y entretenida la importancia de la sana convivencia escolar.<\/p>\n<p>La iniciativa fue realizada por el departamento psicoeducativo y guiada por Miss Magdalena Palomino, psic\u00f3loga y Delegada de Salvaguarda, quien incentiv\u00f3 al equipo docente y estudiantes a participar y generar consciencia sobre la importancia del respeto.<\/p>\n<p>Felicitamos a los estudiantes por el compromiso y creatividad en sus presentaciones.<\/p>\n<p>[multimedia id=&#8221;1&#8243;]<\/p>\n<p>&nbsp;<\/p>\n<p>&nbsp;<\/p>\n"},"excerpt":{"rendered":"<p>Nuestro colegio realiz\u00f3 la primera &#8220;Feria de Convivencia Escolar&#8221;, la cual tuvo la finalidad de promover el buen trato, a trav\u00e9s de stands creados por nuestros estudiantes, en los que abordaron diferentes tem\u00e1ticas que permitieron interiorizar de manera l\u00fadica y entretenida la importancia de la sana convivencia escolar. La iniciativa fue realizada por el departamento [&hellip;]<\/p>\n","protected":false},"author":14,"featured_media":14635,"comment_status":"open","ping_status":"open","sticky":false,"template":"","format":"standard","meta":{"_acf_changed":false,"content-type":"","_jetpack_memberships_contains_paid_content":false,"footnotes":""},"categories":[1],"tags":[],"class_list":["post-14627","post","type-post","status-publish","format-standard","has-post-thumbnail","hentry","category-vida-escolar"],"acf":[],"yoast_head":"<!-- This site is optimized with the Yoast SEO plugin v27.1.1 - https:\/\/yoast.com\/product\/yoast-seo-wordpress\/ -->\n<title>Primera Feria de la Convivencia Escolar \u00f0\u0178\u2018\u008f\u00f0\u0178\u2018\u008f\u00e2\u0153\u00a8 - Colegio Pumahue Huechuraba<\/title>\n<meta name=\"robots\" content=\"index, follow, max-snippet:-1, max-image-preview:large, max-video-preview:-1\" \/>\n<link rel=\"canonical\" href=\"https:\/\/www.pumahue.cl\/huechuraba\/noticias\/primera-feria-de-la-convivencia-escolar\/\" \/>\n<meta property=\"og:locale\" content=\"es_ES\" \/>\n<meta property=\"og:type\" content=\"article\" \/>\n<meta property=\"og:title\" content=\"Primera Feria de la Convivencia Escolar \u00f0\u0178\u2018\u008f\u00f0\u0178\u2018\u008f\u00e2\u0153\u00a8 - Colegio Pumahue Huechuraba\" \/>\n<meta property=\"og:description\" content=\"Nuestro colegio realiz\u00f3 la primera &#8220;Feria de Convivencia Escolar&#8221;, la cual tuvo la finalidad de promover el buen trato, a trav\u00e9s de stands creados por nuestros estudiantes, en los que abordaron diferentes tem\u00e1ticas que permitieron interiorizar de manera l\u00fadica y entretenida la importancia de la sana convivencia escolar. La iniciativa fue realizada por el departamento [&hellip;]\" \/>\n<meta property=\"og:url\" content=\"https:\/\/www.pumahue.cl\/huechuraba\/noticias\/primera-feria-de-la-convivencia-escolar\/\" \/>\n<meta property=\"og:site_name\" content=\"Colegio Pumahue Huechuraba\" \/>\n<meta property=\"article:publisher\" content=\"https:\/\/www.facebook.com\/ColegiosPumahue\" \/>\n<meta property=\"article:published_time\" content=\"2023-04-28T15:17:08+00:00\" \/>\n<meta property=\"og:image\" content=\"https:\/\/www.pumahue.cl\/huechuraba\/wp-content\/uploads\/sites\/45\/2023\/04\/7-7.jpg\" \/>\n\t<meta property=\"og:image:width\" content=\"836\" \/>\n\t<meta property=\"og:image:height\" content=\"523\" \/>\n\t<meta property=\"og:image:type\" content=\"image\/jpeg\" \/>\n<meta name=\"author\" content=\"jorgedelcampo\" \/>\n<meta name=\"twitter:card\" content=\"summary_large_image\" \/>\n<meta name=\"twitter:label1\" content=\"Escrito por\" \/>\n\t<meta name=\"twitter:data1\" content=\"jorgedelcampo\" \/>\n\t<meta name=\"twitter:label2\" content=\"Tiempo de lectura\" \/>\n\t<meta name=\"twitter:data2\" content=\"1 minuto\" \/>\n<script type=\"application\/ld+json\" class=\"yoast-schema-graph\">{\"@context\":\"https:\/\/schema.org\",\"@graph\":[{\"@type\":\"Article\",\"@id\":\"https:\/\/www.pumahue.cl\/huechuraba\/noticias\/primera-feria-de-la-convivencia-escolar\/#article\",\"isPartOf\":{\"@id\":\"https:\/\/www.pumahue.cl\/huechuraba\/noticias\/primera-feria-de-la-convivencia-escolar\/\"},\"author\":{\"name\":\"jorgedelcampo\",\"@id\":\"https:\/\/www.pumahue.cl\/huechuraba\/#\/schema\/person\/0debeea140e397b5d490ee7e553255d8\"},\"headline\":\"Primera Feria de la Convivencia Escolar \u00f0\u0178\u2018\u008f\u00f0\u0178\u2018\u008f\u00e2\u0153\u00a8\",\"datePublished\":\"2023-04-28T15:17:08+00:00\",\"mainEntityOfPage\":{\"@id\":\"https:\/\/www.pumahue.cl\/huechuraba\/noticias\/primera-feria-de-la-convivencia-escolar\/\"},\"wordCount\":110,\"commentCount\":0,\"publisher\":{\"@id\":\"https:\/\/www.pumahue.cl\/huechuraba\/#organization\"},\"image\":{\"@id\":\"https:\/\/www.pumahue.cl\/huechuraba\/noticias\/primera-feria-de-la-convivencia-escolar\/#primaryimage\"},\"thumbnailUrl\":\"https:\/\/www.pumahue.cl\/huechuraba\/wp-content\/uploads\/sites\/45\/2023\/04\/7-7.jpg\",\"articleSection\":[\"Vida Escolar\"],\"inLanguage\":\"es\",\"potentialAction\":[{\"@type\":\"CommentAction\",\"name\":\"Comment\",\"target\":[\"https:\/\/www.pumahue.cl\/huechuraba\/noticias\/primera-feria-de-la-convivencia-escolar\/#respond\"]}]},{\"@type\":\"WebPage\",\"@id\":\"https:\/\/www.pumahue.cl\/huechuraba\/noticias\/primera-feria-de-la-convivencia-escolar\/\",\"url\":\"https:\/\/www.pumahue.cl\/huechuraba\/noticias\/primera-feria-de-la-convivencia-escolar\/\",\"name\":\"Primera Feria de la Convivencia Escolar \u00f0\u0178\u2018\u008f\u00f0\u0178\u2018\u008f\u00e2\u0153\u00a8 - Colegio Pumahue Huechuraba\",\"isPartOf\":{\"@id\":\"https:\/\/www.pumahue.cl\/huechuraba\/#website\"},\"primaryImageOfPage\":{\"@id\":\"https:\/\/www.pumahue.cl\/huechuraba\/noticias\/primera-feria-de-la-convivencia-escolar\/#primaryimage\"},\"image\":{\"@id\":\"https:\/\/www.pumahue.cl\/huechuraba\/noticias\/primera-feria-de-la-convivencia-escolar\/#primaryimage\"},\"thumbnailUrl\":\"https:\/\/www.pumahue.cl\/huechuraba\/wp-content\/uploads\/sites\/45\/2023\/04\/7-7.jpg\",\"datePublished\":\"2023-04-28T15:17:08+00:00\",\"breadcrumb\":{\"@id\":\"https:\/\/www.pumahue.cl\/huechuraba\/noticias\/primera-feria-de-la-convivencia-escolar\/#breadcrumb\"},\"inLanguage\":\"es\",\"potentialAction\":[{\"@type\":\"ReadAction\",\"target\":[\"https:\/\/www.pumahue.cl\/huechuraba\/noticias\/primera-feria-de-la-convivencia-escolar\/\"]}]},{\"@type\":\"ImageObject\",\"inLanguage\":\"es\",\"@id\":\"https:\/\/www.pumahue.cl\/huechuraba\/noticias\/primera-feria-de-la-convivencia-escolar\/#primaryimage\",\"url\":\"https:\/\/www.pumahue.cl\/huechuraba\/wp-content\/uploads\/sites\/45\/2023\/04\/7-7.jpg\",\"contentUrl\":\"https:\/\/www.pumahue.cl\/huechuraba\/wp-content\/uploads\/sites\/45\/2023\/04\/7-7.jpg\",\"width\":836,\"height\":523},{\"@type\":\"BreadcrumbList\",\"@id\":\"https:\/\/www.pumahue.cl\/huechuraba\/noticias\/primera-feria-de-la-convivencia-escolar\/#breadcrumb\",\"itemListElement\":[{\"@type\":\"ListItem\",\"position\":1,\"name\":\"Home\",\"item\":\"https:\/\/www.pumahue.cl\/huechuraba\/\"},{\"@type\":\"ListItem\",\"position\":2,\"name\":\"Primera Feria de la Convivencia Escolar \u00f0\u0178\u2018\u008f\u00f0\u0178\u2018\u008f\u00e2\u0153\u00a8\"}]},{\"@type\":\"WebSite\",\"@id\":\"https:\/\/www.pumahue.cl\/huechuraba\/#website\",\"url\":\"https:\/\/www.pumahue.cl\/huechuraba\/\",\"name\":\"Colegio Pumahue Huechuraba\",\"description\":\"Parte de Cognita Schools\",\"publisher\":{\"@id\":\"https:\/\/www.pumahue.cl\/huechuraba\/#organization\"},\"potentialAction\":[{\"@type\":\"SearchAction\",\"target\":{\"@type\":\"EntryPoint\",\"urlTemplate\":\"https:\/\/www.pumahue.cl\/huechuraba\/?s={search_term_string}\"},\"query-input\":{\"@type\":\"PropertyValueSpecification\",\"valueRequired\":true,\"valueName\":\"search_term_string\"}}],\"inLanguage\":\"es\"},{\"@type\":\"Organization\",\"@id\":\"https:\/\/www.pumahue.cl\/huechuraba\/#organization\",\"name\":\"Colegio Pumahue Huechuraba\",\"url\":\"https:\/\/www.pumahue.cl\/huechuraba\/\",\"logo\":{\"@type\":\"ImageObject\",\"inLanguage\":\"es\",\"@id\":\"https:\/\/www.pumahue.cl\/huechuraba\/#\/schema\/logo\/image\/\",\"url\":\"https:\/\/www.pumahue.cl\/huechuraba\/wp-content\/uploads\/sites\/45\/2025\/02\/cropped-logo_Pumahue_.png\",\"contentUrl\":\"https:\/\/www.pumahue.cl\/huechuraba\/wp-content\/uploads\/sites\/45\/2025\/02\/cropped-logo_Pumahue_.png\",\"width\":512,\"height\":512,\"caption\":\"Colegio Pumahue Huechuraba\"},\"image\":{\"@id\":\"https:\/\/www.pumahue.cl\/huechuraba\/#\/schema\/logo\/image\/\"},\"sameAs\":[\"https:\/\/www.facebook.com\/ColegiosPumahue\",\"https:\/\/www.instagram.com\/colegiopumahue_huechuraba\",\"https:\/\/www.youtube.com\/@CognitaChile\"]},{\"@type\":\"Person\",\"@id\":\"https:\/\/www.pumahue.cl\/huechuraba\/#\/schema\/person\/0debeea140e397b5d490ee7e553255d8\",\"name\":\"jorgedelcampo\",\"image\":{\"@type\":\"ImageObject\",\"inLanguage\":\"es\",\"@id\":\"https:\/\/www.pumahue.cl\/huechuraba\/#\/schema\/person\/image\/\",\"url\":\"https:\/\/secure.gravatar.com\/avatar\/4a315f521213b2dc91dbda9bf799f711c8a98ab6f5606ec42cf5b33d1e762e8a?s=96&d=mm&r=g\",\"contentUrl\":\"https:\/\/secure.gravatar.com\/avatar\/4a315f521213b2dc91dbda9bf799f711c8a98ab6f5606ec42cf5b33d1e762e8a?s=96&d=mm&r=g\",\"caption\":\"jorgedelcampo\"}}]}<\/script>\n<!-- \/ Yoast SEO plugin. -->","yoast_head_json":{"title":"Primera Feria de la Convivencia Escolar \u00f0\u0178\u2018\u008f\u00f0\u0178\u2018\u008f\u00e2\u0153\u00a8 - Colegio Pumahue Huechuraba","robots":{"index":"index","follow":"follow","max-snippet":"max-snippet:-1","max-image-preview":"max-image-preview:large","max-video-preview":"max-video-preview:-1"},"canonical":"https:\/\/www.pumahue.cl\/huechuraba\/noticias\/primera-feria-de-la-convivencia-escolar\/","og_locale":"es_ES","og_type":"article","og_title":"Primera Feria de la Convivencia Escolar \u00f0\u0178\u2018\u008f\u00f0\u0178\u2018\u008f\u00e2\u0153\u00a8 - Colegio Pumahue Huechuraba","og_description":"Nuestro colegio realiz\u00f3 la primera &#8220;Feria de Convivencia Escolar&#8221;, la cual tuvo la finalidad de promover el buen trato, a trav\u00e9s de stands creados por nuestros estudiantes, en los que abordaron diferentes tem\u00e1ticas que permitieron interiorizar de manera l\u00fadica y entretenida la importancia de la sana convivencia escolar. La iniciativa fue realizada por el departamento [&hellip;]","og_url":"https:\/\/www.pumahue.cl\/huechuraba\/noticias\/primera-feria-de-la-convivencia-escolar\/","og_site_name":"Colegio Pumahue Huechuraba","article_publisher":"https:\/\/www.facebook.com\/ColegiosPumahue","article_published_time":"2023-04-28T15:17:08+00:00","og_image":[{"width":836,"height":523,"url":"https:\/\/www.pumahue.cl\/huechuraba\/wp-content\/uploads\/sites\/45\/2023\/04\/7-7.jpg","type":"image\/jpeg"}],"author":"jorgedelcampo","twitter_card":"summary_large_image","twitter_misc":{"Escrito por":"jorgedelcampo","Tiempo de lectura":"1 minuto"},"schema":{"@context":"https:\/\/schema.org","@graph":[{"@type":"Article","@id":"https:\/\/www.pumahue.cl\/huechuraba\/noticias\/primera-feria-de-la-convivencia-escolar\/#article","isPartOf":{"@id":"https:\/\/www.pumahue.cl\/huechuraba\/noticias\/primera-feria-de-la-convivencia-escolar\/"},"author":{"name":"jorgedelcampo","@id":"https:\/\/www.pumahue.cl\/huechuraba\/#\/schema\/person\/0debeea140e397b5d490ee7e553255d8"},"headline":"Primera Feria de la Convivencia Escolar \u00f0\u0178\u2018\u008f\u00f0\u0178\u2018\u008f\u00e2\u0153\u00a8","datePublished":"2023-04-28T15:17:08+00:00","mainEntityOfPage":{"@id":"https:\/\/www.pumahue.cl\/huechuraba\/noticias\/primera-feria-de-la-convivencia-escolar\/"},"wordCount":110,"commentCount":0,"publisher":{"@id":"https:\/\/www.pumahue.cl\/huechuraba\/#organization"},"image":{"@id":"https:\/\/www.pumahue.cl\/huechuraba\/noticias\/primera-feria-de-la-convivencia-escolar\/#primaryimage"},"thumbnailUrl":"https:\/\/www.pumahue.cl\/huechuraba\/wp-content\/uploads\/sites\/45\/2023\/04\/7-7.jpg","articleSection":["Vida Escolar"],"inLanguage":"es","potentialAction":[{"@type":"CommentAction","name":"Comment","target":["https:\/\/www.pumahue.cl\/huechuraba\/noticias\/primera-feria-de-la-convivencia-escolar\/#respond"]}]},{"@type":"WebPage","@id":"https:\/\/www.pumahue.cl\/huechuraba\/noticias\/primera-feria-de-la-convivencia-escolar\/","url":"https:\/\/www.pumahue.cl\/huechuraba\/noticias\/primera-feria-de-la-convivencia-escolar\/","name":"Primera Feria de la Convivencia Escolar \u00f0\u0178\u2018\u008f\u00f0\u0178\u2018\u008f\u00e2\u0153\u00a8 - Colegio Pumahue Huechuraba","isPartOf":{"@id":"https:\/\/www.pumahue.cl\/huechuraba\/#website"},"primaryImageOfPage":{"@id":"https:\/\/www.pumahue.cl\/huechuraba\/noticias\/primera-feria-de-la-convivencia-escolar\/#primaryimage"},"image":{"@id":"https:\/\/www.pumahue.cl\/huechuraba\/noticias\/primera-feria-de-la-convivencia-escolar\/#primaryimage"},"thumbnailUrl":"https:\/\/www.pumahue.cl\/huechuraba\/wp-content\/uploads\/sites\/45\/2023\/04\/7-7.jpg","datePublished":"2023-04-28T15:17:08+00:00","breadcrumb":{"@id":"https:\/\/www.pumahue.cl\/huechuraba\/noticias\/primera-feria-de-la-convivencia-escolar\/#breadcrumb"},"inLanguage":"es","potentialAction":[{"@type":"ReadAction","target":["https:\/\/www.pumahue.cl\/huechuraba\/noticias\/primera-feria-de-la-convivencia-escolar\/"]}]},{"@type":"ImageObject","inLanguage":"es","@id":"https:\/\/www.pumahue.cl\/huechuraba\/noticias\/primera-feria-de-la-convivencia-escolar\/#primaryimage","url":"https:\/\/www.pumahue.cl\/huechuraba\/wp-content\/uploads\/sites\/45\/2023\/04\/7-7.jpg","contentUrl":"https:\/\/www.pumahue.cl\/huechuraba\/wp-content\/uploads\/sites\/45\/2023\/04\/7-7.jpg","width":836,"height":523},{"@type":"BreadcrumbList","@id":"https:\/\/www.pumahue.cl\/huechuraba\/noticias\/primera-feria-de-la-convivencia-escolar\/#breadcrumb","itemListElement":[{"@type":"ListItem","position":1,"name":"Home","item":"https:\/\/www.pumahue.cl\/huechuraba\/"},{"@type":"ListItem","position":2,"name":"Primera Feria de la Convivencia Escolar \u00f0\u0178\u2018\u008f\u00f0\u0178\u2018\u008f\u00e2\u0153\u00a8"}]},{"@type":"WebSite","@id":"https:\/\/www.pumahue.cl\/huechuraba\/#website","url":"https:\/\/www.pumahue.cl\/huechuraba\/","name":"Colegio Pumahue Huechuraba","description":"Parte de Cognita Schools","publisher":{"@id":"https:\/\/www.pumahue.cl\/huechuraba\/#organization"},"potentialAction":[{"@type":"SearchAction","target":{"@type":"EntryPoint","urlTemplate":"https:\/\/www.pumahue.cl\/huechuraba\/?s={search_term_string}"},"query-input":{"@type":"PropertyValueSpecification","valueRequired":true,"valueName":"search_term_string"}}],"inLanguage":"es"},{"@type":"Organization","@id":"https:\/\/www.pumahue.cl\/huechuraba\/#organization","name":"Colegio Pumahue Huechuraba","url":"https:\/\/www.pumahue.cl\/huechuraba\/","logo":{"@type":"ImageObject","inLanguage":"es","@id":"https:\/\/www.pumahue.cl\/huechuraba\/#\/schema\/logo\/image\/","url":"https:\/\/www.pumahue.cl\/huechuraba\/wp-content\/uploads\/sites\/45\/2025\/02\/cropped-logo_Pumahue_.png","contentUrl":"https:\/\/www.pumahue.cl\/huechuraba\/wp-content\/uploads\/sites\/45\/2025\/02\/cropped-logo_Pumahue_.png","width":512,"height":512,"caption":"Colegio Pumahue Huechuraba"},"image":{"@id":"https:\/\/www.pumahue.cl\/huechuraba\/#\/schema\/logo\/image\/"},"sameAs":["https:\/\/www.facebook.com\/ColegiosPumahue","https:\/\/www.instagram.com\/colegiopumahue_huechuraba","https:\/\/www.youtube.com\/@CognitaChile"]},{"@type":"Person","@id":"https:\/\/www.pumahue.cl\/huechuraba\/#\/schema\/person\/0debeea140e397b5d490ee7e553255d8","name":"jorgedelcampo","image":{"@type":"ImageObject","inLanguage":"es","@id":"https:\/\/www.pumahue.cl\/huechuraba\/#\/schema\/person\/image\/","url":"https:\/\/secure.gravatar.com\/avatar\/4a315f521213b2dc91dbda9bf799f711c8a98ab6f5606ec42cf5b33d1e762e8a?s=96&d=mm&r=g","contentUrl":"https:\/\/secure.gravatar.com\/avatar\/4a315f521213b2dc91dbda9bf799f711c8a98ab6f5606ec42cf5b33d1e762e8a?s=96&d=mm&r=g","caption":"jorgedelcampo"}}]}},"jetpack_featured_media_url":"https:\/\/www.pumahue.cl\/huechuraba\/wp-content\/uploads\/sites\/45\/2023\/04\/7-7.jpg","previous_post_ID":14605,"previous_post_title":"Ceremonia de certificaci\u00f3n Cambridge estudiantes 5\u00b0 b\u00e1sico\u00f0\u0178\u2018\u008f\u00f0\u0178\u2018\u008f\u00e2\u0153\u00a8","previous_post_excerpt":"The MOVERS 2023 ceremony took place with great pride, where the 5th grade bilingual students received their certification. As a school, we understand the benefits that this type of certification can bring to our students, as they are tools that will open the doors to new challenges and opportunities. We thank all the people who [&hellip;]","previous_post_link":"https:\/\/www.pumahue.cl\/huechuraba\/noticias\/ceremonia-de-certificacion-cambridge-estudiantes-5-basico\/","previous_post_class":["post-14605","post","type-post","status-publish","format-standard","has-post-thumbnail","hentry","category-vida-escolar"],"next_post_ID":14666,"next_post_title":"Mes de la Seguridad en Pumahue Huechuraba","next_post_excerpt":"Este mes de mayo celebramos la segunda versi\u00f3n del Mes de la Seguridad en la red de colegios Cognita Chile. Tenemos la convicci\u00f3n de que asegurar la salud y seguridad de toda la comunidad educativa, es clave para cumplir nuestro compromiso con el bienestar integral de todos nuestros estudiantes. Les recordamos que el colegio cuenta [&hellip;]","next_post_link":"https:\/\/www.pumahue.cl\/huechuraba\/noticias\/mes-de-la-seguridad-en-pumahue-huechuraba\/","next_post_class":["post-14666","post","type-post","status-publish","format-standard","has-post-thumbnail","hentry","category-vida-escolar"],"jetpack_sharing_enabled":true,"_links":{"self":[{"href":"https:\/\/www.pumahue.cl\/huechuraba\/wp-json\/wp\/v2\/posts\/14627","targetHints":{"allow":["GET"]}}],"collection":[{"href":"https:\/\/www.pumahue.cl\/huechuraba\/wp-json\/wp\/v2\/posts"}],"about":[{"href":"https:\/\/www.pumahue.cl\/huechuraba\/wp-json\/wp\/v2\/types\/post"}],"author":[{"embeddable":true,"href":"https:\/\/www.pumahue.cl\/huechuraba\/wp-json\/wp\/v2\/users\/14"}],"replies":[{"embeddable":true,"href":"https:\/\/www.pumahue.cl\/huechuraba\/wp-json\/wp\/v2\/comments?post=14627"}],"version-history":[{"count":0,"href":"https:\/\/www.pumahue.cl\/huechuraba\/wp-json\/wp\/v2\/posts\/14627\/revisions"}],"wp:featuredmedia":[{"embeddable":true,"href":"https:\/\/www.pumahue.cl\/huechuraba\/wp-json\/wp\/v2\/media\/14635"}],"wp:attachment":[{"href":"https:\/\/www.pumahue.cl\/huechuraba\/wp-json\/wp\/v2\/media?parent=14627"}],"wp:term":[{"taxonomy":"category","embeddable":true,"href":"https:\/\/www.pumahue.cl\/huechuraba\/wp-json\/wp\/v2\/categories?post=14627"},{"taxonomy":"post_tag","embeddable":true,"href":"https:\/\/www.pumahue.cl\/huechuraba\/wp-json\/wp\/v2\/tags?post=14627"}],"curies":[{"name":"wp","href":"https:\/\/api.w.org\/{rel}","templated":true}]}}