{"id":15568,"date":"2023-10-02T13:08:54","date_gmt":"2023-10-02T16:08:54","guid":{"rendered":"https:\/\/www.pumahue.cl\/huechuraba\/?p=15568"},"modified":"2023-10-02T13:08:54","modified_gmt":"2023-10-02T16:08:54","slug":"campana-hablemos-invitacion-a-charla-para-apoderados-sobre-prevencion-de-conducta-suicida-en-estudiantes","status":"publish","type":"post","link":"https:\/\/www.pumahue.cl\/huechuraba\/noticias\/campana-hablemos-invitacion-a-charla-para-apoderados-sobre-prevencion-de-conducta-suicida-en-estudiantes\/","title":{"rendered":"Campa\u00f1a #Hablemos: invitaci\u00f3n a charla para apoderados sobre &#8220;Prevenci\u00f3n de Conducta Suicida en Estudiantes\u201d"},"content":{"rendered":"\n<p>Como parte de las actividades de nuestra campa\u00f1a anual de Salvaguarda #Hablemos, se realizar\u00e1 este <strong>19 de octubre<\/strong> una interesante charla de <strong>\u201cPrevenci\u00f3n de Conducta Suicida en Estudiantes\u201d<\/strong> orientada a nuestras familias, realizada por Paulina del R\u00edo, especialista en el tema y miembro de la Comisi\u00f3n de Alto Nivel de Salud Mental y Covid-19 de la Organizaci\u00f3n Panamericana de la Salud, quien ya ha capacitado al personal de nuestro colegio y a los Equipos de Salvaguarda de la red Cognita Chile.<\/p>\n\n\n\n<p>La charla se realizar\u00e1 de manera online el <strong>jueves 19 de octubre a las 19:00 hrs por Teams, <\/strong>a trav\u00e9s del siguiente link:<strong> <a href=\"https:\/\/events.teams.microsoft.com\/event\/29c2ec4d-2319-4589-8d9f-73a0b64508ff@06d2dc82-6fed-4d3b-9218-37d34fb0405b\" data-type=\"link\" data-id=\"https:\/\/events.teams.microsoft.com\/event\/29c2ec4d-2319-4589-8d9f-73a0b64508ff@06d2dc82-6fed-4d3b-9218-37d34fb0405b\" target=\"_blank\" rel=\"noreferrer noopener\">CON\u00c9CTESE AQU\u00cd.<\/a><\/strong><\/p>\n\n\n\n<p>Para el equipo de Salvaguarda, #el objetivo de este espacio es entregar conocimientos b\u00e1sicos de prevenci\u00f3n de suicidio, mediante el fomento de la salud mental de nuestros hijos e hijas, reconociendo los factores de riesgo y se\u00f1ales de alerta m\u00e1s frecuentes\u201d.<\/p>\n\n\n\n<p>\u201cCreemos que hablar de suicidio es salvar vidas. Lo que hacemos es abrir la mirada. Muchas veces somos un trampol\u00edn hacia un psic\u00f3logo o una terapia\u201d, comenta Paulina del R\u00edo en entrevista a importante medio nacional.<\/p>\n"},"excerpt":{"rendered":"<p>Como parte de las actividades de nuestra campa\u00f1a anual de Salvaguarda #Hablemos, se realizar\u00e1 este 19 de octubre una interesante charla de \u201cPrevenci\u00f3n de Conducta Suicida en Estudiantes\u201d orientada a nuestras familias, realizada por Paulina del R\u00edo, especialista en el tema y miembro de la Comisi\u00f3n de Alto Nivel de Salud Mental y Covid-19 de [&hellip;]<\/p>\n","protected":false},"author":14,"featured_media":15569,"comment_status":"open","ping_status":"open","sticky":false,"template":"","format":"standard","meta":{"_acf_changed":false,"content-type":"","_jetpack_memberships_contains_paid_content":false,"footnotes":""},"categories":[1],"tags":[],"class_list":["post-15568","post","type-post","status-publish","format-standard","has-post-thumbnail","hentry","category-vida-escolar"],"acf":[],"yoast_head":"<!-- This site is optimized with the Yoast SEO plugin v27.1.1 - https:\/\/yoast.com\/product\/yoast-seo-wordpress\/ -->\n<title>Campa\u00f1a #Hablemos: invitaci\u00f3n a charla para apoderados sobre &quot;Prevenci\u00f3n de Conducta Suicida en Estudiantes\u201d - Colegio Pumahue Huechuraba<\/title>\n<meta name=\"robots\" content=\"index, follow, max-snippet:-1, max-image-preview:large, max-video-preview:-1\" \/>\n<link rel=\"canonical\" href=\"https:\/\/www.pumahue.cl\/huechuraba\/noticias\/campana-hablemos-invitacion-a-charla-para-apoderados-sobre-prevencion-de-conducta-suicida-en-estudiantes\/\" \/>\n<meta property=\"og:locale\" content=\"es_ES\" \/>\n<meta property=\"og:type\" content=\"article\" \/>\n<meta property=\"og:title\" content=\"Campa\u00f1a #Hablemos: invitaci\u00f3n a charla para apoderados sobre &quot;Prevenci\u00f3n de Conducta Suicida en Estudiantes\u201d - Colegio Pumahue Huechuraba\" \/>\n<meta property=\"og:description\" content=\"Como parte de las actividades de nuestra campa\u00f1a anual de Salvaguarda #Hablemos, se realizar\u00e1 este 19 de octubre una interesante charla de \u201cPrevenci\u00f3n de Conducta Suicida en Estudiantes\u201d orientada a nuestras familias, realizada por Paulina del R\u00edo, especialista en el tema y miembro de la Comisi\u00f3n de Alto Nivel de Salud Mental y Covid-19 de [&hellip;]\" \/>\n<meta property=\"og:url\" content=\"https:\/\/www.pumahue.cl\/huechuraba\/noticias\/campana-hablemos-invitacion-a-charla-para-apoderados-sobre-prevencion-de-conducta-suicida-en-estudiantes\/\" \/>\n<meta property=\"og:site_name\" content=\"Colegio Pumahue Huechuraba\" \/>\n<meta property=\"article:publisher\" content=\"https:\/\/www.facebook.com\/ColegiosPumahue\" \/>\n<meta property=\"article:published_time\" content=\"2023-10-02T16:08:54+00:00\" \/>\n<meta property=\"og:image\" content=\"https:\/\/www.pumahue.cl\/huechuraba\/wp-content\/uploads\/sites\/45\/2023\/10\/prevencion-suicidio.png\" \/>\n\t<meta property=\"og:image:width\" content=\"836\" \/>\n\t<meta property=\"og:image:height\" content=\"523\" \/>\n\t<meta property=\"og:image:type\" content=\"image\/png\" \/>\n<meta name=\"author\" content=\"jorgedelcampo\" \/>\n<meta name=\"twitter:card\" content=\"summary_large_image\" \/>\n<meta name=\"twitter:label1\" content=\"Escrito por\" \/>\n\t<meta name=\"twitter:data1\" content=\"jorgedelcampo\" \/>\n\t<meta name=\"twitter:label2\" content=\"Tiempo de lectura\" \/>\n\t<meta name=\"twitter:data2\" content=\"1 minuto\" \/>\n<script type=\"application\/ld+json\" class=\"yoast-schema-graph\">{\"@context\":\"https:\/\/schema.org\",\"@graph\":[{\"@type\":\"Article\",\"@id\":\"https:\/\/www.pumahue.cl\/huechuraba\/noticias\/campana-hablemos-invitacion-a-charla-para-apoderados-sobre-prevencion-de-conducta-suicida-en-estudiantes\/#article\",\"isPartOf\":{\"@id\":\"https:\/\/www.pumahue.cl\/huechuraba\/noticias\/campana-hablemos-invitacion-a-charla-para-apoderados-sobre-prevencion-de-conducta-suicida-en-estudiantes\/\"},\"author\":{\"name\":\"jorgedelcampo\",\"@id\":\"https:\/\/www.pumahue.cl\/huechuraba\/#\/schema\/person\/0debeea140e397b5d490ee7e553255d8\"},\"headline\":\"Campa\u00f1a #Hablemos: invitaci\u00f3n a charla para apoderados sobre &#8220;Prevenci\u00f3n de Conducta Suicida en Estudiantes\u201d\",\"datePublished\":\"2023-10-02T16:08:54+00:00\",\"mainEntityOfPage\":{\"@id\":\"https:\/\/www.pumahue.cl\/huechuraba\/noticias\/campana-hablemos-invitacion-a-charla-para-apoderados-sobre-prevencion-de-conducta-suicida-en-estudiantes\/\"},\"wordCount\":211,\"commentCount\":0,\"publisher\":{\"@id\":\"https:\/\/www.pumahue.cl\/huechuraba\/#organization\"},\"image\":{\"@id\":\"https:\/\/www.pumahue.cl\/huechuraba\/noticias\/campana-hablemos-invitacion-a-charla-para-apoderados-sobre-prevencion-de-conducta-suicida-en-estudiantes\/#primaryimage\"},\"thumbnailUrl\":\"https:\/\/www.pumahue.cl\/huechuraba\/wp-content\/uploads\/sites\/45\/2023\/10\/prevencion-suicidio.png\",\"articleSection\":[\"Vida Escolar\"],\"inLanguage\":\"es\",\"potentialAction\":[{\"@type\":\"CommentAction\",\"name\":\"Comment\",\"target\":[\"https:\/\/www.pumahue.cl\/huechuraba\/noticias\/campana-hablemos-invitacion-a-charla-para-apoderados-sobre-prevencion-de-conducta-suicida-en-estudiantes\/#respond\"]}]},{\"@type\":\"WebPage\",\"@id\":\"https:\/\/www.pumahue.cl\/huechuraba\/noticias\/campana-hablemos-invitacion-a-charla-para-apoderados-sobre-prevencion-de-conducta-suicida-en-estudiantes\/\",\"url\":\"https:\/\/www.pumahue.cl\/huechuraba\/noticias\/campana-hablemos-invitacion-a-charla-para-apoderados-sobre-prevencion-de-conducta-suicida-en-estudiantes\/\",\"name\":\"Campa\u00f1a #Hablemos: invitaci\u00f3n a charla para apoderados sobre \\\"Prevenci\u00f3n de Conducta Suicida en Estudiantes\u201d - Colegio Pumahue Huechuraba\",\"isPartOf\":{\"@id\":\"https:\/\/www.pumahue.cl\/huechuraba\/#website\"},\"primaryImageOfPage\":{\"@id\":\"https:\/\/www.pumahue.cl\/huechuraba\/noticias\/campana-hablemos-invitacion-a-charla-para-apoderados-sobre-prevencion-de-conducta-suicida-en-estudiantes\/#primaryimage\"},\"image\":{\"@id\":\"https:\/\/www.pumahue.cl\/huechuraba\/noticias\/campana-hablemos-invitacion-a-charla-para-apoderados-sobre-prevencion-de-conducta-suicida-en-estudiantes\/#primaryimage\"},\"thumbnailUrl\":\"https:\/\/www.pumahue.cl\/huechuraba\/wp-content\/uploads\/sites\/45\/2023\/10\/prevencion-suicidio.png\",\"datePublished\":\"2023-10-02T16:08:54+00:00\",\"breadcrumb\":{\"@id\":\"https:\/\/www.pumahue.cl\/huechuraba\/noticias\/campana-hablemos-invitacion-a-charla-para-apoderados-sobre-prevencion-de-conducta-suicida-en-estudiantes\/#breadcrumb\"},\"inLanguage\":\"es\",\"potentialAction\":[{\"@type\":\"ReadAction\",\"target\":[\"https:\/\/www.pumahue.cl\/huechuraba\/noticias\/campana-hablemos-invitacion-a-charla-para-apoderados-sobre-prevencion-de-conducta-suicida-en-estudiantes\/\"]}]},{\"@type\":\"ImageObject\",\"inLanguage\":\"es\",\"@id\":\"https:\/\/www.pumahue.cl\/huechuraba\/noticias\/campana-hablemos-invitacion-a-charla-para-apoderados-sobre-prevencion-de-conducta-suicida-en-estudiantes\/#primaryimage\",\"url\":\"https:\/\/www.pumahue.cl\/huechuraba\/wp-content\/uploads\/sites\/45\/2023\/10\/prevencion-suicidio.png\",\"contentUrl\":\"https:\/\/www.pumahue.cl\/huechuraba\/wp-content\/uploads\/sites\/45\/2023\/10\/prevencion-suicidio.png\",\"width\":836,\"height\":523},{\"@type\":\"BreadcrumbList\",\"@id\":\"https:\/\/www.pumahue.cl\/huechuraba\/noticias\/campana-hablemos-invitacion-a-charla-para-apoderados-sobre-prevencion-de-conducta-suicida-en-estudiantes\/#breadcrumb\",\"itemListElement\":[{\"@type\":\"ListItem\",\"position\":1,\"name\":\"Home\",\"item\":\"https:\/\/www.pumahue.cl\/huechuraba\/\"},{\"@type\":\"ListItem\",\"position\":2,\"name\":\"Campa\u00f1a #Hablemos: invitaci\u00f3n a charla para apoderados sobre &#8220;Prevenci\u00f3n de Conducta Suicida en Estudiantes\u201d\"}]},{\"@type\":\"WebSite\",\"@id\":\"https:\/\/www.pumahue.cl\/huechuraba\/#website\",\"url\":\"https:\/\/www.pumahue.cl\/huechuraba\/\",\"name\":\"Colegio Pumahue Huechuraba\",\"description\":\"Parte de Cognita Schools\",\"publisher\":{\"@id\":\"https:\/\/www.pumahue.cl\/huechuraba\/#organization\"},\"potentialAction\":[{\"@type\":\"SearchAction\",\"target\":{\"@type\":\"EntryPoint\",\"urlTemplate\":\"https:\/\/www.pumahue.cl\/huechuraba\/?s={search_term_string}\"},\"query-input\":{\"@type\":\"PropertyValueSpecification\",\"valueRequired\":true,\"valueName\":\"search_term_string\"}}],\"inLanguage\":\"es\"},{\"@type\":\"Organization\",\"@id\":\"https:\/\/www.pumahue.cl\/huechuraba\/#organization\",\"name\":\"Colegio Pumahue Huechuraba\",\"url\":\"https:\/\/www.pumahue.cl\/huechuraba\/\",\"logo\":{\"@type\":\"ImageObject\",\"inLanguage\":\"es\",\"@id\":\"https:\/\/www.pumahue.cl\/huechuraba\/#\/schema\/logo\/image\/\",\"url\":\"https:\/\/www.pumahue.cl\/huechuraba\/wp-content\/uploads\/sites\/45\/2025\/02\/cropped-logo_Pumahue_.png\",\"contentUrl\":\"https:\/\/www.pumahue.cl\/huechuraba\/wp-content\/uploads\/sites\/45\/2025\/02\/cropped-logo_Pumahue_.png\",\"width\":512,\"height\":512,\"caption\":\"Colegio Pumahue Huechuraba\"},\"image\":{\"@id\":\"https:\/\/www.pumahue.cl\/huechuraba\/#\/schema\/logo\/image\/\"},\"sameAs\":[\"https:\/\/www.facebook.com\/ColegiosPumahue\",\"https:\/\/www.instagram.com\/colegiopumahue_huechuraba\",\"https:\/\/www.youtube.com\/@CognitaChile\"]},{\"@type\":\"Person\",\"@id\":\"https:\/\/www.pumahue.cl\/huechuraba\/#\/schema\/person\/0debeea140e397b5d490ee7e553255d8\",\"name\":\"jorgedelcampo\",\"image\":{\"@type\":\"ImageObject\",\"inLanguage\":\"es\",\"@id\":\"https:\/\/www.pumahue.cl\/huechuraba\/#\/schema\/person\/image\/\",\"url\":\"https:\/\/secure.gravatar.com\/avatar\/4a315f521213b2dc91dbda9bf799f711c8a98ab6f5606ec42cf5b33d1e762e8a?s=96&d=mm&r=g\",\"contentUrl\":\"https:\/\/secure.gravatar.com\/avatar\/4a315f521213b2dc91dbda9bf799f711c8a98ab6f5606ec42cf5b33d1e762e8a?s=96&d=mm&r=g\",\"caption\":\"jorgedelcampo\"}}]}<\/script>\n<!-- \/ Yoast SEO plugin. -->","yoast_head_json":{"title":"Campa\u00f1a #Hablemos: invitaci\u00f3n a charla para apoderados sobre \"Prevenci\u00f3n de Conducta Suicida en Estudiantes\u201d - Colegio Pumahue Huechuraba","robots":{"index":"index","follow":"follow","max-snippet":"max-snippet:-1","max-image-preview":"max-image-preview:large","max-video-preview":"max-video-preview:-1"},"canonical":"https:\/\/www.pumahue.cl\/huechuraba\/noticias\/campana-hablemos-invitacion-a-charla-para-apoderados-sobre-prevencion-de-conducta-suicida-en-estudiantes\/","og_locale":"es_ES","og_type":"article","og_title":"Campa\u00f1a #Hablemos: invitaci\u00f3n a charla para apoderados sobre \"Prevenci\u00f3n de Conducta Suicida en Estudiantes\u201d - Colegio Pumahue Huechuraba","og_description":"Como parte de las actividades de nuestra campa\u00f1a anual de Salvaguarda #Hablemos, se realizar\u00e1 este 19 de octubre una interesante charla de \u201cPrevenci\u00f3n de Conducta Suicida en Estudiantes\u201d orientada a nuestras familias, realizada por Paulina del R\u00edo, especialista en el tema y miembro de la Comisi\u00f3n de Alto Nivel de Salud Mental y Covid-19 de [&hellip;]","og_url":"https:\/\/www.pumahue.cl\/huechuraba\/noticias\/campana-hablemos-invitacion-a-charla-para-apoderados-sobre-prevencion-de-conducta-suicida-en-estudiantes\/","og_site_name":"Colegio Pumahue Huechuraba","article_publisher":"https:\/\/www.facebook.com\/ColegiosPumahue","article_published_time":"2023-10-02T16:08:54+00:00","og_image":[{"width":836,"height":523,"url":"https:\/\/www.pumahue.cl\/huechuraba\/wp-content\/uploads\/sites\/45\/2023\/10\/prevencion-suicidio.png","type":"image\/png"}],"author":"jorgedelcampo","twitter_card":"summary_large_image","twitter_misc":{"Escrito por":"jorgedelcampo","Tiempo de lectura":"1 minuto"},"schema":{"@context":"https:\/\/schema.org","@graph":[{"@type":"Article","@id":"https:\/\/www.pumahue.cl\/huechuraba\/noticias\/campana-hablemos-invitacion-a-charla-para-apoderados-sobre-prevencion-de-conducta-suicida-en-estudiantes\/#article","isPartOf":{"@id":"https:\/\/www.pumahue.cl\/huechuraba\/noticias\/campana-hablemos-invitacion-a-charla-para-apoderados-sobre-prevencion-de-conducta-suicida-en-estudiantes\/"},"author":{"name":"jorgedelcampo","@id":"https:\/\/www.pumahue.cl\/huechuraba\/#\/schema\/person\/0debeea140e397b5d490ee7e553255d8"},"headline":"Campa\u00f1a #Hablemos: invitaci\u00f3n a charla para apoderados sobre &#8220;Prevenci\u00f3n de Conducta Suicida en Estudiantes\u201d","datePublished":"2023-10-02T16:08:54+00:00","mainEntityOfPage":{"@id":"https:\/\/www.pumahue.cl\/huechuraba\/noticias\/campana-hablemos-invitacion-a-charla-para-apoderados-sobre-prevencion-de-conducta-suicida-en-estudiantes\/"},"wordCount":211,"commentCount":0,"publisher":{"@id":"https:\/\/www.pumahue.cl\/huechuraba\/#organization"},"image":{"@id":"https:\/\/www.pumahue.cl\/huechuraba\/noticias\/campana-hablemos-invitacion-a-charla-para-apoderados-sobre-prevencion-de-conducta-suicida-en-estudiantes\/#primaryimage"},"thumbnailUrl":"https:\/\/www.pumahue.cl\/huechuraba\/wp-content\/uploads\/sites\/45\/2023\/10\/prevencion-suicidio.png","articleSection":["Vida Escolar"],"inLanguage":"es","potentialAction":[{"@type":"CommentAction","name":"Comment","target":["https:\/\/www.pumahue.cl\/huechuraba\/noticias\/campana-hablemos-invitacion-a-charla-para-apoderados-sobre-prevencion-de-conducta-suicida-en-estudiantes\/#respond"]}]},{"@type":"WebPage","@id":"https:\/\/www.pumahue.cl\/huechuraba\/noticias\/campana-hablemos-invitacion-a-charla-para-apoderados-sobre-prevencion-de-conducta-suicida-en-estudiantes\/","url":"https:\/\/www.pumahue.cl\/huechuraba\/noticias\/campana-hablemos-invitacion-a-charla-para-apoderados-sobre-prevencion-de-conducta-suicida-en-estudiantes\/","name":"Campa\u00f1a #Hablemos: invitaci\u00f3n a charla para apoderados sobre \"Prevenci\u00f3n de Conducta Suicida en Estudiantes\u201d - Colegio Pumahue Huechuraba","isPartOf":{"@id":"https:\/\/www.pumahue.cl\/huechuraba\/#website"},"primaryImageOfPage":{"@id":"https:\/\/www.pumahue.cl\/huechuraba\/noticias\/campana-hablemos-invitacion-a-charla-para-apoderados-sobre-prevencion-de-conducta-suicida-en-estudiantes\/#primaryimage"},"image":{"@id":"https:\/\/www.pumahue.cl\/huechuraba\/noticias\/campana-hablemos-invitacion-a-charla-para-apoderados-sobre-prevencion-de-conducta-suicida-en-estudiantes\/#primaryimage"},"thumbnailUrl":"https:\/\/www.pumahue.cl\/huechuraba\/wp-content\/uploads\/sites\/45\/2023\/10\/prevencion-suicidio.png","datePublished":"2023-10-02T16:08:54+00:00","breadcrumb":{"@id":"https:\/\/www.pumahue.cl\/huechuraba\/noticias\/campana-hablemos-invitacion-a-charla-para-apoderados-sobre-prevencion-de-conducta-suicida-en-estudiantes\/#breadcrumb"},"inLanguage":"es","potentialAction":[{"@type":"ReadAction","target":["https:\/\/www.pumahue.cl\/huechuraba\/noticias\/campana-hablemos-invitacion-a-charla-para-apoderados-sobre-prevencion-de-conducta-suicida-en-estudiantes\/"]}]},{"@type":"ImageObject","inLanguage":"es","@id":"https:\/\/www.pumahue.cl\/huechuraba\/noticias\/campana-hablemos-invitacion-a-charla-para-apoderados-sobre-prevencion-de-conducta-suicida-en-estudiantes\/#primaryimage","url":"https:\/\/www.pumahue.cl\/huechuraba\/wp-content\/uploads\/sites\/45\/2023\/10\/prevencion-suicidio.png","contentUrl":"https:\/\/www.pumahue.cl\/huechuraba\/wp-content\/uploads\/sites\/45\/2023\/10\/prevencion-suicidio.png","width":836,"height":523},{"@type":"BreadcrumbList","@id":"https:\/\/www.pumahue.cl\/huechuraba\/noticias\/campana-hablemos-invitacion-a-charla-para-apoderados-sobre-prevencion-de-conducta-suicida-en-estudiantes\/#breadcrumb","itemListElement":[{"@type":"ListItem","position":1,"name":"Home","item":"https:\/\/www.pumahue.cl\/huechuraba\/"},{"@type":"ListItem","position":2,"name":"Campa\u00f1a #Hablemos: invitaci\u00f3n a charla para apoderados sobre &#8220;Prevenci\u00f3n de Conducta Suicida en Estudiantes\u201d"}]},{"@type":"WebSite","@id":"https:\/\/www.pumahue.cl\/huechuraba\/#website","url":"https:\/\/www.pumahue.cl\/huechuraba\/","name":"Colegio Pumahue Huechuraba","description":"Parte de Cognita Schools","publisher":{"@id":"https:\/\/www.pumahue.cl\/huechuraba\/#organization"},"potentialAction":[{"@type":"SearchAction","target":{"@type":"EntryPoint","urlTemplate":"https:\/\/www.pumahue.cl\/huechuraba\/?s={search_term_string}"},"query-input":{"@type":"PropertyValueSpecification","valueRequired":true,"valueName":"search_term_string"}}],"inLanguage":"es"},{"@type":"Organization","@id":"https:\/\/www.pumahue.cl\/huechuraba\/#organization","name":"Colegio Pumahue Huechuraba","url":"https:\/\/www.pumahue.cl\/huechuraba\/","logo":{"@type":"ImageObject","inLanguage":"es","@id":"https:\/\/www.pumahue.cl\/huechuraba\/#\/schema\/logo\/image\/","url":"https:\/\/www.pumahue.cl\/huechuraba\/wp-content\/uploads\/sites\/45\/2025\/02\/cropped-logo_Pumahue_.png","contentUrl":"https:\/\/www.pumahue.cl\/huechuraba\/wp-content\/uploads\/sites\/45\/2025\/02\/cropped-logo_Pumahue_.png","width":512,"height":512,"caption":"Colegio Pumahue Huechuraba"},"image":{"@id":"https:\/\/www.pumahue.cl\/huechuraba\/#\/schema\/logo\/image\/"},"sameAs":["https:\/\/www.facebook.com\/ColegiosPumahue","https:\/\/www.instagram.com\/colegiopumahue_huechuraba","https:\/\/www.youtube.com\/@CognitaChile"]},{"@type":"Person","@id":"https:\/\/www.pumahue.cl\/huechuraba\/#\/schema\/person\/0debeea140e397b5d490ee7e553255d8","name":"jorgedelcampo","image":{"@type":"ImageObject","inLanguage":"es","@id":"https:\/\/www.pumahue.cl\/huechuraba\/#\/schema\/person\/image\/","url":"https:\/\/secure.gravatar.com\/avatar\/4a315f521213b2dc91dbda9bf799f711c8a98ab6f5606ec42cf5b33d1e762e8a?s=96&d=mm&r=g","contentUrl":"https:\/\/secure.gravatar.com\/avatar\/4a315f521213b2dc91dbda9bf799f711c8a98ab6f5606ec42cf5b33d1e762e8a?s=96&d=mm&r=g","caption":"jorgedelcampo"}}]}},"jetpack_featured_media_url":"https:\/\/www.pumahue.cl\/huechuraba\/wp-content\/uploads\/sites\/45\/2023\/10\/prevencion-suicidio.png","previous_post_ID":15515,"previous_post_title":"Primer Encuentro de Estudiantes Biling\u00fces","previous_post_excerpt":"El 20 de octubre se realizar\u00e1 el primer Bilingual Student Summit (encuentro de estudiantes biling\u00fces), organizada por red Cognita Chile, con el apoyo de Cambridge Assesment International Education y la agrupaci\u00f3n English Speaking Union (ESU), el cual reunir\u00e1 a m\u00e1s de 70 estudiantes de los colegios biling\u00fces m\u00e1s prestigiosos de Santiago. Estudiantes de 7\u00b0 b\u00e1sico [&hellip;]","previous_post_link":"https:\/\/www.pumahue.cl\/huechuraba\/noticias\/primer-encuentro-de-estudiantes-bilingues\/","previous_post_class":["post-15515","post","type-post","status-publish","format-standard","has-post-thumbnail","hentry","category-vida-escolar"],"next_post_ID":15571,"next_post_title":"1era Feria de Salud Mental","next_post_excerpt":"En el marco de la campa\u00f1a anual de Salvaguarda #Hablemos, e integrando gran parte del trabajo formativo del programa Desarrollando L\u00edderes Inspiradores (DLI), este 11 de octubre celebramos el D\u00eda Mundial de la Salud Mental realizando la I Feria de Salud Mental, la cual tiene como objetivo promover el bienestar y sanidad mental de manera [&hellip;]","next_post_link":"https:\/\/www.pumahue.cl\/huechuraba\/noticias\/1era-feria-de-salud-mental\/","next_post_class":["post-15571","post","type-post","status-publish","format-standard","has-post-thumbnail","hentry","category-vida-escolar"],"jetpack_sharing_enabled":true,"_links":{"self":[{"href":"https:\/\/www.pumahue.cl\/huechuraba\/wp-json\/wp\/v2\/posts\/15568","targetHints":{"allow":["GET"]}}],"collection":[{"href":"https:\/\/www.pumahue.cl\/huechuraba\/wp-json\/wp\/v2\/posts"}],"about":[{"href":"https:\/\/www.pumahue.cl\/huechuraba\/wp-json\/wp\/v2\/types\/post"}],"author":[{"embeddable":true,"href":"https:\/\/www.pumahue.cl\/huechuraba\/wp-json\/wp\/v2\/users\/14"}],"replies":[{"embeddable":true,"href":"https:\/\/www.pumahue.cl\/huechuraba\/wp-json\/wp\/v2\/comments?post=15568"}],"version-history":[{"count":0,"href":"https:\/\/www.pumahue.cl\/huechuraba\/wp-json\/wp\/v2\/posts\/15568\/revisions"}],"wp:featuredmedia":[{"embeddable":true,"href":"https:\/\/www.pumahue.cl\/huechuraba\/wp-json\/wp\/v2\/media\/15569"}],"wp:attachment":[{"href":"https:\/\/www.pumahue.cl\/huechuraba\/wp-json\/wp\/v2\/media?parent=15568"}],"wp:term":[{"taxonomy":"category","embeddable":true,"href":"https:\/\/www.pumahue.cl\/huechuraba\/wp-json\/wp\/v2\/categories?post=15568"},{"taxonomy":"post_tag","embeddable":true,"href":"https:\/\/www.pumahue.cl\/huechuraba\/wp-json\/wp\/v2\/tags?post=15568"}],"curies":[{"name":"wp","href":"https:\/\/api.w.org\/{rel}","templated":true}]}}