{"id":15661,"date":"2023-10-19T21:49:56","date_gmt":"2023-10-20T00:49:56","guid":{"rendered":"https:\/\/www.pumahue.cl\/huechuraba\/?p=15661"},"modified":"2023-10-19T21:49:56","modified_gmt":"2023-10-20T00:49:56","slug":"exitosa-1-feria-de-salud-mental","status":"publish","type":"post","link":"https:\/\/www.pumahue.cl\/huechuraba\/noticias\/exitosa-1-feria-de-salud-mental\/","title":{"rendered":"Exitosa 1\u00b0 Feria de Salud Mental\ud83e\udde0\u2728"},"content":{"rendered":"\n<p>En el marco de la campa\u00f1a anual de Salvaguarda #Hablemos, e integrando gran parte del trabajo formativo del programa Desarrollando L\u00edderes Inspiradores (DLI), este 11 de octubre celebramos el D\u00eda Mundial de la Salud Mental realizando la I Feria de Salud Mental, la cual tuvo como objetivo promover el bienestar y sanidad mental de manera integral en nuestros estudiantes y docentes.<\/p>\n\n\n\n<p>La actividad ha sido organizada por los equipos formativos, psicoeducativos y de Salvaguarda y Convivencia Escolar, y fue presentada en diferentes stands de estudiantes de educaci\u00f3n media y educaci\u00f3n b\u00e1sica, en los cuales presentaron una variedad de temas en una muestra en el patio central y en el patio de media.<\/p>\n\n\n\n<p>Esta primera Feria de Salud Mental abord\u00f3 4 dimensiones: Cuerpo (alimentaci\u00f3n, higiene del sue\u00f1o, deporte y autocuidado); Mente (pensamientos y juicios sobre m\u00ed mismo; mentalidad de crecimiento y paradigmas limitantes; impacto de RRSS en mis pensamientos, entre otros); Gratitud (autoconocimiento; ser consecuente (pensamiento y acci\u00f3n); ser l\u00edderes, entre otros) y Coraz\u00f3n (Expresi\u00f3n y gesti\u00f3n de emociones, Caja de emociones, entre otros).<\/p>\n\n\n\n<p>Seg\u00fan comenta nuestra Designada de Salvaguarda, Miss Magdalena Palomino, &#8220;esta instancia permiti\u00f3 a los estudiantes conectarse con ellos mismos y que reforzar\u00e1n la importancia del bienestar y resguardar su salud mental cuidando las cuatro dimensiones abordadas&#8221;.<\/p>\n\n\n\n<p><strong><a href=\"https:\/\/www.pumahue.cl\/huechuraba\/galeria-1-feria-de-salud-mental\/\" data-type=\"link\" data-id=\"https:\/\/www.pumahue.cl\/huechuraba\/galeria-1-feria-de-salud-mental\/\">REVISE GALER\u00cdA AQU\u00cd<\/a><\/strong><\/p>\n\n\n\n<p>[multimedia id=&#8221;1&#8243;]<\/p>\n"},"excerpt":{"rendered":"<p>En el marco de la campa\u00f1a anual de Salvaguarda #Hablemos, e integrando gran parte del trabajo formativo del programa Desarrollando L\u00edderes Inspiradores (DLI), este 11 de octubre celebramos el D\u00eda Mundial de la Salud Mental realizando la I Feria de Salud Mental, la cual tuvo como objetivo promover el bienestar y sanidad mental de manera [&hellip;]<\/p>\n","protected":false},"author":14,"featured_media":15684,"comment_status":"open","ping_status":"open","sticky":false,"template":"","format":"standard","meta":{"_acf_changed":false,"content-type":"","_jetpack_memberships_contains_paid_content":false,"footnotes":""},"categories":[1],"tags":[],"class_list":["post-15661","post","type-post","status-publish","format-standard","has-post-thumbnail","hentry","category-vida-escolar"],"acf":[],"yoast_head":"<!-- This site is optimized with the Yoast SEO plugin v27.1.1 - https:\/\/yoast.com\/product\/yoast-seo-wordpress\/ -->\n<title>Exitosa 1\u00b0 Feria de Salud Mental\ud83e\udde0\u2728 - Colegio Pumahue Huechuraba<\/title>\n<meta name=\"robots\" content=\"index, follow, max-snippet:-1, max-image-preview:large, max-video-preview:-1\" \/>\n<link rel=\"canonical\" href=\"https:\/\/www.pumahue.cl\/huechuraba\/noticias\/exitosa-1-feria-de-salud-mental\/\" \/>\n<meta property=\"og:locale\" content=\"es_ES\" \/>\n<meta property=\"og:type\" content=\"article\" \/>\n<meta property=\"og:title\" content=\"Exitosa 1\u00b0 Feria de Salud Mental\ud83e\udde0\u2728 - Colegio Pumahue Huechuraba\" \/>\n<meta property=\"og:description\" content=\"En el marco de la campa\u00f1a anual de Salvaguarda #Hablemos, e integrando gran parte del trabajo formativo del programa Desarrollando L\u00edderes Inspiradores (DLI), este 11 de octubre celebramos el D\u00eda Mundial de la Salud Mental realizando la I Feria de Salud Mental, la cual tuvo como objetivo promover el bienestar y sanidad mental de manera [&hellip;]\" \/>\n<meta property=\"og:url\" content=\"https:\/\/www.pumahue.cl\/huechuraba\/noticias\/exitosa-1-feria-de-salud-mental\/\" \/>\n<meta property=\"og:site_name\" content=\"Colegio Pumahue Huechuraba\" \/>\n<meta property=\"article:publisher\" content=\"https:\/\/www.facebook.com\/ColegiosPumahue\" \/>\n<meta property=\"article:published_time\" content=\"2023-10-20T00:49:56+00:00\" \/>\n<meta property=\"og:image\" content=\"https:\/\/www.pumahue.cl\/huechuraba\/wp-content\/uploads\/sites\/45\/2023\/10\/23.jpg\" \/>\n\t<meta property=\"og:image:width\" content=\"836\" \/>\n\t<meta property=\"og:image:height\" content=\"523\" \/>\n\t<meta property=\"og:image:type\" content=\"image\/jpeg\" \/>\n<meta name=\"author\" content=\"jorgedelcampo\" \/>\n<meta name=\"twitter:card\" content=\"summary_large_image\" \/>\n<meta name=\"twitter:label1\" content=\"Escrito por\" \/>\n\t<meta name=\"twitter:data1\" content=\"jorgedelcampo\" \/>\n\t<meta name=\"twitter:label2\" content=\"Tiempo de lectura\" \/>\n\t<meta name=\"twitter:data2\" content=\"1 minuto\" \/>\n<script type=\"application\/ld+json\" class=\"yoast-schema-graph\">{\"@context\":\"https:\/\/schema.org\",\"@graph\":[{\"@type\":\"Article\",\"@id\":\"https:\/\/www.pumahue.cl\/huechuraba\/noticias\/exitosa-1-feria-de-salud-mental\/#article\",\"isPartOf\":{\"@id\":\"https:\/\/www.pumahue.cl\/huechuraba\/noticias\/exitosa-1-feria-de-salud-mental\/\"},\"author\":{\"name\":\"jorgedelcampo\",\"@id\":\"https:\/\/www.pumahue.cl\/huechuraba\/#\/schema\/person\/0debeea140e397b5d490ee7e553255d8\"},\"headline\":\"Exitosa 1\u00b0 Feria de Salud Mental\ud83e\udde0\u2728\",\"datePublished\":\"2023-10-20T00:49:56+00:00\",\"mainEntityOfPage\":{\"@id\":\"https:\/\/www.pumahue.cl\/huechuraba\/noticias\/exitosa-1-feria-de-salud-mental\/\"},\"wordCount\":233,\"commentCount\":0,\"publisher\":{\"@id\":\"https:\/\/www.pumahue.cl\/huechuraba\/#organization\"},\"image\":{\"@id\":\"https:\/\/www.pumahue.cl\/huechuraba\/noticias\/exitosa-1-feria-de-salud-mental\/#primaryimage\"},\"thumbnailUrl\":\"https:\/\/www.pumahue.cl\/huechuraba\/wp-content\/uploads\/sites\/45\/2023\/10\/23.jpg\",\"articleSection\":[\"Vida Escolar\"],\"inLanguage\":\"es\",\"potentialAction\":[{\"@type\":\"CommentAction\",\"name\":\"Comment\",\"target\":[\"https:\/\/www.pumahue.cl\/huechuraba\/noticias\/exitosa-1-feria-de-salud-mental\/#respond\"]}]},{\"@type\":\"WebPage\",\"@id\":\"https:\/\/www.pumahue.cl\/huechuraba\/noticias\/exitosa-1-feria-de-salud-mental\/\",\"url\":\"https:\/\/www.pumahue.cl\/huechuraba\/noticias\/exitosa-1-feria-de-salud-mental\/\",\"name\":\"Exitosa 1\u00b0 Feria de Salud Mental\ud83e\udde0\u2728 - Colegio Pumahue Huechuraba\",\"isPartOf\":{\"@id\":\"https:\/\/www.pumahue.cl\/huechuraba\/#website\"},\"primaryImageOfPage\":{\"@id\":\"https:\/\/www.pumahue.cl\/huechuraba\/noticias\/exitosa-1-feria-de-salud-mental\/#primaryimage\"},\"image\":{\"@id\":\"https:\/\/www.pumahue.cl\/huechuraba\/noticias\/exitosa-1-feria-de-salud-mental\/#primaryimage\"},\"thumbnailUrl\":\"https:\/\/www.pumahue.cl\/huechuraba\/wp-content\/uploads\/sites\/45\/2023\/10\/23.jpg\",\"datePublished\":\"2023-10-20T00:49:56+00:00\",\"breadcrumb\":{\"@id\":\"https:\/\/www.pumahue.cl\/huechuraba\/noticias\/exitosa-1-feria-de-salud-mental\/#breadcrumb\"},\"inLanguage\":\"es\",\"potentialAction\":[{\"@type\":\"ReadAction\",\"target\":[\"https:\/\/www.pumahue.cl\/huechuraba\/noticias\/exitosa-1-feria-de-salud-mental\/\"]}]},{\"@type\":\"ImageObject\",\"inLanguage\":\"es\",\"@id\":\"https:\/\/www.pumahue.cl\/huechuraba\/noticias\/exitosa-1-feria-de-salud-mental\/#primaryimage\",\"url\":\"https:\/\/www.pumahue.cl\/huechuraba\/wp-content\/uploads\/sites\/45\/2023\/10\/23.jpg\",\"contentUrl\":\"https:\/\/www.pumahue.cl\/huechuraba\/wp-content\/uploads\/sites\/45\/2023\/10\/23.jpg\",\"width\":836,\"height\":523},{\"@type\":\"BreadcrumbList\",\"@id\":\"https:\/\/www.pumahue.cl\/huechuraba\/noticias\/exitosa-1-feria-de-salud-mental\/#breadcrumb\",\"itemListElement\":[{\"@type\":\"ListItem\",\"position\":1,\"name\":\"Home\",\"item\":\"https:\/\/www.pumahue.cl\/huechuraba\/\"},{\"@type\":\"ListItem\",\"position\":2,\"name\":\"Exitosa 1\u00b0 Feria de Salud Mental\ud83e\udde0\u2728\"}]},{\"@type\":\"WebSite\",\"@id\":\"https:\/\/www.pumahue.cl\/huechuraba\/#website\",\"url\":\"https:\/\/www.pumahue.cl\/huechuraba\/\",\"name\":\"Colegio Pumahue Huechuraba\",\"description\":\"Parte de Cognita Schools\",\"publisher\":{\"@id\":\"https:\/\/www.pumahue.cl\/huechuraba\/#organization\"},\"potentialAction\":[{\"@type\":\"SearchAction\",\"target\":{\"@type\":\"EntryPoint\",\"urlTemplate\":\"https:\/\/www.pumahue.cl\/huechuraba\/?s={search_term_string}\"},\"query-input\":{\"@type\":\"PropertyValueSpecification\",\"valueRequired\":true,\"valueName\":\"search_term_string\"}}],\"inLanguage\":\"es\"},{\"@type\":\"Organization\",\"@id\":\"https:\/\/www.pumahue.cl\/huechuraba\/#organization\",\"name\":\"Colegio Pumahue Huechuraba\",\"url\":\"https:\/\/www.pumahue.cl\/huechuraba\/\",\"logo\":{\"@type\":\"ImageObject\",\"inLanguage\":\"es\",\"@id\":\"https:\/\/www.pumahue.cl\/huechuraba\/#\/schema\/logo\/image\/\",\"url\":\"https:\/\/www.pumahue.cl\/huechuraba\/wp-content\/uploads\/sites\/45\/2025\/02\/cropped-logo_Pumahue_.png\",\"contentUrl\":\"https:\/\/www.pumahue.cl\/huechuraba\/wp-content\/uploads\/sites\/45\/2025\/02\/cropped-logo_Pumahue_.png\",\"width\":512,\"height\":512,\"caption\":\"Colegio Pumahue Huechuraba\"},\"image\":{\"@id\":\"https:\/\/www.pumahue.cl\/huechuraba\/#\/schema\/logo\/image\/\"},\"sameAs\":[\"https:\/\/www.facebook.com\/ColegiosPumahue\",\"https:\/\/www.instagram.com\/colegiopumahue_huechuraba\",\"https:\/\/www.youtube.com\/@CognitaChile\"]},{\"@type\":\"Person\",\"@id\":\"https:\/\/www.pumahue.cl\/huechuraba\/#\/schema\/person\/0debeea140e397b5d490ee7e553255d8\",\"name\":\"jorgedelcampo\",\"image\":{\"@type\":\"ImageObject\",\"inLanguage\":\"es\",\"@id\":\"https:\/\/www.pumahue.cl\/huechuraba\/#\/schema\/person\/image\/\",\"url\":\"https:\/\/secure.gravatar.com\/avatar\/4a315f521213b2dc91dbda9bf799f711c8a98ab6f5606ec42cf5b33d1e762e8a?s=96&d=mm&r=g\",\"contentUrl\":\"https:\/\/secure.gravatar.com\/avatar\/4a315f521213b2dc91dbda9bf799f711c8a98ab6f5606ec42cf5b33d1e762e8a?s=96&d=mm&r=g\",\"caption\":\"jorgedelcampo\"}}]}<\/script>\n<!-- \/ Yoast SEO plugin. -->","yoast_head_json":{"title":"Exitosa 1\u00b0 Feria de Salud Mental\ud83e\udde0\u2728 - Colegio Pumahue Huechuraba","robots":{"index":"index","follow":"follow","max-snippet":"max-snippet:-1","max-image-preview":"max-image-preview:large","max-video-preview":"max-video-preview:-1"},"canonical":"https:\/\/www.pumahue.cl\/huechuraba\/noticias\/exitosa-1-feria-de-salud-mental\/","og_locale":"es_ES","og_type":"article","og_title":"Exitosa 1\u00b0 Feria de Salud Mental\ud83e\udde0\u2728 - Colegio Pumahue Huechuraba","og_description":"En el marco de la campa\u00f1a anual de Salvaguarda #Hablemos, e integrando gran parte del trabajo formativo del programa Desarrollando L\u00edderes Inspiradores (DLI), este 11 de octubre celebramos el D\u00eda Mundial de la Salud Mental realizando la I Feria de Salud Mental, la cual tuvo como objetivo promover el bienestar y sanidad mental de manera [&hellip;]","og_url":"https:\/\/www.pumahue.cl\/huechuraba\/noticias\/exitosa-1-feria-de-salud-mental\/","og_site_name":"Colegio Pumahue Huechuraba","article_publisher":"https:\/\/www.facebook.com\/ColegiosPumahue","article_published_time":"2023-10-20T00:49:56+00:00","og_image":[{"width":836,"height":523,"url":"https:\/\/www.pumahue.cl\/huechuraba\/wp-content\/uploads\/sites\/45\/2023\/10\/23.jpg","type":"image\/jpeg"}],"author":"jorgedelcampo","twitter_card":"summary_large_image","twitter_misc":{"Escrito por":"jorgedelcampo","Tiempo de lectura":"1 minuto"},"schema":{"@context":"https:\/\/schema.org","@graph":[{"@type":"Article","@id":"https:\/\/www.pumahue.cl\/huechuraba\/noticias\/exitosa-1-feria-de-salud-mental\/#article","isPartOf":{"@id":"https:\/\/www.pumahue.cl\/huechuraba\/noticias\/exitosa-1-feria-de-salud-mental\/"},"author":{"name":"jorgedelcampo","@id":"https:\/\/www.pumahue.cl\/huechuraba\/#\/schema\/person\/0debeea140e397b5d490ee7e553255d8"},"headline":"Exitosa 1\u00b0 Feria de Salud Mental\ud83e\udde0\u2728","datePublished":"2023-10-20T00:49:56+00:00","mainEntityOfPage":{"@id":"https:\/\/www.pumahue.cl\/huechuraba\/noticias\/exitosa-1-feria-de-salud-mental\/"},"wordCount":233,"commentCount":0,"publisher":{"@id":"https:\/\/www.pumahue.cl\/huechuraba\/#organization"},"image":{"@id":"https:\/\/www.pumahue.cl\/huechuraba\/noticias\/exitosa-1-feria-de-salud-mental\/#primaryimage"},"thumbnailUrl":"https:\/\/www.pumahue.cl\/huechuraba\/wp-content\/uploads\/sites\/45\/2023\/10\/23.jpg","articleSection":["Vida Escolar"],"inLanguage":"es","potentialAction":[{"@type":"CommentAction","name":"Comment","target":["https:\/\/www.pumahue.cl\/huechuraba\/noticias\/exitosa-1-feria-de-salud-mental\/#respond"]}]},{"@type":"WebPage","@id":"https:\/\/www.pumahue.cl\/huechuraba\/noticias\/exitosa-1-feria-de-salud-mental\/","url":"https:\/\/www.pumahue.cl\/huechuraba\/noticias\/exitosa-1-feria-de-salud-mental\/","name":"Exitosa 1\u00b0 Feria de Salud Mental\ud83e\udde0\u2728 - Colegio Pumahue Huechuraba","isPartOf":{"@id":"https:\/\/www.pumahue.cl\/huechuraba\/#website"},"primaryImageOfPage":{"@id":"https:\/\/www.pumahue.cl\/huechuraba\/noticias\/exitosa-1-feria-de-salud-mental\/#primaryimage"},"image":{"@id":"https:\/\/www.pumahue.cl\/huechuraba\/noticias\/exitosa-1-feria-de-salud-mental\/#primaryimage"},"thumbnailUrl":"https:\/\/www.pumahue.cl\/huechuraba\/wp-content\/uploads\/sites\/45\/2023\/10\/23.jpg","datePublished":"2023-10-20T00:49:56+00:00","breadcrumb":{"@id":"https:\/\/www.pumahue.cl\/huechuraba\/noticias\/exitosa-1-feria-de-salud-mental\/#breadcrumb"},"inLanguage":"es","potentialAction":[{"@type":"ReadAction","target":["https:\/\/www.pumahue.cl\/huechuraba\/noticias\/exitosa-1-feria-de-salud-mental\/"]}]},{"@type":"ImageObject","inLanguage":"es","@id":"https:\/\/www.pumahue.cl\/huechuraba\/noticias\/exitosa-1-feria-de-salud-mental\/#primaryimage","url":"https:\/\/www.pumahue.cl\/huechuraba\/wp-content\/uploads\/sites\/45\/2023\/10\/23.jpg","contentUrl":"https:\/\/www.pumahue.cl\/huechuraba\/wp-content\/uploads\/sites\/45\/2023\/10\/23.jpg","width":836,"height":523},{"@type":"BreadcrumbList","@id":"https:\/\/www.pumahue.cl\/huechuraba\/noticias\/exitosa-1-feria-de-salud-mental\/#breadcrumb","itemListElement":[{"@type":"ListItem","position":1,"name":"Home","item":"https:\/\/www.pumahue.cl\/huechuraba\/"},{"@type":"ListItem","position":2,"name":"Exitosa 1\u00b0 Feria de Salud Mental\ud83e\udde0\u2728"}]},{"@type":"WebSite","@id":"https:\/\/www.pumahue.cl\/huechuraba\/#website","url":"https:\/\/www.pumahue.cl\/huechuraba\/","name":"Colegio Pumahue Huechuraba","description":"Parte de Cognita Schools","publisher":{"@id":"https:\/\/www.pumahue.cl\/huechuraba\/#organization"},"potentialAction":[{"@type":"SearchAction","target":{"@type":"EntryPoint","urlTemplate":"https:\/\/www.pumahue.cl\/huechuraba\/?s={search_term_string}"},"query-input":{"@type":"PropertyValueSpecification","valueRequired":true,"valueName":"search_term_string"}}],"inLanguage":"es"},{"@type":"Organization","@id":"https:\/\/www.pumahue.cl\/huechuraba\/#organization","name":"Colegio Pumahue Huechuraba","url":"https:\/\/www.pumahue.cl\/huechuraba\/","logo":{"@type":"ImageObject","inLanguage":"es","@id":"https:\/\/www.pumahue.cl\/huechuraba\/#\/schema\/logo\/image\/","url":"https:\/\/www.pumahue.cl\/huechuraba\/wp-content\/uploads\/sites\/45\/2025\/02\/cropped-logo_Pumahue_.png","contentUrl":"https:\/\/www.pumahue.cl\/huechuraba\/wp-content\/uploads\/sites\/45\/2025\/02\/cropped-logo_Pumahue_.png","width":512,"height":512,"caption":"Colegio Pumahue Huechuraba"},"image":{"@id":"https:\/\/www.pumahue.cl\/huechuraba\/#\/schema\/logo\/image\/"},"sameAs":["https:\/\/www.facebook.com\/ColegiosPumahue","https:\/\/www.instagram.com\/colegiopumahue_huechuraba","https:\/\/www.youtube.com\/@CognitaChile"]},{"@type":"Person","@id":"https:\/\/www.pumahue.cl\/huechuraba\/#\/schema\/person\/0debeea140e397b5d490ee7e553255d8","name":"jorgedelcampo","image":{"@type":"ImageObject","inLanguage":"es","@id":"https:\/\/www.pumahue.cl\/huechuraba\/#\/schema\/person\/image\/","url":"https:\/\/secure.gravatar.com\/avatar\/4a315f521213b2dc91dbda9bf799f711c8a98ab6f5606ec42cf5b33d1e762e8a?s=96&d=mm&r=g","contentUrl":"https:\/\/secure.gravatar.com\/avatar\/4a315f521213b2dc91dbda9bf799f711c8a98ab6f5606ec42cf5b33d1e762e8a?s=96&d=mm&r=g","caption":"jorgedelcampo"}}]}},"jetpack_featured_media_url":"https:\/\/www.pumahue.cl\/huechuraba\/wp-content\/uploads\/sites\/45\/2023\/10\/23.jpg","previous_post_ID":15699,"previous_post_title":"Galer\u00eda 1\u00b0 Feria de Salud Mental\ud83e\udde0\u2728","previous_post_excerpt":"En el marco de la campa\u00f1a anual de Salvaguarda #Hablemos, e integrando gran parte del trabajo formativo del programa Desarrollando L\u00edderes Inspiradores (DLI), este 11 de octubre celebramos el D\u00eda Mundial de la Salud Mental realizando la I Feria de Salud Mental, la cual tuvo como objetivo promover el bienestar y sanidad mental de manera [&hellip;]","previous_post_link":"https:\/\/www.pumahue.cl\/huechuraba\/noticias\/galeria-1-feria-de-salud-mental\/","previous_post_class":["post-15699","post","type-post","status-publish","format-standard","has-post-thumbnail","hentry","category-vida-escolar"],"next_post_ID":15707,"next_post_title":"Remodelaci\u00f3n \u00faltima bater\u00eda de ba\u00f1os Ed. B\u00e1sica","next_post_excerpt":"En el marco del plan de mejoras, hubo una remodelaci\u00f3n completa de la \u00faltima bater\u00eda de ba\u00f1os de Educaci\u00f3n B\u00e1sica, ubicados en el tercer piso. La finalizaci\u00f3n de este importante trabajo, nos permite tener espacios modernos para el uso de nuestros estudiantes, al mismo tiempo es relevante comprometernos en su cuidado, mantenci\u00f3n y correcto uso, [&hellip;]","next_post_link":"https:\/\/www.pumahue.cl\/huechuraba\/noticias\/remodelacion-ultima-bateria-de-banos-ed-basica\/","next_post_class":["post-15707","post","type-post","status-publish","format-standard","has-post-thumbnail","hentry","category-vida-escolar"],"jetpack_sharing_enabled":true,"_links":{"self":[{"href":"https:\/\/www.pumahue.cl\/huechuraba\/wp-json\/wp\/v2\/posts\/15661","targetHints":{"allow":["GET"]}}],"collection":[{"href":"https:\/\/www.pumahue.cl\/huechuraba\/wp-json\/wp\/v2\/posts"}],"about":[{"href":"https:\/\/www.pumahue.cl\/huechuraba\/wp-json\/wp\/v2\/types\/post"}],"author":[{"embeddable":true,"href":"https:\/\/www.pumahue.cl\/huechuraba\/wp-json\/wp\/v2\/users\/14"}],"replies":[{"embeddable":true,"href":"https:\/\/www.pumahue.cl\/huechuraba\/wp-json\/wp\/v2\/comments?post=15661"}],"version-history":[{"count":0,"href":"https:\/\/www.pumahue.cl\/huechuraba\/wp-json\/wp\/v2\/posts\/15661\/revisions"}],"wp:featuredmedia":[{"embeddable":true,"href":"https:\/\/www.pumahue.cl\/huechuraba\/wp-json\/wp\/v2\/media\/15684"}],"wp:attachment":[{"href":"https:\/\/www.pumahue.cl\/huechuraba\/wp-json\/wp\/v2\/media?parent=15661"}],"wp:term":[{"taxonomy":"category","embeddable":true,"href":"https:\/\/www.pumahue.cl\/huechuraba\/wp-json\/wp\/v2\/categories?post=15661"},{"taxonomy":"post_tag","embeddable":true,"href":"https:\/\/www.pumahue.cl\/huechuraba\/wp-json\/wp\/v2\/tags?post=15661"}],"curies":[{"name":"wp","href":"https:\/\/api.w.org\/{rel}","templated":true}]}}