{"id":125771,"date":"2025-03-11T15:27:46","date_gmt":"2025-03-11T18:27:46","guid":{"rendered":"https:\/\/www.pumahue.cl\/penalolen\/?p=125771"},"modified":"2025-03-11T15:29:31","modified_gmt":"2025-03-11T18:29:31","slug":"estudiantes-de-ensenanza-media-se-destacaron-en-taller-uc","status":"publish","type":"post","link":"https:\/\/www.pumahue.cl\/penalolen\/noticias\/estudiantes-de-ensenanza-media-se-destacaron-en-taller-uc\/","title":{"rendered":"Estudiantes de Ense\u00f1anza Media participar\u00e1n en prestigioso Taller UC"},"content":{"rendered":"<p>Un grupo de talentosos estudiantes de II y III medio ha sido seleccionado en una convocatoria a nivel nacional para participar en el prestigioso <b>Taller de Razonamiento Matem\u00e1tico <\/b> de la <b>Pontificia Universidad Cat\u00f3lica de Chile<\/b>. <\/p>\n<p>Este reconocimiento destaca su esfuerzo, compromiso y habilidades matem\u00e1ticas, reafirmando el nivel acad\u00e9mico de nuestros estudiantes y el trabajo de nuestra instituci\u00f3n en su formaci\u00f3n y que enaltece a nuestra comunidad educativa. <\/p>\n<p>Los seleccionados son:<\/p>\n<ul>\n \t<b><\/p>\n<li>Constanza Pareja Gonz\u00e1lez<\/li>\n<li>Jos\u00e9 Tom\u00e1s Alvarez<\/li>\n<li>Josefina Antonia Albornoz Jim\u00e9nez<\/li>\n<li>Ignacio Tom\u00e1s Doren Yerkovic<\/li>\n<li>Joaqu\u00edn Ignacio M\u00e9ndez Quiero<\/li>\n<li>Josefa Carolina Pereira L\u00f3pez<\/li>\n<li>Luciano Alfonso Rom\u00e1n M\u00e1rquez<\/li>\n<li>Constanza Bel\u00e9n Salas Soto<\/li>\n<li>Martina Lya Gonz\u00e1lez Aguilera<\/li>\n<li>Camila Ignacia Orellana Valenzuela<\/li>\n<li>Agust\u00edn Romero Mu\u00f1oz<\/li>\n<li>Josefa Paz Garrido Mingorance<\/li>\n<li>Fernanda Del Pilar M\u00e9ndez Pacheco<\/li>\n<li>Rafael Alonso Barr\u00eda Ordenes<\/li>\n<p><\/b>\n<\/ul>\n<p>Ser seleccionados en una convocatoria de esta magnitud es un honor y una gran oportunidad para su desarrollo acad\u00e9mico. Estamos seguros de que representar\u00e1n con excelencia a nuestra comunidad y aprovechar\u00e1n al m\u00e1ximo esta experiencia.<\/p>\n<p>Felicitamos a nuestros estudiantes por este logro y agradecemos a los docentes que han guiado su formaci\u00f3n. \u00a1Sigamos celebrando el talento y esfuerzo que nos enorgullece como instituci\u00f3n!<\/p>\n"},"excerpt":{"rendered":"<p>Un grupo de talentosos estudiantes de II y III medio ha sido seleccionado en una convocatoria a nivel nacional para participar en el prestigioso Taller de Razonamiento Matem\u00e1tico de la Pontificia Universidad Cat\u00f3lica de Chile. Este reconocimiento destaca su esfuerzo, compromiso y habilidades matem\u00e1ticas, reafirmando el nivel acad\u00e9mico de nuestros estudiantes y el trabajo de [&hellip;]<\/p>\n","protected":false},"author":34,"featured_media":125772,"comment_status":"open","ping_status":"open","sticky":false,"template":"","format":"standard","meta":{"_acf_changed":false,"content-type":"","_jetpack_memberships_contains_paid_content":false,"footnotes":""},"categories":[1],"tags":[],"class_list":["post-125771","post","type-post","status-publish","format-standard","has-post-thumbnail","hentry","category-vida-escolar"],"acf":[],"yoast_head":"<!-- This site is optimized with the Yoast SEO plugin v27.1.1 - https:\/\/yoast.com\/product\/yoast-seo-wordpress\/ -->\n<title>Estudiantes de Ense\u00f1anza Media participar\u00e1n en prestigioso Taller UC - Colegio Pumahue Pe\u00f1alol\u00e9n<\/title>\n<meta name=\"robots\" content=\"index, follow, max-snippet:-1, max-image-preview:large, max-video-preview:-1\" \/>\n<link rel=\"canonical\" href=\"https:\/\/www.pumahue.cl\/penalolen\/noticias\/estudiantes-de-ensenanza-media-se-destacaron-en-taller-uc\/\" \/>\n<meta property=\"og:locale\" content=\"es_ES\" \/>\n<meta property=\"og:type\" content=\"article\" \/>\n<meta property=\"og:title\" content=\"Estudiantes de Ense\u00f1anza Media participar\u00e1n en prestigioso Taller UC - Colegio Pumahue Pe\u00f1alol\u00e9n\" \/>\n<meta property=\"og:description\" content=\"Un grupo de talentosos estudiantes de II y III medio ha sido seleccionado en una convocatoria a nivel nacional para participar en el prestigioso Taller de Razonamiento Matem\u00e1tico de la Pontificia Universidad Cat\u00f3lica de Chile. Este reconocimiento destaca su esfuerzo, compromiso y habilidades matem\u00e1ticas, reafirmando el nivel acad\u00e9mico de nuestros estudiantes y el trabajo de [&hellip;]\" \/>\n<meta property=\"og:url\" content=\"https:\/\/www.pumahue.cl\/penalolen\/noticias\/estudiantes-de-ensenanza-media-se-destacaron-en-taller-uc\/\" \/>\n<meta property=\"og:site_name\" content=\"Colegio Pumahue Pe\u00f1alol\u00e9n\" \/>\n<meta property=\"article:publisher\" content=\"http:\/\/www.facebook.com\/ColegiosPumahue\" \/>\n<meta property=\"article:published_time\" content=\"2025-03-11T18:27:46+00:00\" \/>\n<meta property=\"article:modified_time\" content=\"2025-03-11T18:29:31+00:00\" \/>\n<meta property=\"og:image\" content=\"https:\/\/www.pumahue.cl\/penalolen\/wp-content\/uploads\/sites\/44\/2025\/03\/Taller-UC-Pumahue-Penalolen.png\" \/>\n\t<meta property=\"og:image:width\" content=\"1116\" \/>\n\t<meta property=\"og:image:height\" content=\"550\" \/>\n\t<meta property=\"og:image:type\" content=\"image\/png\" \/>\n<meta name=\"author\" content=\"danielacastro\" \/>\n<meta name=\"twitter:card\" content=\"summary_large_image\" \/>\n<meta name=\"twitter:label1\" content=\"Escrito por\" \/>\n\t<meta name=\"twitter:data1\" content=\"danielacastro\" \/>\n\t<meta name=\"twitter:label2\" content=\"Tiempo de lectura\" \/>\n\t<meta name=\"twitter:data2\" content=\"2 minutos\" \/>\n<script type=\"application\/ld+json\" class=\"yoast-schema-graph\">{\"@context\":\"https:\/\/schema.org\",\"@graph\":[{\"@type\":\"Article\",\"@id\":\"https:\/\/www.pumahue.cl\/penalolen\/noticias\/estudiantes-de-ensenanza-media-se-destacaron-en-taller-uc\/#article\",\"isPartOf\":{\"@id\":\"https:\/\/www.pumahue.cl\/penalolen\/noticias\/estudiantes-de-ensenanza-media-se-destacaron-en-taller-uc\/\"},\"author\":{\"name\":\"danielacastro\",\"@id\":\"https:\/\/www.pumahue.cl\/penalolen\/#\/schema\/person\/5eb92a7b45165cdbdbb271bcdacc9d9e\"},\"headline\":\"Estudiantes de Ense\u00f1anza Media participar\u00e1n en prestigioso Taller UC\",\"datePublished\":\"2025-03-11T18:27:46+00:00\",\"dateModified\":\"2025-03-11T18:29:31+00:00\",\"mainEntityOfPage\":{\"@id\":\"https:\/\/www.pumahue.cl\/penalolen\/noticias\/estudiantes-de-ensenanza-media-se-destacaron-en-taller-uc\/\"},\"wordCount\":225,\"commentCount\":0,\"publisher\":{\"@id\":\"https:\/\/www.pumahue.cl\/penalolen\/#organization\"},\"image\":{\"@id\":\"https:\/\/www.pumahue.cl\/penalolen\/noticias\/estudiantes-de-ensenanza-media-se-destacaron-en-taller-uc\/#primaryimage\"},\"thumbnailUrl\":\"https:\/\/www.pumahue.cl\/penalolen\/wp-content\/uploads\/sites\/44\/2025\/03\/Taller-UC-Pumahue-Penalolen.png\",\"articleSection\":[\"Vida Escolar\"],\"inLanguage\":\"es\",\"potentialAction\":[{\"@type\":\"CommentAction\",\"name\":\"Comment\",\"target\":[\"https:\/\/www.pumahue.cl\/penalolen\/noticias\/estudiantes-de-ensenanza-media-se-destacaron-en-taller-uc\/#respond\"]}]},{\"@type\":\"WebPage\",\"@id\":\"https:\/\/www.pumahue.cl\/penalolen\/noticias\/estudiantes-de-ensenanza-media-se-destacaron-en-taller-uc\/\",\"url\":\"https:\/\/www.pumahue.cl\/penalolen\/noticias\/estudiantes-de-ensenanza-media-se-destacaron-en-taller-uc\/\",\"name\":\"Estudiantes de Ense\u00f1anza Media participar\u00e1n en prestigioso Taller UC - Colegio Pumahue Pe\u00f1alol\u00e9n\",\"isPartOf\":{\"@id\":\"https:\/\/www.pumahue.cl\/penalolen\/#website\"},\"primaryImageOfPage\":{\"@id\":\"https:\/\/www.pumahue.cl\/penalolen\/noticias\/estudiantes-de-ensenanza-media-se-destacaron-en-taller-uc\/#primaryimage\"},\"image\":{\"@id\":\"https:\/\/www.pumahue.cl\/penalolen\/noticias\/estudiantes-de-ensenanza-media-se-destacaron-en-taller-uc\/#primaryimage\"},\"thumbnailUrl\":\"https:\/\/www.pumahue.cl\/penalolen\/wp-content\/uploads\/sites\/44\/2025\/03\/Taller-UC-Pumahue-Penalolen.png\",\"datePublished\":\"2025-03-11T18:27:46+00:00\",\"dateModified\":\"2025-03-11T18:29:31+00:00\",\"breadcrumb\":{\"@id\":\"https:\/\/www.pumahue.cl\/penalolen\/noticias\/estudiantes-de-ensenanza-media-se-destacaron-en-taller-uc\/#breadcrumb\"},\"inLanguage\":\"es\",\"potentialAction\":[{\"@type\":\"ReadAction\",\"target\":[\"https:\/\/www.pumahue.cl\/penalolen\/noticias\/estudiantes-de-ensenanza-media-se-destacaron-en-taller-uc\/\"]}]},{\"@type\":\"ImageObject\",\"inLanguage\":\"es\",\"@id\":\"https:\/\/www.pumahue.cl\/penalolen\/noticias\/estudiantes-de-ensenanza-media-se-destacaron-en-taller-uc\/#primaryimage\",\"url\":\"https:\/\/www.pumahue.cl\/penalolen\/wp-content\/uploads\/sites\/44\/2025\/03\/Taller-UC-Pumahue-Penalolen.png\",\"contentUrl\":\"https:\/\/www.pumahue.cl\/penalolen\/wp-content\/uploads\/sites\/44\/2025\/03\/Taller-UC-Pumahue-Penalolen.png\",\"width\":1116,\"height\":550},{\"@type\":\"BreadcrumbList\",\"@id\":\"https:\/\/www.pumahue.cl\/penalolen\/noticias\/estudiantes-de-ensenanza-media-se-destacaron-en-taller-uc\/#breadcrumb\",\"itemListElement\":[{\"@type\":\"ListItem\",\"position\":1,\"name\":\"Home\",\"item\":\"https:\/\/www.pumahue.cl\/penalolen\/\"},{\"@type\":\"ListItem\",\"position\":2,\"name\":\"Estudiantes de Ense\u00f1anza Media participar\u00e1n en prestigioso Taller UC\"}]},{\"@type\":\"WebSite\",\"@id\":\"https:\/\/www.pumahue.cl\/penalolen\/#website\",\"url\":\"https:\/\/www.pumahue.cl\/penalolen\/\",\"name\":\"Colegio Pumahue Pe\u00f1alol\u00e9n\",\"description\":\"\",\"publisher\":{\"@id\":\"https:\/\/www.pumahue.cl\/penalolen\/#organization\"},\"potentialAction\":[{\"@type\":\"SearchAction\",\"target\":{\"@type\":\"EntryPoint\",\"urlTemplate\":\"https:\/\/www.pumahue.cl\/penalolen\/?s={search_term_string}\"},\"query-input\":{\"@type\":\"PropertyValueSpecification\",\"valueRequired\":true,\"valueName\":\"search_term_string\"}}],\"inLanguage\":\"es\"},{\"@type\":\"Organization\",\"@id\":\"https:\/\/www.pumahue.cl\/penalolen\/#organization\",\"name\":\"Colegio Pumahue Pe\u00f1alol\u00e9n\",\"url\":\"https:\/\/www.pumahue.cl\/penalolen\/\",\"logo\":{\"@type\":\"ImageObject\",\"inLanguage\":\"es\",\"@id\":\"https:\/\/www.pumahue.cl\/penalolen\/#\/schema\/logo\/image\/\",\"url\":\"https:\/\/www.pumahue.cl\/penalolen\/wp-content\/uploads\/sites\/44\/2020\/03\/LOGO-PUMAHUE-PARA-web.jpg\",\"contentUrl\":\"https:\/\/www.pumahue.cl\/penalolen\/wp-content\/uploads\/sites\/44\/2020\/03\/LOGO-PUMAHUE-PARA-web.jpg\",\"width\":836,\"height\":523,\"caption\":\"Colegio Pumahue Pe\u00f1alol\u00e9n\"},\"image\":{\"@id\":\"https:\/\/www.pumahue.cl\/penalolen\/#\/schema\/logo\/image\/\"},\"sameAs\":[\"http:\/\/www.facebook.com\/ColegiosPumahue\",\"http:\/\/www.instagram.com\/colegiopumahue_penalolen\",\"https:\/\/www.youtube.com\/@CognitaChile\"]},{\"@type\":\"Person\",\"@id\":\"https:\/\/www.pumahue.cl\/penalolen\/#\/schema\/person\/5eb92a7b45165cdbdbb271bcdacc9d9e\",\"name\":\"danielacastro\",\"image\":{\"@type\":\"ImageObject\",\"inLanguage\":\"es\",\"@id\":\"https:\/\/www.pumahue.cl\/penalolen\/#\/schema\/person\/image\/\",\"url\":\"https:\/\/secure.gravatar.com\/avatar\/16a603f2cc3ad485cabfe7c59b923050a809d8344cba940b4148737780592211?s=96&d=mm&r=g\",\"contentUrl\":\"https:\/\/secure.gravatar.com\/avatar\/16a603f2cc3ad485cabfe7c59b923050a809d8344cba940b4148737780592211?s=96&d=mm&r=g\",\"caption\":\"danielacastro\"}}]}<\/script>\n<!-- \/ Yoast SEO plugin. -->","yoast_head_json":{"title":"Estudiantes de Ense\u00f1anza Media participar\u00e1n en prestigioso Taller UC - Colegio Pumahue Pe\u00f1alol\u00e9n","robots":{"index":"index","follow":"follow","max-snippet":"max-snippet:-1","max-image-preview":"max-image-preview:large","max-video-preview":"max-video-preview:-1"},"canonical":"https:\/\/www.pumahue.cl\/penalolen\/noticias\/estudiantes-de-ensenanza-media-se-destacaron-en-taller-uc\/","og_locale":"es_ES","og_type":"article","og_title":"Estudiantes de Ense\u00f1anza Media participar\u00e1n en prestigioso Taller UC - Colegio Pumahue Pe\u00f1alol\u00e9n","og_description":"Un grupo de talentosos estudiantes de II y III medio ha sido seleccionado en una convocatoria a nivel nacional para participar en el prestigioso Taller de Razonamiento Matem\u00e1tico de la Pontificia Universidad Cat\u00f3lica de Chile. Este reconocimiento destaca su esfuerzo, compromiso y habilidades matem\u00e1ticas, reafirmando el nivel acad\u00e9mico de nuestros estudiantes y el trabajo de [&hellip;]","og_url":"https:\/\/www.pumahue.cl\/penalolen\/noticias\/estudiantes-de-ensenanza-media-se-destacaron-en-taller-uc\/","og_site_name":"Colegio Pumahue Pe\u00f1alol\u00e9n","article_publisher":"http:\/\/www.facebook.com\/ColegiosPumahue","article_published_time":"2025-03-11T18:27:46+00:00","article_modified_time":"2025-03-11T18:29:31+00:00","og_image":[{"width":1116,"height":550,"url":"https:\/\/www.pumahue.cl\/penalolen\/wp-content\/uploads\/sites\/44\/2025\/03\/Taller-UC-Pumahue-Penalolen.png","type":"image\/png"}],"author":"danielacastro","twitter_card":"summary_large_image","twitter_misc":{"Escrito por":"danielacastro","Tiempo de lectura":"2 minutos"},"schema":{"@context":"https:\/\/schema.org","@graph":[{"@type":"Article","@id":"https:\/\/www.pumahue.cl\/penalolen\/noticias\/estudiantes-de-ensenanza-media-se-destacaron-en-taller-uc\/#article","isPartOf":{"@id":"https:\/\/www.pumahue.cl\/penalolen\/noticias\/estudiantes-de-ensenanza-media-se-destacaron-en-taller-uc\/"},"author":{"name":"danielacastro","@id":"https:\/\/www.pumahue.cl\/penalolen\/#\/schema\/person\/5eb92a7b45165cdbdbb271bcdacc9d9e"},"headline":"Estudiantes de Ense\u00f1anza Media participar\u00e1n en prestigioso Taller UC","datePublished":"2025-03-11T18:27:46+00:00","dateModified":"2025-03-11T18:29:31+00:00","mainEntityOfPage":{"@id":"https:\/\/www.pumahue.cl\/penalolen\/noticias\/estudiantes-de-ensenanza-media-se-destacaron-en-taller-uc\/"},"wordCount":225,"commentCount":0,"publisher":{"@id":"https:\/\/www.pumahue.cl\/penalolen\/#organization"},"image":{"@id":"https:\/\/www.pumahue.cl\/penalolen\/noticias\/estudiantes-de-ensenanza-media-se-destacaron-en-taller-uc\/#primaryimage"},"thumbnailUrl":"https:\/\/www.pumahue.cl\/penalolen\/wp-content\/uploads\/sites\/44\/2025\/03\/Taller-UC-Pumahue-Penalolen.png","articleSection":["Vida Escolar"],"inLanguage":"es","potentialAction":[{"@type":"CommentAction","name":"Comment","target":["https:\/\/www.pumahue.cl\/penalolen\/noticias\/estudiantes-de-ensenanza-media-se-destacaron-en-taller-uc\/#respond"]}]},{"@type":"WebPage","@id":"https:\/\/www.pumahue.cl\/penalolen\/noticias\/estudiantes-de-ensenanza-media-se-destacaron-en-taller-uc\/","url":"https:\/\/www.pumahue.cl\/penalolen\/noticias\/estudiantes-de-ensenanza-media-se-destacaron-en-taller-uc\/","name":"Estudiantes de Ense\u00f1anza Media participar\u00e1n en prestigioso Taller UC - Colegio Pumahue Pe\u00f1alol\u00e9n","isPartOf":{"@id":"https:\/\/www.pumahue.cl\/penalolen\/#website"},"primaryImageOfPage":{"@id":"https:\/\/www.pumahue.cl\/penalolen\/noticias\/estudiantes-de-ensenanza-media-se-destacaron-en-taller-uc\/#primaryimage"},"image":{"@id":"https:\/\/www.pumahue.cl\/penalolen\/noticias\/estudiantes-de-ensenanza-media-se-destacaron-en-taller-uc\/#primaryimage"},"thumbnailUrl":"https:\/\/www.pumahue.cl\/penalolen\/wp-content\/uploads\/sites\/44\/2025\/03\/Taller-UC-Pumahue-Penalolen.png","datePublished":"2025-03-11T18:27:46+00:00","dateModified":"2025-03-11T18:29:31+00:00","breadcrumb":{"@id":"https:\/\/www.pumahue.cl\/penalolen\/noticias\/estudiantes-de-ensenanza-media-se-destacaron-en-taller-uc\/#breadcrumb"},"inLanguage":"es","potentialAction":[{"@type":"ReadAction","target":["https:\/\/www.pumahue.cl\/penalolen\/noticias\/estudiantes-de-ensenanza-media-se-destacaron-en-taller-uc\/"]}]},{"@type":"ImageObject","inLanguage":"es","@id":"https:\/\/www.pumahue.cl\/penalolen\/noticias\/estudiantes-de-ensenanza-media-se-destacaron-en-taller-uc\/#primaryimage","url":"https:\/\/www.pumahue.cl\/penalolen\/wp-content\/uploads\/sites\/44\/2025\/03\/Taller-UC-Pumahue-Penalolen.png","contentUrl":"https:\/\/www.pumahue.cl\/penalolen\/wp-content\/uploads\/sites\/44\/2025\/03\/Taller-UC-Pumahue-Penalolen.png","width":1116,"height":550},{"@type":"BreadcrumbList","@id":"https:\/\/www.pumahue.cl\/penalolen\/noticias\/estudiantes-de-ensenanza-media-se-destacaron-en-taller-uc\/#breadcrumb","itemListElement":[{"@type":"ListItem","position":1,"name":"Home","item":"https:\/\/www.pumahue.cl\/penalolen\/"},{"@type":"ListItem","position":2,"name":"Estudiantes de Ense\u00f1anza Media participar\u00e1n en prestigioso Taller UC"}]},{"@type":"WebSite","@id":"https:\/\/www.pumahue.cl\/penalolen\/#website","url":"https:\/\/www.pumahue.cl\/penalolen\/","name":"Colegio Pumahue Pe\u00f1alol\u00e9n","description":"","publisher":{"@id":"https:\/\/www.pumahue.cl\/penalolen\/#organization"},"potentialAction":[{"@type":"SearchAction","target":{"@type":"EntryPoint","urlTemplate":"https:\/\/www.pumahue.cl\/penalolen\/?s={search_term_string}"},"query-input":{"@type":"PropertyValueSpecification","valueRequired":true,"valueName":"search_term_string"}}],"inLanguage":"es"},{"@type":"Organization","@id":"https:\/\/www.pumahue.cl\/penalolen\/#organization","name":"Colegio Pumahue Pe\u00f1alol\u00e9n","url":"https:\/\/www.pumahue.cl\/penalolen\/","logo":{"@type":"ImageObject","inLanguage":"es","@id":"https:\/\/www.pumahue.cl\/penalolen\/#\/schema\/logo\/image\/","url":"https:\/\/www.pumahue.cl\/penalolen\/wp-content\/uploads\/sites\/44\/2020\/03\/LOGO-PUMAHUE-PARA-web.jpg","contentUrl":"https:\/\/www.pumahue.cl\/penalolen\/wp-content\/uploads\/sites\/44\/2020\/03\/LOGO-PUMAHUE-PARA-web.jpg","width":836,"height":523,"caption":"Colegio Pumahue Pe\u00f1alol\u00e9n"},"image":{"@id":"https:\/\/www.pumahue.cl\/penalolen\/#\/schema\/logo\/image\/"},"sameAs":["http:\/\/www.facebook.com\/ColegiosPumahue","http:\/\/www.instagram.com\/colegiopumahue_penalolen","https:\/\/www.youtube.com\/@CognitaChile"]},{"@type":"Person","@id":"https:\/\/www.pumahue.cl\/penalolen\/#\/schema\/person\/5eb92a7b45165cdbdbb271bcdacc9d9e","name":"danielacastro","image":{"@type":"ImageObject","inLanguage":"es","@id":"https:\/\/www.pumahue.cl\/penalolen\/#\/schema\/person\/image\/","url":"https:\/\/secure.gravatar.com\/avatar\/16a603f2cc3ad485cabfe7c59b923050a809d8344cba940b4148737780592211?s=96&d=mm&r=g","contentUrl":"https:\/\/secure.gravatar.com\/avatar\/16a603f2cc3ad485cabfe7c59b923050a809d8344cba940b4148737780592211?s=96&d=mm&r=g","caption":"danielacastro"}}]}},"jetpack_featured_media_url":"https:\/\/www.pumahue.cl\/penalolen\/wp-content\/uploads\/sites\/44\/2025\/03\/Taller-UC-Pumahue-Penalolen.png","previous_post_ID":27961,"previous_post_title":"Gran desayuno con puntajes destacados 2024","previous_post_excerpt":"El patio de Rector\u00eda fue el escenario perfecto para celebrar el \u00e9xito acad\u00e9mico de nuestros estudiantes. En un desayuno lleno de alegr\u00eda, homenajeamos a quienes obtuvieron puntajes nacionales y superaron los 900 puntos en la prueba PAES, acompa\u00f1ados de sus familias, quienes estaban orgullosas de este reconocimiento. El equipo directivo, encabezado por el Rector Marcos [&hellip;]","previous_post_link":"https:\/\/www.pumahue.cl\/penalolen\/noticias\/gran-desayuno-con-puntajes-destacados-2024\/","previous_post_class":["post-27961","post","type-post","status-publish","format-standard","has-post-thumbnail","hentry","category-vida-escolar"],"next_post_ID":125805,"next_post_title":"Familias nuevas: \u00a1Bienvenidas al Colegio Pumahue Pe\u00f1alol\u00e9n!","next_post_excerpt":"El pasado martes 4 de marzo, se llev\u00f3 a cabo la esperada bienvenida a las familias nuevas 2025, un evento organizado para recibir a quienes se suman a nuestra comunidad educativa.\u00a0 La jornada comenz\u00f3 con una c\u00e1lida recepci\u00f3n por parte del equipo directivo, quienes dieron la bienvenida oficial y compartieron los valores y proyectos institucionales. [&hellip;]","next_post_link":"https:\/\/www.pumahue.cl\/penalolen\/noticias\/familias-nuevas-bienvenidas-al-colegio-pumahue-penalolen\/","next_post_class":["post-125805","post","type-post","status-publish","format-standard","has-post-thumbnail","hentry","category-vida-escolar"],"jetpack_sharing_enabled":true,"_links":{"self":[{"href":"https:\/\/www.pumahue.cl\/penalolen\/wp-json\/wp\/v2\/posts\/125771","targetHints":{"allow":["GET"]}}],"collection":[{"href":"https:\/\/www.pumahue.cl\/penalolen\/wp-json\/wp\/v2\/posts"}],"about":[{"href":"https:\/\/www.pumahue.cl\/penalolen\/wp-json\/wp\/v2\/types\/post"}],"author":[{"embeddable":true,"href":"https:\/\/www.pumahue.cl\/penalolen\/wp-json\/wp\/v2\/users\/34"}],"replies":[{"embeddable":true,"href":"https:\/\/www.pumahue.cl\/penalolen\/wp-json\/wp\/v2\/comments?post=125771"}],"version-history":[{"count":8,"href":"https:\/\/www.pumahue.cl\/penalolen\/wp-json\/wp\/v2\/posts\/125771\/revisions"}],"predecessor-version":[{"id":125780,"href":"https:\/\/www.pumahue.cl\/penalolen\/wp-json\/wp\/v2\/posts\/125771\/revisions\/125780"}],"wp:featuredmedia":[{"embeddable":true,"href":"https:\/\/www.pumahue.cl\/penalolen\/wp-json\/wp\/v2\/media\/125772"}],"wp:attachment":[{"href":"https:\/\/www.pumahue.cl\/penalolen\/wp-json\/wp\/v2\/media?parent=125771"}],"wp:term":[{"taxonomy":"category","embeddable":true,"href":"https:\/\/www.pumahue.cl\/penalolen\/wp-json\/wp\/v2\/categories?post=125771"},{"taxonomy":"post_tag","embeddable":true,"href":"https:\/\/www.pumahue.cl\/penalolen\/wp-json\/wp\/v2\/tags?post=125771"}],"curies":[{"name":"wp","href":"https:\/\/api.w.org\/{rel}","templated":true}]}}