{"id":22221,"date":"2022-06-16T16:14:34","date_gmt":"2022-06-16T20:14:34","guid":{"rendered":"http:\/\/pumahue.cl\/penalolen\/?p=22221"},"modified":"2022-06-16T16:14:34","modified_gmt":"2022-06-16T20:14:34","slug":"encuentro-de-nuestros-cap-y-cpya","status":"publish","type":"post","link":"https:\/\/www.pumahue.cl\/penalolen\/noticias\/encuentro-de-nuestros-cap-y-cpya\/","title":{"rendered":"Encuentro de nuestros CAP y CPYA"},"content":{"rendered":"<p>El Centro de Padres (CPYA) y el Centro de Alumnos (CAP) de Pumahue Pe\u00f1alol\u00e9n se reunieron hoy en un ameno encuentro, oportunidad para conocerse y conversar acerca de sus proyectos y todo lo que pueden realizar en conjunto.<\/p>\n<p>Esta importante instancia nos prepara para novedades de parte de ambas organizaciones de nuestro colegio, esperando de ellos el continuo apoyo para desarrollar diferentes actividades en beneficio de nuestra comunidad escolar.<\/p>\n<p>En la jornada, nuestra rectora, Carmen Vera Jim\u00e9nez, junto al equipo directivo propiciaron una conversaci\u00f3n con miras a avanzar en los grandes aspectos y fortalecer el liderazgo, creciendo en los lazos afectivos y acad\u00e9micos.<\/p>\n<p>&nbsp;<\/p>\n<p style=\"text-align: center\"><strong>Colegio Pumahue Pe\u00f1alol\u00e9n<\/strong><\/p>\n<p>[multimedia id=&#8221;1&#8243;]<\/p>\n"},"excerpt":{"rendered":"<p>El Centro de Padres (CPYA) y el Centro de Alumnos (CAP) de Pumahue Pe\u00f1alol\u00e9n se reunieron hoy en un ameno encuentro, oportunidad para conocerse y conversar acerca de sus proyectos y todo lo que pueden realizar en conjunto. Esta importante instancia nos prepara para novedades de parte de ambas organizaciones de nuestro colegio, esperando de [&hellip;]<\/p>\n","protected":false},"author":34,"featured_media":22222,"comment_status":"open","ping_status":"open","sticky":false,"template":"","format":"standard","meta":{"_acf_changed":false,"content-type":"","_jetpack_memberships_contains_paid_content":false,"footnotes":""},"categories":[1],"tags":[],"class_list":["post-22221","post","type-post","status-publish","format-standard","has-post-thumbnail","hentry","category-vida-escolar"],"acf":[],"yoast_head":"<!-- This site is optimized with the Yoast SEO plugin v27.1.1 - https:\/\/yoast.com\/product\/yoast-seo-wordpress\/ -->\n<title>Encuentro de nuestros CAP y CPYA - Colegio Pumahue Pe\u00f1alol\u00e9n<\/title>\n<meta name=\"robots\" content=\"index, follow, max-snippet:-1, max-image-preview:large, max-video-preview:-1\" \/>\n<link rel=\"canonical\" href=\"https:\/\/www.pumahue.cl\/penalolen\/noticias\/encuentro-de-nuestros-cap-y-cpya\/\" \/>\n<meta property=\"og:locale\" content=\"es_ES\" \/>\n<meta property=\"og:type\" content=\"article\" \/>\n<meta property=\"og:title\" content=\"Encuentro de nuestros CAP y CPYA - Colegio Pumahue Pe\u00f1alol\u00e9n\" \/>\n<meta property=\"og:description\" content=\"El Centro de Padres (CPYA) y el Centro de Alumnos (CAP) de Pumahue Pe\u00f1alol\u00e9n se reunieron hoy en un ameno encuentro, oportunidad para conocerse y conversar acerca de sus proyectos y todo lo que pueden realizar en conjunto. Esta importante instancia nos prepara para novedades de parte de ambas organizaciones de nuestro colegio, esperando de [&hellip;]\" \/>\n<meta property=\"og:url\" content=\"https:\/\/www.pumahue.cl\/penalolen\/noticias\/encuentro-de-nuestros-cap-y-cpya\/\" \/>\n<meta property=\"og:site_name\" content=\"Colegio Pumahue Pe\u00f1alol\u00e9n\" \/>\n<meta property=\"article:publisher\" content=\"http:\/\/www.facebook.com\/ColegiosPumahue\" \/>\n<meta property=\"article:published_time\" content=\"2022-06-16T20:14:34+00:00\" \/>\n<meta property=\"og:image\" content=\"https:\/\/www.pumahue.cl\/penalolen\/wp-content\/uploads\/sites\/44\/2020\/03\/LOGO-PUMAHUE-PARA-web.jpg\" \/>\n\t<meta property=\"og:image:width\" content=\"836\" \/>\n\t<meta property=\"og:image:height\" content=\"523\" \/>\n\t<meta property=\"og:image:type\" content=\"image\/jpeg\" \/>\n<meta name=\"author\" content=\"danielacastro\" \/>\n<meta name=\"twitter:card\" content=\"summary_large_image\" \/>\n<meta name=\"twitter:label1\" content=\"Escrito por\" \/>\n\t<meta name=\"twitter:data1\" content=\"danielacastro\" \/>\n\t<meta name=\"twitter:label2\" content=\"Tiempo de lectura\" \/>\n\t<meta name=\"twitter:data2\" content=\"1 minuto\" \/>\n<script type=\"application\/ld+json\" class=\"yoast-schema-graph\">{\"@context\":\"https:\/\/schema.org\",\"@graph\":[{\"@type\":\"Article\",\"@id\":\"https:\/\/www.pumahue.cl\/penalolen\/noticias\/encuentro-de-nuestros-cap-y-cpya\/#article\",\"isPartOf\":{\"@id\":\"https:\/\/www.pumahue.cl\/penalolen\/noticias\/encuentro-de-nuestros-cap-y-cpya\/\"},\"author\":{\"name\":\"danielacastro\",\"@id\":\"https:\/\/www.pumahue.cl\/penalolen\/#\/schema\/person\/5eb92a7b45165cdbdbb271bcdacc9d9e\"},\"headline\":\"Encuentro de nuestros CAP y CPYA\",\"datePublished\":\"2022-06-16T20:14:34+00:00\",\"mainEntityOfPage\":{\"@id\":\"https:\/\/www.pumahue.cl\/penalolen\/noticias\/encuentro-de-nuestros-cap-y-cpya\/\"},\"wordCount\":122,\"commentCount\":0,\"publisher\":{\"@id\":\"https:\/\/www.pumahue.cl\/penalolen\/#organization\"},\"image\":{\"@id\":\"https:\/\/www.pumahue.cl\/penalolen\/noticias\/encuentro-de-nuestros-cap-y-cpya\/#primaryimage\"},\"thumbnailUrl\":\"\",\"articleSection\":[\"Vida Escolar\"],\"inLanguage\":\"es\",\"potentialAction\":[{\"@type\":\"CommentAction\",\"name\":\"Comment\",\"target\":[\"https:\/\/www.pumahue.cl\/penalolen\/noticias\/encuentro-de-nuestros-cap-y-cpya\/#respond\"]}]},{\"@type\":\"WebPage\",\"@id\":\"https:\/\/www.pumahue.cl\/penalolen\/noticias\/encuentro-de-nuestros-cap-y-cpya\/\",\"url\":\"https:\/\/www.pumahue.cl\/penalolen\/noticias\/encuentro-de-nuestros-cap-y-cpya\/\",\"name\":\"Encuentro de nuestros CAP y CPYA - Colegio Pumahue Pe\u00f1alol\u00e9n\",\"isPartOf\":{\"@id\":\"https:\/\/www.pumahue.cl\/penalolen\/#website\"},\"primaryImageOfPage\":{\"@id\":\"https:\/\/www.pumahue.cl\/penalolen\/noticias\/encuentro-de-nuestros-cap-y-cpya\/#primaryimage\"},\"image\":{\"@id\":\"https:\/\/www.pumahue.cl\/penalolen\/noticias\/encuentro-de-nuestros-cap-y-cpya\/#primaryimage\"},\"thumbnailUrl\":\"\",\"datePublished\":\"2022-06-16T20:14:34+00:00\",\"breadcrumb\":{\"@id\":\"https:\/\/www.pumahue.cl\/penalolen\/noticias\/encuentro-de-nuestros-cap-y-cpya\/#breadcrumb\"},\"inLanguage\":\"es\",\"potentialAction\":[{\"@type\":\"ReadAction\",\"target\":[\"https:\/\/www.pumahue.cl\/penalolen\/noticias\/encuentro-de-nuestros-cap-y-cpya\/\"]}]},{\"@type\":\"ImageObject\",\"inLanguage\":\"es\",\"@id\":\"https:\/\/www.pumahue.cl\/penalolen\/noticias\/encuentro-de-nuestros-cap-y-cpya\/#primaryimage\",\"url\":\"\",\"contentUrl\":\"\"},{\"@type\":\"BreadcrumbList\",\"@id\":\"https:\/\/www.pumahue.cl\/penalolen\/noticias\/encuentro-de-nuestros-cap-y-cpya\/#breadcrumb\",\"itemListElement\":[{\"@type\":\"ListItem\",\"position\":1,\"name\":\"Home\",\"item\":\"https:\/\/www.pumahue.cl\/penalolen\/\"},{\"@type\":\"ListItem\",\"position\":2,\"name\":\"Encuentro de nuestros CAP y CPYA\"}]},{\"@type\":\"WebSite\",\"@id\":\"https:\/\/www.pumahue.cl\/penalolen\/#website\",\"url\":\"https:\/\/www.pumahue.cl\/penalolen\/\",\"name\":\"Colegio Pumahue Pe\u00f1alol\u00e9n\",\"description\":\"\",\"publisher\":{\"@id\":\"https:\/\/www.pumahue.cl\/penalolen\/#organization\"},\"potentialAction\":[{\"@type\":\"SearchAction\",\"target\":{\"@type\":\"EntryPoint\",\"urlTemplate\":\"https:\/\/www.pumahue.cl\/penalolen\/?s={search_term_string}\"},\"query-input\":{\"@type\":\"PropertyValueSpecification\",\"valueRequired\":true,\"valueName\":\"search_term_string\"}}],\"inLanguage\":\"es\"},{\"@type\":\"Organization\",\"@id\":\"https:\/\/www.pumahue.cl\/penalolen\/#organization\",\"name\":\"Colegio Pumahue Pe\u00f1alol\u00e9n\",\"url\":\"https:\/\/www.pumahue.cl\/penalolen\/\",\"logo\":{\"@type\":\"ImageObject\",\"inLanguage\":\"es\",\"@id\":\"https:\/\/www.pumahue.cl\/penalolen\/#\/schema\/logo\/image\/\",\"url\":\"https:\/\/www.pumahue.cl\/penalolen\/wp-content\/uploads\/sites\/44\/2020\/03\/LOGO-PUMAHUE-PARA-web.jpg\",\"contentUrl\":\"https:\/\/www.pumahue.cl\/penalolen\/wp-content\/uploads\/sites\/44\/2020\/03\/LOGO-PUMAHUE-PARA-web.jpg\",\"width\":836,\"height\":523,\"caption\":\"Colegio Pumahue Pe\u00f1alol\u00e9n\"},\"image\":{\"@id\":\"https:\/\/www.pumahue.cl\/penalolen\/#\/schema\/logo\/image\/\"},\"sameAs\":[\"http:\/\/www.facebook.com\/ColegiosPumahue\",\"http:\/\/www.instagram.com\/colegiopumahue_penalolen\",\"https:\/\/www.youtube.com\/@CognitaChile\"]},{\"@type\":\"Person\",\"@id\":\"https:\/\/www.pumahue.cl\/penalolen\/#\/schema\/person\/5eb92a7b45165cdbdbb271bcdacc9d9e\",\"name\":\"danielacastro\",\"image\":{\"@type\":\"ImageObject\",\"inLanguage\":\"es\",\"@id\":\"https:\/\/www.pumahue.cl\/penalolen\/#\/schema\/person\/image\/\",\"url\":\"https:\/\/secure.gravatar.com\/avatar\/16a603f2cc3ad485cabfe7c59b923050a809d8344cba940b4148737780592211?s=96&d=mm&r=g\",\"contentUrl\":\"https:\/\/secure.gravatar.com\/avatar\/16a603f2cc3ad485cabfe7c59b923050a809d8344cba940b4148737780592211?s=96&d=mm&r=g\",\"caption\":\"danielacastro\"}}]}<\/script>\n<!-- \/ Yoast SEO plugin. -->","yoast_head_json":{"title":"Encuentro de nuestros CAP y CPYA - Colegio Pumahue Pe\u00f1alol\u00e9n","robots":{"index":"index","follow":"follow","max-snippet":"max-snippet:-1","max-image-preview":"max-image-preview:large","max-video-preview":"max-video-preview:-1"},"canonical":"https:\/\/www.pumahue.cl\/penalolen\/noticias\/encuentro-de-nuestros-cap-y-cpya\/","og_locale":"es_ES","og_type":"article","og_title":"Encuentro de nuestros CAP y CPYA - Colegio Pumahue Pe\u00f1alol\u00e9n","og_description":"El Centro de Padres (CPYA) y el Centro de Alumnos (CAP) de Pumahue Pe\u00f1alol\u00e9n se reunieron hoy en un ameno encuentro, oportunidad para conocerse y conversar acerca de sus proyectos y todo lo que pueden realizar en conjunto. Esta importante instancia nos prepara para novedades de parte de ambas organizaciones de nuestro colegio, esperando de [&hellip;]","og_url":"https:\/\/www.pumahue.cl\/penalolen\/noticias\/encuentro-de-nuestros-cap-y-cpya\/","og_site_name":"Colegio Pumahue Pe\u00f1alol\u00e9n","article_publisher":"http:\/\/www.facebook.com\/ColegiosPumahue","article_published_time":"2022-06-16T20:14:34+00:00","og_image":[{"width":836,"height":523,"url":"https:\/\/www.pumahue.cl\/penalolen\/wp-content\/uploads\/sites\/44\/2020\/03\/LOGO-PUMAHUE-PARA-web.jpg","type":"image\/jpeg"}],"author":"danielacastro","twitter_card":"summary_large_image","twitter_misc":{"Escrito por":"danielacastro","Tiempo de lectura":"1 minuto"},"schema":{"@context":"https:\/\/schema.org","@graph":[{"@type":"Article","@id":"https:\/\/www.pumahue.cl\/penalolen\/noticias\/encuentro-de-nuestros-cap-y-cpya\/#article","isPartOf":{"@id":"https:\/\/www.pumahue.cl\/penalolen\/noticias\/encuentro-de-nuestros-cap-y-cpya\/"},"author":{"name":"danielacastro","@id":"https:\/\/www.pumahue.cl\/penalolen\/#\/schema\/person\/5eb92a7b45165cdbdbb271bcdacc9d9e"},"headline":"Encuentro de nuestros CAP y CPYA","datePublished":"2022-06-16T20:14:34+00:00","mainEntityOfPage":{"@id":"https:\/\/www.pumahue.cl\/penalolen\/noticias\/encuentro-de-nuestros-cap-y-cpya\/"},"wordCount":122,"commentCount":0,"publisher":{"@id":"https:\/\/www.pumahue.cl\/penalolen\/#organization"},"image":{"@id":"https:\/\/www.pumahue.cl\/penalolen\/noticias\/encuentro-de-nuestros-cap-y-cpya\/#primaryimage"},"thumbnailUrl":"","articleSection":["Vida Escolar"],"inLanguage":"es","potentialAction":[{"@type":"CommentAction","name":"Comment","target":["https:\/\/www.pumahue.cl\/penalolen\/noticias\/encuentro-de-nuestros-cap-y-cpya\/#respond"]}]},{"@type":"WebPage","@id":"https:\/\/www.pumahue.cl\/penalolen\/noticias\/encuentro-de-nuestros-cap-y-cpya\/","url":"https:\/\/www.pumahue.cl\/penalolen\/noticias\/encuentro-de-nuestros-cap-y-cpya\/","name":"Encuentro de nuestros CAP y CPYA - Colegio Pumahue Pe\u00f1alol\u00e9n","isPartOf":{"@id":"https:\/\/www.pumahue.cl\/penalolen\/#website"},"primaryImageOfPage":{"@id":"https:\/\/www.pumahue.cl\/penalolen\/noticias\/encuentro-de-nuestros-cap-y-cpya\/#primaryimage"},"image":{"@id":"https:\/\/www.pumahue.cl\/penalolen\/noticias\/encuentro-de-nuestros-cap-y-cpya\/#primaryimage"},"thumbnailUrl":"","datePublished":"2022-06-16T20:14:34+00:00","breadcrumb":{"@id":"https:\/\/www.pumahue.cl\/penalolen\/noticias\/encuentro-de-nuestros-cap-y-cpya\/#breadcrumb"},"inLanguage":"es","potentialAction":[{"@type":"ReadAction","target":["https:\/\/www.pumahue.cl\/penalolen\/noticias\/encuentro-de-nuestros-cap-y-cpya\/"]}]},{"@type":"ImageObject","inLanguage":"es","@id":"https:\/\/www.pumahue.cl\/penalolen\/noticias\/encuentro-de-nuestros-cap-y-cpya\/#primaryimage","url":"","contentUrl":""},{"@type":"BreadcrumbList","@id":"https:\/\/www.pumahue.cl\/penalolen\/noticias\/encuentro-de-nuestros-cap-y-cpya\/#breadcrumb","itemListElement":[{"@type":"ListItem","position":1,"name":"Home","item":"https:\/\/www.pumahue.cl\/penalolen\/"},{"@type":"ListItem","position":2,"name":"Encuentro de nuestros CAP y CPYA"}]},{"@type":"WebSite","@id":"https:\/\/www.pumahue.cl\/penalolen\/#website","url":"https:\/\/www.pumahue.cl\/penalolen\/","name":"Colegio Pumahue Pe\u00f1alol\u00e9n","description":"","publisher":{"@id":"https:\/\/www.pumahue.cl\/penalolen\/#organization"},"potentialAction":[{"@type":"SearchAction","target":{"@type":"EntryPoint","urlTemplate":"https:\/\/www.pumahue.cl\/penalolen\/?s={search_term_string}"},"query-input":{"@type":"PropertyValueSpecification","valueRequired":true,"valueName":"search_term_string"}}],"inLanguage":"es"},{"@type":"Organization","@id":"https:\/\/www.pumahue.cl\/penalolen\/#organization","name":"Colegio Pumahue Pe\u00f1alol\u00e9n","url":"https:\/\/www.pumahue.cl\/penalolen\/","logo":{"@type":"ImageObject","inLanguage":"es","@id":"https:\/\/www.pumahue.cl\/penalolen\/#\/schema\/logo\/image\/","url":"https:\/\/www.pumahue.cl\/penalolen\/wp-content\/uploads\/sites\/44\/2020\/03\/LOGO-PUMAHUE-PARA-web.jpg","contentUrl":"https:\/\/www.pumahue.cl\/penalolen\/wp-content\/uploads\/sites\/44\/2020\/03\/LOGO-PUMAHUE-PARA-web.jpg","width":836,"height":523,"caption":"Colegio Pumahue Pe\u00f1alol\u00e9n"},"image":{"@id":"https:\/\/www.pumahue.cl\/penalolen\/#\/schema\/logo\/image\/"},"sameAs":["http:\/\/www.facebook.com\/ColegiosPumahue","http:\/\/www.instagram.com\/colegiopumahue_penalolen","https:\/\/www.youtube.com\/@CognitaChile"]},{"@type":"Person","@id":"https:\/\/www.pumahue.cl\/penalolen\/#\/schema\/person\/5eb92a7b45165cdbdbb271bcdacc9d9e","name":"danielacastro","image":{"@type":"ImageObject","inLanguage":"es","@id":"https:\/\/www.pumahue.cl\/penalolen\/#\/schema\/person\/image\/","url":"https:\/\/secure.gravatar.com\/avatar\/16a603f2cc3ad485cabfe7c59b923050a809d8344cba940b4148737780592211?s=96&d=mm&r=g","contentUrl":"https:\/\/secure.gravatar.com\/avatar\/16a603f2cc3ad485cabfe7c59b923050a809d8344cba940b4148737780592211?s=96&d=mm&r=g","caption":"danielacastro"}}]}},"jetpack_featured_media_url":"","previous_post_ID":22186,"previous_post_title":"Actividad de Bienestar Socioemocional: 6to B\u00e1sico B y I Medio C","previous_post_excerpt":"Como parte de un plan piloto que busca desarrollar v\u00ednculos m\u00e1s estrechos entre las familias y el colegio, cuyo objetivo es el cuidado socioemocional, los apoderados de 6to B\u00e1sico B y I Medio C asistieron para realizar un entretenido picnic con sus hijos. Esta jornada tuvo como objetivo crear v\u00ednculos m\u00e1s cercanos entre los padres, [&hellip;]","previous_post_link":"https:\/\/www.pumahue.cl\/penalolen\/noticias\/actividad-de-bienestar-socioemocional-6to-basico-b-y-i-medio-c\/","previous_post_class":["post-22186","post","type-post","status-publish","format-standard","has-post-thumbnail","hentry","category-vida-escolar"],"next_post_ID":22212,"next_post_title":"Mes de la Diversidad: Diversidad y Colores","next_post_excerpt":"Con el objetivo de generar instancias donde reflexionemos, profundicemos en el respeto, la empat\u00eda y las riquezas de las diferencias, hoy tuvimos una entretenida instancia de encuentro como parte de las actividades que se enmarcan en las celebraciones del Mes de la Diversidad, a cargo del Equipo Psicoeducativo del colegio. Durante uno de los bloques [&hellip;]","next_post_link":"https:\/\/www.pumahue.cl\/penalolen\/noticias\/mes-de-la-diversidad-diversidad-y-colores\/","next_post_class":["post-22212","post","type-post","status-publish","format-standard","has-post-thumbnail","hentry","category-vida-escolar"],"jetpack_sharing_enabled":true,"_links":{"self":[{"href":"https:\/\/www.pumahue.cl\/penalolen\/wp-json\/wp\/v2\/posts\/22221","targetHints":{"allow":["GET"]}}],"collection":[{"href":"https:\/\/www.pumahue.cl\/penalolen\/wp-json\/wp\/v2\/posts"}],"about":[{"href":"https:\/\/www.pumahue.cl\/penalolen\/wp-json\/wp\/v2\/types\/post"}],"author":[{"embeddable":true,"href":"https:\/\/www.pumahue.cl\/penalolen\/wp-json\/wp\/v2\/users\/34"}],"replies":[{"embeddable":true,"href":"https:\/\/www.pumahue.cl\/penalolen\/wp-json\/wp\/v2\/comments?post=22221"}],"version-history":[{"count":0,"href":"https:\/\/www.pumahue.cl\/penalolen\/wp-json\/wp\/v2\/posts\/22221\/revisions"}],"wp:featuredmedia":[{"embeddable":true,"href":"https:\/\/www.pumahue.cl\/penalolen\/wp-json\/"}],"wp:attachment":[{"href":"https:\/\/www.pumahue.cl\/penalolen\/wp-json\/wp\/v2\/media?parent=22221"}],"wp:term":[{"taxonomy":"category","embeddable":true,"href":"https:\/\/www.pumahue.cl\/penalolen\/wp-json\/wp\/v2\/categories?post=22221"},{"taxonomy":"post_tag","embeddable":true,"href":"https:\/\/www.pumahue.cl\/penalolen\/wp-json\/wp\/v2\/tags?post=22221"}],"curies":[{"name":"wp","href":"https:\/\/api.w.org\/{rel}","templated":true}]}}