{"id":25054,"date":"2023-07-28T17:02:44","date_gmt":"2023-07-28T21:02:44","guid":{"rendered":"http:\/\/pumahue.cl\/penalolen\/?p=25054"},"modified":"2023-07-28T17:02:44","modified_gmt":"2023-07-28T21:02:44","slug":"prekinder-a-celebro-el-wetripantu","status":"publish","type":"post","link":"https:\/\/www.pumahue.cl\/penalolen\/noticias\/prekinder-a-celebro-el-wetripantu\/","title":{"rendered":"Prek\u00ednder A celebr\u00f3 el Wetripant\u00fc"},"content":{"rendered":"<p style=\"margin-bottom: 12.0pt\">Como parte de su proyecto CAMPUR, los estudiantes de este curso realizaron esta celebraci\u00f3n mapuche, en la cual pudieron conocer sus costumbres, tradiciones e incluso comieron sopaipillas al finalizar la actividad.<\/p>\n<p style=\"margin-bottom: 12.0pt\">Fue tanto el entusiasmo que invitaron a los otros compa\u00f1eros del nivel de Prek\u00ednder a celebrar juntos esta fecha. Los peque\u00f1os lo pasaron muy bien y aprendieron algo nuevo de nuestra cultura aut\u00f3ctona chilena.<\/p>\n<p>[multimedia id=&#8221;1&#8243;]<\/p>\n"},"excerpt":{"rendered":"<p>Como parte de su proyecto CAMPUR, los estudiantes de este curso realizaron esta celebraci\u00f3n mapuche, en la cual pudieron conocer sus costumbres, tradiciones e incluso comieron sopaipillas al finalizar la actividad. Fue tanto el entusiasmo que invitaron a los otros compa\u00f1eros del nivel de Prek\u00ednder a celebrar juntos esta fecha. Los peque\u00f1os lo pasaron muy [&hellip;]<\/p>\n","protected":false},"author":34,"featured_media":25055,"comment_status":"open","ping_status":"open","sticky":false,"template":"","format":"standard","meta":{"_acf_changed":false,"content-type":"","_jetpack_memberships_contains_paid_content":false,"footnotes":""},"categories":[1],"tags":[],"class_list":["post-25054","post","type-post","status-publish","format-standard","has-post-thumbnail","hentry","category-vida-escolar"],"acf":[],"yoast_head":"<!-- This site is optimized with the Yoast SEO plugin v27.1.1 - https:\/\/yoast.com\/product\/yoast-seo-wordpress\/ -->\n<title>Prek\u00ednder A celebr\u00f3 el Wetripant\u00fc - Colegio Pumahue Pe\u00f1alol\u00e9n<\/title>\n<meta name=\"robots\" content=\"index, follow, max-snippet:-1, max-image-preview:large, max-video-preview:-1\" \/>\n<link rel=\"canonical\" href=\"https:\/\/www.pumahue.cl\/penalolen\/noticias\/prekinder-a-celebro-el-wetripantu\/\" \/>\n<meta property=\"og:locale\" content=\"es_ES\" \/>\n<meta property=\"og:type\" content=\"article\" \/>\n<meta property=\"og:title\" content=\"Prek\u00ednder A celebr\u00f3 el Wetripant\u00fc - Colegio Pumahue Pe\u00f1alol\u00e9n\" \/>\n<meta property=\"og:description\" content=\"Como parte de su proyecto CAMPUR, los estudiantes de este curso realizaron esta celebraci\u00f3n mapuche, en la cual pudieron conocer sus costumbres, tradiciones e incluso comieron sopaipillas al finalizar la actividad. Fue tanto el entusiasmo que invitaron a los otros compa\u00f1eros del nivel de Prek\u00ednder a celebrar juntos esta fecha. Los peque\u00f1os lo pasaron muy [&hellip;]\" \/>\n<meta property=\"og:url\" content=\"https:\/\/www.pumahue.cl\/penalolen\/noticias\/prekinder-a-celebro-el-wetripantu\/\" \/>\n<meta property=\"og:site_name\" content=\"Colegio Pumahue Pe\u00f1alol\u00e9n\" \/>\n<meta property=\"article:publisher\" content=\"http:\/\/www.facebook.com\/ColegiosPumahue\" \/>\n<meta property=\"article:published_time\" content=\"2023-07-28T21:02:44+00:00\" \/>\n<meta property=\"og:image\" content=\"https:\/\/www.pumahue.cl\/penalolen\/wp-content\/uploads\/sites\/44\/2023\/07\/IMG-20230728-WA0018.jpg\" \/>\n\t<meta property=\"og:image:width\" content=\"1280\" \/>\n\t<meta property=\"og:image:height\" content=\"960\" \/>\n\t<meta property=\"og:image:type\" content=\"image\/jpeg\" \/>\n<meta name=\"author\" content=\"danielacastro\" \/>\n<meta name=\"twitter:card\" content=\"summary_large_image\" \/>\n<meta name=\"twitter:label1\" content=\"Escrito por\" \/>\n\t<meta name=\"twitter:data1\" content=\"danielacastro\" \/>\n<script type=\"application\/ld+json\" class=\"yoast-schema-graph\">{\"@context\":\"https:\/\/schema.org\",\"@graph\":[{\"@type\":\"Article\",\"@id\":\"https:\/\/www.pumahue.cl\/penalolen\/noticias\/prekinder-a-celebro-el-wetripantu\/#article\",\"isPartOf\":{\"@id\":\"https:\/\/www.pumahue.cl\/penalolen\/noticias\/prekinder-a-celebro-el-wetripantu\/\"},\"author\":{\"name\":\"danielacastro\",\"@id\":\"https:\/\/www.pumahue.cl\/penalolen\/#\/schema\/person\/5eb92a7b45165cdbdbb271bcdacc9d9e\"},\"headline\":\"Prek\u00ednder A celebr\u00f3 el Wetripant\u00fc\",\"datePublished\":\"2023-07-28T21:02:44+00:00\",\"mainEntityOfPage\":{\"@id\":\"https:\/\/www.pumahue.cl\/penalolen\/noticias\/prekinder-a-celebro-el-wetripantu\/\"},\"wordCount\":78,\"commentCount\":0,\"publisher\":{\"@id\":\"https:\/\/www.pumahue.cl\/penalolen\/#organization\"},\"image\":{\"@id\":\"https:\/\/www.pumahue.cl\/penalolen\/noticias\/prekinder-a-celebro-el-wetripantu\/#primaryimage\"},\"thumbnailUrl\":\"https:\/\/www.pumahue.cl\/penalolen\/wp-content\/uploads\/sites\/44\/2023\/07\/IMG-20230728-WA0018.jpg\",\"articleSection\":[\"Vida Escolar\"],\"inLanguage\":\"es\",\"potentialAction\":[{\"@type\":\"CommentAction\",\"name\":\"Comment\",\"target\":[\"https:\/\/www.pumahue.cl\/penalolen\/noticias\/prekinder-a-celebro-el-wetripantu\/#respond\"]}]},{\"@type\":\"WebPage\",\"@id\":\"https:\/\/www.pumahue.cl\/penalolen\/noticias\/prekinder-a-celebro-el-wetripantu\/\",\"url\":\"https:\/\/www.pumahue.cl\/penalolen\/noticias\/prekinder-a-celebro-el-wetripantu\/\",\"name\":\"Prek\u00ednder A celebr\u00f3 el Wetripant\u00fc - Colegio Pumahue Pe\u00f1alol\u00e9n\",\"isPartOf\":{\"@id\":\"https:\/\/www.pumahue.cl\/penalolen\/#website\"},\"primaryImageOfPage\":{\"@id\":\"https:\/\/www.pumahue.cl\/penalolen\/noticias\/prekinder-a-celebro-el-wetripantu\/#primaryimage\"},\"image\":{\"@id\":\"https:\/\/www.pumahue.cl\/penalolen\/noticias\/prekinder-a-celebro-el-wetripantu\/#primaryimage\"},\"thumbnailUrl\":\"https:\/\/www.pumahue.cl\/penalolen\/wp-content\/uploads\/sites\/44\/2023\/07\/IMG-20230728-WA0018.jpg\",\"datePublished\":\"2023-07-28T21:02:44+00:00\",\"breadcrumb\":{\"@id\":\"https:\/\/www.pumahue.cl\/penalolen\/noticias\/prekinder-a-celebro-el-wetripantu\/#breadcrumb\"},\"inLanguage\":\"es\",\"potentialAction\":[{\"@type\":\"ReadAction\",\"target\":[\"https:\/\/www.pumahue.cl\/penalolen\/noticias\/prekinder-a-celebro-el-wetripantu\/\"]}]},{\"@type\":\"ImageObject\",\"inLanguage\":\"es\",\"@id\":\"https:\/\/www.pumahue.cl\/penalolen\/noticias\/prekinder-a-celebro-el-wetripantu\/#primaryimage\",\"url\":\"https:\/\/www.pumahue.cl\/penalolen\/wp-content\/uploads\/sites\/44\/2023\/07\/IMG-20230728-WA0018.jpg\",\"contentUrl\":\"https:\/\/www.pumahue.cl\/penalolen\/wp-content\/uploads\/sites\/44\/2023\/07\/IMG-20230728-WA0018.jpg\",\"width\":1280,\"height\":960},{\"@type\":\"BreadcrumbList\",\"@id\":\"https:\/\/www.pumahue.cl\/penalolen\/noticias\/prekinder-a-celebro-el-wetripantu\/#breadcrumb\",\"itemListElement\":[{\"@type\":\"ListItem\",\"position\":1,\"name\":\"Home\",\"item\":\"https:\/\/www.pumahue.cl\/penalolen\/\"},{\"@type\":\"ListItem\",\"position\":2,\"name\":\"Prek\u00ednder A celebr\u00f3 el Wetripant\u00fc\"}]},{\"@type\":\"WebSite\",\"@id\":\"https:\/\/www.pumahue.cl\/penalolen\/#website\",\"url\":\"https:\/\/www.pumahue.cl\/penalolen\/\",\"name\":\"Colegio Pumahue Pe\u00f1alol\u00e9n\",\"description\":\"\",\"publisher\":{\"@id\":\"https:\/\/www.pumahue.cl\/penalolen\/#organization\"},\"potentialAction\":[{\"@type\":\"SearchAction\",\"target\":{\"@type\":\"EntryPoint\",\"urlTemplate\":\"https:\/\/www.pumahue.cl\/penalolen\/?s={search_term_string}\"},\"query-input\":{\"@type\":\"PropertyValueSpecification\",\"valueRequired\":true,\"valueName\":\"search_term_string\"}}],\"inLanguage\":\"es\"},{\"@type\":\"Organization\",\"@id\":\"https:\/\/www.pumahue.cl\/penalolen\/#organization\",\"name\":\"Colegio Pumahue Pe\u00f1alol\u00e9n\",\"url\":\"https:\/\/www.pumahue.cl\/penalolen\/\",\"logo\":{\"@type\":\"ImageObject\",\"inLanguage\":\"es\",\"@id\":\"https:\/\/www.pumahue.cl\/penalolen\/#\/schema\/logo\/image\/\",\"url\":\"https:\/\/www.pumahue.cl\/penalolen\/wp-content\/uploads\/sites\/44\/2020\/03\/LOGO-PUMAHUE-PARA-web.jpg\",\"contentUrl\":\"https:\/\/www.pumahue.cl\/penalolen\/wp-content\/uploads\/sites\/44\/2020\/03\/LOGO-PUMAHUE-PARA-web.jpg\",\"width\":836,\"height\":523,\"caption\":\"Colegio Pumahue Pe\u00f1alol\u00e9n\"},\"image\":{\"@id\":\"https:\/\/www.pumahue.cl\/penalolen\/#\/schema\/logo\/image\/\"},\"sameAs\":[\"http:\/\/www.facebook.com\/ColegiosPumahue\",\"http:\/\/www.instagram.com\/colegiopumahue_penalolen\",\"https:\/\/www.youtube.com\/@CognitaChile\"]},{\"@type\":\"Person\",\"@id\":\"https:\/\/www.pumahue.cl\/penalolen\/#\/schema\/person\/5eb92a7b45165cdbdbb271bcdacc9d9e\",\"name\":\"danielacastro\",\"image\":{\"@type\":\"ImageObject\",\"inLanguage\":\"es\",\"@id\":\"https:\/\/www.pumahue.cl\/penalolen\/#\/schema\/person\/image\/\",\"url\":\"https:\/\/secure.gravatar.com\/avatar\/16a603f2cc3ad485cabfe7c59b923050a809d8344cba940b4148737780592211?s=96&d=mm&r=g\",\"contentUrl\":\"https:\/\/secure.gravatar.com\/avatar\/16a603f2cc3ad485cabfe7c59b923050a809d8344cba940b4148737780592211?s=96&d=mm&r=g\",\"caption\":\"danielacastro\"}}]}<\/script>\n<!-- \/ Yoast SEO plugin. -->","yoast_head_json":{"title":"Prek\u00ednder A celebr\u00f3 el Wetripant\u00fc - Colegio Pumahue Pe\u00f1alol\u00e9n","robots":{"index":"index","follow":"follow","max-snippet":"max-snippet:-1","max-image-preview":"max-image-preview:large","max-video-preview":"max-video-preview:-1"},"canonical":"https:\/\/www.pumahue.cl\/penalolen\/noticias\/prekinder-a-celebro-el-wetripantu\/","og_locale":"es_ES","og_type":"article","og_title":"Prek\u00ednder A celebr\u00f3 el Wetripant\u00fc - Colegio Pumahue Pe\u00f1alol\u00e9n","og_description":"Como parte de su proyecto CAMPUR, los estudiantes de este curso realizaron esta celebraci\u00f3n mapuche, en la cual pudieron conocer sus costumbres, tradiciones e incluso comieron sopaipillas al finalizar la actividad. Fue tanto el entusiasmo que invitaron a los otros compa\u00f1eros del nivel de Prek\u00ednder a celebrar juntos esta fecha. Los peque\u00f1os lo pasaron muy [&hellip;]","og_url":"https:\/\/www.pumahue.cl\/penalolen\/noticias\/prekinder-a-celebro-el-wetripantu\/","og_site_name":"Colegio Pumahue Pe\u00f1alol\u00e9n","article_publisher":"http:\/\/www.facebook.com\/ColegiosPumahue","article_published_time":"2023-07-28T21:02:44+00:00","og_image":[{"width":1280,"height":960,"url":"https:\/\/www.pumahue.cl\/penalolen\/wp-content\/uploads\/sites\/44\/2023\/07\/IMG-20230728-WA0018.jpg","type":"image\/jpeg"}],"author":"danielacastro","twitter_card":"summary_large_image","twitter_misc":{"Escrito por":"danielacastro"},"schema":{"@context":"https:\/\/schema.org","@graph":[{"@type":"Article","@id":"https:\/\/www.pumahue.cl\/penalolen\/noticias\/prekinder-a-celebro-el-wetripantu\/#article","isPartOf":{"@id":"https:\/\/www.pumahue.cl\/penalolen\/noticias\/prekinder-a-celebro-el-wetripantu\/"},"author":{"name":"danielacastro","@id":"https:\/\/www.pumahue.cl\/penalolen\/#\/schema\/person\/5eb92a7b45165cdbdbb271bcdacc9d9e"},"headline":"Prek\u00ednder A celebr\u00f3 el Wetripant\u00fc","datePublished":"2023-07-28T21:02:44+00:00","mainEntityOfPage":{"@id":"https:\/\/www.pumahue.cl\/penalolen\/noticias\/prekinder-a-celebro-el-wetripantu\/"},"wordCount":78,"commentCount":0,"publisher":{"@id":"https:\/\/www.pumahue.cl\/penalolen\/#organization"},"image":{"@id":"https:\/\/www.pumahue.cl\/penalolen\/noticias\/prekinder-a-celebro-el-wetripantu\/#primaryimage"},"thumbnailUrl":"https:\/\/www.pumahue.cl\/penalolen\/wp-content\/uploads\/sites\/44\/2023\/07\/IMG-20230728-WA0018.jpg","articleSection":["Vida Escolar"],"inLanguage":"es","potentialAction":[{"@type":"CommentAction","name":"Comment","target":["https:\/\/www.pumahue.cl\/penalolen\/noticias\/prekinder-a-celebro-el-wetripantu\/#respond"]}]},{"@type":"WebPage","@id":"https:\/\/www.pumahue.cl\/penalolen\/noticias\/prekinder-a-celebro-el-wetripantu\/","url":"https:\/\/www.pumahue.cl\/penalolen\/noticias\/prekinder-a-celebro-el-wetripantu\/","name":"Prek\u00ednder A celebr\u00f3 el Wetripant\u00fc - Colegio Pumahue Pe\u00f1alol\u00e9n","isPartOf":{"@id":"https:\/\/www.pumahue.cl\/penalolen\/#website"},"primaryImageOfPage":{"@id":"https:\/\/www.pumahue.cl\/penalolen\/noticias\/prekinder-a-celebro-el-wetripantu\/#primaryimage"},"image":{"@id":"https:\/\/www.pumahue.cl\/penalolen\/noticias\/prekinder-a-celebro-el-wetripantu\/#primaryimage"},"thumbnailUrl":"https:\/\/www.pumahue.cl\/penalolen\/wp-content\/uploads\/sites\/44\/2023\/07\/IMG-20230728-WA0018.jpg","datePublished":"2023-07-28T21:02:44+00:00","breadcrumb":{"@id":"https:\/\/www.pumahue.cl\/penalolen\/noticias\/prekinder-a-celebro-el-wetripantu\/#breadcrumb"},"inLanguage":"es","potentialAction":[{"@type":"ReadAction","target":["https:\/\/www.pumahue.cl\/penalolen\/noticias\/prekinder-a-celebro-el-wetripantu\/"]}]},{"@type":"ImageObject","inLanguage":"es","@id":"https:\/\/www.pumahue.cl\/penalolen\/noticias\/prekinder-a-celebro-el-wetripantu\/#primaryimage","url":"https:\/\/www.pumahue.cl\/penalolen\/wp-content\/uploads\/sites\/44\/2023\/07\/IMG-20230728-WA0018.jpg","contentUrl":"https:\/\/www.pumahue.cl\/penalolen\/wp-content\/uploads\/sites\/44\/2023\/07\/IMG-20230728-WA0018.jpg","width":1280,"height":960},{"@type":"BreadcrumbList","@id":"https:\/\/www.pumahue.cl\/penalolen\/noticias\/prekinder-a-celebro-el-wetripantu\/#breadcrumb","itemListElement":[{"@type":"ListItem","position":1,"name":"Home","item":"https:\/\/www.pumahue.cl\/penalolen\/"},{"@type":"ListItem","position":2,"name":"Prek\u00ednder A celebr\u00f3 el Wetripant\u00fc"}]},{"@type":"WebSite","@id":"https:\/\/www.pumahue.cl\/penalolen\/#website","url":"https:\/\/www.pumahue.cl\/penalolen\/","name":"Colegio Pumahue Pe\u00f1alol\u00e9n","description":"","publisher":{"@id":"https:\/\/www.pumahue.cl\/penalolen\/#organization"},"potentialAction":[{"@type":"SearchAction","target":{"@type":"EntryPoint","urlTemplate":"https:\/\/www.pumahue.cl\/penalolen\/?s={search_term_string}"},"query-input":{"@type":"PropertyValueSpecification","valueRequired":true,"valueName":"search_term_string"}}],"inLanguage":"es"},{"@type":"Organization","@id":"https:\/\/www.pumahue.cl\/penalolen\/#organization","name":"Colegio Pumahue Pe\u00f1alol\u00e9n","url":"https:\/\/www.pumahue.cl\/penalolen\/","logo":{"@type":"ImageObject","inLanguage":"es","@id":"https:\/\/www.pumahue.cl\/penalolen\/#\/schema\/logo\/image\/","url":"https:\/\/www.pumahue.cl\/penalolen\/wp-content\/uploads\/sites\/44\/2020\/03\/LOGO-PUMAHUE-PARA-web.jpg","contentUrl":"https:\/\/www.pumahue.cl\/penalolen\/wp-content\/uploads\/sites\/44\/2020\/03\/LOGO-PUMAHUE-PARA-web.jpg","width":836,"height":523,"caption":"Colegio Pumahue Pe\u00f1alol\u00e9n"},"image":{"@id":"https:\/\/www.pumahue.cl\/penalolen\/#\/schema\/logo\/image\/"},"sameAs":["http:\/\/www.facebook.com\/ColegiosPumahue","http:\/\/www.instagram.com\/colegiopumahue_penalolen","https:\/\/www.youtube.com\/@CognitaChile"]},{"@type":"Person","@id":"https:\/\/www.pumahue.cl\/penalolen\/#\/schema\/person\/5eb92a7b45165cdbdbb271bcdacc9d9e","name":"danielacastro","image":{"@type":"ImageObject","inLanguage":"es","@id":"https:\/\/www.pumahue.cl\/penalolen\/#\/schema\/person\/image\/","url":"https:\/\/secure.gravatar.com\/avatar\/16a603f2cc3ad485cabfe7c59b923050a809d8344cba940b4148737780592211?s=96&d=mm&r=g","contentUrl":"https:\/\/secure.gravatar.com\/avatar\/16a603f2cc3ad485cabfe7c59b923050a809d8344cba940b4148737780592211?s=96&d=mm&r=g","caption":"danielacastro"}}]}},"jetpack_featured_media_url":"https:\/\/www.pumahue.cl\/penalolen\/wp-content\/uploads\/sites\/44\/2023\/07\/IMG-20230728-WA0018.jpg","previous_post_ID":25035,"previous_post_title":"Equipo directivo se re\u00fane con CAMPUR de Padres para afianzar lazos","previous_post_excerpt":"Con el fin de fortalecer la alianza familia- colegio, nuestro rector Marcos Barros junto a las directoras de estudios Viviana Fr\u00edas, Ingrid Cer\u00f3n y Claudia Garc\u00eda, se reunieron con el CAMPUR General de Padres, compuesto por Francisco Correa, Vanessa Mancini y Karina D\u00edaz, para escuchar y buscar soluciones a los temas que m\u00e1s preocupan a [&hellip;]","previous_post_link":"https:\/\/www.pumahue.cl\/penalolen\/noticias\/equipo-directivo-se-reune-con-campur-de-padres-para-afianzar-lazos\/","previous_post_class":["post-25035","post","type-post","status-publish","format-standard","has-post-thumbnail","hentry","category-vida-escolar"],"next_post_ID":26801,"next_post_title":"#SeguimosMejorando: Renovaci\u00f3n en infraestructura","next_post_excerpt":"Tras la vuelta de las vacaciones se siguen haciendo mejoras en nuestras salas. Les que remos contar que en las salas de ense\u00f1anza b\u00e1sica se cambiaron todos los closets, donde las misses guardan sus materiales y en preb\u00e1sica se cambiaron los pisos de las salas\u00a0Jard\u00edn Infantil A, Jard\u00edn Infantil B y\u00a0Prek\u00ednder B.","next_post_link":"https:\/\/www.pumahue.cl\/penalolen\/noticias\/mejoras-en-infraestructura\/","next_post_class":["post-26801","post","type-post","status-publish","format-standard","has-post-thumbnail","hentry","category-vida-escolar"],"jetpack_sharing_enabled":true,"_links":{"self":[{"href":"https:\/\/www.pumahue.cl\/penalolen\/wp-json\/wp\/v2\/posts\/25054","targetHints":{"allow":["GET"]}}],"collection":[{"href":"https:\/\/www.pumahue.cl\/penalolen\/wp-json\/wp\/v2\/posts"}],"about":[{"href":"https:\/\/www.pumahue.cl\/penalolen\/wp-json\/wp\/v2\/types\/post"}],"author":[{"embeddable":true,"href":"https:\/\/www.pumahue.cl\/penalolen\/wp-json\/wp\/v2\/users\/34"}],"replies":[{"embeddable":true,"href":"https:\/\/www.pumahue.cl\/penalolen\/wp-json\/wp\/v2\/comments?post=25054"}],"version-history":[{"count":0,"href":"https:\/\/www.pumahue.cl\/penalolen\/wp-json\/wp\/v2\/posts\/25054\/revisions"}],"wp:featuredmedia":[{"embeddable":true,"href":"https:\/\/www.pumahue.cl\/penalolen\/wp-json\/wp\/v2\/media\/25055"}],"wp:attachment":[{"href":"https:\/\/www.pumahue.cl\/penalolen\/wp-json\/wp\/v2\/media?parent=25054"}],"wp:term":[{"taxonomy":"category","embeddable":true,"href":"https:\/\/www.pumahue.cl\/penalolen\/wp-json\/wp\/v2\/categories?post=25054"},{"taxonomy":"post_tag","embeddable":true,"href":"https:\/\/www.pumahue.cl\/penalolen\/wp-json\/wp\/v2\/tags?post=25054"}],"curies":[{"name":"wp","href":"https:\/\/api.w.org\/{rel}","templated":true}]}}