{"id":26270,"date":"2023-10-16T10:20:56","date_gmt":"2023-10-16T13:20:56","guid":{"rendered":"https:\/\/www.pumahue.cl\/penalolen\/?p=26270"},"modified":"2023-10-16T10:20:56","modified_gmt":"2023-10-16T13:20:56","slug":"atletas-de-nuestro-colegio-dejaron-los-pies-en-la-pista","status":"publish","type":"post","link":"https:\/\/www.pumahue.cl\/penalolen\/noticias\/atletas-de-nuestro-colegio-dejaron-los-pies-en-la-pista\/","title":{"rendered":"Atletas de nuestro colegio dejaron los pies en la pista"},"content":{"rendered":"\n<p>Nuestros atletas vivieron un fin de semana lleno de competencias y estuvieron presentes en diversos campeonatos a lo largo del pa\u00eds.<\/p>\n\n\n\n<p>Los atletas de la academia de atletismo, que lo componen estudiantes de 2\u00ba a 4\u00ba b\u00e1sico, participaron del encuentro formativo ImpactoKids, que se desarroll\u00f3 en el Colegio Marista de Estaci\u00f3n Central. Fue un evento que busc\u00f3 que los estudiantes aprendieran un poco m\u00e1s sobre este deporte y nuestros representantes fueron premiados como el equipo m\u00e1s respetuoso de las reglas del encuentro.<\/p>\n\n\n\n<p>La selecci\u00f3n de atletismo compuesta por estudiantes de 5\u00ba y 6\u00ba b\u00e1sico, compitieron en el Campeonato de atletismo en el Colegio Epullay, que se realiz\u00f3 el s\u00e1bado 14 de octubre.<\/p>\n\n\n\n<p>Fue una jornada espectacular para nuestras atletas. Rosario L\u00f3pez (6\u00ba A), obtuvo 1\u00ba lugar en Salto Largo y 2\u00ba lugar en Velocidad y Carrera de Vallas. Mientras que Matilda Elizondo (6\u00ba B), logr\u00f3 un 3\u00ba lugar en Salto largo y Monserrat Salazar (6\u00ba A) consigui\u00f3 una medalla al terminar tercera en los 600 metros planos.<\/p>\n\n\n\n<p>En cuanto a la carrera de relevos, el equipo de Colegio Pumahue Pe\u00f1alol\u00e9n compuesto por Rosario L\u00f3pez, Agustina Rodr\u00edguez, Matilda Elizondo, Mar\u00eda Ignacia Pereira, Catalina Torrej\u00f3n, Monserrat Salazar, Julieta Charme y Florencia Otegui, obtuvieron el primer lugar en la carrera de relevos.<\/p>\n\n\n\n<p>En otra competencia realizada tambi\u00e9n el s\u00e1bado pasado, tenemos el agrado de anunciar que Sof\u00eda Campos de III medio C, gan\u00f3 la Corrida Escolar de Pe\u00f1alol\u00e9n en la categor\u00eda 5K Damas. Un extraordinario resultado logrado por nuestra estudiante.<\/p>\n\n\n\n<p>Por \u00faltimo, el estudiante Facundo Vidal de I medio B, viaj\u00f3 hasta Puerto Montt para representarnos en el Interescolar Mixto de Atletismo de Los Lagos, organizado por el Club Atl\u00e9tico Santiago, compitiendo en las pruebas de 100 metros planos y Salto Largo, en esta \u00faltima prueba qued\u00f3 como el 6\u00ba mejor clasificado en la final.<\/p>\n\n\n\n<p>Felicitaciones a todos los deportistas que pusieron en lo m\u00e1s alto, el nombre del Colegio Pumahue Pe\u00f1alol\u00e9n.<\/p>\n\n\n\n<p>[multimedia id=1]<\/p>\n\n\n\n<p><\/p>\n"},"excerpt":{"rendered":"<p>Nuestros atletas vivieron un fin de semana lleno de competencias y estuvieron presentes en diversos campeonatos a lo largo del pa\u00eds. Los atletas de la academia de atletismo, que lo componen estudiantes de 2\u00ba a 4\u00ba b\u00e1sico, participaron del encuentro formativo ImpactoKids, que se desarroll\u00f3 en el Colegio Marista de Estaci\u00f3n Central. Fue un evento [&hellip;]<\/p>\n","protected":false},"author":34,"featured_media":26272,"comment_status":"open","ping_status":"open","sticky":false,"template":"","format":"standard","meta":{"_acf_changed":false,"content-type":"","_jetpack_memberships_contains_paid_content":false,"footnotes":""},"categories":[1],"tags":[],"class_list":["post-26270","post","type-post","status-publish","format-standard","has-post-thumbnail","hentry","category-vida-escolar"],"acf":[],"yoast_head":"<!-- This site is optimized with the Yoast SEO plugin v27.1.1 - https:\/\/yoast.com\/product\/yoast-seo-wordpress\/ -->\n<title>Atletas de nuestro colegio dejaron los pies en la pista - Colegio Pumahue Pe\u00f1alol\u00e9n<\/title>\n<meta name=\"robots\" content=\"index, follow, max-snippet:-1, max-image-preview:large, max-video-preview:-1\" \/>\n<link rel=\"canonical\" href=\"https:\/\/www.pumahue.cl\/penalolen\/noticias\/atletas-de-nuestro-colegio-dejaron-los-pies-en-la-pista\/\" \/>\n<meta property=\"og:locale\" content=\"es_ES\" \/>\n<meta property=\"og:type\" content=\"article\" \/>\n<meta property=\"og:title\" content=\"Atletas de nuestro colegio dejaron los pies en la pista - Colegio Pumahue Pe\u00f1alol\u00e9n\" \/>\n<meta property=\"og:description\" content=\"Nuestros atletas vivieron un fin de semana lleno de competencias y estuvieron presentes en diversos campeonatos a lo largo del pa\u00eds. Los atletas de la academia de atletismo, que lo componen estudiantes de 2\u00ba a 4\u00ba b\u00e1sico, participaron del encuentro formativo ImpactoKids, que se desarroll\u00f3 en el Colegio Marista de Estaci\u00f3n Central. Fue un evento [&hellip;]\" \/>\n<meta property=\"og:url\" content=\"https:\/\/www.pumahue.cl\/penalolen\/noticias\/atletas-de-nuestro-colegio-dejaron-los-pies-en-la-pista\/\" \/>\n<meta property=\"og:site_name\" content=\"Colegio Pumahue Pe\u00f1alol\u00e9n\" \/>\n<meta property=\"article:publisher\" content=\"http:\/\/www.facebook.com\/ColegiosPumahue\" \/>\n<meta property=\"article:published_time\" content=\"2023-10-16T13:20:56+00:00\" \/>\n<meta property=\"og:image\" content=\"https:\/\/www.pumahue.cl\/penalolen\/wp-content\/uploads\/sites\/44\/2023\/10\/Atletismo-Pumahue.png\" \/>\n\t<meta property=\"og:image:width\" content=\"836\" \/>\n\t<meta property=\"og:image:height\" content=\"523\" \/>\n\t<meta property=\"og:image:type\" content=\"image\/png\" \/>\n<meta name=\"author\" content=\"danielacastro\" \/>\n<meta name=\"twitter:card\" content=\"summary_large_image\" \/>\n<meta name=\"twitter:label1\" content=\"Escrito por\" \/>\n\t<meta name=\"twitter:data1\" content=\"danielacastro\" \/>\n\t<meta name=\"twitter:label2\" content=\"Tiempo de lectura\" \/>\n\t<meta name=\"twitter:data2\" content=\"2 minutos\" \/>\n<script type=\"application\/ld+json\" class=\"yoast-schema-graph\">{\"@context\":\"https:\/\/schema.org\",\"@graph\":[{\"@type\":\"Article\",\"@id\":\"https:\/\/www.pumahue.cl\/penalolen\/noticias\/atletas-de-nuestro-colegio-dejaron-los-pies-en-la-pista\/#article\",\"isPartOf\":{\"@id\":\"https:\/\/www.pumahue.cl\/penalolen\/noticias\/atletas-de-nuestro-colegio-dejaron-los-pies-en-la-pista\/\"},\"author\":{\"name\":\"danielacastro\",\"@id\":\"https:\/\/www.pumahue.cl\/penalolen\/#\/schema\/person\/5eb92a7b45165cdbdbb271bcdacc9d9e\"},\"headline\":\"Atletas de nuestro colegio dejaron los pies en la pista\",\"datePublished\":\"2023-10-16T13:20:56+00:00\",\"mainEntityOfPage\":{\"@id\":\"https:\/\/www.pumahue.cl\/penalolen\/noticias\/atletas-de-nuestro-colegio-dejaron-los-pies-en-la-pista\/\"},\"wordCount\":342,\"commentCount\":0,\"publisher\":{\"@id\":\"https:\/\/www.pumahue.cl\/penalolen\/#organization\"},\"image\":{\"@id\":\"https:\/\/www.pumahue.cl\/penalolen\/noticias\/atletas-de-nuestro-colegio-dejaron-los-pies-en-la-pista\/#primaryimage\"},\"thumbnailUrl\":\"https:\/\/www.pumahue.cl\/penalolen\/wp-content\/uploads\/sites\/44\/2023\/10\/Atletismo-Pumahue.png\",\"articleSection\":[\"Vida Escolar\"],\"inLanguage\":\"es\",\"potentialAction\":[{\"@type\":\"CommentAction\",\"name\":\"Comment\",\"target\":[\"https:\/\/www.pumahue.cl\/penalolen\/noticias\/atletas-de-nuestro-colegio-dejaron-los-pies-en-la-pista\/#respond\"]}]},{\"@type\":\"WebPage\",\"@id\":\"https:\/\/www.pumahue.cl\/penalolen\/noticias\/atletas-de-nuestro-colegio-dejaron-los-pies-en-la-pista\/\",\"url\":\"https:\/\/www.pumahue.cl\/penalolen\/noticias\/atletas-de-nuestro-colegio-dejaron-los-pies-en-la-pista\/\",\"name\":\"Atletas de nuestro colegio dejaron los pies en la pista - Colegio Pumahue Pe\u00f1alol\u00e9n\",\"isPartOf\":{\"@id\":\"https:\/\/www.pumahue.cl\/penalolen\/#website\"},\"primaryImageOfPage\":{\"@id\":\"https:\/\/www.pumahue.cl\/penalolen\/noticias\/atletas-de-nuestro-colegio-dejaron-los-pies-en-la-pista\/#primaryimage\"},\"image\":{\"@id\":\"https:\/\/www.pumahue.cl\/penalolen\/noticias\/atletas-de-nuestro-colegio-dejaron-los-pies-en-la-pista\/#primaryimage\"},\"thumbnailUrl\":\"https:\/\/www.pumahue.cl\/penalolen\/wp-content\/uploads\/sites\/44\/2023\/10\/Atletismo-Pumahue.png\",\"datePublished\":\"2023-10-16T13:20:56+00:00\",\"breadcrumb\":{\"@id\":\"https:\/\/www.pumahue.cl\/penalolen\/noticias\/atletas-de-nuestro-colegio-dejaron-los-pies-en-la-pista\/#breadcrumb\"},\"inLanguage\":\"es\",\"potentialAction\":[{\"@type\":\"ReadAction\",\"target\":[\"https:\/\/www.pumahue.cl\/penalolen\/noticias\/atletas-de-nuestro-colegio-dejaron-los-pies-en-la-pista\/\"]}]},{\"@type\":\"ImageObject\",\"inLanguage\":\"es\",\"@id\":\"https:\/\/www.pumahue.cl\/penalolen\/noticias\/atletas-de-nuestro-colegio-dejaron-los-pies-en-la-pista\/#primaryimage\",\"url\":\"https:\/\/www.pumahue.cl\/penalolen\/wp-content\/uploads\/sites\/44\/2023\/10\/Atletismo-Pumahue.png\",\"contentUrl\":\"https:\/\/www.pumahue.cl\/penalolen\/wp-content\/uploads\/sites\/44\/2023\/10\/Atletismo-Pumahue.png\",\"width\":836,\"height\":523},{\"@type\":\"BreadcrumbList\",\"@id\":\"https:\/\/www.pumahue.cl\/penalolen\/noticias\/atletas-de-nuestro-colegio-dejaron-los-pies-en-la-pista\/#breadcrumb\",\"itemListElement\":[{\"@type\":\"ListItem\",\"position\":1,\"name\":\"Home\",\"item\":\"https:\/\/www.pumahue.cl\/penalolen\/\"},{\"@type\":\"ListItem\",\"position\":2,\"name\":\"Atletas de nuestro colegio dejaron los pies en la pista\"}]},{\"@type\":\"WebSite\",\"@id\":\"https:\/\/www.pumahue.cl\/penalolen\/#website\",\"url\":\"https:\/\/www.pumahue.cl\/penalolen\/\",\"name\":\"Colegio Pumahue Pe\u00f1alol\u00e9n\",\"description\":\"\",\"publisher\":{\"@id\":\"https:\/\/www.pumahue.cl\/penalolen\/#organization\"},\"potentialAction\":[{\"@type\":\"SearchAction\",\"target\":{\"@type\":\"EntryPoint\",\"urlTemplate\":\"https:\/\/www.pumahue.cl\/penalolen\/?s={search_term_string}\"},\"query-input\":{\"@type\":\"PropertyValueSpecification\",\"valueRequired\":true,\"valueName\":\"search_term_string\"}}],\"inLanguage\":\"es\"},{\"@type\":\"Organization\",\"@id\":\"https:\/\/www.pumahue.cl\/penalolen\/#organization\",\"name\":\"Colegio Pumahue Pe\u00f1alol\u00e9n\",\"url\":\"https:\/\/www.pumahue.cl\/penalolen\/\",\"logo\":{\"@type\":\"ImageObject\",\"inLanguage\":\"es\",\"@id\":\"https:\/\/www.pumahue.cl\/penalolen\/#\/schema\/logo\/image\/\",\"url\":\"https:\/\/www.pumahue.cl\/penalolen\/wp-content\/uploads\/sites\/44\/2020\/03\/LOGO-PUMAHUE-PARA-web.jpg\",\"contentUrl\":\"https:\/\/www.pumahue.cl\/penalolen\/wp-content\/uploads\/sites\/44\/2020\/03\/LOGO-PUMAHUE-PARA-web.jpg\",\"width\":836,\"height\":523,\"caption\":\"Colegio Pumahue Pe\u00f1alol\u00e9n\"},\"image\":{\"@id\":\"https:\/\/www.pumahue.cl\/penalolen\/#\/schema\/logo\/image\/\"},\"sameAs\":[\"http:\/\/www.facebook.com\/ColegiosPumahue\",\"http:\/\/www.instagram.com\/colegiopumahue_penalolen\",\"https:\/\/www.youtube.com\/@CognitaChile\"]},{\"@type\":\"Person\",\"@id\":\"https:\/\/www.pumahue.cl\/penalolen\/#\/schema\/person\/5eb92a7b45165cdbdbb271bcdacc9d9e\",\"name\":\"danielacastro\",\"image\":{\"@type\":\"ImageObject\",\"inLanguage\":\"es\",\"@id\":\"https:\/\/www.pumahue.cl\/penalolen\/#\/schema\/person\/image\/\",\"url\":\"https:\/\/secure.gravatar.com\/avatar\/16a603f2cc3ad485cabfe7c59b923050a809d8344cba940b4148737780592211?s=96&d=mm&r=g\",\"contentUrl\":\"https:\/\/secure.gravatar.com\/avatar\/16a603f2cc3ad485cabfe7c59b923050a809d8344cba940b4148737780592211?s=96&d=mm&r=g\",\"caption\":\"danielacastro\"}}]}<\/script>\n<!-- \/ Yoast SEO plugin. -->","yoast_head_json":{"title":"Atletas de nuestro colegio dejaron los pies en la pista - Colegio Pumahue Pe\u00f1alol\u00e9n","robots":{"index":"index","follow":"follow","max-snippet":"max-snippet:-1","max-image-preview":"max-image-preview:large","max-video-preview":"max-video-preview:-1"},"canonical":"https:\/\/www.pumahue.cl\/penalolen\/noticias\/atletas-de-nuestro-colegio-dejaron-los-pies-en-la-pista\/","og_locale":"es_ES","og_type":"article","og_title":"Atletas de nuestro colegio dejaron los pies en la pista - Colegio Pumahue Pe\u00f1alol\u00e9n","og_description":"Nuestros atletas vivieron un fin de semana lleno de competencias y estuvieron presentes en diversos campeonatos a lo largo del pa\u00eds. Los atletas de la academia de atletismo, que lo componen estudiantes de 2\u00ba a 4\u00ba b\u00e1sico, participaron del encuentro formativo ImpactoKids, que se desarroll\u00f3 en el Colegio Marista de Estaci\u00f3n Central. Fue un evento [&hellip;]","og_url":"https:\/\/www.pumahue.cl\/penalolen\/noticias\/atletas-de-nuestro-colegio-dejaron-los-pies-en-la-pista\/","og_site_name":"Colegio Pumahue Pe\u00f1alol\u00e9n","article_publisher":"http:\/\/www.facebook.com\/ColegiosPumahue","article_published_time":"2023-10-16T13:20:56+00:00","og_image":[{"width":836,"height":523,"url":"https:\/\/www.pumahue.cl\/penalolen\/wp-content\/uploads\/sites\/44\/2023\/10\/Atletismo-Pumahue.png","type":"image\/png"}],"author":"danielacastro","twitter_card":"summary_large_image","twitter_misc":{"Escrito por":"danielacastro","Tiempo de lectura":"2 minutos"},"schema":{"@context":"https:\/\/schema.org","@graph":[{"@type":"Article","@id":"https:\/\/www.pumahue.cl\/penalolen\/noticias\/atletas-de-nuestro-colegio-dejaron-los-pies-en-la-pista\/#article","isPartOf":{"@id":"https:\/\/www.pumahue.cl\/penalolen\/noticias\/atletas-de-nuestro-colegio-dejaron-los-pies-en-la-pista\/"},"author":{"name":"danielacastro","@id":"https:\/\/www.pumahue.cl\/penalolen\/#\/schema\/person\/5eb92a7b45165cdbdbb271bcdacc9d9e"},"headline":"Atletas de nuestro colegio dejaron los pies en la pista","datePublished":"2023-10-16T13:20:56+00:00","mainEntityOfPage":{"@id":"https:\/\/www.pumahue.cl\/penalolen\/noticias\/atletas-de-nuestro-colegio-dejaron-los-pies-en-la-pista\/"},"wordCount":342,"commentCount":0,"publisher":{"@id":"https:\/\/www.pumahue.cl\/penalolen\/#organization"},"image":{"@id":"https:\/\/www.pumahue.cl\/penalolen\/noticias\/atletas-de-nuestro-colegio-dejaron-los-pies-en-la-pista\/#primaryimage"},"thumbnailUrl":"https:\/\/www.pumahue.cl\/penalolen\/wp-content\/uploads\/sites\/44\/2023\/10\/Atletismo-Pumahue.png","articleSection":["Vida Escolar"],"inLanguage":"es","potentialAction":[{"@type":"CommentAction","name":"Comment","target":["https:\/\/www.pumahue.cl\/penalolen\/noticias\/atletas-de-nuestro-colegio-dejaron-los-pies-en-la-pista\/#respond"]}]},{"@type":"WebPage","@id":"https:\/\/www.pumahue.cl\/penalolen\/noticias\/atletas-de-nuestro-colegio-dejaron-los-pies-en-la-pista\/","url":"https:\/\/www.pumahue.cl\/penalolen\/noticias\/atletas-de-nuestro-colegio-dejaron-los-pies-en-la-pista\/","name":"Atletas de nuestro colegio dejaron los pies en la pista - Colegio Pumahue Pe\u00f1alol\u00e9n","isPartOf":{"@id":"https:\/\/www.pumahue.cl\/penalolen\/#website"},"primaryImageOfPage":{"@id":"https:\/\/www.pumahue.cl\/penalolen\/noticias\/atletas-de-nuestro-colegio-dejaron-los-pies-en-la-pista\/#primaryimage"},"image":{"@id":"https:\/\/www.pumahue.cl\/penalolen\/noticias\/atletas-de-nuestro-colegio-dejaron-los-pies-en-la-pista\/#primaryimage"},"thumbnailUrl":"https:\/\/www.pumahue.cl\/penalolen\/wp-content\/uploads\/sites\/44\/2023\/10\/Atletismo-Pumahue.png","datePublished":"2023-10-16T13:20:56+00:00","breadcrumb":{"@id":"https:\/\/www.pumahue.cl\/penalolen\/noticias\/atletas-de-nuestro-colegio-dejaron-los-pies-en-la-pista\/#breadcrumb"},"inLanguage":"es","potentialAction":[{"@type":"ReadAction","target":["https:\/\/www.pumahue.cl\/penalolen\/noticias\/atletas-de-nuestro-colegio-dejaron-los-pies-en-la-pista\/"]}]},{"@type":"ImageObject","inLanguage":"es","@id":"https:\/\/www.pumahue.cl\/penalolen\/noticias\/atletas-de-nuestro-colegio-dejaron-los-pies-en-la-pista\/#primaryimage","url":"https:\/\/www.pumahue.cl\/penalolen\/wp-content\/uploads\/sites\/44\/2023\/10\/Atletismo-Pumahue.png","contentUrl":"https:\/\/www.pumahue.cl\/penalolen\/wp-content\/uploads\/sites\/44\/2023\/10\/Atletismo-Pumahue.png","width":836,"height":523},{"@type":"BreadcrumbList","@id":"https:\/\/www.pumahue.cl\/penalolen\/noticias\/atletas-de-nuestro-colegio-dejaron-los-pies-en-la-pista\/#breadcrumb","itemListElement":[{"@type":"ListItem","position":1,"name":"Home","item":"https:\/\/www.pumahue.cl\/penalolen\/"},{"@type":"ListItem","position":2,"name":"Atletas de nuestro colegio dejaron los pies en la pista"}]},{"@type":"WebSite","@id":"https:\/\/www.pumahue.cl\/penalolen\/#website","url":"https:\/\/www.pumahue.cl\/penalolen\/","name":"Colegio Pumahue Pe\u00f1alol\u00e9n","description":"","publisher":{"@id":"https:\/\/www.pumahue.cl\/penalolen\/#organization"},"potentialAction":[{"@type":"SearchAction","target":{"@type":"EntryPoint","urlTemplate":"https:\/\/www.pumahue.cl\/penalolen\/?s={search_term_string}"},"query-input":{"@type":"PropertyValueSpecification","valueRequired":true,"valueName":"search_term_string"}}],"inLanguage":"es"},{"@type":"Organization","@id":"https:\/\/www.pumahue.cl\/penalolen\/#organization","name":"Colegio Pumahue Pe\u00f1alol\u00e9n","url":"https:\/\/www.pumahue.cl\/penalolen\/","logo":{"@type":"ImageObject","inLanguage":"es","@id":"https:\/\/www.pumahue.cl\/penalolen\/#\/schema\/logo\/image\/","url":"https:\/\/www.pumahue.cl\/penalolen\/wp-content\/uploads\/sites\/44\/2020\/03\/LOGO-PUMAHUE-PARA-web.jpg","contentUrl":"https:\/\/www.pumahue.cl\/penalolen\/wp-content\/uploads\/sites\/44\/2020\/03\/LOGO-PUMAHUE-PARA-web.jpg","width":836,"height":523,"caption":"Colegio Pumahue Pe\u00f1alol\u00e9n"},"image":{"@id":"https:\/\/www.pumahue.cl\/penalolen\/#\/schema\/logo\/image\/"},"sameAs":["http:\/\/www.facebook.com\/ColegiosPumahue","http:\/\/www.instagram.com\/colegiopumahue_penalolen","https:\/\/www.youtube.com\/@CognitaChile"]},{"@type":"Person","@id":"https:\/\/www.pumahue.cl\/penalolen\/#\/schema\/person\/5eb92a7b45165cdbdbb271bcdacc9d9e","name":"danielacastro","image":{"@type":"ImageObject","inLanguage":"es","@id":"https:\/\/www.pumahue.cl\/penalolen\/#\/schema\/person\/image\/","url":"https:\/\/secure.gravatar.com\/avatar\/16a603f2cc3ad485cabfe7c59b923050a809d8344cba940b4148737780592211?s=96&d=mm&r=g","contentUrl":"https:\/\/secure.gravatar.com\/avatar\/16a603f2cc3ad485cabfe7c59b923050a809d8344cba940b4148737780592211?s=96&d=mm&r=g","caption":"danielacastro"}}]}},"jetpack_featured_media_url":"https:\/\/www.pumahue.cl\/penalolen\/wp-content\/uploads\/sites\/44\/2023\/10\/Atletismo-Pumahue.png","previous_post_ID":26256,"previous_post_title":"Celebramos la 1\u00ba Feria de Salud Mental","previous_post_excerpt":"Como parte de las actividades del equipo de Salvaguarda y en el marco del D\u00eda Mundial de la Salud Mental, se desarroll\u00f3 la Primera Feria de la Salud Mental en la cancha techada y en el patio de preb\u00e1sica de nuestro colegio. Cada stand represent\u00f3 una de las dimensiones del ser humano: cuerpo, mente, esp\u00edritu [&hellip;]","previous_post_link":"https:\/\/www.pumahue.cl\/penalolen\/noticias\/celebramos-la-1o-feria-de-salud-mental\/","previous_post_class":["post-26256","post","type-post","status-publish","format-standard","has-post-thumbnail","hentry","category-vida-escolar"],"next_post_ID":26300,"next_post_title":"Celebraci\u00f3n D\u00eda del Profesor","next_post_excerpt":"[multimedia id=&#8221;1&#8243;]","next_post_link":"https:\/\/www.pumahue.cl\/penalolen\/noticias\/celebracion-dia-del-profesor\/","next_post_class":["post-26300","post","type-post","status-publish","format-standard","has-post-thumbnail","hentry","category-vida-escolar"],"jetpack_sharing_enabled":true,"_links":{"self":[{"href":"https:\/\/www.pumahue.cl\/penalolen\/wp-json\/wp\/v2\/posts\/26270","targetHints":{"allow":["GET"]}}],"collection":[{"href":"https:\/\/www.pumahue.cl\/penalolen\/wp-json\/wp\/v2\/posts"}],"about":[{"href":"https:\/\/www.pumahue.cl\/penalolen\/wp-json\/wp\/v2\/types\/post"}],"author":[{"embeddable":true,"href":"https:\/\/www.pumahue.cl\/penalolen\/wp-json\/wp\/v2\/users\/34"}],"replies":[{"embeddable":true,"href":"https:\/\/www.pumahue.cl\/penalolen\/wp-json\/wp\/v2\/comments?post=26270"}],"version-history":[{"count":0,"href":"https:\/\/www.pumahue.cl\/penalolen\/wp-json\/wp\/v2\/posts\/26270\/revisions"}],"wp:featuredmedia":[{"embeddable":true,"href":"https:\/\/www.pumahue.cl\/penalolen\/wp-json\/wp\/v2\/media\/26272"}],"wp:attachment":[{"href":"https:\/\/www.pumahue.cl\/penalolen\/wp-json\/wp\/v2\/media?parent=26270"}],"wp:term":[{"taxonomy":"category","embeddable":true,"href":"https:\/\/www.pumahue.cl\/penalolen\/wp-json\/wp\/v2\/categories?post=26270"},{"taxonomy":"post_tag","embeddable":true,"href":"https:\/\/www.pumahue.cl\/penalolen\/wp-json\/wp\/v2\/tags?post=26270"}],"curies":[{"name":"wp","href":"https:\/\/api.w.org\/{rel}","templated":true}]}}