{"id":27408,"date":"2024-04-22T15:41:14","date_gmt":"2024-04-22T19:41:14","guid":{"rendered":"https:\/\/www.pumahue.cl\/penalolen\/?p=27408"},"modified":"2024-04-22T15:41:14","modified_gmt":"2024-04-22T19:41:14","slug":"asi-vivimos-el-green-day-2024","status":"publish","type":"post","link":"https:\/\/www.pumahue.cl\/penalolen\/noticias\/asi-vivimos-el-green-day-2024\/","title":{"rendered":"As\u00ed vivimos el Green Day 2024"},"content":{"rendered":"\n<p>[multimedia id=1]<\/p>\n"},"excerpt":{"rendered":"<p>[multimedia id=1]<\/p>\n","protected":false},"author":34,"featured_media":27418,"comment_status":"open","ping_status":"open","sticky":false,"template":"","format":"standard","meta":{"_acf_changed":false,"content-type":"","_jetpack_memberships_contains_paid_content":false,"footnotes":""},"categories":[1],"tags":[],"class_list":["post-27408","post","type-post","status-publish","format-standard","has-post-thumbnail","hentry","category-vida-escolar"],"acf":[],"yoast_head":"<!-- This site is optimized with the Yoast SEO plugin v27.1.1 - https:\/\/yoast.com\/product\/yoast-seo-wordpress\/ -->\n<title>As\u00ed vivimos el Green Day 2024 - Colegio Pumahue Pe\u00f1alol\u00e9n<\/title>\n<meta name=\"robots\" content=\"index, follow, max-snippet:-1, max-image-preview:large, max-video-preview:-1\" \/>\n<link rel=\"canonical\" href=\"https:\/\/www.pumahue.cl\/penalolen\/noticias\/asi-vivimos-el-green-day-2024\/\" \/>\n<meta property=\"og:locale\" content=\"es_ES\" \/>\n<meta property=\"og:type\" content=\"article\" \/>\n<meta property=\"og:title\" content=\"As\u00ed vivimos el Green Day 2024 - Colegio Pumahue Pe\u00f1alol\u00e9n\" \/>\n<meta property=\"og:description\" content=\"[multimedia id=1]\" \/>\n<meta property=\"og:url\" content=\"https:\/\/www.pumahue.cl\/penalolen\/noticias\/asi-vivimos-el-green-day-2024\/\" \/>\n<meta property=\"og:site_name\" content=\"Colegio Pumahue Pe\u00f1alol\u00e9n\" \/>\n<meta property=\"article:publisher\" content=\"http:\/\/www.facebook.com\/ColegiosPumahue\" \/>\n<meta property=\"article:published_time\" content=\"2024-04-22T19:41:14+00:00\" \/>\n<meta property=\"og:image\" content=\"https:\/\/www.pumahue.cl\/penalolen\/wp-content\/uploads\/sites\/44\/2024\/04\/10.png\" \/>\n\t<meta property=\"og:image:width\" content=\"836\" \/>\n\t<meta property=\"og:image:height\" content=\"523\" \/>\n\t<meta property=\"og:image:type\" content=\"image\/png\" \/>\n<meta name=\"author\" content=\"danielacastro\" \/>\n<meta name=\"twitter:card\" content=\"summary_large_image\" \/>\n<meta name=\"twitter:label1\" content=\"Escrito por\" \/>\n\t<meta name=\"twitter:data1\" content=\"danielacastro\" \/>\n\t<meta name=\"twitter:label2\" content=\"Tiempo de lectura\" \/>\n\t<meta name=\"twitter:data2\" content=\"1 minuto\" \/>\n<script type=\"application\/ld+json\" class=\"yoast-schema-graph\">{\"@context\":\"https:\/\/schema.org\",\"@graph\":[{\"@type\":\"Article\",\"@id\":\"https:\/\/www.pumahue.cl\/penalolen\/noticias\/asi-vivimos-el-green-day-2024\/#article\",\"isPartOf\":{\"@id\":\"https:\/\/www.pumahue.cl\/penalolen\/noticias\/asi-vivimos-el-green-day-2024\/\"},\"author\":{\"name\":\"danielacastro\",\"@id\":\"https:\/\/www.pumahue.cl\/penalolen\/#\/schema\/person\/5eb92a7b45165cdbdbb271bcdacc9d9e\"},\"headline\":\"As\u00ed vivimos el Green Day 2024\",\"datePublished\":\"2024-04-22T19:41:14+00:00\",\"mainEntityOfPage\":{\"@id\":\"https:\/\/www.pumahue.cl\/penalolen\/noticias\/asi-vivimos-el-green-day-2024\/\"},\"wordCount\":7,\"commentCount\":0,\"publisher\":{\"@id\":\"https:\/\/www.pumahue.cl\/penalolen\/#organization\"},\"image\":{\"@id\":\"https:\/\/www.pumahue.cl\/penalolen\/noticias\/asi-vivimos-el-green-day-2024\/#primaryimage\"},\"thumbnailUrl\":\"https:\/\/www.pumahue.cl\/penalolen\/wp-content\/uploads\/sites\/44\/2024\/04\/10.png\",\"articleSection\":[\"Vida Escolar\"],\"inLanguage\":\"es\",\"potentialAction\":[{\"@type\":\"CommentAction\",\"name\":\"Comment\",\"target\":[\"https:\/\/www.pumahue.cl\/penalolen\/noticias\/asi-vivimos-el-green-day-2024\/#respond\"]}]},{\"@type\":\"WebPage\",\"@id\":\"https:\/\/www.pumahue.cl\/penalolen\/noticias\/asi-vivimos-el-green-day-2024\/\",\"url\":\"https:\/\/www.pumahue.cl\/penalolen\/noticias\/asi-vivimos-el-green-day-2024\/\",\"name\":\"As\u00ed vivimos el Green Day 2024 - Colegio Pumahue Pe\u00f1alol\u00e9n\",\"isPartOf\":{\"@id\":\"https:\/\/www.pumahue.cl\/penalolen\/#website\"},\"primaryImageOfPage\":{\"@id\":\"https:\/\/www.pumahue.cl\/penalolen\/noticias\/asi-vivimos-el-green-day-2024\/#primaryimage\"},\"image\":{\"@id\":\"https:\/\/www.pumahue.cl\/penalolen\/noticias\/asi-vivimos-el-green-day-2024\/#primaryimage\"},\"thumbnailUrl\":\"https:\/\/www.pumahue.cl\/penalolen\/wp-content\/uploads\/sites\/44\/2024\/04\/10.png\",\"datePublished\":\"2024-04-22T19:41:14+00:00\",\"breadcrumb\":{\"@id\":\"https:\/\/www.pumahue.cl\/penalolen\/noticias\/asi-vivimos-el-green-day-2024\/#breadcrumb\"},\"inLanguage\":\"es\",\"potentialAction\":[{\"@type\":\"ReadAction\",\"target\":[\"https:\/\/www.pumahue.cl\/penalolen\/noticias\/asi-vivimos-el-green-day-2024\/\"]}]},{\"@type\":\"ImageObject\",\"inLanguage\":\"es\",\"@id\":\"https:\/\/www.pumahue.cl\/penalolen\/noticias\/asi-vivimos-el-green-day-2024\/#primaryimage\",\"url\":\"https:\/\/www.pumahue.cl\/penalolen\/wp-content\/uploads\/sites\/44\/2024\/04\/10.png\",\"contentUrl\":\"https:\/\/www.pumahue.cl\/penalolen\/wp-content\/uploads\/sites\/44\/2024\/04\/10.png\",\"width\":836,\"height\":523},{\"@type\":\"BreadcrumbList\",\"@id\":\"https:\/\/www.pumahue.cl\/penalolen\/noticias\/asi-vivimos-el-green-day-2024\/#breadcrumb\",\"itemListElement\":[{\"@type\":\"ListItem\",\"position\":1,\"name\":\"Home\",\"item\":\"https:\/\/www.pumahue.cl\/penalolen\/\"},{\"@type\":\"ListItem\",\"position\":2,\"name\":\"As\u00ed vivimos el Green Day 2024\"}]},{\"@type\":\"WebSite\",\"@id\":\"https:\/\/www.pumahue.cl\/penalolen\/#website\",\"url\":\"https:\/\/www.pumahue.cl\/penalolen\/\",\"name\":\"Colegio Pumahue Pe\u00f1alol\u00e9n\",\"description\":\"\",\"publisher\":{\"@id\":\"https:\/\/www.pumahue.cl\/penalolen\/#organization\"},\"potentialAction\":[{\"@type\":\"SearchAction\",\"target\":{\"@type\":\"EntryPoint\",\"urlTemplate\":\"https:\/\/www.pumahue.cl\/penalolen\/?s={search_term_string}\"},\"query-input\":{\"@type\":\"PropertyValueSpecification\",\"valueRequired\":true,\"valueName\":\"search_term_string\"}}],\"inLanguage\":\"es\"},{\"@type\":\"Organization\",\"@id\":\"https:\/\/www.pumahue.cl\/penalolen\/#organization\",\"name\":\"Colegio Pumahue Pe\u00f1alol\u00e9n\",\"url\":\"https:\/\/www.pumahue.cl\/penalolen\/\",\"logo\":{\"@type\":\"ImageObject\",\"inLanguage\":\"es\",\"@id\":\"https:\/\/www.pumahue.cl\/penalolen\/#\/schema\/logo\/image\/\",\"url\":\"https:\/\/www.pumahue.cl\/penalolen\/wp-content\/uploads\/sites\/44\/2020\/03\/LOGO-PUMAHUE-PARA-web.jpg\",\"contentUrl\":\"https:\/\/www.pumahue.cl\/penalolen\/wp-content\/uploads\/sites\/44\/2020\/03\/LOGO-PUMAHUE-PARA-web.jpg\",\"width\":836,\"height\":523,\"caption\":\"Colegio Pumahue Pe\u00f1alol\u00e9n\"},\"image\":{\"@id\":\"https:\/\/www.pumahue.cl\/penalolen\/#\/schema\/logo\/image\/\"},\"sameAs\":[\"http:\/\/www.facebook.com\/ColegiosPumahue\",\"http:\/\/www.instagram.com\/colegiopumahue_penalolen\",\"https:\/\/www.youtube.com\/@CognitaChile\"]},{\"@type\":\"Person\",\"@id\":\"https:\/\/www.pumahue.cl\/penalolen\/#\/schema\/person\/5eb92a7b45165cdbdbb271bcdacc9d9e\",\"name\":\"danielacastro\",\"image\":{\"@type\":\"ImageObject\",\"inLanguage\":\"es\",\"@id\":\"https:\/\/www.pumahue.cl\/penalolen\/#\/schema\/person\/image\/\",\"url\":\"https:\/\/secure.gravatar.com\/avatar\/16a603f2cc3ad485cabfe7c59b923050a809d8344cba940b4148737780592211?s=96&d=mm&r=g\",\"contentUrl\":\"https:\/\/secure.gravatar.com\/avatar\/16a603f2cc3ad485cabfe7c59b923050a809d8344cba940b4148737780592211?s=96&d=mm&r=g\",\"caption\":\"danielacastro\"}}]}<\/script>\n<!-- \/ Yoast SEO plugin. -->","yoast_head_json":{"title":"As\u00ed vivimos el Green Day 2024 - Colegio Pumahue Pe\u00f1alol\u00e9n","robots":{"index":"index","follow":"follow","max-snippet":"max-snippet:-1","max-image-preview":"max-image-preview:large","max-video-preview":"max-video-preview:-1"},"canonical":"https:\/\/www.pumahue.cl\/penalolen\/noticias\/asi-vivimos-el-green-day-2024\/","og_locale":"es_ES","og_type":"article","og_title":"As\u00ed vivimos el Green Day 2024 - Colegio Pumahue Pe\u00f1alol\u00e9n","og_description":"[multimedia id=1]","og_url":"https:\/\/www.pumahue.cl\/penalolen\/noticias\/asi-vivimos-el-green-day-2024\/","og_site_name":"Colegio Pumahue Pe\u00f1alol\u00e9n","article_publisher":"http:\/\/www.facebook.com\/ColegiosPumahue","article_published_time":"2024-04-22T19:41:14+00:00","og_image":[{"width":836,"height":523,"url":"https:\/\/www.pumahue.cl\/penalolen\/wp-content\/uploads\/sites\/44\/2024\/04\/10.png","type":"image\/png"}],"author":"danielacastro","twitter_card":"summary_large_image","twitter_misc":{"Escrito por":"danielacastro","Tiempo de lectura":"1 minuto"},"schema":{"@context":"https:\/\/schema.org","@graph":[{"@type":"Article","@id":"https:\/\/www.pumahue.cl\/penalolen\/noticias\/asi-vivimos-el-green-day-2024\/#article","isPartOf":{"@id":"https:\/\/www.pumahue.cl\/penalolen\/noticias\/asi-vivimos-el-green-day-2024\/"},"author":{"name":"danielacastro","@id":"https:\/\/www.pumahue.cl\/penalolen\/#\/schema\/person\/5eb92a7b45165cdbdbb271bcdacc9d9e"},"headline":"As\u00ed vivimos el Green Day 2024","datePublished":"2024-04-22T19:41:14+00:00","mainEntityOfPage":{"@id":"https:\/\/www.pumahue.cl\/penalolen\/noticias\/asi-vivimos-el-green-day-2024\/"},"wordCount":7,"commentCount":0,"publisher":{"@id":"https:\/\/www.pumahue.cl\/penalolen\/#organization"},"image":{"@id":"https:\/\/www.pumahue.cl\/penalolen\/noticias\/asi-vivimos-el-green-day-2024\/#primaryimage"},"thumbnailUrl":"https:\/\/www.pumahue.cl\/penalolen\/wp-content\/uploads\/sites\/44\/2024\/04\/10.png","articleSection":["Vida Escolar"],"inLanguage":"es","potentialAction":[{"@type":"CommentAction","name":"Comment","target":["https:\/\/www.pumahue.cl\/penalolen\/noticias\/asi-vivimos-el-green-day-2024\/#respond"]}]},{"@type":"WebPage","@id":"https:\/\/www.pumahue.cl\/penalolen\/noticias\/asi-vivimos-el-green-day-2024\/","url":"https:\/\/www.pumahue.cl\/penalolen\/noticias\/asi-vivimos-el-green-day-2024\/","name":"As\u00ed vivimos el Green Day 2024 - Colegio Pumahue Pe\u00f1alol\u00e9n","isPartOf":{"@id":"https:\/\/www.pumahue.cl\/penalolen\/#website"},"primaryImageOfPage":{"@id":"https:\/\/www.pumahue.cl\/penalolen\/noticias\/asi-vivimos-el-green-day-2024\/#primaryimage"},"image":{"@id":"https:\/\/www.pumahue.cl\/penalolen\/noticias\/asi-vivimos-el-green-day-2024\/#primaryimage"},"thumbnailUrl":"https:\/\/www.pumahue.cl\/penalolen\/wp-content\/uploads\/sites\/44\/2024\/04\/10.png","datePublished":"2024-04-22T19:41:14+00:00","breadcrumb":{"@id":"https:\/\/www.pumahue.cl\/penalolen\/noticias\/asi-vivimos-el-green-day-2024\/#breadcrumb"},"inLanguage":"es","potentialAction":[{"@type":"ReadAction","target":["https:\/\/www.pumahue.cl\/penalolen\/noticias\/asi-vivimos-el-green-day-2024\/"]}]},{"@type":"ImageObject","inLanguage":"es","@id":"https:\/\/www.pumahue.cl\/penalolen\/noticias\/asi-vivimos-el-green-day-2024\/#primaryimage","url":"https:\/\/www.pumahue.cl\/penalolen\/wp-content\/uploads\/sites\/44\/2024\/04\/10.png","contentUrl":"https:\/\/www.pumahue.cl\/penalolen\/wp-content\/uploads\/sites\/44\/2024\/04\/10.png","width":836,"height":523},{"@type":"BreadcrumbList","@id":"https:\/\/www.pumahue.cl\/penalolen\/noticias\/asi-vivimos-el-green-day-2024\/#breadcrumb","itemListElement":[{"@type":"ListItem","position":1,"name":"Home","item":"https:\/\/www.pumahue.cl\/penalolen\/"},{"@type":"ListItem","position":2,"name":"As\u00ed vivimos el Green Day 2024"}]},{"@type":"WebSite","@id":"https:\/\/www.pumahue.cl\/penalolen\/#website","url":"https:\/\/www.pumahue.cl\/penalolen\/","name":"Colegio Pumahue Pe\u00f1alol\u00e9n","description":"","publisher":{"@id":"https:\/\/www.pumahue.cl\/penalolen\/#organization"},"potentialAction":[{"@type":"SearchAction","target":{"@type":"EntryPoint","urlTemplate":"https:\/\/www.pumahue.cl\/penalolen\/?s={search_term_string}"},"query-input":{"@type":"PropertyValueSpecification","valueRequired":true,"valueName":"search_term_string"}}],"inLanguage":"es"},{"@type":"Organization","@id":"https:\/\/www.pumahue.cl\/penalolen\/#organization","name":"Colegio Pumahue Pe\u00f1alol\u00e9n","url":"https:\/\/www.pumahue.cl\/penalolen\/","logo":{"@type":"ImageObject","inLanguage":"es","@id":"https:\/\/www.pumahue.cl\/penalolen\/#\/schema\/logo\/image\/","url":"https:\/\/www.pumahue.cl\/penalolen\/wp-content\/uploads\/sites\/44\/2020\/03\/LOGO-PUMAHUE-PARA-web.jpg","contentUrl":"https:\/\/www.pumahue.cl\/penalolen\/wp-content\/uploads\/sites\/44\/2020\/03\/LOGO-PUMAHUE-PARA-web.jpg","width":836,"height":523,"caption":"Colegio Pumahue Pe\u00f1alol\u00e9n"},"image":{"@id":"https:\/\/www.pumahue.cl\/penalolen\/#\/schema\/logo\/image\/"},"sameAs":["http:\/\/www.facebook.com\/ColegiosPumahue","http:\/\/www.instagram.com\/colegiopumahue_penalolen","https:\/\/www.youtube.com\/@CognitaChile"]},{"@type":"Person","@id":"https:\/\/www.pumahue.cl\/penalolen\/#\/schema\/person\/5eb92a7b45165cdbdbb271bcdacc9d9e","name":"danielacastro","image":{"@type":"ImageObject","inLanguage":"es","@id":"https:\/\/www.pumahue.cl\/penalolen\/#\/schema\/person\/image\/","url":"https:\/\/secure.gravatar.com\/avatar\/16a603f2cc3ad485cabfe7c59b923050a809d8344cba940b4148737780592211?s=96&d=mm&r=g","contentUrl":"https:\/\/secure.gravatar.com\/avatar\/16a603f2cc3ad485cabfe7c59b923050a809d8344cba940b4148737780592211?s=96&d=mm&r=g","caption":"danielacastro"}}]}},"jetpack_featured_media_url":"https:\/\/www.pumahue.cl\/penalolen\/wp-content\/uploads\/sites\/44\/2024\/04\/10.png","previous_post_ID":27405,"previous_post_title":"Celebramos el Green Day con una exitosa campa\u00f1a de reciclaje","previous_post_excerpt":"El viernes 19 de abril vivimos una gran jornada ecol\u00f3gica, organizada por nuestra brigada de Ecology and Sustainability del Colegio Pumahue Pe\u00f1alol\u00e9n. Tuvimos un Jeans Day Ecol\u00f3gico en el cual los estudiantes deb\u00edan venir con algo verde y la adhesi\u00f3n consisti\u00f3 en traer pilas, aceite usado, botellas o tapas pl\u00e1sticas para reciclar. Fue tan exitosa [&hellip;]","previous_post_link":"https:\/\/www.pumahue.cl\/penalolen\/noticias\/celebramos-el-green-day-con-una-exitosa-campana-de-reciclaje\/","previous_post_class":["post-27405","post","type-post","status-publish","format-standard","has-post-thumbnail","hentry","category-vida-escolar"],"next_post_ID":27428,"next_post_title":"La magia de las palabras estuvieron presentes en el \u201cD\u00eda del Libro\u201d","next_post_excerpt":"El Colegio Pumahue Pe\u00f1alol\u00e9n celebr\u00f3 con el arte de la palabra, esta ic\u00f3nica actividad que une a toda la comunidad. Para ello, gran parte de la comunidad se disfraz\u00f3 de diversos personajes literarios, tanto de cuentos como de novelas cl\u00e1sicas y modernas. Adem\u00e1s, los estudiantes tuvieron la visita de Pepe Pelayo, qui\u00e9n les cont\u00f3 sobre [&hellip;]","next_post_link":"https:\/\/www.pumahue.cl\/penalolen\/noticias\/la-magia-de-las-palabras-estuvieron-presentes-en-el-dia-del-libro\/","next_post_class":["post-27428","post","type-post","status-publish","format-standard","has-post-thumbnail","hentry","category-vida-escolar"],"jetpack_sharing_enabled":true,"_links":{"self":[{"href":"https:\/\/www.pumahue.cl\/penalolen\/wp-json\/wp\/v2\/posts\/27408","targetHints":{"allow":["GET"]}}],"collection":[{"href":"https:\/\/www.pumahue.cl\/penalolen\/wp-json\/wp\/v2\/posts"}],"about":[{"href":"https:\/\/www.pumahue.cl\/penalolen\/wp-json\/wp\/v2\/types\/post"}],"author":[{"embeddable":true,"href":"https:\/\/www.pumahue.cl\/penalolen\/wp-json\/wp\/v2\/users\/34"}],"replies":[{"embeddable":true,"href":"https:\/\/www.pumahue.cl\/penalolen\/wp-json\/wp\/v2\/comments?post=27408"}],"version-history":[{"count":0,"href":"https:\/\/www.pumahue.cl\/penalolen\/wp-json\/wp\/v2\/posts\/27408\/revisions"}],"wp:featuredmedia":[{"embeddable":true,"href":"https:\/\/www.pumahue.cl\/penalolen\/wp-json\/wp\/v2\/media\/27418"}],"wp:attachment":[{"href":"https:\/\/www.pumahue.cl\/penalolen\/wp-json\/wp\/v2\/media?parent=27408"}],"wp:term":[{"taxonomy":"category","embeddable":true,"href":"https:\/\/www.pumahue.cl\/penalolen\/wp-json\/wp\/v2\/categories?post=27408"},{"taxonomy":"post_tag","embeddable":true,"href":"https:\/\/www.pumahue.cl\/penalolen\/wp-json\/wp\/v2\/tags?post=27408"}],"curies":[{"name":"wp","href":"https:\/\/api.w.org\/{rel}","templated":true}]}}