{"id":127387,"date":"2022-04-22T15:52:55","date_gmt":"2022-04-22T19:52:55","guid":{"rendered":"http:\/\/pumahue.cl\/puerto-montt\/?p=21158"},"modified":"2022-04-22T15:52:55","modified_gmt":"2022-04-22T19:52:55","slug":"campana-solidaria-dia-del-libro-%f0%9f%93%97-2","status":"publish","type":"post","link":"https:\/\/www.pumahue.cl\/puerto-montt\/noticias\/campana-solidaria-dia-del-libro-%f0%9f%93%97-2\/","title":{"rendered":"Campa\u00f1a solidaria D\u00eda del Libro \u201c\u2014"},"content":{"rendered":"<p>En el marco de la celebraci\u00f3n del &#8220;D\u00eda del Libro&#8221; realizamos una campa\u00f1a solidaria a cargo de nuestra encargada de biblioteca, Miss Melissa Barr\u00eda, la que ten\u00eda como objetivo reunir libros en todos los niveles del colegio, con el fin de recaudar la mayor cantidad posible para ser donados a la Escuela Rural de Correntoso.<\/p>\n<p>El total recaudado fue de 843 libros, que ser\u00e1n pronto entregados a la escuela y as\u00ed promover la lectura en nuestra comunidad de Puerto Montt.<\/p>\n<p style=\"text-align: center\"><strong>\u00a1Felicitamos al III Medio B por ser el curso que m\u00e1s textos reuni\u00f3 con un total de 340!<\/strong><\/p>\n<p>&nbsp;<\/p>\n<p>[multimedia id=&#8221;1&#8243;]<\/p>\n"},"excerpt":{"rendered":"<p>En el marco de la celebraci\u00f3n del &#8220;D\u00eda del Libro&#8221; realizamos una campa\u00f1a solidaria a cargo de nuestra encargada de biblioteca, Miss Melissa Barr\u00eda, la que ten\u00eda como objetivo reunir libros en todos los niveles del colegio, con el fin de recaudar la mayor cantidad posible para ser donados a la Escuela Rural de Correntoso. [&hellip;]<\/p>\n","protected":false},"author":14,"featured_media":21159,"comment_status":"open","ping_status":"open","sticky":false,"template":"","format":"standard","meta":{"_acf_changed":false,"content-type":"","_jetpack_memberships_contains_paid_content":false,"footnotes":""},"categories":[1],"tags":[],"class_list":["post-127387","post","type-post","status-publish","format-standard","has-post-thumbnail","hentry","category-vida-escolar"],"acf":[],"yoast_head":"<!-- This site is optimized with the Yoast SEO plugin v27.1.1 - https:\/\/yoast.com\/product\/yoast-seo-wordpress\/ -->\n<title>Campa\u00f1a solidaria D\u00eda del Libro \u201c\u2014 - Colegio Pumahue Puerto Montt<\/title>\n<meta name=\"robots\" content=\"index, follow, max-snippet:-1, max-image-preview:large, max-video-preview:-1\" \/>\n<link rel=\"canonical\" href=\"https:\/\/www.pumahue.cl\/puerto-montt\/noticias\/campana-solidaria-dia-del-libro-\ud83d\udcd7-2\/\" \/>\n<meta property=\"og:locale\" content=\"es_ES\" \/>\n<meta property=\"og:type\" content=\"article\" \/>\n<meta property=\"og:title\" content=\"Campa\u00f1a solidaria D\u00eda del Libro \u201c\u2014 - Colegio Pumahue Puerto Montt\" \/>\n<meta property=\"og:description\" content=\"En el marco de la celebraci\u00f3n del &#8220;D\u00eda del Libro&#8221; realizamos una campa\u00f1a solidaria a cargo de nuestra encargada de biblioteca, Miss Melissa Barr\u00eda, la que ten\u00eda como objetivo reunir libros en todos los niveles del colegio, con el fin de recaudar la mayor cantidad posible para ser donados a la Escuela Rural de Correntoso. [&hellip;]\" \/>\n<meta property=\"og:url\" content=\"https:\/\/www.pumahue.cl\/puerto-montt\/noticias\/campana-solidaria-dia-del-libro-\ud83d\udcd7-2\/\" \/>\n<meta property=\"og:site_name\" content=\"Colegio Pumahue Puerto Montt\" \/>\n<meta property=\"article:publisher\" content=\"http:\/\/www.facebook.com\/ColegiosPumahue\" \/>\n<meta property=\"article:published_time\" content=\"2022-04-22T19:52:55+00:00\" \/>\n<meta property=\"og:image\" content=\"https:\/\/www.pumahue.cl\/puerto-montt\/wp-content\/uploads\/sites\/50\/2025\/02\/cropped-logo_Pumahue_.png\" \/>\n\t<meta property=\"og:image:width\" content=\"512\" \/>\n\t<meta property=\"og:image:height\" content=\"512\" \/>\n\t<meta property=\"og:image:type\" content=\"image\/png\" \/>\n<meta name=\"author\" content=\"jorgedelcampo\" \/>\n<meta name=\"twitter:card\" content=\"summary_large_image\" \/>\n<meta name=\"twitter:label1\" content=\"Escrito por\" \/>\n\t<meta name=\"twitter:data1\" content=\"jorgedelcampo\" \/>\n\t<meta name=\"twitter:label2\" content=\"Tiempo de lectura\" \/>\n\t<meta name=\"twitter:data2\" content=\"1 minuto\" \/>\n<script type=\"application\/ld+json\" class=\"yoast-schema-graph\">{\"@context\":\"https:\/\/schema.org\",\"@graph\":[{\"@type\":\"Article\",\"@id\":\"https:\/\/www.pumahue.cl\/puerto-montt\/noticias\/campana-solidaria-dia-del-libro-%f0%9f%93%97-2\/#article\",\"isPartOf\":{\"@id\":\"https:\/\/www.pumahue.cl\/puerto-montt\/noticias\/campana-solidaria-dia-del-libro-%f0%9f%93%97-2\/\"},\"author\":{\"name\":\"jorgedelcampo\",\"@id\":\"https:\/\/www.pumahue.cl\/puerto-montt\/#\/schema\/person\/0debeea140e397b5d490ee7e553255d8\"},\"headline\":\"Campa\u00f1a solidaria D\u00eda del Libro \u201c\u2014\",\"datePublished\":\"2022-04-22T19:52:55+00:00\",\"mainEntityOfPage\":{\"@id\":\"https:\/\/www.pumahue.cl\/puerto-montt\/noticias\/campana-solidaria-dia-del-libro-%f0%9f%93%97-2\/\"},\"wordCount\":113,\"commentCount\":0,\"publisher\":{\"@id\":\"https:\/\/www.pumahue.cl\/puerto-montt\/#organization\"},\"image\":{\"@id\":\"https:\/\/www.pumahue.cl\/puerto-montt\/noticias\/campana-solidaria-dia-del-libro-%f0%9f%93%97-2\/#primaryimage\"},\"thumbnailUrl\":\"https:\/\/www.pumahue.cl\/puerto-montt\/wp-content\/uploads\/sites\/50\/2022\/04\/WEB-2.jpg\",\"articleSection\":[\"Vida escolar\"],\"inLanguage\":\"es\",\"potentialAction\":[{\"@type\":\"CommentAction\",\"name\":\"Comment\",\"target\":[\"https:\/\/www.pumahue.cl\/puerto-montt\/noticias\/campana-solidaria-dia-del-libro-%f0%9f%93%97-2\/#respond\"]}]},{\"@type\":\"WebPage\",\"@id\":\"https:\/\/www.pumahue.cl\/puerto-montt\/noticias\/campana-solidaria-dia-del-libro-%f0%9f%93%97-2\/\",\"url\":\"https:\/\/www.pumahue.cl\/puerto-montt\/noticias\/campana-solidaria-dia-del-libro-%f0%9f%93%97-2\/\",\"name\":\"Campa\u00f1a solidaria D\u00eda del Libro \u201c\u2014 - Colegio Pumahue Puerto Montt\",\"isPartOf\":{\"@id\":\"https:\/\/www.pumahue.cl\/puerto-montt\/#website\"},\"primaryImageOfPage\":{\"@id\":\"https:\/\/www.pumahue.cl\/puerto-montt\/noticias\/campana-solidaria-dia-del-libro-%f0%9f%93%97-2\/#primaryimage\"},\"image\":{\"@id\":\"https:\/\/www.pumahue.cl\/puerto-montt\/noticias\/campana-solidaria-dia-del-libro-%f0%9f%93%97-2\/#primaryimage\"},\"thumbnailUrl\":\"https:\/\/www.pumahue.cl\/puerto-montt\/wp-content\/uploads\/sites\/50\/2022\/04\/WEB-2.jpg\",\"datePublished\":\"2022-04-22T19:52:55+00:00\",\"breadcrumb\":{\"@id\":\"https:\/\/www.pumahue.cl\/puerto-montt\/noticias\/campana-solidaria-dia-del-libro-%f0%9f%93%97-2\/#breadcrumb\"},\"inLanguage\":\"es\",\"potentialAction\":[{\"@type\":\"ReadAction\",\"target\":[\"https:\/\/www.pumahue.cl\/puerto-montt\/noticias\/campana-solidaria-dia-del-libro-%f0%9f%93%97-2\/\"]}]},{\"@type\":\"ImageObject\",\"inLanguage\":\"es\",\"@id\":\"https:\/\/www.pumahue.cl\/puerto-montt\/noticias\/campana-solidaria-dia-del-libro-%f0%9f%93%97-2\/#primaryimage\",\"url\":\"https:\/\/www.pumahue.cl\/puerto-montt\/wp-content\/uploads\/sites\/50\/2022\/04\/WEB-2.jpg\",\"contentUrl\":\"https:\/\/www.pumahue.cl\/puerto-montt\/wp-content\/uploads\/sites\/50\/2022\/04\/WEB-2.jpg\"},{\"@type\":\"BreadcrumbList\",\"@id\":\"https:\/\/www.pumahue.cl\/puerto-montt\/noticias\/campana-solidaria-dia-del-libro-%f0%9f%93%97-2\/#breadcrumb\",\"itemListElement\":[{\"@type\":\"ListItem\",\"position\":1,\"name\":\"Home\",\"item\":\"https:\/\/www.pumahue.cl\/puerto-montt\/\"},{\"@type\":\"ListItem\",\"position\":2,\"name\":\"Campa\u00f1a solidaria D\u00eda del Libro \u201c\u2014\"}]},{\"@type\":\"WebSite\",\"@id\":\"https:\/\/www.pumahue.cl\/puerto-montt\/#website\",\"url\":\"https:\/\/www.pumahue.cl\/puerto-montt\/\",\"name\":\"Colegio Pumahue Puerto Montt\",\"description\":\"Parte de Cognita Schools\",\"publisher\":{\"@id\":\"https:\/\/www.pumahue.cl\/puerto-montt\/#organization\"},\"potentialAction\":[{\"@type\":\"SearchAction\",\"target\":{\"@type\":\"EntryPoint\",\"urlTemplate\":\"https:\/\/www.pumahue.cl\/puerto-montt\/?s={search_term_string}\"},\"query-input\":{\"@type\":\"PropertyValueSpecification\",\"valueRequired\":true,\"valueName\":\"search_term_string\"}}],\"inLanguage\":\"es\"},{\"@type\":\"Organization\",\"@id\":\"https:\/\/www.pumahue.cl\/puerto-montt\/#organization\",\"name\":\"Colegio Pumahue Puerto Montt\",\"url\":\"https:\/\/www.pumahue.cl\/puerto-montt\/\",\"logo\":{\"@type\":\"ImageObject\",\"inLanguage\":\"es\",\"@id\":\"https:\/\/www.pumahue.cl\/puerto-montt\/#\/schema\/logo\/image\/\",\"url\":\"https:\/\/www.pumahue.cl\/puerto-montt\/wp-content\/uploads\/sites\/50\/2025\/02\/cropped-logo_Pumahue_.png\",\"contentUrl\":\"https:\/\/www.pumahue.cl\/puerto-montt\/wp-content\/uploads\/sites\/50\/2025\/02\/cropped-logo_Pumahue_.png\",\"width\":512,\"height\":512,\"caption\":\"Colegio Pumahue Puerto Montt\"},\"image\":{\"@id\":\"https:\/\/www.pumahue.cl\/puerto-montt\/#\/schema\/logo\/image\/\"},\"sameAs\":[\"http:\/\/www.facebook.com\/ColegiosPumahue\",\"https:\/\/www.instagram.com\/colegiopumahue_puertomontt\",\"https:\/\/www.youtube.com\/@CognitaChile\"]},{\"@type\":\"Person\",\"@id\":\"https:\/\/www.pumahue.cl\/puerto-montt\/#\/schema\/person\/0debeea140e397b5d490ee7e553255d8\",\"name\":\"jorgedelcampo\",\"image\":{\"@type\":\"ImageObject\",\"inLanguage\":\"es\",\"@id\":\"https:\/\/www.pumahue.cl\/puerto-montt\/#\/schema\/person\/image\/\",\"url\":\"https:\/\/secure.gravatar.com\/avatar\/4a315f521213b2dc91dbda9bf799f711c8a98ab6f5606ec42cf5b33d1e762e8a?s=96&d=mm&r=g\",\"contentUrl\":\"https:\/\/secure.gravatar.com\/avatar\/4a315f521213b2dc91dbda9bf799f711c8a98ab6f5606ec42cf5b33d1e762e8a?s=96&d=mm&r=g\",\"caption\":\"jorgedelcampo\"}}]}<\/script>\n<!-- \/ Yoast SEO plugin. -->","yoast_head_json":{"title":"Campa\u00f1a solidaria D\u00eda del Libro \u201c\u2014 - Colegio Pumahue Puerto Montt","robots":{"index":"index","follow":"follow","max-snippet":"max-snippet:-1","max-image-preview":"max-image-preview:large","max-video-preview":"max-video-preview:-1"},"canonical":"https:\/\/www.pumahue.cl\/puerto-montt\/noticias\/campana-solidaria-dia-del-libro-\ud83d\udcd7-2\/","og_locale":"es_ES","og_type":"article","og_title":"Campa\u00f1a solidaria D\u00eda del Libro \u201c\u2014 - Colegio Pumahue Puerto Montt","og_description":"En el marco de la celebraci\u00f3n del &#8220;D\u00eda del Libro&#8221; realizamos una campa\u00f1a solidaria a cargo de nuestra encargada de biblioteca, Miss Melissa Barr\u00eda, la que ten\u00eda como objetivo reunir libros en todos los niveles del colegio, con el fin de recaudar la mayor cantidad posible para ser donados a la Escuela Rural de Correntoso. [&hellip;]","og_url":"https:\/\/www.pumahue.cl\/puerto-montt\/noticias\/campana-solidaria-dia-del-libro-\ud83d\udcd7-2\/","og_site_name":"Colegio Pumahue Puerto Montt","article_publisher":"http:\/\/www.facebook.com\/ColegiosPumahue","article_published_time":"2022-04-22T19:52:55+00:00","og_image":[{"width":512,"height":512,"url":"https:\/\/www.pumahue.cl\/puerto-montt\/wp-content\/uploads\/sites\/50\/2025\/02\/cropped-logo_Pumahue_.png","type":"image\/png"}],"author":"jorgedelcampo","twitter_card":"summary_large_image","twitter_misc":{"Escrito por":"jorgedelcampo","Tiempo de lectura":"1 minuto"},"schema":{"@context":"https:\/\/schema.org","@graph":[{"@type":"Article","@id":"https:\/\/www.pumahue.cl\/puerto-montt\/noticias\/campana-solidaria-dia-del-libro-%f0%9f%93%97-2\/#article","isPartOf":{"@id":"https:\/\/www.pumahue.cl\/puerto-montt\/noticias\/campana-solidaria-dia-del-libro-%f0%9f%93%97-2\/"},"author":{"name":"jorgedelcampo","@id":"https:\/\/www.pumahue.cl\/puerto-montt\/#\/schema\/person\/0debeea140e397b5d490ee7e553255d8"},"headline":"Campa\u00f1a solidaria D\u00eda del Libro \u201c\u2014","datePublished":"2022-04-22T19:52:55+00:00","mainEntityOfPage":{"@id":"https:\/\/www.pumahue.cl\/puerto-montt\/noticias\/campana-solidaria-dia-del-libro-%f0%9f%93%97-2\/"},"wordCount":113,"commentCount":0,"publisher":{"@id":"https:\/\/www.pumahue.cl\/puerto-montt\/#organization"},"image":{"@id":"https:\/\/www.pumahue.cl\/puerto-montt\/noticias\/campana-solidaria-dia-del-libro-%f0%9f%93%97-2\/#primaryimage"},"thumbnailUrl":"https:\/\/www.pumahue.cl\/puerto-montt\/wp-content\/uploads\/sites\/50\/2022\/04\/WEB-2.jpg","articleSection":["Vida escolar"],"inLanguage":"es","potentialAction":[{"@type":"CommentAction","name":"Comment","target":["https:\/\/www.pumahue.cl\/puerto-montt\/noticias\/campana-solidaria-dia-del-libro-%f0%9f%93%97-2\/#respond"]}]},{"@type":"WebPage","@id":"https:\/\/www.pumahue.cl\/puerto-montt\/noticias\/campana-solidaria-dia-del-libro-%f0%9f%93%97-2\/","url":"https:\/\/www.pumahue.cl\/puerto-montt\/noticias\/campana-solidaria-dia-del-libro-%f0%9f%93%97-2\/","name":"Campa\u00f1a solidaria D\u00eda del Libro \u201c\u2014 - Colegio Pumahue Puerto Montt","isPartOf":{"@id":"https:\/\/www.pumahue.cl\/puerto-montt\/#website"},"primaryImageOfPage":{"@id":"https:\/\/www.pumahue.cl\/puerto-montt\/noticias\/campana-solidaria-dia-del-libro-%f0%9f%93%97-2\/#primaryimage"},"image":{"@id":"https:\/\/www.pumahue.cl\/puerto-montt\/noticias\/campana-solidaria-dia-del-libro-%f0%9f%93%97-2\/#primaryimage"},"thumbnailUrl":"https:\/\/www.pumahue.cl\/puerto-montt\/wp-content\/uploads\/sites\/50\/2022\/04\/WEB-2.jpg","datePublished":"2022-04-22T19:52:55+00:00","breadcrumb":{"@id":"https:\/\/www.pumahue.cl\/puerto-montt\/noticias\/campana-solidaria-dia-del-libro-%f0%9f%93%97-2\/#breadcrumb"},"inLanguage":"es","potentialAction":[{"@type":"ReadAction","target":["https:\/\/www.pumahue.cl\/puerto-montt\/noticias\/campana-solidaria-dia-del-libro-%f0%9f%93%97-2\/"]}]},{"@type":"ImageObject","inLanguage":"es","@id":"https:\/\/www.pumahue.cl\/puerto-montt\/noticias\/campana-solidaria-dia-del-libro-%f0%9f%93%97-2\/#primaryimage","url":"https:\/\/www.pumahue.cl\/puerto-montt\/wp-content\/uploads\/sites\/50\/2022\/04\/WEB-2.jpg","contentUrl":"https:\/\/www.pumahue.cl\/puerto-montt\/wp-content\/uploads\/sites\/50\/2022\/04\/WEB-2.jpg"},{"@type":"BreadcrumbList","@id":"https:\/\/www.pumahue.cl\/puerto-montt\/noticias\/campana-solidaria-dia-del-libro-%f0%9f%93%97-2\/#breadcrumb","itemListElement":[{"@type":"ListItem","position":1,"name":"Home","item":"https:\/\/www.pumahue.cl\/puerto-montt\/"},{"@type":"ListItem","position":2,"name":"Campa\u00f1a solidaria D\u00eda del Libro \u201c\u2014"}]},{"@type":"WebSite","@id":"https:\/\/www.pumahue.cl\/puerto-montt\/#website","url":"https:\/\/www.pumahue.cl\/puerto-montt\/","name":"Colegio Pumahue Puerto Montt","description":"Parte de Cognita Schools","publisher":{"@id":"https:\/\/www.pumahue.cl\/puerto-montt\/#organization"},"potentialAction":[{"@type":"SearchAction","target":{"@type":"EntryPoint","urlTemplate":"https:\/\/www.pumahue.cl\/puerto-montt\/?s={search_term_string}"},"query-input":{"@type":"PropertyValueSpecification","valueRequired":true,"valueName":"search_term_string"}}],"inLanguage":"es"},{"@type":"Organization","@id":"https:\/\/www.pumahue.cl\/puerto-montt\/#organization","name":"Colegio Pumahue Puerto Montt","url":"https:\/\/www.pumahue.cl\/puerto-montt\/","logo":{"@type":"ImageObject","inLanguage":"es","@id":"https:\/\/www.pumahue.cl\/puerto-montt\/#\/schema\/logo\/image\/","url":"https:\/\/www.pumahue.cl\/puerto-montt\/wp-content\/uploads\/sites\/50\/2025\/02\/cropped-logo_Pumahue_.png","contentUrl":"https:\/\/www.pumahue.cl\/puerto-montt\/wp-content\/uploads\/sites\/50\/2025\/02\/cropped-logo_Pumahue_.png","width":512,"height":512,"caption":"Colegio Pumahue Puerto Montt"},"image":{"@id":"https:\/\/www.pumahue.cl\/puerto-montt\/#\/schema\/logo\/image\/"},"sameAs":["http:\/\/www.facebook.com\/ColegiosPumahue","https:\/\/www.instagram.com\/colegiopumahue_puertomontt","https:\/\/www.youtube.com\/@CognitaChile"]},{"@type":"Person","@id":"https:\/\/www.pumahue.cl\/puerto-montt\/#\/schema\/person\/0debeea140e397b5d490ee7e553255d8","name":"jorgedelcampo","image":{"@type":"ImageObject","inLanguage":"es","@id":"https:\/\/www.pumahue.cl\/puerto-montt\/#\/schema\/person\/image\/","url":"https:\/\/secure.gravatar.com\/avatar\/4a315f521213b2dc91dbda9bf799f711c8a98ab6f5606ec42cf5b33d1e762e8a?s=96&d=mm&r=g","contentUrl":"https:\/\/secure.gravatar.com\/avatar\/4a315f521213b2dc91dbda9bf799f711c8a98ab6f5606ec42cf5b33d1e762e8a?s=96&d=mm&r=g","caption":"jorgedelcampo"}}]}},"jetpack_featured_media_url":"https:\/\/www.pumahue.cl\/puerto-montt\/wp-content\/uploads\/sites\/50\/2022\/04\/WEB-2.jpg","previous_post_ID":21158,"previous_post_title":"Campa\u00f1a solidaria D\u00eda del Libro \u00f0\u0178\u201c\u2014","previous_post_excerpt":"En el marco de la celebraci\u00f3n del &#8220;D\u00eda del Libro&#8221; realizamos una campa\u00f1a solidaria a cargo de nuestra encargada de biblioteca, Miss Melissa Barr\u00eda, la que ten\u00eda como objetivo reunir libros en todos los niveles del colegio, con el fin de recaudar la mayor cantidad posible para ser donados a la Escuela Rural de Correntoso. [&hellip;]","previous_post_link":"https:\/\/www.pumahue.cl\/puerto-montt\/noticias\/campana-solidaria-dia-del-libro-%f0%9f%93%97\/","previous_post_class":["post-21158","post","type-post","status-publish","format-standard","has-post-thumbnail","hentry","category-vida-escolar"],"next_post_ID":21161,"next_post_title":"Alumna obtiene 1er lugar en Campeonato Soprole de Atletismo","next_post_excerpt":"Nuestra querida alumna Francisca Chavez, obtuvo el 1er lugar en los 60 metros vallas, el d\u00eda s\u00e1bado 23 de abril en el campeonato Soprole organizado en la ciudad de Valdivia. \u00a1Felicitaciones a Francisca por el logro obtenido! &nbsp; [multimedia id=&#8221;1&#8243;]","next_post_link":"https:\/\/www.pumahue.cl\/puerto-montt\/noticias\/alumna-obtiene-1er-lugar-en-campeonato-soprole-de-atletismo\/","next_post_class":["post-21161","post","type-post","status-publish","format-standard","has-post-thumbnail","hentry","category-vida-escolar"],"jetpack_sharing_enabled":true,"_links":{"self":[{"href":"https:\/\/www.pumahue.cl\/puerto-montt\/wp-json\/wp\/v2\/posts\/127387","targetHints":{"allow":["GET"]}}],"collection":[{"href":"https:\/\/www.pumahue.cl\/puerto-montt\/wp-json\/wp\/v2\/posts"}],"about":[{"href":"https:\/\/www.pumahue.cl\/puerto-montt\/wp-json\/wp\/v2\/types\/post"}],"author":[{"embeddable":true,"href":"https:\/\/www.pumahue.cl\/puerto-montt\/wp-json\/wp\/v2\/users\/14"}],"replies":[{"embeddable":true,"href":"https:\/\/www.pumahue.cl\/puerto-montt\/wp-json\/wp\/v2\/comments?post=127387"}],"version-history":[{"count":0,"href":"https:\/\/www.pumahue.cl\/puerto-montt\/wp-json\/wp\/v2\/posts\/127387\/revisions"}],"wp:featuredmedia":[{"embeddable":true,"href":"https:\/\/www.pumahue.cl\/puerto-montt\/wp-json\/wp\/v2\/media\/21159"}],"wp:attachment":[{"href":"https:\/\/www.pumahue.cl\/puerto-montt\/wp-json\/wp\/v2\/media?parent=127387"}],"wp:term":[{"taxonomy":"category","embeddable":true,"href":"https:\/\/www.pumahue.cl\/puerto-montt\/wp-json\/wp\/v2\/categories?post=127387"},{"taxonomy":"post_tag","embeddable":true,"href":"https:\/\/www.pumahue.cl\/puerto-montt\/wp-json\/wp\/v2\/tags?post=127387"}],"curies":[{"name":"wp","href":"https:\/\/api.w.org\/{rel}","templated":true}]}}