{"id":21232,"date":"2022-04-29T16:40:50","date_gmt":"2022-04-29T20:40:50","guid":{"rendered":"http:\/\/pumahue.cl\/puerto-montt\/?p=21232"},"modified":"2022-04-29T16:40:50","modified_gmt":"2022-04-29T20:40:50","slug":"invitacion-monitoras-programa-sello-lideres-del-manana","status":"publish","type":"post","link":"https:\/\/www.pumahue.cl\/puerto-montt\/noticias\/invitacion-monitoras-programa-sello-lideres-del-manana\/","title":{"rendered":"Invitaci\u00f3n para II Medios &#8211; Monitoras Programa Sello &#8220;L\u00edderes del Ma\u00f1ana&#8221;"},"content":{"rendered":"<p>Nuestras monitoras del Programa Sello, Miss Claudia Navarro y Miss Mar\u00eda Gabriela Fuentes, env\u00edan un mensaje a los estudiantes de II Medio con el fin de que sean parte del Programa L\u00edderes del Ma\u00f1ana, el que tiene como objetivo desarrollar el <strong>liderazgo<\/strong>, entendido \u00e9ste como la capacidad de hacerse cargo de la propia vida de manera proactiva, responsable, positiva y orientada hacia la interdependencia con otros. Su foco es el desarrollo de la proactividad, las expectativas positivas, la comunicaci\u00f3n efectiva, la planificaci\u00f3n de las actividades y el proyecto vital, entre otros.<\/p>\n<p>&nbsp;<\/p>\n<p style=\"text-align: center\"><strong>\u00a1Te invitamos a ser parte de este programa!<\/strong><\/p>\n<p>&nbsp;<\/p>\n<p>[multimedia id=&#8221;1&#8243;]<\/p>\n"},"excerpt":{"rendered":"<p>Nuestras monitoras del Programa Sello, Miss Claudia Navarro y Miss Mar\u00eda Gabriela Fuentes, env\u00edan un mensaje a los estudiantes de II Medio con el fin de que sean parte del Programa L\u00edderes del Ma\u00f1ana, el que tiene como objetivo desarrollar el liderazgo, entendido \u00e9ste como la capacidad de hacerse cargo de la propia vida de [&hellip;]<\/p>\n","protected":false},"author":14,"featured_media":21234,"comment_status":"open","ping_status":"open","sticky":false,"template":"","format":"standard","meta":{"_acf_changed":false,"content-type":"","_jetpack_memberships_contains_paid_content":false,"footnotes":""},"categories":[1],"tags":[],"class_list":["post-21232","post","type-post","status-publish","format-standard","has-post-thumbnail","hentry","category-vida-escolar"],"acf":[],"yoast_head":"<!-- This site is optimized with the Yoast SEO plugin v27.1.1 - https:\/\/yoast.com\/product\/yoast-seo-wordpress\/ -->\n<title>Invitaci\u00f3n para II Medios - Monitoras Programa Sello &quot;L\u00edderes del Ma\u00f1ana&quot; - Colegio Pumahue Puerto Montt<\/title>\n<meta name=\"robots\" content=\"index, follow, max-snippet:-1, max-image-preview:large, max-video-preview:-1\" \/>\n<link rel=\"canonical\" href=\"https:\/\/www.pumahue.cl\/puerto-montt\/noticias\/invitacion-monitoras-programa-sello-lideres-del-manana\/\" \/>\n<meta property=\"og:locale\" content=\"es_ES\" \/>\n<meta property=\"og:type\" content=\"article\" \/>\n<meta property=\"og:title\" content=\"Invitaci\u00f3n para II Medios - Monitoras Programa Sello &quot;L\u00edderes del Ma\u00f1ana&quot; - Colegio Pumahue Puerto Montt\" \/>\n<meta property=\"og:description\" content=\"Nuestras monitoras del Programa Sello, Miss Claudia Navarro y Miss Mar\u00eda Gabriela Fuentes, env\u00edan un mensaje a los estudiantes de II Medio con el fin de que sean parte del Programa L\u00edderes del Ma\u00f1ana, el que tiene como objetivo desarrollar el liderazgo, entendido \u00e9ste como la capacidad de hacerse cargo de la propia vida de [&hellip;]\" \/>\n<meta property=\"og:url\" content=\"https:\/\/www.pumahue.cl\/puerto-montt\/noticias\/invitacion-monitoras-programa-sello-lideres-del-manana\/\" \/>\n<meta property=\"og:site_name\" content=\"Colegio Pumahue Puerto Montt\" \/>\n<meta property=\"article:publisher\" content=\"http:\/\/www.facebook.com\/ColegiosPumahue\" \/>\n<meta property=\"article:published_time\" content=\"2022-04-29T20:40:50+00:00\" \/>\n<meta property=\"og:image\" content=\"https:\/\/www.pumahue.cl\/puerto-montt\/wp-content\/uploads\/sites\/50\/2022\/04\/WEB-12.jpg\" \/>\n\t<meta property=\"og:image:width\" content=\"836\" \/>\n\t<meta property=\"og:image:height\" content=\"523\" \/>\n\t<meta property=\"og:image:type\" content=\"image\/jpeg\" \/>\n<meta name=\"author\" content=\"jorgedelcampo\" \/>\n<meta name=\"twitter:card\" content=\"summary_large_image\" \/>\n<meta name=\"twitter:label1\" content=\"Escrito por\" \/>\n\t<meta name=\"twitter:data1\" content=\"jorgedelcampo\" \/>\n\t<meta name=\"twitter:label2\" content=\"Tiempo de lectura\" \/>\n\t<meta name=\"twitter:data2\" content=\"1 minuto\" \/>\n<script type=\"application\/ld+json\" class=\"yoast-schema-graph\">{\"@context\":\"https:\/\/schema.org\",\"@graph\":[{\"@type\":\"Article\",\"@id\":\"https:\/\/www.pumahue.cl\/puerto-montt\/noticias\/invitacion-monitoras-programa-sello-lideres-del-manana\/#article\",\"isPartOf\":{\"@id\":\"https:\/\/www.pumahue.cl\/puerto-montt\/noticias\/invitacion-monitoras-programa-sello-lideres-del-manana\/\"},\"author\":{\"name\":\"jorgedelcampo\",\"@id\":\"https:\/\/www.pumahue.cl\/puerto-montt\/#\/schema\/person\/0debeea140e397b5d490ee7e553255d8\"},\"headline\":\"Invitaci\u00f3n para II Medios &#8211; Monitoras Programa Sello &#8220;L\u00edderes del Ma\u00f1ana&#8221;\",\"datePublished\":\"2022-04-29T20:40:50+00:00\",\"mainEntityOfPage\":{\"@id\":\"https:\/\/www.pumahue.cl\/puerto-montt\/noticias\/invitacion-monitoras-programa-sello-lideres-del-manana\/\"},\"wordCount\":123,\"commentCount\":0,\"publisher\":{\"@id\":\"https:\/\/www.pumahue.cl\/puerto-montt\/#organization\"},\"image\":{\"@id\":\"https:\/\/www.pumahue.cl\/puerto-montt\/noticias\/invitacion-monitoras-programa-sello-lideres-del-manana\/#primaryimage\"},\"thumbnailUrl\":\"https:\/\/www.pumahue.cl\/puerto-montt\/wp-content\/uploads\/sites\/50\/2022\/04\/WEB-12.jpg\",\"articleSection\":[\"Vida escolar\"],\"inLanguage\":\"es\",\"potentialAction\":[{\"@type\":\"CommentAction\",\"name\":\"Comment\",\"target\":[\"https:\/\/www.pumahue.cl\/puerto-montt\/noticias\/invitacion-monitoras-programa-sello-lideres-del-manana\/#respond\"]}]},{\"@type\":\"WebPage\",\"@id\":\"https:\/\/www.pumahue.cl\/puerto-montt\/noticias\/invitacion-monitoras-programa-sello-lideres-del-manana\/\",\"url\":\"https:\/\/www.pumahue.cl\/puerto-montt\/noticias\/invitacion-monitoras-programa-sello-lideres-del-manana\/\",\"name\":\"Invitaci\u00f3n para II Medios - Monitoras Programa Sello \\\"L\u00edderes del Ma\u00f1ana\\\" - Colegio Pumahue Puerto Montt\",\"isPartOf\":{\"@id\":\"https:\/\/www.pumahue.cl\/puerto-montt\/#website\"},\"primaryImageOfPage\":{\"@id\":\"https:\/\/www.pumahue.cl\/puerto-montt\/noticias\/invitacion-monitoras-programa-sello-lideres-del-manana\/#primaryimage\"},\"image\":{\"@id\":\"https:\/\/www.pumahue.cl\/puerto-montt\/noticias\/invitacion-monitoras-programa-sello-lideres-del-manana\/#primaryimage\"},\"thumbnailUrl\":\"https:\/\/www.pumahue.cl\/puerto-montt\/wp-content\/uploads\/sites\/50\/2022\/04\/WEB-12.jpg\",\"datePublished\":\"2022-04-29T20:40:50+00:00\",\"breadcrumb\":{\"@id\":\"https:\/\/www.pumahue.cl\/puerto-montt\/noticias\/invitacion-monitoras-programa-sello-lideres-del-manana\/#breadcrumb\"},\"inLanguage\":\"es\",\"potentialAction\":[{\"@type\":\"ReadAction\",\"target\":[\"https:\/\/www.pumahue.cl\/puerto-montt\/noticias\/invitacion-monitoras-programa-sello-lideres-del-manana\/\"]}]},{\"@type\":\"ImageObject\",\"inLanguage\":\"es\",\"@id\":\"https:\/\/www.pumahue.cl\/puerto-montt\/noticias\/invitacion-monitoras-programa-sello-lideres-del-manana\/#primaryimage\",\"url\":\"https:\/\/www.pumahue.cl\/puerto-montt\/wp-content\/uploads\/sites\/50\/2022\/04\/WEB-12.jpg\",\"contentUrl\":\"https:\/\/www.pumahue.cl\/puerto-montt\/wp-content\/uploads\/sites\/50\/2022\/04\/WEB-12.jpg\",\"width\":836,\"height\":523},{\"@type\":\"BreadcrumbList\",\"@id\":\"https:\/\/www.pumahue.cl\/puerto-montt\/noticias\/invitacion-monitoras-programa-sello-lideres-del-manana\/#breadcrumb\",\"itemListElement\":[{\"@type\":\"ListItem\",\"position\":1,\"name\":\"Home\",\"item\":\"https:\/\/www.pumahue.cl\/puerto-montt\/\"},{\"@type\":\"ListItem\",\"position\":2,\"name\":\"Invitaci\u00f3n para II Medios &#8211; Monitoras Programa Sello &#8220;L\u00edderes del Ma\u00f1ana&#8221;\"}]},{\"@type\":\"WebSite\",\"@id\":\"https:\/\/www.pumahue.cl\/puerto-montt\/#website\",\"url\":\"https:\/\/www.pumahue.cl\/puerto-montt\/\",\"name\":\"Colegio Pumahue Puerto Montt\",\"description\":\"Parte de Cognita Schools\",\"publisher\":{\"@id\":\"https:\/\/www.pumahue.cl\/puerto-montt\/#organization\"},\"potentialAction\":[{\"@type\":\"SearchAction\",\"target\":{\"@type\":\"EntryPoint\",\"urlTemplate\":\"https:\/\/www.pumahue.cl\/puerto-montt\/?s={search_term_string}\"},\"query-input\":{\"@type\":\"PropertyValueSpecification\",\"valueRequired\":true,\"valueName\":\"search_term_string\"}}],\"inLanguage\":\"es\"},{\"@type\":\"Organization\",\"@id\":\"https:\/\/www.pumahue.cl\/puerto-montt\/#organization\",\"name\":\"Colegio Pumahue Puerto Montt\",\"url\":\"https:\/\/www.pumahue.cl\/puerto-montt\/\",\"logo\":{\"@type\":\"ImageObject\",\"inLanguage\":\"es\",\"@id\":\"https:\/\/www.pumahue.cl\/puerto-montt\/#\/schema\/logo\/image\/\",\"url\":\"https:\/\/www.pumahue.cl\/puerto-montt\/wp-content\/uploads\/sites\/50\/2025\/02\/cropped-logo_Pumahue_.png\",\"contentUrl\":\"https:\/\/www.pumahue.cl\/puerto-montt\/wp-content\/uploads\/sites\/50\/2025\/02\/cropped-logo_Pumahue_.png\",\"width\":512,\"height\":512,\"caption\":\"Colegio Pumahue Puerto Montt\"},\"image\":{\"@id\":\"https:\/\/www.pumahue.cl\/puerto-montt\/#\/schema\/logo\/image\/\"},\"sameAs\":[\"http:\/\/www.facebook.com\/ColegiosPumahue\",\"https:\/\/www.instagram.com\/colegiopumahue_puertomontt\",\"https:\/\/www.youtube.com\/@CognitaChile\"]},{\"@type\":\"Person\",\"@id\":\"https:\/\/www.pumahue.cl\/puerto-montt\/#\/schema\/person\/0debeea140e397b5d490ee7e553255d8\",\"name\":\"jorgedelcampo\",\"image\":{\"@type\":\"ImageObject\",\"inLanguage\":\"es\",\"@id\":\"https:\/\/www.pumahue.cl\/puerto-montt\/#\/schema\/person\/image\/\",\"url\":\"https:\/\/secure.gravatar.com\/avatar\/4a315f521213b2dc91dbda9bf799f711c8a98ab6f5606ec42cf5b33d1e762e8a?s=96&d=mm&r=g\",\"contentUrl\":\"https:\/\/secure.gravatar.com\/avatar\/4a315f521213b2dc91dbda9bf799f711c8a98ab6f5606ec42cf5b33d1e762e8a?s=96&d=mm&r=g\",\"caption\":\"jorgedelcampo\"}}]}<\/script>\n<!-- \/ Yoast SEO plugin. -->","yoast_head_json":{"title":"Invitaci\u00f3n para II Medios - Monitoras Programa Sello \"L\u00edderes del Ma\u00f1ana\" - Colegio Pumahue Puerto Montt","robots":{"index":"index","follow":"follow","max-snippet":"max-snippet:-1","max-image-preview":"max-image-preview:large","max-video-preview":"max-video-preview:-1"},"canonical":"https:\/\/www.pumahue.cl\/puerto-montt\/noticias\/invitacion-monitoras-programa-sello-lideres-del-manana\/","og_locale":"es_ES","og_type":"article","og_title":"Invitaci\u00f3n para II Medios - Monitoras Programa Sello \"L\u00edderes del Ma\u00f1ana\" - Colegio Pumahue Puerto Montt","og_description":"Nuestras monitoras del Programa Sello, Miss Claudia Navarro y Miss Mar\u00eda Gabriela Fuentes, env\u00edan un mensaje a los estudiantes de II Medio con el fin de que sean parte del Programa L\u00edderes del Ma\u00f1ana, el que tiene como objetivo desarrollar el liderazgo, entendido \u00e9ste como la capacidad de hacerse cargo de la propia vida de [&hellip;]","og_url":"https:\/\/www.pumahue.cl\/puerto-montt\/noticias\/invitacion-monitoras-programa-sello-lideres-del-manana\/","og_site_name":"Colegio Pumahue Puerto Montt","article_publisher":"http:\/\/www.facebook.com\/ColegiosPumahue","article_published_time":"2022-04-29T20:40:50+00:00","og_image":[{"width":836,"height":523,"url":"https:\/\/www.pumahue.cl\/puerto-montt\/wp-content\/uploads\/sites\/50\/2022\/04\/WEB-12.jpg","type":"image\/jpeg"}],"author":"jorgedelcampo","twitter_card":"summary_large_image","twitter_misc":{"Escrito por":"jorgedelcampo","Tiempo de lectura":"1 minuto"},"schema":{"@context":"https:\/\/schema.org","@graph":[{"@type":"Article","@id":"https:\/\/www.pumahue.cl\/puerto-montt\/noticias\/invitacion-monitoras-programa-sello-lideres-del-manana\/#article","isPartOf":{"@id":"https:\/\/www.pumahue.cl\/puerto-montt\/noticias\/invitacion-monitoras-programa-sello-lideres-del-manana\/"},"author":{"name":"jorgedelcampo","@id":"https:\/\/www.pumahue.cl\/puerto-montt\/#\/schema\/person\/0debeea140e397b5d490ee7e553255d8"},"headline":"Invitaci\u00f3n para II Medios &#8211; Monitoras Programa Sello &#8220;L\u00edderes del Ma\u00f1ana&#8221;","datePublished":"2022-04-29T20:40:50+00:00","mainEntityOfPage":{"@id":"https:\/\/www.pumahue.cl\/puerto-montt\/noticias\/invitacion-monitoras-programa-sello-lideres-del-manana\/"},"wordCount":123,"commentCount":0,"publisher":{"@id":"https:\/\/www.pumahue.cl\/puerto-montt\/#organization"},"image":{"@id":"https:\/\/www.pumahue.cl\/puerto-montt\/noticias\/invitacion-monitoras-programa-sello-lideres-del-manana\/#primaryimage"},"thumbnailUrl":"https:\/\/www.pumahue.cl\/puerto-montt\/wp-content\/uploads\/sites\/50\/2022\/04\/WEB-12.jpg","articleSection":["Vida escolar"],"inLanguage":"es","potentialAction":[{"@type":"CommentAction","name":"Comment","target":["https:\/\/www.pumahue.cl\/puerto-montt\/noticias\/invitacion-monitoras-programa-sello-lideres-del-manana\/#respond"]}]},{"@type":"WebPage","@id":"https:\/\/www.pumahue.cl\/puerto-montt\/noticias\/invitacion-monitoras-programa-sello-lideres-del-manana\/","url":"https:\/\/www.pumahue.cl\/puerto-montt\/noticias\/invitacion-monitoras-programa-sello-lideres-del-manana\/","name":"Invitaci\u00f3n para II Medios - Monitoras Programa Sello \"L\u00edderes del Ma\u00f1ana\" - Colegio Pumahue Puerto Montt","isPartOf":{"@id":"https:\/\/www.pumahue.cl\/puerto-montt\/#website"},"primaryImageOfPage":{"@id":"https:\/\/www.pumahue.cl\/puerto-montt\/noticias\/invitacion-monitoras-programa-sello-lideres-del-manana\/#primaryimage"},"image":{"@id":"https:\/\/www.pumahue.cl\/puerto-montt\/noticias\/invitacion-monitoras-programa-sello-lideres-del-manana\/#primaryimage"},"thumbnailUrl":"https:\/\/www.pumahue.cl\/puerto-montt\/wp-content\/uploads\/sites\/50\/2022\/04\/WEB-12.jpg","datePublished":"2022-04-29T20:40:50+00:00","breadcrumb":{"@id":"https:\/\/www.pumahue.cl\/puerto-montt\/noticias\/invitacion-monitoras-programa-sello-lideres-del-manana\/#breadcrumb"},"inLanguage":"es","potentialAction":[{"@type":"ReadAction","target":["https:\/\/www.pumahue.cl\/puerto-montt\/noticias\/invitacion-monitoras-programa-sello-lideres-del-manana\/"]}]},{"@type":"ImageObject","inLanguage":"es","@id":"https:\/\/www.pumahue.cl\/puerto-montt\/noticias\/invitacion-monitoras-programa-sello-lideres-del-manana\/#primaryimage","url":"https:\/\/www.pumahue.cl\/puerto-montt\/wp-content\/uploads\/sites\/50\/2022\/04\/WEB-12.jpg","contentUrl":"https:\/\/www.pumahue.cl\/puerto-montt\/wp-content\/uploads\/sites\/50\/2022\/04\/WEB-12.jpg","width":836,"height":523},{"@type":"BreadcrumbList","@id":"https:\/\/www.pumahue.cl\/puerto-montt\/noticias\/invitacion-monitoras-programa-sello-lideres-del-manana\/#breadcrumb","itemListElement":[{"@type":"ListItem","position":1,"name":"Home","item":"https:\/\/www.pumahue.cl\/puerto-montt\/"},{"@type":"ListItem","position":2,"name":"Invitaci\u00f3n para II Medios &#8211; Monitoras Programa Sello &#8220;L\u00edderes del Ma\u00f1ana&#8221;"}]},{"@type":"WebSite","@id":"https:\/\/www.pumahue.cl\/puerto-montt\/#website","url":"https:\/\/www.pumahue.cl\/puerto-montt\/","name":"Colegio Pumahue Puerto Montt","description":"Parte de Cognita Schools","publisher":{"@id":"https:\/\/www.pumahue.cl\/puerto-montt\/#organization"},"potentialAction":[{"@type":"SearchAction","target":{"@type":"EntryPoint","urlTemplate":"https:\/\/www.pumahue.cl\/puerto-montt\/?s={search_term_string}"},"query-input":{"@type":"PropertyValueSpecification","valueRequired":true,"valueName":"search_term_string"}}],"inLanguage":"es"},{"@type":"Organization","@id":"https:\/\/www.pumahue.cl\/puerto-montt\/#organization","name":"Colegio Pumahue Puerto Montt","url":"https:\/\/www.pumahue.cl\/puerto-montt\/","logo":{"@type":"ImageObject","inLanguage":"es","@id":"https:\/\/www.pumahue.cl\/puerto-montt\/#\/schema\/logo\/image\/","url":"https:\/\/www.pumahue.cl\/puerto-montt\/wp-content\/uploads\/sites\/50\/2025\/02\/cropped-logo_Pumahue_.png","contentUrl":"https:\/\/www.pumahue.cl\/puerto-montt\/wp-content\/uploads\/sites\/50\/2025\/02\/cropped-logo_Pumahue_.png","width":512,"height":512,"caption":"Colegio Pumahue Puerto Montt"},"image":{"@id":"https:\/\/www.pumahue.cl\/puerto-montt\/#\/schema\/logo\/image\/"},"sameAs":["http:\/\/www.facebook.com\/ColegiosPumahue","https:\/\/www.instagram.com\/colegiopumahue_puertomontt","https:\/\/www.youtube.com\/@CognitaChile"]},{"@type":"Person","@id":"https:\/\/www.pumahue.cl\/puerto-montt\/#\/schema\/person\/0debeea140e397b5d490ee7e553255d8","name":"jorgedelcampo","image":{"@type":"ImageObject","inLanguage":"es","@id":"https:\/\/www.pumahue.cl\/puerto-montt\/#\/schema\/person\/image\/","url":"https:\/\/secure.gravatar.com\/avatar\/4a315f521213b2dc91dbda9bf799f711c8a98ab6f5606ec42cf5b33d1e762e8a?s=96&d=mm&r=g","contentUrl":"https:\/\/secure.gravatar.com\/avatar\/4a315f521213b2dc91dbda9bf799f711c8a98ab6f5606ec42cf5b33d1e762e8a?s=96&d=mm&r=g","caption":"jorgedelcampo"}}]}},"jetpack_featured_media_url":"https:\/\/www.pumahue.cl\/puerto-montt\/wp-content\/uploads\/sites\/50\/2022\/04\/WEB-12.jpg","previous_post_ID":21228,"previous_post_title":"\u00a1Vota LISTA 2! - CAMPUR General de Alumnos 2022","previous_post_excerpt":"\u00a1Atenci\u00f3n Alumnos de Ense\u00f1anza Media! El pr\u00f3xima semana se realizar\u00e1n las votaciones CAMPUR General de Alumnos 2022. Los invitamos a revisar el video de la LISTA 2. &nbsp; \u00a1VOTA LISTA 2! &nbsp; [multimedia id=&#8221;1&#8243;]","previous_post_link":"https:\/\/www.pumahue.cl\/puerto-montt\/noticias\/vota-lista-2-campur-general-de-alumnos-2022\/","previous_post_class":["post-21228","post","type-post","status-publish","format-standard","has-post-thumbnail","hentry","category-vida-escolar"],"next_post_ID":21239,"next_post_title":"Mes de la Seguridad - Healthy &amp; Safety","next_post_excerpt":"Con el fin de reforzar el cuidado y la protecci\u00f3n de la comunidad escolar, es que durante el mes de mayo implementaremos un programa de actividades para difundir el Plan de Gesti\u00f3n en Salud y Seguridad, a trav\u00e9s del cual se desarrollar\u00e1n diversas acciones que involucrar\u00e1n a estudiantes, colaboradores, padres, apoderados, la ACHS y diversas [&hellip;]","next_post_link":"https:\/\/www.pumahue.cl\/puerto-montt\/noticias\/mes-de-la-seguridad-healthy-safety\/","next_post_class":["post-21239","post","type-post","status-publish","format-standard","has-post-thumbnail","hentry","category-vida-escolar"],"jetpack_sharing_enabled":true,"_links":{"self":[{"href":"https:\/\/www.pumahue.cl\/puerto-montt\/wp-json\/wp\/v2\/posts\/21232","targetHints":{"allow":["GET"]}}],"collection":[{"href":"https:\/\/www.pumahue.cl\/puerto-montt\/wp-json\/wp\/v2\/posts"}],"about":[{"href":"https:\/\/www.pumahue.cl\/puerto-montt\/wp-json\/wp\/v2\/types\/post"}],"author":[{"embeddable":true,"href":"https:\/\/www.pumahue.cl\/puerto-montt\/wp-json\/wp\/v2\/users\/14"}],"replies":[{"embeddable":true,"href":"https:\/\/www.pumahue.cl\/puerto-montt\/wp-json\/wp\/v2\/comments?post=21232"}],"version-history":[{"count":0,"href":"https:\/\/www.pumahue.cl\/puerto-montt\/wp-json\/wp\/v2\/posts\/21232\/revisions"}],"wp:featuredmedia":[{"embeddable":true,"href":"https:\/\/www.pumahue.cl\/puerto-montt\/wp-json\/wp\/v2\/media\/21234"}],"wp:attachment":[{"href":"https:\/\/www.pumahue.cl\/puerto-montt\/wp-json\/wp\/v2\/media?parent=21232"}],"wp:term":[{"taxonomy":"category","embeddable":true,"href":"https:\/\/www.pumahue.cl\/puerto-montt\/wp-json\/wp\/v2\/categories?post=21232"},{"taxonomy":"post_tag","embeddable":true,"href":"https:\/\/www.pumahue.cl\/puerto-montt\/wp-json\/wp\/v2\/tags?post=21232"}],"curies":[{"name":"wp","href":"https:\/\/api.w.org\/{rel}","templated":true}]}}